{"id":1827,"date":"2023-07-11T10:40:28","date_gmt":"2023-07-11T13:40:28","guid":{"rendered":"https:\/\/infopba247.com.ar\/?p=1827"},"modified":"2023-07-11T10:40:29","modified_gmt":"2023-07-11T13:40:29","slug":"18-anos-de-la-reinauguracion-del-centro-civico-de-monte-hermoso","status":"publish","type":"post","link":"https:\/\/infopba247.com.ar\/index.php\/2023\/07\/11\/18-anos-de-la-reinauguracion-del-centro-civico-de-monte-hermoso\/","title":{"rendered":"18 a\u00f1os de la reinauguraci\u00f3n del Centro C\u00edvico de Monte Hermoso"},"content":{"rendered":"\n<p>El 10 de julio se cumpli\u00f3 un nuevo aniversario de la reinauguraci\u00f3n del Centro C\u00edvico Alborada, construido en la d\u00e9cada del 40 bajo la presidencia del general Juan Domingo Per\u00f3n como una Colonia de Vacaciones a la que llegaron cientos de ni\u00f1os que conoc\u00edan el mar por primera vez.<\/p>\n\n\n\n<p>Despu\u00e9s del derrocamiento de Per\u00f3n qued\u00f3 inactivo como centro vacacional y desde 1966 funcion\u00f3 como el Instituto de Menores Eduardo Pettoruti hasta que en 1999 fue cerrado por problemas edilicios.<\/p>\n\n\n\n<p>Luego de cinco a\u00f1os en desuso, la idea de transformarlo en el Centro C\u00edvico parec\u00eda una utop\u00eda; sin embargo, el proyecto se concret\u00f3 y no se limit\u00f3 a la centralizaci\u00f3n de las oficinas municipales y provinciales en un sitio, sino que adem\u00e1s signific\u00f3 el rescate de un edificio hist\u00f3rico.<\/p>\n\n\n\n<p>Ubicado en pleno coraz\u00f3n de la ciudad, el Centro C\u00edvico tiene 2140 metros cuadrados y m\u00e1s de 50 oficinas; alberga a la mayor\u00eda de las dependencias municipales, al Concejo Deliberante, Consejo Escolar, Secretar\u00eda de Asuntos Docentes, Rentas, Infraestructura Escolar Provincial y Registro de las Personas, entre otras.<\/p>\n\n\n\n<p>El 10 de julio de 2005, exactamente dos a\u00f1os despu\u00e9s de la ley que lo declar\u00f3 \u201cEdificio Hist\u00f3rico Municipal\u201d se reinaugur\u00f3 con una gran fiesta popular.<\/p>\n","protected":false},"excerpt":{"rendered":"<p>El 10 de julio se cumpli\u00f3 un nuevo aniversario de la reinauguraci\u00f3n del Centro C\u00edvico Alborada, construido en la d\u00e9cada<\/p>\n","protected":false},"author":3,"featured_media":1828,"comment_status":"closed","ping_status":"closed","sticky":false,"template":"","format":"standard","meta":{"colormag_page_container_layout":"default_layout","colormag_page_sidebar_layout":"default_layout","footnotes":""},"categories":[10,1,14],"tags":[44],"class_list":["post-1827","post","type-post","status-publish","format-standard","has-post-thumbnail","hentry","category-6ta-seccion","category-destacadas","category-politica","tag-municipalidad-de-monte-hermoso"],"yoast_head":"<!-- This site is optimized with the Yoast SEO plugin v27.4 - https:\/\/yoast.com\/product\/yoast-seo-wordpress\/ -->\n<title>18 a\u00f1os de la reinauguraci\u00f3n del Centro C\u00edvico de Monte Hermoso - InfoPBA247<\/title>\n<meta name=\"robots\" content=\"index, follow, max-snippet:-1, max-image-preview:large, max-video-preview:-1\" \/>\n<link rel=\"canonical\" href=\"https:\/\/infopba247.com.ar\/index.php\/2023\/07\/11\/18-anos-de-la-reinauguracion-del-centro-civico-de-monte-hermoso\/\" \/>\n<meta property=\"og:locale\" content=\"es_ES\" \/>\n<meta property=\"og:type\" content=\"article\" \/>\n<meta property=\"og:title\" content=\"18 a\u00f1os de la reinauguraci\u00f3n del Centro C\u00edvico de Monte Hermoso - InfoPBA247\" \/>\n<meta property=\"og:description\" content=\"El 10 de julio se cumpli\u00f3 un nuevo aniversario de la reinauguraci\u00f3n del Centro C\u00edvico Alborada, construido en la d\u00e9cada\" \/>\n<meta property=\"og:url\" content=\"https:\/\/infopba247.com.ar\/index.php\/2023\/07\/11\/18-anos-de-la-reinauguracion-del-centro-civico-de-monte-hermoso\/\" \/>\n<meta property=\"og:site_name\" content=\"InfoPBA247\" \/>\n<meta property=\"article:publisher\" content=\"https:\/\/www.facebook.com\/InfoPBA\" \/>\n<meta property=\"article:published_time\" content=\"2023-07-11T13:40:28+00:00\" \/>\n<meta property=\"article:modified_time\" content=\"2023-07-11T13:40:29+00:00\" \/>\n<meta property=\"og:image\" content=\"https:\/\/infopba247.com.ar\/wp-content\/uploads\/2023\/07\/358156158_660973566050944_547712376690197877_n.jpg\" \/>\n\t<meta property=\"og:image:width\" content=\"1200\" \/>\n\t<meta property=\"og:image:height\" content=\"791\" \/>\n\t<meta property=\"og:image:type\" content=\"image\/jpeg\" \/>\n<meta name=\"author\" content=\"Editor\" \/>\n<meta name=\"twitter:card\" content=\"summary_large_image\" \/>\n<meta name=\"twitter:label1\" content=\"Escrito por\" \/>\n\t<meta name=\"twitter:data1\" content=\"Editor\" \/>\n\t<meta name=\"twitter:label2\" content=\"Tiempo de lectura\" \/>\n\t<meta name=\"twitter:data2\" content=\"1 minuto\" \/>\n<script type=\"application\/ld+json\" class=\"yoast-schema-graph\">{\"@context\":\"https:\\\/\\\/schema.org\",\"@graph\":[{\"@type\":\"Article\",\"@id\":\"https:\\\/\\\/infopba247.com.ar\\\/index.php\\\/2023\\\/07\\\/11\\\/18-anos-de-la-reinauguracion-del-centro-civico-de-monte-hermoso\\\/#article\",\"isPartOf\":{\"@id\":\"https:\\\/\\\/infopba247.com.ar\\\/index.php\\\/2023\\\/07\\\/11\\\/18-anos-de-la-reinauguracion-del-centro-civico-de-monte-hermoso\\\/\"},\"author\":{\"name\":\"Editor\",\"@id\":\"https:\\\/\\\/infopba247.com.ar\\\/#\\\/schema\\\/person\\\/4975f1343a413e57bf839b3eed0099f2\"},\"headline\":\"18 a\u00f1os de la reinauguraci\u00f3n del Centro C\u00edvico de Monte Hermoso\",\"datePublished\":\"2023-07-11T13:40:28+00:00\",\"dateModified\":\"2023-07-11T13:40:29+00:00\",\"mainEntityOfPage\":{\"@id\":\"https:\\\/\\\/infopba247.com.ar\\\/index.php\\\/2023\\\/07\\\/11\\\/18-anos-de-la-reinauguracion-del-centro-civico-de-monte-hermoso\\\/\"},\"wordCount\":229,\"publisher\":{\"@id\":\"https:\\\/\\\/infopba247.com.ar\\\/#organization\"},\"image\":{\"@id\":\"https:\\\/\\\/infopba247.com.ar\\\/index.php\\\/2023\\\/07\\\/11\\\/18-anos-de-la-reinauguracion-del-centro-civico-de-monte-hermoso\\\/#primaryimage\"},\"thumbnailUrl\":\"https:\\\/\\\/infopba247.com.ar\\\/wp-content\\\/uploads\\\/2023\\\/07\\\/358156158_660973566050944_547712376690197877_n.jpg\",\"keywords\":[\"Municipalidad de Monte Hermoso\"],\"articleSection\":[\"6ta Secci\u00f3n\",\"Destacadas\",\"Pol\u00edtica\"],\"inLanguage\":\"es\"},{\"@type\":\"WebPage\",\"@id\":\"https:\\\/\\\/infopba247.com.ar\\\/index.php\\\/2023\\\/07\\\/11\\\/18-anos-de-la-reinauguracion-del-centro-civico-de-monte-hermoso\\\/\",\"url\":\"https:\\\/\\\/infopba247.com.ar\\\/index.php\\\/2023\\\/07\\\/11\\\/18-anos-de-la-reinauguracion-del-centro-civico-de-monte-hermoso\\\/\",\"name\":\"18 a\u00f1os de la reinauguraci\u00f3n del Centro C\u00edvico de Monte Hermoso - InfoPBA247\",\"isPartOf\":{\"@id\":\"https:\\\/\\\/infopba247.com.ar\\\/#website\"},\"primaryImageOfPage\":{\"@id\":\"https:\\\/\\\/infopba247.com.ar\\\/index.php\\\/2023\\\/07\\\/11\\\/18-anos-de-la-reinauguracion-del-centro-civico-de-monte-hermoso\\\/#primaryimage\"},\"image\":{\"@id\":\"https:\\\/\\\/infopba247.com.ar\\\/index.php\\\/2023\\\/07\\\/11\\\/18-anos-de-la-reinauguracion-del-centro-civico-de-monte-hermoso\\\/#primaryimage\"},\"thumbnailUrl\":\"https:\\\/\\\/infopba247.com.ar\\\/wp-content\\\/uploads\\\/2023\\\/07\\\/358156158_660973566050944_547712376690197877_n.jpg\",\"datePublished\":\"2023-07-11T13:40:28+00:00\",\"dateModified\":\"2023-07-11T13:40:29+00:00\",\"breadcrumb\":{\"@id\":\"https:\\\/\\\/infopba247.com.ar\\\/index.php\\\/2023\\\/07\\\/11\\\/18-anos-de-la-reinauguracion-del-centro-civico-de-monte-hermoso\\\/#breadcrumb\"},\"inLanguage\":\"es\",\"potentialAction\":[{\"@type\":\"ReadAction\",\"target\":[\"https:\\\/\\\/infopba247.com.ar\\\/index.php\\\/2023\\\/07\\\/11\\\/18-anos-de-la-reinauguracion-del-centro-civico-de-monte-hermoso\\\/\"]}]},{\"@type\":\"ImageObject\",\"inLanguage\":\"es\",\"@id\":\"https:\\\/\\\/infopba247.com.ar\\\/index.php\\\/2023\\\/07\\\/11\\\/18-anos-de-la-reinauguracion-del-centro-civico-de-monte-hermoso\\\/#primaryimage\",\"url\":\"https:\\\/\\\/infopba247.com.ar\\\/wp-content\\\/uploads\\\/2023\\\/07\\\/358156158_660973566050944_547712376690197877_n.jpg\",\"contentUrl\":\"https:\\\/\\\/infopba247.com.ar\\\/wp-content\\\/uploads\\\/2023\\\/07\\\/358156158_660973566050944_547712376690197877_n.jpg\",\"width\":1200,\"height\":791},{\"@type\":\"BreadcrumbList\",\"@id\":\"https:\\\/\\\/infopba247.com.ar\\\/index.php\\\/2023\\\/07\\\/11\\\/18-anos-de-la-reinauguracion-del-centro-civico-de-monte-hermoso\\\/#breadcrumb\",\"itemListElement\":[{\"@type\":\"ListItem\",\"position\":1,\"name\":\"Portada\",\"item\":\"https:\\\/\\\/infopba247.com.ar\\\/\"},{\"@type\":\"ListItem\",\"position\":2,\"name\":\"18 a\u00f1os de la reinauguraci\u00f3n del Centro C\u00edvico de Monte Hermoso\"}]},{\"@type\":\"WebSite\",\"@id\":\"https:\\\/\\\/infopba247.com.ar\\\/#website\",\"url\":\"https:\\\/\\\/infopba247.com.ar\\\/\",\"name\":\"InfoPBA247\",\"description\":\"Toda la actualidad bonaerense\",\"publisher\":{\"@id\":\"https:\\\/\\\/infopba247.com.ar\\\/#organization\"},\"potentialAction\":[{\"@type\":\"SearchAction\",\"target\":{\"@type\":\"EntryPoint\",\"urlTemplate\":\"https:\\\/\\\/infopba247.com.ar\\\/?s={search_term_string}\"},\"query-input\":{\"@type\":\"PropertyValueSpecification\",\"valueRequired\":true,\"valueName\":\"search_term_string\"}}],\"inLanguage\":\"es\"},{\"@type\":\"Organization\",\"@id\":\"https:\\\/\\\/infopba247.com.ar\\\/#organization\",\"name\":\"InfoPBA247\",\"url\":\"https:\\\/\\\/infopba247.com.ar\\\/\",\"logo\":{\"@type\":\"ImageObject\",\"inLanguage\":\"es\",\"@id\":\"https:\\\/\\\/infopba247.com.ar\\\/#\\\/schema\\\/logo\\\/image\\\/\",\"url\":\"https:\\\/\\\/infopba247.com.ar\\\/wp-content\\\/uploads\\\/2022\\\/03\\\/cropped-InfoPBA247-1.png\",\"contentUrl\":\"https:\\\/\\\/infopba247.com.ar\\\/wp-content\\\/uploads\\\/2022\\\/03\\\/cropped-InfoPBA247-1.png\",\"width\":500,\"height\":122,\"caption\":\"InfoPBA247\"},\"image\":{\"@id\":\"https:\\\/\\\/infopba247.com.ar\\\/#\\\/schema\\\/logo\\\/image\\\/\"},\"sameAs\":[\"https:\\\/\\\/www.facebook.com\\\/InfoPBA\"]},{\"@type\":\"Person\",\"@id\":\"https:\\\/\\\/infopba247.com.ar\\\/#\\\/schema\\\/person\\\/4975f1343a413e57bf839b3eed0099f2\",\"name\":\"Editor\",\"image\":{\"@type\":\"ImageObject\",\"inLanguage\":\"es\",\"@id\":\"https:\\\/\\\/secure.gravatar.com\\\/avatar\\\/d27fe9520667ca53441d36627a1d6b0fa4a813571ec4803687a7a3a7744685ac?s=96&d=mm&r=g\",\"url\":\"https:\\\/\\\/secure.gravatar.com\\\/avatar\\\/d27fe9520667ca53441d36627a1d6b0fa4a813571ec4803687a7a3a7744685ac?s=96&d=mm&r=g\",\"contentUrl\":\"https:\\\/\\\/secure.gravatar.com\\\/avatar\\\/d27fe9520667ca53441d36627a1d6b0fa4a813571ec4803687a7a3a7744685ac?s=96&d=mm&r=g\",\"caption\":\"Editor\"},\"url\":\"https:\\\/\\\/infopba247.com.ar\\\/index.php\\\/author\\\/editor\\\/\"}]}<\/script>\n<!-- \/ Yoast SEO plugin. -->","yoast_head_json":{"title":"18 a\u00f1os de la reinauguraci\u00f3n del Centro C\u00edvico de Monte Hermoso - InfoPBA247","robots":{"index":"index","follow":"follow","max-snippet":"max-snippet:-1","max-image-preview":"max-image-preview:large","max-video-preview":"max-video-preview:-1"},"canonical":"https:\/\/infopba247.com.ar\/index.php\/2023\/07\/11\/18-anos-de-la-reinauguracion-del-centro-civico-de-monte-hermoso\/","og_locale":"es_ES","og_type":"article","og_title":"18 a\u00f1os de la reinauguraci\u00f3n del Centro C\u00edvico de Monte Hermoso - InfoPBA247","og_description":"El 10 de julio se cumpli\u00f3 un nuevo aniversario de la reinauguraci\u00f3n del Centro C\u00edvico Alborada, construido en la d\u00e9cada","og_url":"https:\/\/infopba247.com.ar\/index.php\/2023\/07\/11\/18-anos-de-la-reinauguracion-del-centro-civico-de-monte-hermoso\/","og_site_name":"InfoPBA247","article_publisher":"https:\/\/www.facebook.com\/InfoPBA","article_published_time":"2023-07-11T13:40:28+00:00","article_modified_time":"2023-07-11T13:40:29+00:00","og_image":[{"width":1200,"height":791,"url":"https:\/\/infopba247.com.ar\/wp-content\/uploads\/2023\/07\/358156158_660973566050944_547712376690197877_n.jpg","type":"image\/jpeg"}],"author":"Editor","twitter_card":"summary_large_image","twitter_misc":{"Escrito por":"Editor","Tiempo de lectura":"1 minuto"},"schema":{"@context":"https:\/\/schema.org","@graph":[{"@type":"Article","@id":"https:\/\/infopba247.com.ar\/index.php\/2023\/07\/11\/18-anos-de-la-reinauguracion-del-centro-civico-de-monte-hermoso\/#article","isPartOf":{"@id":"https:\/\/infopba247.com.ar\/index.php\/2023\/07\/11\/18-anos-de-la-reinauguracion-del-centro-civico-de-monte-hermoso\/"},"author":{"name":"Editor","@id":"https:\/\/infopba247.com.ar\/#\/schema\/person\/4975f1343a413e57bf839b3eed0099f2"},"headline":"18 a\u00f1os de la reinauguraci\u00f3n del Centro C\u00edvico de Monte Hermoso","datePublished":"2023-07-11T13:40:28+00:00","dateModified":"2023-07-11T13:40:29+00:00","mainEntityOfPage":{"@id":"https:\/\/infopba247.com.ar\/index.php\/2023\/07\/11\/18-anos-de-la-reinauguracion-del-centro-civico-de-monte-hermoso\/"},"wordCount":229,"publisher":{"@id":"https:\/\/infopba247.com.ar\/#organization"},"image":{"@id":"https:\/\/infopba247.com.ar\/index.php\/2023\/07\/11\/18-anos-de-la-reinauguracion-del-centro-civico-de-monte-hermoso\/#primaryimage"},"thumbnailUrl":"https:\/\/infopba247.com.ar\/wp-content\/uploads\/2023\/07\/358156158_660973566050944_547712376690197877_n.jpg","keywords":["Municipalidad de Monte Hermoso"],"articleSection":["6ta Secci\u00f3n","Destacadas","Pol\u00edtica"],"inLanguage":"es"},{"@type":"WebPage","@id":"https:\/\/infopba247.com.ar\/index.php\/2023\/07\/11\/18-anos-de-la-reinauguracion-del-centro-civico-de-monte-hermoso\/","url":"https:\/\/infopba247.com.ar\/index.php\/2023\/07\/11\/18-anos-de-la-reinauguracion-del-centro-civico-de-monte-hermoso\/","name":"18 a\u00f1os de la reinauguraci\u00f3n del Centro C\u00edvico de Monte Hermoso - InfoPBA247","isPartOf":{"@id":"https:\/\/infopba247.com.ar\/#website"},"primaryImageOfPage":{"@id":"https:\/\/infopba247.com.ar\/index.php\/2023\/07\/11\/18-anos-de-la-reinauguracion-del-centro-civico-de-monte-hermoso\/#primaryimage"},"image":{"@id":"https:\/\/infopba247.com.ar\/index.php\/2023\/07\/11\/18-anos-de-la-reinauguracion-del-centro-civico-de-monte-hermoso\/#primaryimage"},"thumbnailUrl":"https:\/\/infopba247.com.ar\/wp-content\/uploads\/2023\/07\/358156158_660973566050944_547712376690197877_n.jpg","datePublished":"2023-07-11T13:40:28+00:00","dateModified":"2023-07-11T13:40:29+00:00","breadcrumb":{"@id":"https:\/\/infopba247.com.ar\/index.php\/2023\/07\/11\/18-anos-de-la-reinauguracion-del-centro-civico-de-monte-hermoso\/#breadcrumb"},"inLanguage":"es","potentialAction":[{"@type":"ReadAction","target":["https:\/\/infopba247.com.ar\/index.php\/2023\/07\/11\/18-anos-de-la-reinauguracion-del-centro-civico-de-monte-hermoso\/"]}]},{"@type":"ImageObject","inLanguage":"es","@id":"https:\/\/infopba247.com.ar\/index.php\/2023\/07\/11\/18-anos-de-la-reinauguracion-del-centro-civico-de-monte-hermoso\/#primaryimage","url":"https:\/\/infopba247.com.ar\/wp-content\/uploads\/2023\/07\/358156158_660973566050944_547712376690197877_n.jpg","contentUrl":"https:\/\/infopba247.com.ar\/wp-content\/uploads\/2023\/07\/358156158_660973566050944_547712376690197877_n.jpg","width":1200,"height":791},{"@type":"BreadcrumbList","@id":"https:\/\/infopba247.com.ar\/index.php\/2023\/07\/11\/18-anos-de-la-reinauguracion-del-centro-civico-de-monte-hermoso\/#breadcrumb","itemListElement":[{"@type":"ListItem","position":1,"name":"Portada","item":"https:\/\/infopba247.com.ar\/"},{"@type":"ListItem","position":2,"name":"18 a\u00f1os de la reinauguraci\u00f3n del Centro C\u00edvico de Monte Hermoso"}]},{"@type":"WebSite","@id":"https:\/\/infopba247.com.ar\/#website","url":"https:\/\/infopba247.com.ar\/","name":"InfoPBA247","description":"Toda la actualidad bonaerense","publisher":{"@id":"https:\/\/infopba247.com.ar\/#organization"},"potentialAction":[{"@type":"SearchAction","target":{"@type":"EntryPoint","urlTemplate":"https:\/\/infopba247.com.ar\/?s={search_term_string}"},"query-input":{"@type":"PropertyValueSpecification","valueRequired":true,"valueName":"search_term_string"}}],"inLanguage":"es"},{"@type":"Organization","@id":"https:\/\/infopba247.com.ar\/#organization","name":"InfoPBA247","url":"https:\/\/infopba247.com.ar\/","logo":{"@type":"ImageObject","inLanguage":"es","@id":"https:\/\/infopba247.com.ar\/#\/schema\/logo\/image\/","url":"https:\/\/infopba247.com.ar\/wp-content\/uploads\/2022\/03\/cropped-InfoPBA247-1.png","contentUrl":"https:\/\/infopba247.com.ar\/wp-content\/uploads\/2022\/03\/cropped-InfoPBA247-1.png","width":500,"height":122,"caption":"InfoPBA247"},"image":{"@id":"https:\/\/infopba247.com.ar\/#\/schema\/logo\/image\/"},"sameAs":["https:\/\/www.facebook.com\/InfoPBA"]},{"@type":"Person","@id":"https:\/\/infopba247.com.ar\/#\/schema\/person\/4975f1343a413e57bf839b3eed0099f2","name":"Editor","image":{"@type":"ImageObject","inLanguage":"es","@id":"https:\/\/secure.gravatar.com\/avatar\/d27fe9520667ca53441d36627a1d6b0fa4a813571ec4803687a7a3a7744685ac?s=96&d=mm&r=g","url":"https:\/\/secure.gravatar.com\/avatar\/d27fe9520667ca53441d36627a1d6b0fa4a813571ec4803687a7a3a7744685ac?s=96&d=mm&r=g","contentUrl":"https:\/\/secure.gravatar.com\/avatar\/d27fe9520667ca53441d36627a1d6b0fa4a813571ec4803687a7a3a7744685ac?s=96&d=mm&r=g","caption":"Editor"},"url":"https:\/\/infopba247.com.ar\/index.php\/author\/editor\/"}]}},"_links":{"self":[{"href":"https:\/\/infopba247.com.ar\/index.php\/wp-json\/wp\/v2\/posts\/1827","targetHints":{"allow":["GET"]}}],"collection":[{"href":"https:\/\/infopba247.com.ar\/index.php\/wp-json\/wp\/v2\/posts"}],"about":[{"href":"https:\/\/infopba247.com.ar\/index.php\/wp-json\/wp\/v2\/types\/post"}],"author":[{"embeddable":true,"href":"https:\/\/infopba247.com.ar\/index.php\/wp-json\/wp\/v2\/users\/3"}],"replies":[{"embeddable":true,"href":"https:\/\/infopba247.com.ar\/index.php\/wp-json\/wp\/v2\/comments?post=1827"}],"version-history":[{"count":1,"href":"https:\/\/infopba247.com.ar\/index.php\/wp-json\/wp\/v2\/posts\/1827\/revisions"}],"predecessor-version":[{"id":1829,"href":"https:\/\/infopba247.com.ar\/index.php\/wp-json\/wp\/v2\/posts\/1827\/revisions\/1829"}],"wp:featuredmedia":[{"embeddable":true,"href":"https:\/\/infopba247.com.ar\/index.php\/wp-json\/wp\/v2\/media\/1828"}],"wp:attachment":[{"href":"https:\/\/infopba247.com.ar\/index.php\/wp-json\/wp\/v2\/media?parent=1827"}],"wp:term":[{"taxonomy":"category","embeddable":true,"href":"https:\/\/infopba247.com.ar\/index.php\/wp-json\/wp\/v2\/categories?post=1827"},{"taxonomy":"post_tag","embeddable":true,"href":"https:\/\/infopba247.com.ar\/index.php\/wp-json\/wp\/v2\/tags?post=1827"}],"curies":[{"name":"wp","href":"https:\/\/api.w.org\/{rel}","templated":true}]}}