{"id":182,"date":"2022-03-16T09:38:00","date_gmt":"2022-03-16T09:38:00","guid":{"rendered":"https:\/\/infopba247.com.ar\/?p=182"},"modified":"2022-03-16T14:58:32","modified_gmt":"2022-03-16T14:58:32","slug":"marini-recibio-a-la-ministra-de-las-mujeres-y-adhirio-al-programa-comunidades-sin-violencia","status":"publish","type":"post","link":"https:\/\/infopba247.com.ar\/index.php\/2022\/03\/16\/marini-recibio-a-la-ministra-de-las-mujeres-y-adhirio-al-programa-comunidades-sin-violencia\/","title":{"rendered":"Marini recibi\u00f3 a la ministra de las Mujeres y adhiri\u00f3 al programa \u201cComunidades sin Violencia\u201d"},"content":{"rendered":"\n<p><strong>La ministra de las Mujeres, Estela D\u00edaz, visit\u00f3 la ciudad de Benito Ju\u00e1rez en el marco de la firma del convenio relacionado al Programa \u201cComunidades sin Violencia. Fortalecimiento de la gesti\u00f3n municipal contra las violencias de g\u00e9nero\u201d entre el municipio y el Ministerio de las Mujeres, Pol\u00edticas de G\u00e9neros y Diversidad Sexual bonaerense.<\/strong><\/p>\n\n\n\n<p>La funcionaria provincial junto a su equipo de trabajo fue recibida en el Palacio Municipal por el intendente&nbsp;<strong>Julio C\u00e9sar Marini.<\/strong>&nbsp;Posteriormente en el Sal\u00f3n Dorado se llev\u00f3 a cabo el acto mediante el cual qued\u00f3 firmado el convenio.<\/p>\n\n\n\n<p>El Programa&nbsp;<strong>\u201cComunidades sin violencias\u201d<\/strong>&nbsp;prev\u00e9 el fortalecimiento de la gesti\u00f3n municipal contra las violencias de g\u00e9nero\u201d en el \u00e1mbito del Ministerio de las Mujeres, Pol\u00edticas de G\u00e9neros y Diversidad Sexual, con la finalidad de&nbsp;<strong>ampliar la capacidad de respuesta municipal en la prevenci\u00f3n, asistencia y atenci\u00f3n de las violencia<\/strong>s, en pos de trabajar por el respeto al derecho humano de vivir una vida libre de violencias y discriminaciones.<\/p>\n\n\n\n<p>Participaron del acto, Flavia Delmas (Sub secretaria de pol\u00edticas contra las violencias por razones de g\u00e9nero), Luc\u00eda Portos (Sub secretaria de pol\u00edticas de g\u00e9nero y diversidad sexual), Lidia Fern\u00e1ndez (Sub secretaria e pol\u00edticas transversales de g\u00e9nero), Mercedes Castilla (Sub secretaria legal, t\u00e9cnica y administrativa) y la Directora Regional Silvia Zaballa.<\/p>\n\n\n\n<p>Por parte del municipio, asistieron la Profesora Mar\u00eda Teresa Ricci (Concejal y Secretaria de Desarrollo Social en uso de licencia), Giselle Garc\u00eda (Directora de Mujeres, G\u00e9nero y Diversidad Sexual del municipio), Mariana Landa Arraras (Secretaria de Desarrollo Social interina), funcionarios integrantes del gabinete, concejales, autoridades educativas, policiales, representantes de instituciones intermedias y medios de prensa locales.<\/p>\n\n\n\n<p>Vale recordar que la visita de la Ministra Estela D\u00edaz a Benito Ju\u00e1rez se realiza en el marco de una serie de actividades previstas para toda la jornada, como por ejemplo la reuni\u00f3n del<strong>&nbsp;Consejo Provincial de articulaci\u00f3n con los municipios,<\/strong>&nbsp;la reuni\u00f3n del Consejo Provincial de Organizaciones sociales, rondas de participaci\u00f3n social, feria de emprendedores locales y el cierre con espect\u00e1culos art\u00edsticos y culturales en Plaza Independencia.<\/p>\n","protected":false},"excerpt":{"rendered":"<p>La ministra de las Mujeres, Estela D\u00edaz, visit\u00f3 la ciudad de Benito Ju\u00e1rez en el marco de la firma del<\/p>\n","protected":false},"author":2,"featured_media":183,"comment_status":"closed","ping_status":"closed","sticky":false,"template":"","format":"standard","meta":{"colormag_page_container_layout":"default_layout","colormag_page_sidebar_layout":"default_layout","footnotes":""},"categories":[10,1,14],"tags":[41,40],"class_list":["post-182","post","type-post","status-publish","format-standard","has-post-thumbnail","hentry","category-6ta-seccion","category-destacadas","category-politica","tag-estela-diaz","tag-municipalidad-de-benito-juarez"],"yoast_head":"<!-- This site is optimized with the Yoast SEO plugin v27.4 - https:\/\/yoast.com\/product\/yoast-seo-wordpress\/ -->\n<title>Marini recibi\u00f3 a la ministra de las Mujeres y adhiri\u00f3 al programa \u201cComunidades sin Violencia\u201d - InfoPBA247<\/title>\n<meta name=\"robots\" content=\"index, follow, max-snippet:-1, max-image-preview:large, max-video-preview:-1\" \/>\n<link rel=\"canonical\" href=\"https:\/\/infopba247.com.ar\/index.php\/2022\/03\/16\/marini-recibio-a-la-ministra-de-las-mujeres-y-adhirio-al-programa-comunidades-sin-violencia\/\" \/>\n<meta property=\"og:locale\" content=\"es_ES\" \/>\n<meta property=\"og:type\" content=\"article\" \/>\n<meta property=\"og:title\" content=\"Marini recibi\u00f3 a la ministra de las Mujeres y adhiri\u00f3 al programa \u201cComunidades sin Violencia\u201d - InfoPBA247\" \/>\n<meta property=\"og:description\" content=\"La ministra de las Mujeres, Estela D\u00edaz, visit\u00f3 la ciudad de Benito Ju\u00e1rez en el marco de la firma del\" \/>\n<meta property=\"og:url\" content=\"https:\/\/infopba247.com.ar\/index.php\/2022\/03\/16\/marini-recibio-a-la-ministra-de-las-mujeres-y-adhirio-al-programa-comunidades-sin-violencia\/\" \/>\n<meta property=\"og:site_name\" content=\"InfoPBA247\" \/>\n<meta property=\"article:publisher\" content=\"https:\/\/www.facebook.com\/InfoPBA\" \/>\n<meta property=\"article:published_time\" content=\"2022-03-16T09:38:00+00:00\" \/>\n<meta property=\"article:modified_time\" content=\"2022-03-16T14:58:32+00:00\" \/>\n<meta property=\"og:image\" content=\"https:\/\/infopba247.com.ar\/wp-content\/uploads\/2022\/03\/20220310_094612.jpg\" \/>\n\t<meta property=\"og:image:width\" content=\"800\" \/>\n\t<meta property=\"og:image:height\" content=\"600\" \/>\n\t<meta property=\"og:image:type\" content=\"image\/jpeg\" \/>\n<meta name=\"twitter:card\" content=\"summary_large_image\" \/>\n<meta name=\"twitter:label1\" content=\"Escrito por\" \/>\n\t<meta name=\"twitter:data1\" content=\"\" \/>\n\t<meta name=\"twitter:label2\" content=\"Tiempo de lectura\" \/>\n\t<meta name=\"twitter:data2\" content=\"2 minutos\" \/>\n<script type=\"application\/ld+json\" class=\"yoast-schema-graph\">{\"@context\":\"https:\\\/\\\/schema.org\",\"@graph\":[{\"@type\":\"Article\",\"@id\":\"https:\\\/\\\/infopba247.com.ar\\\/index.php\\\/2022\\\/03\\\/16\\\/marini-recibio-a-la-ministra-de-las-mujeres-y-adhirio-al-programa-comunidades-sin-violencia\\\/#article\",\"isPartOf\":{\"@id\":\"https:\\\/\\\/infopba247.com.ar\\\/index.php\\\/2022\\\/03\\\/16\\\/marini-recibio-a-la-ministra-de-las-mujeres-y-adhirio-al-programa-comunidades-sin-violencia\\\/\"},\"author\":{\"name\":\"\",\"@id\":\"\"},\"headline\":\"Marini recibi\u00f3 a la ministra de las Mujeres y adhiri\u00f3 al programa \u201cComunidades sin Violencia\u201d\",\"datePublished\":\"2022-03-16T09:38:00+00:00\",\"dateModified\":\"2022-03-16T14:58:32+00:00\",\"mainEntityOfPage\":{\"@id\":\"https:\\\/\\\/infopba247.com.ar\\\/index.php\\\/2022\\\/03\\\/16\\\/marini-recibio-a-la-ministra-de-las-mujeres-y-adhirio-al-programa-comunidades-sin-violencia\\\/\"},\"wordCount\":391,\"publisher\":{\"@id\":\"https:\\\/\\\/infopba247.com.ar\\\/#organization\"},\"image\":{\"@id\":\"https:\\\/\\\/infopba247.com.ar\\\/index.php\\\/2022\\\/03\\\/16\\\/marini-recibio-a-la-ministra-de-las-mujeres-y-adhirio-al-programa-comunidades-sin-violencia\\\/#primaryimage\"},\"thumbnailUrl\":\"https:\\\/\\\/infopba247.com.ar\\\/wp-content\\\/uploads\\\/2022\\\/03\\\/20220310_094612.jpg\",\"keywords\":[\"Estela D\u00edaz\",\"Municipalidad de Benito Ju\u00e1rez\"],\"articleSection\":[\"6ta Secci\u00f3n\",\"Destacadas\",\"Pol\u00edtica\"],\"inLanguage\":\"es\"},{\"@type\":\"WebPage\",\"@id\":\"https:\\\/\\\/infopba247.com.ar\\\/index.php\\\/2022\\\/03\\\/16\\\/marini-recibio-a-la-ministra-de-las-mujeres-y-adhirio-al-programa-comunidades-sin-violencia\\\/\",\"url\":\"https:\\\/\\\/infopba247.com.ar\\\/index.php\\\/2022\\\/03\\\/16\\\/marini-recibio-a-la-ministra-de-las-mujeres-y-adhirio-al-programa-comunidades-sin-violencia\\\/\",\"name\":\"Marini recibi\u00f3 a la ministra de las Mujeres y adhiri\u00f3 al programa \u201cComunidades sin Violencia\u201d - InfoPBA247\",\"isPartOf\":{\"@id\":\"https:\\\/\\\/infopba247.com.ar\\\/#website\"},\"primaryImageOfPage\":{\"@id\":\"https:\\\/\\\/infopba247.com.ar\\\/index.php\\\/2022\\\/03\\\/16\\\/marini-recibio-a-la-ministra-de-las-mujeres-y-adhirio-al-programa-comunidades-sin-violencia\\\/#primaryimage\"},\"image\":{\"@id\":\"https:\\\/\\\/infopba247.com.ar\\\/index.php\\\/2022\\\/03\\\/16\\\/marini-recibio-a-la-ministra-de-las-mujeres-y-adhirio-al-programa-comunidades-sin-violencia\\\/#primaryimage\"},\"thumbnailUrl\":\"https:\\\/\\\/infopba247.com.ar\\\/wp-content\\\/uploads\\\/2022\\\/03\\\/20220310_094612.jpg\",\"datePublished\":\"2022-03-16T09:38:00+00:00\",\"dateModified\":\"2022-03-16T14:58:32+00:00\",\"breadcrumb\":{\"@id\":\"https:\\\/\\\/infopba247.com.ar\\\/index.php\\\/2022\\\/03\\\/16\\\/marini-recibio-a-la-ministra-de-las-mujeres-y-adhirio-al-programa-comunidades-sin-violencia\\\/#breadcrumb\"},\"inLanguage\":\"es\",\"potentialAction\":[{\"@type\":\"ReadAction\",\"target\":[\"https:\\\/\\\/infopba247.com.ar\\\/index.php\\\/2022\\\/03\\\/16\\\/marini-recibio-a-la-ministra-de-las-mujeres-y-adhirio-al-programa-comunidades-sin-violencia\\\/\"]}]},{\"@type\":\"ImageObject\",\"inLanguage\":\"es\",\"@id\":\"https:\\\/\\\/infopba247.com.ar\\\/index.php\\\/2022\\\/03\\\/16\\\/marini-recibio-a-la-ministra-de-las-mujeres-y-adhirio-al-programa-comunidades-sin-violencia\\\/#primaryimage\",\"url\":\"https:\\\/\\\/infopba247.com.ar\\\/wp-content\\\/uploads\\\/2022\\\/03\\\/20220310_094612.jpg\",\"contentUrl\":\"https:\\\/\\\/infopba247.com.ar\\\/wp-content\\\/uploads\\\/2022\\\/03\\\/20220310_094612.jpg\",\"width\":800,\"height\":600,\"caption\":\"??\"},{\"@type\":\"BreadcrumbList\",\"@id\":\"https:\\\/\\\/infopba247.com.ar\\\/index.php\\\/2022\\\/03\\\/16\\\/marini-recibio-a-la-ministra-de-las-mujeres-y-adhirio-al-programa-comunidades-sin-violencia\\\/#breadcrumb\",\"itemListElement\":[{\"@type\":\"ListItem\",\"position\":1,\"name\":\"Portada\",\"item\":\"https:\\\/\\\/infopba247.com.ar\\\/\"},{\"@type\":\"ListItem\",\"position\":2,\"name\":\"Marini recibi\u00f3 a la ministra de las Mujeres y adhiri\u00f3 al programa \u201cComunidades sin Violencia\u201d\"}]},{\"@type\":\"WebSite\",\"@id\":\"https:\\\/\\\/infopba247.com.ar\\\/#website\",\"url\":\"https:\\\/\\\/infopba247.com.ar\\\/\",\"name\":\"InfoPBA247\",\"description\":\"Toda la actualidad bonaerense\",\"publisher\":{\"@id\":\"https:\\\/\\\/infopba247.com.ar\\\/#organization\"},\"potentialAction\":[{\"@type\":\"SearchAction\",\"target\":{\"@type\":\"EntryPoint\",\"urlTemplate\":\"https:\\\/\\\/infopba247.com.ar\\\/?s={search_term_string}\"},\"query-input\":{\"@type\":\"PropertyValueSpecification\",\"valueRequired\":true,\"valueName\":\"search_term_string\"}}],\"inLanguage\":\"es\"},{\"@type\":\"Organization\",\"@id\":\"https:\\\/\\\/infopba247.com.ar\\\/#organization\",\"name\":\"InfoPBA247\",\"url\":\"https:\\\/\\\/infopba247.com.ar\\\/\",\"logo\":{\"@type\":\"ImageObject\",\"inLanguage\":\"es\",\"@id\":\"https:\\\/\\\/infopba247.com.ar\\\/#\\\/schema\\\/logo\\\/image\\\/\",\"url\":\"https:\\\/\\\/infopba247.com.ar\\\/wp-content\\\/uploads\\\/2022\\\/03\\\/cropped-InfoPBA247-1.png\",\"contentUrl\":\"https:\\\/\\\/infopba247.com.ar\\\/wp-content\\\/uploads\\\/2022\\\/03\\\/cropped-InfoPBA247-1.png\",\"width\":500,\"height\":122,\"caption\":\"InfoPBA247\"},\"image\":{\"@id\":\"https:\\\/\\\/infopba247.com.ar\\\/#\\\/schema\\\/logo\\\/image\\\/\"},\"sameAs\":[\"https:\\\/\\\/www.facebook.com\\\/InfoPBA\"]},{\"@type\":\"Person\",\"@id\":\"\",\"url\":\"https:\\\/\\\/infopba247.com.ar\\\/index.php\\\/author\\\/\"}]}<\/script>\n<!-- \/ Yoast SEO plugin. -->","yoast_head_json":{"title":"Marini recibi\u00f3 a la ministra de las Mujeres y adhiri\u00f3 al programa \u201cComunidades sin Violencia\u201d - InfoPBA247","robots":{"index":"index","follow":"follow","max-snippet":"max-snippet:-1","max-image-preview":"max-image-preview:large","max-video-preview":"max-video-preview:-1"},"canonical":"https:\/\/infopba247.com.ar\/index.php\/2022\/03\/16\/marini-recibio-a-la-ministra-de-las-mujeres-y-adhirio-al-programa-comunidades-sin-violencia\/","og_locale":"es_ES","og_type":"article","og_title":"Marini recibi\u00f3 a la ministra de las Mujeres y adhiri\u00f3 al programa \u201cComunidades sin Violencia\u201d - InfoPBA247","og_description":"La ministra de las Mujeres, Estela D\u00edaz, visit\u00f3 la ciudad de Benito Ju\u00e1rez en el marco de la firma del","og_url":"https:\/\/infopba247.com.ar\/index.php\/2022\/03\/16\/marini-recibio-a-la-ministra-de-las-mujeres-y-adhirio-al-programa-comunidades-sin-violencia\/","og_site_name":"InfoPBA247","article_publisher":"https:\/\/www.facebook.com\/InfoPBA","article_published_time":"2022-03-16T09:38:00+00:00","article_modified_time":"2022-03-16T14:58:32+00:00","og_image":[{"width":800,"height":600,"url":"https:\/\/infopba247.com.ar\/wp-content\/uploads\/2022\/03\/20220310_094612.jpg","type":"image\/jpeg"}],"twitter_card":"summary_large_image","twitter_misc":{"Escrito por":"","Tiempo de lectura":"2 minutos"},"schema":{"@context":"https:\/\/schema.org","@graph":[{"@type":"Article","@id":"https:\/\/infopba247.com.ar\/index.php\/2022\/03\/16\/marini-recibio-a-la-ministra-de-las-mujeres-y-adhirio-al-programa-comunidades-sin-violencia\/#article","isPartOf":{"@id":"https:\/\/infopba247.com.ar\/index.php\/2022\/03\/16\/marini-recibio-a-la-ministra-de-las-mujeres-y-adhirio-al-programa-comunidades-sin-violencia\/"},"author":{"name":"","@id":""},"headline":"Marini recibi\u00f3 a la ministra de las Mujeres y adhiri\u00f3 al programa \u201cComunidades sin Violencia\u201d","datePublished":"2022-03-16T09:38:00+00:00","dateModified":"2022-03-16T14:58:32+00:00","mainEntityOfPage":{"@id":"https:\/\/infopba247.com.ar\/index.php\/2022\/03\/16\/marini-recibio-a-la-ministra-de-las-mujeres-y-adhirio-al-programa-comunidades-sin-violencia\/"},"wordCount":391,"publisher":{"@id":"https:\/\/infopba247.com.ar\/#organization"},"image":{"@id":"https:\/\/infopba247.com.ar\/index.php\/2022\/03\/16\/marini-recibio-a-la-ministra-de-las-mujeres-y-adhirio-al-programa-comunidades-sin-violencia\/#primaryimage"},"thumbnailUrl":"https:\/\/infopba247.com.ar\/wp-content\/uploads\/2022\/03\/20220310_094612.jpg","keywords":["Estela D\u00edaz","Municipalidad de Benito Ju\u00e1rez"],"articleSection":["6ta Secci\u00f3n","Destacadas","Pol\u00edtica"],"inLanguage":"es"},{"@type":"WebPage","@id":"https:\/\/infopba247.com.ar\/index.php\/2022\/03\/16\/marini-recibio-a-la-ministra-de-las-mujeres-y-adhirio-al-programa-comunidades-sin-violencia\/","url":"https:\/\/infopba247.com.ar\/index.php\/2022\/03\/16\/marini-recibio-a-la-ministra-de-las-mujeres-y-adhirio-al-programa-comunidades-sin-violencia\/","name":"Marini recibi\u00f3 a la ministra de las Mujeres y adhiri\u00f3 al programa \u201cComunidades sin Violencia\u201d - InfoPBA247","isPartOf":{"@id":"https:\/\/infopba247.com.ar\/#website"},"primaryImageOfPage":{"@id":"https:\/\/infopba247.com.ar\/index.php\/2022\/03\/16\/marini-recibio-a-la-ministra-de-las-mujeres-y-adhirio-al-programa-comunidades-sin-violencia\/#primaryimage"},"image":{"@id":"https:\/\/infopba247.com.ar\/index.php\/2022\/03\/16\/marini-recibio-a-la-ministra-de-las-mujeres-y-adhirio-al-programa-comunidades-sin-violencia\/#primaryimage"},"thumbnailUrl":"https:\/\/infopba247.com.ar\/wp-content\/uploads\/2022\/03\/20220310_094612.jpg","datePublished":"2022-03-16T09:38:00+00:00","dateModified":"2022-03-16T14:58:32+00:00","breadcrumb":{"@id":"https:\/\/infopba247.com.ar\/index.php\/2022\/03\/16\/marini-recibio-a-la-ministra-de-las-mujeres-y-adhirio-al-programa-comunidades-sin-violencia\/#breadcrumb"},"inLanguage":"es","potentialAction":[{"@type":"ReadAction","target":["https:\/\/infopba247.com.ar\/index.php\/2022\/03\/16\/marini-recibio-a-la-ministra-de-las-mujeres-y-adhirio-al-programa-comunidades-sin-violencia\/"]}]},{"@type":"ImageObject","inLanguage":"es","@id":"https:\/\/infopba247.com.ar\/index.php\/2022\/03\/16\/marini-recibio-a-la-ministra-de-las-mujeres-y-adhirio-al-programa-comunidades-sin-violencia\/#primaryimage","url":"https:\/\/infopba247.com.ar\/wp-content\/uploads\/2022\/03\/20220310_094612.jpg","contentUrl":"https:\/\/infopba247.com.ar\/wp-content\/uploads\/2022\/03\/20220310_094612.jpg","width":800,"height":600,"caption":"??"},{"@type":"BreadcrumbList","@id":"https:\/\/infopba247.com.ar\/index.php\/2022\/03\/16\/marini-recibio-a-la-ministra-de-las-mujeres-y-adhirio-al-programa-comunidades-sin-violencia\/#breadcrumb","itemListElement":[{"@type":"ListItem","position":1,"name":"Portada","item":"https:\/\/infopba247.com.ar\/"},{"@type":"ListItem","position":2,"name":"Marini recibi\u00f3 a la ministra de las Mujeres y adhiri\u00f3 al programa \u201cComunidades sin Violencia\u201d"}]},{"@type":"WebSite","@id":"https:\/\/infopba247.com.ar\/#website","url":"https:\/\/infopba247.com.ar\/","name":"InfoPBA247","description":"Toda la actualidad bonaerense","publisher":{"@id":"https:\/\/infopba247.com.ar\/#organization"},"potentialAction":[{"@type":"SearchAction","target":{"@type":"EntryPoint","urlTemplate":"https:\/\/infopba247.com.ar\/?s={search_term_string}"},"query-input":{"@type":"PropertyValueSpecification","valueRequired":true,"valueName":"search_term_string"}}],"inLanguage":"es"},{"@type":"Organization","@id":"https:\/\/infopba247.com.ar\/#organization","name":"InfoPBA247","url":"https:\/\/infopba247.com.ar\/","logo":{"@type":"ImageObject","inLanguage":"es","@id":"https:\/\/infopba247.com.ar\/#\/schema\/logo\/image\/","url":"https:\/\/infopba247.com.ar\/wp-content\/uploads\/2022\/03\/cropped-InfoPBA247-1.png","contentUrl":"https:\/\/infopba247.com.ar\/wp-content\/uploads\/2022\/03\/cropped-InfoPBA247-1.png","width":500,"height":122,"caption":"InfoPBA247"},"image":{"@id":"https:\/\/infopba247.com.ar\/#\/schema\/logo\/image\/"},"sameAs":["https:\/\/www.facebook.com\/InfoPBA"]},{"@type":"Person","@id":"","url":"https:\/\/infopba247.com.ar\/index.php\/author\/"}]}},"_links":{"self":[{"href":"https:\/\/infopba247.com.ar\/index.php\/wp-json\/wp\/v2\/posts\/182","targetHints":{"allow":["GET"]}}],"collection":[{"href":"https:\/\/infopba247.com.ar\/index.php\/wp-json\/wp\/v2\/posts"}],"about":[{"href":"https:\/\/infopba247.com.ar\/index.php\/wp-json\/wp\/v2\/types\/post"}],"author":[{"embeddable":true,"href":"https:\/\/infopba247.com.ar\/index.php\/wp-json\/wp\/v2\/users\/2"}],"replies":[{"embeddable":true,"href":"https:\/\/infopba247.com.ar\/index.php\/wp-json\/wp\/v2\/comments?post=182"}],"version-history":[{"count":2,"href":"https:\/\/infopba247.com.ar\/index.php\/wp-json\/wp\/v2\/posts\/182\/revisions"}],"predecessor-version":[{"id":190,"href":"https:\/\/infopba247.com.ar\/index.php\/wp-json\/wp\/v2\/posts\/182\/revisions\/190"}],"wp:featuredmedia":[{"embeddable":true,"href":"https:\/\/infopba247.com.ar\/index.php\/wp-json\/wp\/v2\/media\/183"}],"wp:attachment":[{"href":"https:\/\/infopba247.com.ar\/index.php\/wp-json\/wp\/v2\/media?parent=182"}],"wp:term":[{"taxonomy":"category","embeddable":true,"href":"https:\/\/infopba247.com.ar\/index.php\/wp-json\/wp\/v2\/categories?post=182"},{"taxonomy":"post_tag","embeddable":true,"href":"https:\/\/infopba247.com.ar\/index.php\/wp-json\/wp\/v2\/tags?post=182"}],"curies":[{"name":"wp","href":"https:\/\/api.w.org\/{rel}","templated":true}]}}