{"id":179,"date":"2022-03-16T09:36:00","date_gmt":"2022-03-16T09:36:00","guid":{"rendered":"https:\/\/infopba247.com.ar\/?p=179"},"modified":"2022-03-16T14:58:40","modified_gmt":"2022-03-16T14:58:40","slug":"echarren-dejo-su-cargo-en-el-ministerio-de-transporte-y-vuelve-a-la-municipalidad-de-castelli","status":"publish","type":"post","link":"https:\/\/infopba247.com.ar\/index.php\/2022\/03\/16\/echarren-dejo-su-cargo-en-el-ministerio-de-transporte-y-vuelve-a-la-municipalidad-de-castelli\/","title":{"rendered":"Echarren dej\u00f3 su cargo en el Ministerio de Transporte y vuelve a la Municipalidad de Castelli"},"content":{"rendered":"\n<p><strong>Francisco Echarren<\/strong>&nbsp;anunci\u00f3 su regreso al cargo de intendente de Castelli, luego de casi un a\u00f1o en la Direcci\u00f3n Nacional de Obras del Ministerio de Transporte de la Naci\u00f3n que conduce Alexis Guerrera.<\/p>\n\n\n\n<p>El jefe comunal hab\u00eda asumido en agosto del a\u00f1o pasado, en el marco de la incorporaci\u00f3n de varios intendentes de la provincia de Buenos Aires al gobierno de Alberto Fern\u00e1ndez, como el caso del propio Guerrera.<\/p>\n\n\n\n<p>Echarren ya hab\u00eda pedido licencia como intendente. En diciembre de 2016 se sum\u00f3 al gobierno bonaerense de Mar\u00eda Eugenia Vidal, donde ocup\u00f3 el cargo de subsecretario de Vivienda, Tierra y H\u00e1bitat de la Provincia.<\/p>\n\n\n\n<p>Otros jefes comunales bonaerenses que hicieron el mismo camino fueron Gabriel Katopodis (San Mart\u00edn), Jorge Ferreresi (Avellaneda), Santiago Maggiotti (Navarro), Gustavo Arrieta (Ca\u00f1uelas) y el propio Guerrera (General Pinto).<\/p>\n\n\n\n<p><strong>\u201cHoy me despido de la Direcci\u00f3n de obras de Transporte y como lo dije cuando llegu\u00e9, ven\u00edamos a poner el hombro en una tarea que cumplimos con orgullo. Duplicamos el presupuesto asignado y en s\u00f3lo 5 meses firm\u00e9 y sistematic\u00e9 obras con intendentes y gobernadores por m\u00e1s de 25 mil millones para obras en 20 provincias\u201d,<\/strong>&nbsp;comparti\u00f3 ayer Echarren en sus redes sociales.<\/p>\n\n\n\n<p>Francisco Echarren hab\u00eda pedido el uso de licencia al Concejo Deliberante de Castelli y el 1\u00ba de agosto Sebasti\u00e1n Echarren, su hermano y el titular del Frente de Todos en el recinto legislativo, asumi\u00f3 en su lugar.<\/p>\n","protected":false},"excerpt":{"rendered":"<p>Francisco Echarren&nbsp;anunci\u00f3 su regreso al cargo de intendente de Castelli, luego de casi un a\u00f1o en la Direcci\u00f3n Nacional de<\/p>\n","protected":false},"author":2,"featured_media":180,"comment_status":"closed","ping_status":"closed","sticky":false,"template":"","format":"standard","meta":{"colormag_page_container_layout":"default_layout","colormag_page_sidebar_layout":"default_layout","footnotes":""},"categories":[9,14],"tags":[39,38],"class_list":["post-179","post","type-post","status-publish","format-standard","has-post-thumbnail","hentry","category-5ta-seccion","category-politica","tag-francisco-echarren","tag-municipalidad-de-castelli"],"yoast_head":"<!-- This site is optimized with the Yoast SEO plugin v27.4 - https:\/\/yoast.com\/product\/yoast-seo-wordpress\/ -->\n<title>Echarren dej\u00f3 su cargo en el Ministerio de Transporte y vuelve a la Municipalidad de Castelli - InfoPBA247<\/title>\n<meta name=\"robots\" content=\"index, follow, max-snippet:-1, max-image-preview:large, max-video-preview:-1\" \/>\n<link rel=\"canonical\" href=\"https:\/\/infopba247.com.ar\/index.php\/2022\/03\/16\/echarren-dejo-su-cargo-en-el-ministerio-de-transporte-y-vuelve-a-la-municipalidad-de-castelli\/\" \/>\n<meta property=\"og:locale\" content=\"es_ES\" \/>\n<meta property=\"og:type\" content=\"article\" \/>\n<meta property=\"og:title\" content=\"Echarren dej\u00f3 su cargo en el Ministerio de Transporte y vuelve a la Municipalidad de Castelli - InfoPBA247\" \/>\n<meta property=\"og:description\" content=\"Francisco Echarren&nbsp;anunci\u00f3 su regreso al cargo de intendente de Castelli, luego de casi un a\u00f1o en la Direcci\u00f3n Nacional de\" \/>\n<meta property=\"og:url\" content=\"https:\/\/infopba247.com.ar\/index.php\/2022\/03\/16\/echarren-dejo-su-cargo-en-el-ministerio-de-transporte-y-vuelve-a-la-municipalidad-de-castelli\/\" \/>\n<meta property=\"og:site_name\" content=\"InfoPBA247\" \/>\n<meta property=\"article:publisher\" content=\"https:\/\/www.facebook.com\/InfoPBA\" \/>\n<meta property=\"article:published_time\" content=\"2022-03-16T09:36:00+00:00\" \/>\n<meta property=\"article:modified_time\" content=\"2022-03-16T14:58:40+00:00\" \/>\n<meta property=\"og:image\" content=\"https:\/\/infopba247.com.ar\/wp-content\/uploads\/2022\/03\/ECH.jpg\" \/>\n\t<meta property=\"og:image:width\" content=\"1200\" \/>\n\t<meta property=\"og:image:height\" content=\"800\" \/>\n\t<meta property=\"og:image:type\" content=\"image\/jpeg\" \/>\n<meta name=\"twitter:card\" content=\"summary_large_image\" \/>\n<meta name=\"twitter:label1\" content=\"Escrito por\" \/>\n\t<meta name=\"twitter:data1\" content=\"\" \/>\n\t<meta name=\"twitter:label2\" content=\"Tiempo de lectura\" \/>\n\t<meta name=\"twitter:data2\" content=\"1 minuto\" \/>\n<script type=\"application\/ld+json\" class=\"yoast-schema-graph\">{\"@context\":\"https:\\\/\\\/schema.org\",\"@graph\":[{\"@type\":\"Article\",\"@id\":\"https:\\\/\\\/infopba247.com.ar\\\/index.php\\\/2022\\\/03\\\/16\\\/echarren-dejo-su-cargo-en-el-ministerio-de-transporte-y-vuelve-a-la-municipalidad-de-castelli\\\/#article\",\"isPartOf\":{\"@id\":\"https:\\\/\\\/infopba247.com.ar\\\/index.php\\\/2022\\\/03\\\/16\\\/echarren-dejo-su-cargo-en-el-ministerio-de-transporte-y-vuelve-a-la-municipalidad-de-castelli\\\/\"},\"author\":{\"name\":\"\",\"@id\":\"\"},\"headline\":\"Echarren dej\u00f3 su cargo en el Ministerio de Transporte y vuelve a la Municipalidad de Castelli\",\"datePublished\":\"2022-03-16T09:36:00+00:00\",\"dateModified\":\"2022-03-16T14:58:40+00:00\",\"mainEntityOfPage\":{\"@id\":\"https:\\\/\\\/infopba247.com.ar\\\/index.php\\\/2022\\\/03\\\/16\\\/echarren-dejo-su-cargo-en-el-ministerio-de-transporte-y-vuelve-a-la-municipalidad-de-castelli\\\/\"},\"wordCount\":263,\"publisher\":{\"@id\":\"https:\\\/\\\/infopba247.com.ar\\\/#organization\"},\"image\":{\"@id\":\"https:\\\/\\\/infopba247.com.ar\\\/index.php\\\/2022\\\/03\\\/16\\\/echarren-dejo-su-cargo-en-el-ministerio-de-transporte-y-vuelve-a-la-municipalidad-de-castelli\\\/#primaryimage\"},\"thumbnailUrl\":\"https:\\\/\\\/infopba247.com.ar\\\/wp-content\\\/uploads\\\/2022\\\/03\\\/ECH.jpg\",\"keywords\":[\"Francisco Echarren\",\"Municipalidad de Castelli\"],\"articleSection\":[\"5ta Secci\u00f3n\",\"Pol\u00edtica\"],\"inLanguage\":\"es\"},{\"@type\":\"WebPage\",\"@id\":\"https:\\\/\\\/infopba247.com.ar\\\/index.php\\\/2022\\\/03\\\/16\\\/echarren-dejo-su-cargo-en-el-ministerio-de-transporte-y-vuelve-a-la-municipalidad-de-castelli\\\/\",\"url\":\"https:\\\/\\\/infopba247.com.ar\\\/index.php\\\/2022\\\/03\\\/16\\\/echarren-dejo-su-cargo-en-el-ministerio-de-transporte-y-vuelve-a-la-municipalidad-de-castelli\\\/\",\"name\":\"Echarren dej\u00f3 su cargo en el Ministerio de Transporte y vuelve a la Municipalidad de Castelli - InfoPBA247\",\"isPartOf\":{\"@id\":\"https:\\\/\\\/infopba247.com.ar\\\/#website\"},\"primaryImageOfPage\":{\"@id\":\"https:\\\/\\\/infopba247.com.ar\\\/index.php\\\/2022\\\/03\\\/16\\\/echarren-dejo-su-cargo-en-el-ministerio-de-transporte-y-vuelve-a-la-municipalidad-de-castelli\\\/#primaryimage\"},\"image\":{\"@id\":\"https:\\\/\\\/infopba247.com.ar\\\/index.php\\\/2022\\\/03\\\/16\\\/echarren-dejo-su-cargo-en-el-ministerio-de-transporte-y-vuelve-a-la-municipalidad-de-castelli\\\/#primaryimage\"},\"thumbnailUrl\":\"https:\\\/\\\/infopba247.com.ar\\\/wp-content\\\/uploads\\\/2022\\\/03\\\/ECH.jpg\",\"datePublished\":\"2022-03-16T09:36:00+00:00\",\"dateModified\":\"2022-03-16T14:58:40+00:00\",\"breadcrumb\":{\"@id\":\"https:\\\/\\\/infopba247.com.ar\\\/index.php\\\/2022\\\/03\\\/16\\\/echarren-dejo-su-cargo-en-el-ministerio-de-transporte-y-vuelve-a-la-municipalidad-de-castelli\\\/#breadcrumb\"},\"inLanguage\":\"es\",\"potentialAction\":[{\"@type\":\"ReadAction\",\"target\":[\"https:\\\/\\\/infopba247.com.ar\\\/index.php\\\/2022\\\/03\\\/16\\\/echarren-dejo-su-cargo-en-el-ministerio-de-transporte-y-vuelve-a-la-municipalidad-de-castelli\\\/\"]}]},{\"@type\":\"ImageObject\",\"inLanguage\":\"es\",\"@id\":\"https:\\\/\\\/infopba247.com.ar\\\/index.php\\\/2022\\\/03\\\/16\\\/echarren-dejo-su-cargo-en-el-ministerio-de-transporte-y-vuelve-a-la-municipalidad-de-castelli\\\/#primaryimage\",\"url\":\"https:\\\/\\\/infopba247.com.ar\\\/wp-content\\\/uploads\\\/2022\\\/03\\\/ECH.jpg\",\"contentUrl\":\"https:\\\/\\\/infopba247.com.ar\\\/wp-content\\\/uploads\\\/2022\\\/03\\\/ECH.jpg\",\"width\":1200,\"height\":800},{\"@type\":\"BreadcrumbList\",\"@id\":\"https:\\\/\\\/infopba247.com.ar\\\/index.php\\\/2022\\\/03\\\/16\\\/echarren-dejo-su-cargo-en-el-ministerio-de-transporte-y-vuelve-a-la-municipalidad-de-castelli\\\/#breadcrumb\",\"itemListElement\":[{\"@type\":\"ListItem\",\"position\":1,\"name\":\"Portada\",\"item\":\"https:\\\/\\\/infopba247.com.ar\\\/\"},{\"@type\":\"ListItem\",\"position\":2,\"name\":\"Echarren dej\u00f3 su cargo en el Ministerio de Transporte y vuelve a la Municipalidad de Castelli\"}]},{\"@type\":\"WebSite\",\"@id\":\"https:\\\/\\\/infopba247.com.ar\\\/#website\",\"url\":\"https:\\\/\\\/infopba247.com.ar\\\/\",\"name\":\"InfoPBA247\",\"description\":\"Toda la actualidad bonaerense\",\"publisher\":{\"@id\":\"https:\\\/\\\/infopba247.com.ar\\\/#organization\"},\"potentialAction\":[{\"@type\":\"SearchAction\",\"target\":{\"@type\":\"EntryPoint\",\"urlTemplate\":\"https:\\\/\\\/infopba247.com.ar\\\/?s={search_term_string}\"},\"query-input\":{\"@type\":\"PropertyValueSpecification\",\"valueRequired\":true,\"valueName\":\"search_term_string\"}}],\"inLanguage\":\"es\"},{\"@type\":\"Organization\",\"@id\":\"https:\\\/\\\/infopba247.com.ar\\\/#organization\",\"name\":\"InfoPBA247\",\"url\":\"https:\\\/\\\/infopba247.com.ar\\\/\",\"logo\":{\"@type\":\"ImageObject\",\"inLanguage\":\"es\",\"@id\":\"https:\\\/\\\/infopba247.com.ar\\\/#\\\/schema\\\/logo\\\/image\\\/\",\"url\":\"https:\\\/\\\/infopba247.com.ar\\\/wp-content\\\/uploads\\\/2022\\\/03\\\/cropped-InfoPBA247-1.png\",\"contentUrl\":\"https:\\\/\\\/infopba247.com.ar\\\/wp-content\\\/uploads\\\/2022\\\/03\\\/cropped-InfoPBA247-1.png\",\"width\":500,\"height\":122,\"caption\":\"InfoPBA247\"},\"image\":{\"@id\":\"https:\\\/\\\/infopba247.com.ar\\\/#\\\/schema\\\/logo\\\/image\\\/\"},\"sameAs\":[\"https:\\\/\\\/www.facebook.com\\\/InfoPBA\"]},{\"@type\":\"Person\",\"@id\":\"\",\"url\":\"https:\\\/\\\/infopba247.com.ar\\\/index.php\\\/author\\\/\"}]}<\/script>\n<!-- \/ Yoast SEO plugin. -->","yoast_head_json":{"title":"Echarren dej\u00f3 su cargo en el Ministerio de Transporte y vuelve a la Municipalidad de Castelli - InfoPBA247","robots":{"index":"index","follow":"follow","max-snippet":"max-snippet:-1","max-image-preview":"max-image-preview:large","max-video-preview":"max-video-preview:-1"},"canonical":"https:\/\/infopba247.com.ar\/index.php\/2022\/03\/16\/echarren-dejo-su-cargo-en-el-ministerio-de-transporte-y-vuelve-a-la-municipalidad-de-castelli\/","og_locale":"es_ES","og_type":"article","og_title":"Echarren dej\u00f3 su cargo en el Ministerio de Transporte y vuelve a la Municipalidad de Castelli - InfoPBA247","og_description":"Francisco Echarren&nbsp;anunci\u00f3 su regreso al cargo de intendente de Castelli, luego de casi un a\u00f1o en la Direcci\u00f3n Nacional de","og_url":"https:\/\/infopba247.com.ar\/index.php\/2022\/03\/16\/echarren-dejo-su-cargo-en-el-ministerio-de-transporte-y-vuelve-a-la-municipalidad-de-castelli\/","og_site_name":"InfoPBA247","article_publisher":"https:\/\/www.facebook.com\/InfoPBA","article_published_time":"2022-03-16T09:36:00+00:00","article_modified_time":"2022-03-16T14:58:40+00:00","og_image":[{"width":1200,"height":800,"url":"https:\/\/infopba247.com.ar\/wp-content\/uploads\/2022\/03\/ECH.jpg","type":"image\/jpeg"}],"twitter_card":"summary_large_image","twitter_misc":{"Escrito por":"","Tiempo de lectura":"1 minuto"},"schema":{"@context":"https:\/\/schema.org","@graph":[{"@type":"Article","@id":"https:\/\/infopba247.com.ar\/index.php\/2022\/03\/16\/echarren-dejo-su-cargo-en-el-ministerio-de-transporte-y-vuelve-a-la-municipalidad-de-castelli\/#article","isPartOf":{"@id":"https:\/\/infopba247.com.ar\/index.php\/2022\/03\/16\/echarren-dejo-su-cargo-en-el-ministerio-de-transporte-y-vuelve-a-la-municipalidad-de-castelli\/"},"author":{"name":"","@id":""},"headline":"Echarren dej\u00f3 su cargo en el Ministerio de Transporte y vuelve a la Municipalidad de Castelli","datePublished":"2022-03-16T09:36:00+00:00","dateModified":"2022-03-16T14:58:40+00:00","mainEntityOfPage":{"@id":"https:\/\/infopba247.com.ar\/index.php\/2022\/03\/16\/echarren-dejo-su-cargo-en-el-ministerio-de-transporte-y-vuelve-a-la-municipalidad-de-castelli\/"},"wordCount":263,"publisher":{"@id":"https:\/\/infopba247.com.ar\/#organization"},"image":{"@id":"https:\/\/infopba247.com.ar\/index.php\/2022\/03\/16\/echarren-dejo-su-cargo-en-el-ministerio-de-transporte-y-vuelve-a-la-municipalidad-de-castelli\/#primaryimage"},"thumbnailUrl":"https:\/\/infopba247.com.ar\/wp-content\/uploads\/2022\/03\/ECH.jpg","keywords":["Francisco Echarren","Municipalidad de Castelli"],"articleSection":["5ta Secci\u00f3n","Pol\u00edtica"],"inLanguage":"es"},{"@type":"WebPage","@id":"https:\/\/infopba247.com.ar\/index.php\/2022\/03\/16\/echarren-dejo-su-cargo-en-el-ministerio-de-transporte-y-vuelve-a-la-municipalidad-de-castelli\/","url":"https:\/\/infopba247.com.ar\/index.php\/2022\/03\/16\/echarren-dejo-su-cargo-en-el-ministerio-de-transporte-y-vuelve-a-la-municipalidad-de-castelli\/","name":"Echarren dej\u00f3 su cargo en el Ministerio de Transporte y vuelve a la Municipalidad de Castelli - InfoPBA247","isPartOf":{"@id":"https:\/\/infopba247.com.ar\/#website"},"primaryImageOfPage":{"@id":"https:\/\/infopba247.com.ar\/index.php\/2022\/03\/16\/echarren-dejo-su-cargo-en-el-ministerio-de-transporte-y-vuelve-a-la-municipalidad-de-castelli\/#primaryimage"},"image":{"@id":"https:\/\/infopba247.com.ar\/index.php\/2022\/03\/16\/echarren-dejo-su-cargo-en-el-ministerio-de-transporte-y-vuelve-a-la-municipalidad-de-castelli\/#primaryimage"},"thumbnailUrl":"https:\/\/infopba247.com.ar\/wp-content\/uploads\/2022\/03\/ECH.jpg","datePublished":"2022-03-16T09:36:00+00:00","dateModified":"2022-03-16T14:58:40+00:00","breadcrumb":{"@id":"https:\/\/infopba247.com.ar\/index.php\/2022\/03\/16\/echarren-dejo-su-cargo-en-el-ministerio-de-transporte-y-vuelve-a-la-municipalidad-de-castelli\/#breadcrumb"},"inLanguage":"es","potentialAction":[{"@type":"ReadAction","target":["https:\/\/infopba247.com.ar\/index.php\/2022\/03\/16\/echarren-dejo-su-cargo-en-el-ministerio-de-transporte-y-vuelve-a-la-municipalidad-de-castelli\/"]}]},{"@type":"ImageObject","inLanguage":"es","@id":"https:\/\/infopba247.com.ar\/index.php\/2022\/03\/16\/echarren-dejo-su-cargo-en-el-ministerio-de-transporte-y-vuelve-a-la-municipalidad-de-castelli\/#primaryimage","url":"https:\/\/infopba247.com.ar\/wp-content\/uploads\/2022\/03\/ECH.jpg","contentUrl":"https:\/\/infopba247.com.ar\/wp-content\/uploads\/2022\/03\/ECH.jpg","width":1200,"height":800},{"@type":"BreadcrumbList","@id":"https:\/\/infopba247.com.ar\/index.php\/2022\/03\/16\/echarren-dejo-su-cargo-en-el-ministerio-de-transporte-y-vuelve-a-la-municipalidad-de-castelli\/#breadcrumb","itemListElement":[{"@type":"ListItem","position":1,"name":"Portada","item":"https:\/\/infopba247.com.ar\/"},{"@type":"ListItem","position":2,"name":"Echarren dej\u00f3 su cargo en el Ministerio de Transporte y vuelve a la Municipalidad de Castelli"}]},{"@type":"WebSite","@id":"https:\/\/infopba247.com.ar\/#website","url":"https:\/\/infopba247.com.ar\/","name":"InfoPBA247","description":"Toda la actualidad bonaerense","publisher":{"@id":"https:\/\/infopba247.com.ar\/#organization"},"potentialAction":[{"@type":"SearchAction","target":{"@type":"EntryPoint","urlTemplate":"https:\/\/infopba247.com.ar\/?s={search_term_string}"},"query-input":{"@type":"PropertyValueSpecification","valueRequired":true,"valueName":"search_term_string"}}],"inLanguage":"es"},{"@type":"Organization","@id":"https:\/\/infopba247.com.ar\/#organization","name":"InfoPBA247","url":"https:\/\/infopba247.com.ar\/","logo":{"@type":"ImageObject","inLanguage":"es","@id":"https:\/\/infopba247.com.ar\/#\/schema\/logo\/image\/","url":"https:\/\/infopba247.com.ar\/wp-content\/uploads\/2022\/03\/cropped-InfoPBA247-1.png","contentUrl":"https:\/\/infopba247.com.ar\/wp-content\/uploads\/2022\/03\/cropped-InfoPBA247-1.png","width":500,"height":122,"caption":"InfoPBA247"},"image":{"@id":"https:\/\/infopba247.com.ar\/#\/schema\/logo\/image\/"},"sameAs":["https:\/\/www.facebook.com\/InfoPBA"]},{"@type":"Person","@id":"","url":"https:\/\/infopba247.com.ar\/index.php\/author\/"}]}},"_links":{"self":[{"href":"https:\/\/infopba247.com.ar\/index.php\/wp-json\/wp\/v2\/posts\/179","targetHints":{"allow":["GET"]}}],"collection":[{"href":"https:\/\/infopba247.com.ar\/index.php\/wp-json\/wp\/v2\/posts"}],"about":[{"href":"https:\/\/infopba247.com.ar\/index.php\/wp-json\/wp\/v2\/types\/post"}],"author":[{"embeddable":true,"href":"https:\/\/infopba247.com.ar\/index.php\/wp-json\/wp\/v2\/users\/2"}],"replies":[{"embeddable":true,"href":"https:\/\/infopba247.com.ar\/index.php\/wp-json\/wp\/v2\/comments?post=179"}],"version-history":[{"count":1,"href":"https:\/\/infopba247.com.ar\/index.php\/wp-json\/wp\/v2\/posts\/179\/revisions"}],"predecessor-version":[{"id":181,"href":"https:\/\/infopba247.com.ar\/index.php\/wp-json\/wp\/v2\/posts\/179\/revisions\/181"}],"wp:featuredmedia":[{"embeddable":true,"href":"https:\/\/infopba247.com.ar\/index.php\/wp-json\/wp\/v2\/media\/180"}],"wp:attachment":[{"href":"https:\/\/infopba247.com.ar\/index.php\/wp-json\/wp\/v2\/media?parent=179"}],"wp:term":[{"taxonomy":"category","embeddable":true,"href":"https:\/\/infopba247.com.ar\/index.php\/wp-json\/wp\/v2\/categories?post=179"},{"taxonomy":"post_tag","embeddable":true,"href":"https:\/\/infopba247.com.ar\/index.php\/wp-json\/wp\/v2\/tags?post=179"}],"curies":[{"name":"wp","href":"https:\/\/api.w.org\/{rel}","templated":true}]}}