{"id":1770,"date":"2023-07-03T09:15:58","date_gmt":"2023-07-03T12:15:58","guid":{"rendered":"https:\/\/infopba247.com.ar\/?p=1770"},"modified":"2023-07-03T09:15:59","modified_gmt":"2023-07-03T12:15:59","slug":"comenzo-el-trasvasamiento-generacional-en-el-oficialismo-de-monte-hermoso","status":"publish","type":"post","link":"https:\/\/infopba247.com.ar\/index.php\/2023\/07\/03\/comenzo-el-trasvasamiento-generacional-en-el-oficialismo-de-monte-hermoso\/","title":{"rendered":"Comenz\u00f3 el trasvasamiento generacional en el oficialismo de Monte Hermoso"},"content":{"rendered":"\n<p>El pasado viernes 30 de junio, en la hist\u00f3rica esquina de Costa y Fossatty, el oficialismo present\u00f3 a las y los precandidatos que competir\u00e1n en las elecciones Primarias, Abiertas, Simult\u00e1neas y Obligatorias (PASO), que se llevar\u00e1n adelante el 13 de agosto.<\/p>\n\n\n\n<p>El acto, que estuvo colmado de vecinas y vecinos, cont\u00f3 con la presencia del diputado provincial y presidente de Uni\u00f3n por la Patria Monte Hermoso, Alejandro Dichiara, el actual intendente de la ciudad, Marcos Fern\u00e1ndez, y el secretario de Gobierno y precandidato a la intendencia, Hern\u00e1n Arranz, entre otros.<\/p>\n\n\n\n<p>El evento comenz\u00f3 con un video de presentaci\u00f3n de la lista, que dur\u00f3 alrededor de cuatro minutos, y estuvo musicalizado con la voz de WOS. Luego, el conductor present\u00f3 una a una a las personas que componen la lista del oficialismo. Tambi\u00e9n subieron al escenario Marcos Fern\u00e1ndez y Alejandro Dichiara.<\/p>\n\n\n\n<p>El actual diputado provincial Alejandro Dichiara fue quien tom\u00f3 la posta del micr\u00f3fono y, entre otras cosas, sostuvo que: \u201cHoy comenz\u00f3 el verdadero trasvasamiento generacional. Encontramos la formula gracias a Cristina, logramos una s\u00edntesis y estamos todos juntos. Cuando fuimos separados, perdimos, y cuando fuimos juntos, ganamos. Por eso mismo, les pedimos que nos acompa\u00f1en con la boleta completa. No hubiera sido posible un crecimiento como el que tuvimos si no fuera por haber votado boleta completa\u201d.<\/p>\n\n\n\n<p>En relaci\u00f3n a la historia del partido, Dichiara afirm\u00f3 que \u201ca nivel local vamos a dar un paso important\u00edsimo, es la elecci\u00f3n m\u00e1s importante de la historia de nuestro grupo pol\u00edtico. Para m\u00ed estar en el d\u00eda de hoy llevando la posibilidad de que Hern\u00e1n sea el pr\u00f3ximo intendente es un orgullo personal. Lo admiro y lo respeto y s\u00e9 que va a hacer las cosas muy bien para que este grupo pol\u00edtico y Monte Hermoso siga creciendo\u201d.<\/p>\n\n\n\n<p>El segundo turno en agarrar el micr\u00f3fono fue para el actual intendente de la ciudad, Marcos Fern\u00e1ndez, quien agradeci\u00f3 a la gente que no deja de acompa\u00f1ar al proyecto pol\u00edtico y traslad\u00f3 el saludo del gobernador Axel Kicillof para todas y todos los presentes.<\/p>\n\n\n\n<p>\u201cPara m\u00ed es totalmente importante que tengamos puesto el chip para que el 11 de diciembre le demos continuidad a este proyecto. La realidad es que tengo el \u00e1nimo renovado con este cambio generacional que se est\u00e1 dando\u201d, afirm\u00f3 Fern\u00e1ndez y, en concordancia con Dichiara, a\u00f1adi\u00f3 que \u201cse vienen tiempos de pelear por nuestro espacio pol\u00edtico nacional y provincial. Hemos hecho una gesti\u00f3n priorizando la calidad de vida de los vecinos, lo ven a lo largo y ancho de nuestra ciudad\u201d.<\/p>\n\n\n\n<p>Tambi\u00e9n dijeron unas palabras el primer precandidato a consejero escolar titular, Ariel Llerandi, quien afirm\u00f3: \u201cEstamos ac\u00e1 para defender la educaci\u00f3n p\u00fablica. Monte Hermoso es uno de los pocos distritos en donde todas las escuelas son p\u00fablicas y gratuitas\u201d. Y el primer precandidato a concejal titular, Jorge Busca, quien comenz\u00f3 hablando de la \u201cinmensa alegr\u00eda de estar en esta esquina emblem\u00e1tica de Monte Hermoso, esta esquina peronista. Siento orgullo de este proyecto y de esta lista. Soy un convencido de que los \u00fanicos que podemos llevar adelante el destino de esta ciudad somos los peronistas. Lo vemos en el d\u00eda a d\u00eda, cada vez tenemos m\u00e1s educaci\u00f3n, m\u00e1s salud, m\u00e1s desarrollo social, en todas las \u00e1reas se est\u00e1n haciendo cosas en Monte Hermoso. Les pido que el 13 nos voten con lista completa para continuar con los destinos de nuestra ciudad\u201d.<\/p>\n\n\n\n<p>Para cerrar la noche, fue el turno del precandidato a intendente de la ciudad, Hern\u00e1n Arranz, quien fue recibido con aplausos por todas y todos los presentes.<\/p>\n\n\n\n<p>\u201cEl Estado tiene que estar presente. Cuando era chico si no jugabas al f\u00fatbol no pod\u00edas hacer nada m\u00e1s, hoy tenemos tantas actividades, tantos deportes, tantas cosas impulsadas por el Estado que da mucho gusto trabajar en una plataforma pensando el futuro. Vislumbro una ciudad modernizada, vamos a controlar la seguridad de la ciudad, eso va a hacer que el turismo siga creciendo, tenemos 2 hospitales a falta de uno\u201d, afirm\u00f3 Arranz y sostuvo: \u201cVamos a estar desarrollando la cultura al mismo nivel que lo hacemos con el deporte. Vamos a dotarla de la infraestructura necesaria\u201d.<\/p>\n\n\n\n<p>Arranz tambi\u00e9n habl\u00f3 acerca de la planificaci\u00f3n de la ciudad que vienen llevando adelante con Daniel Pedroni, como uno de sus ejes de gobierno: \u201cEstamos armando la planificaci\u00f3n de la ciudad, todo lo relacionado a lo sustentable, vamos a armar \u00e1reas protegidas para que nadie las toque\u201d. Tambi\u00e9n hizo fundamental hincapi\u00e9 en el rol de la mujer en el Monte Hermoso que se viene: \u201cVamos a jerarquizar la Subsecretaria de la Mujer y de G\u00e9nero. Vamos a dar los debates necesarios para abarcar todos los flagelos que una sociedad machista pueda tener. Quiero que todos estemos orgullosos de vivir en esta ciudad\u201d.<\/p>\n\n\n\n<p>Para finalizar el acto, el precandidato a intendente de Uni\u00f3n por la Patria Monte Hermoso Hern\u00e1n Arranz agradeci\u00f3 a su familia y cerr\u00f3 la noche con una frase de Juan Domingo Per\u00f3n: \u00abLa patria no son las casas, los campos, la bandera, la patria son los compa\u00f1eros\u201d.<\/p>\n","protected":false},"excerpt":{"rendered":"<p>El pasado viernes 30 de junio, en la hist\u00f3rica esquina de Costa y Fossatty, el oficialismo present\u00f3 a las y<\/p>\n","protected":false},"author":3,"featured_media":1771,"comment_status":"closed","ping_status":"closed","sticky":false,"template":"","format":"standard","meta":{"colormag_page_container_layout":"default_layout","colormag_page_sidebar_layout":"default_layout","footnotes":""},"categories":[10,1,14],"tags":[44],"class_list":["post-1770","post","type-post","status-publish","format-standard","has-post-thumbnail","hentry","category-6ta-seccion","category-destacadas","category-politica","tag-municipalidad-de-monte-hermoso"],"yoast_head":"<!-- This site is optimized with the Yoast SEO plugin v27.5 - https:\/\/yoast.com\/product\/yoast-seo-wordpress\/ -->\n<title>Comenz\u00f3 el trasvasamiento generacional en el oficialismo de Monte Hermoso - InfoPBA247<\/title>\n<meta name=\"robots\" content=\"index, follow, max-snippet:-1, max-image-preview:large, max-video-preview:-1\" \/>\n<link rel=\"canonical\" href=\"https:\/\/infopba247.com.ar\/index.php\/2023\/07\/03\/comenzo-el-trasvasamiento-generacional-en-el-oficialismo-de-monte-hermoso\/\" \/>\n<meta property=\"og:locale\" content=\"es_ES\" \/>\n<meta property=\"og:type\" content=\"article\" \/>\n<meta property=\"og:title\" content=\"Comenz\u00f3 el trasvasamiento generacional en el oficialismo de Monte Hermoso - InfoPBA247\" \/>\n<meta property=\"og:description\" content=\"El pasado viernes 30 de junio, en la hist\u00f3rica esquina de Costa y Fossatty, el oficialismo present\u00f3 a las y\" \/>\n<meta property=\"og:url\" content=\"https:\/\/infopba247.com.ar\/index.php\/2023\/07\/03\/comenzo-el-trasvasamiento-generacional-en-el-oficialismo-de-monte-hermoso\/\" \/>\n<meta property=\"og:site_name\" content=\"InfoPBA247\" \/>\n<meta property=\"article:publisher\" content=\"https:\/\/www.facebook.com\/InfoPBA\" \/>\n<meta property=\"article:published_time\" content=\"2023-07-03T12:15:58+00:00\" \/>\n<meta property=\"article:modified_time\" content=\"2023-07-03T12:15:59+00:00\" \/>\n<meta property=\"og:image\" content=\"https:\/\/infopba247.com.ar\/wp-content\/uploads\/2023\/07\/WhatsApp-Image-2023-07-01-at-10.20.57-800x445-1.jpeg\" \/>\n\t<meta property=\"og:image:width\" content=\"800\" \/>\n\t<meta property=\"og:image:height\" content=\"445\" \/>\n\t<meta property=\"og:image:type\" content=\"image\/jpeg\" \/>\n<meta name=\"author\" content=\"Editor\" \/>\n<meta name=\"twitter:card\" content=\"summary_large_image\" \/>\n<meta name=\"twitter:label1\" content=\"Escrito por\" \/>\n\t<meta name=\"twitter:data1\" content=\"Editor\" \/>\n\t<meta name=\"twitter:label2\" content=\"Tiempo de lectura\" \/>\n\t<meta name=\"twitter:data2\" content=\"4 minutos\" \/>\n<script type=\"application\/ld+json\" class=\"yoast-schema-graph\">{\"@context\":\"https:\\\/\\\/schema.org\",\"@graph\":[{\"@type\":\"Article\",\"@id\":\"https:\\\/\\\/infopba247.com.ar\\\/index.php\\\/2023\\\/07\\\/03\\\/comenzo-el-trasvasamiento-generacional-en-el-oficialismo-de-monte-hermoso\\\/#article\",\"isPartOf\":{\"@id\":\"https:\\\/\\\/infopba247.com.ar\\\/index.php\\\/2023\\\/07\\\/03\\\/comenzo-el-trasvasamiento-generacional-en-el-oficialismo-de-monte-hermoso\\\/\"},\"author\":{\"name\":\"Editor\",\"@id\":\"https:\\\/\\\/infopba247.com.ar\\\/#\\\/schema\\\/person\\\/4975f1343a413e57bf839b3eed0099f2\"},\"headline\":\"Comenz\u00f3 el trasvasamiento generacional en el oficialismo de Monte Hermoso\",\"datePublished\":\"2023-07-03T12:15:58+00:00\",\"dateModified\":\"2023-07-03T12:15:59+00:00\",\"mainEntityOfPage\":{\"@id\":\"https:\\\/\\\/infopba247.com.ar\\\/index.php\\\/2023\\\/07\\\/03\\\/comenzo-el-trasvasamiento-generacional-en-el-oficialismo-de-monte-hermoso\\\/\"},\"wordCount\":894,\"publisher\":{\"@id\":\"https:\\\/\\\/infopba247.com.ar\\\/#organization\"},\"image\":{\"@id\":\"https:\\\/\\\/infopba247.com.ar\\\/index.php\\\/2023\\\/07\\\/03\\\/comenzo-el-trasvasamiento-generacional-en-el-oficialismo-de-monte-hermoso\\\/#primaryimage\"},\"thumbnailUrl\":\"https:\\\/\\\/infopba247.com.ar\\\/wp-content\\\/uploads\\\/2023\\\/07\\\/WhatsApp-Image-2023-07-01-at-10.20.57-800x445-1.jpeg\",\"keywords\":[\"Municipalidad de Monte Hermoso\"],\"articleSection\":[\"6ta Secci\u00f3n\",\"Destacadas\",\"Pol\u00edtica\"],\"inLanguage\":\"es\"},{\"@type\":\"WebPage\",\"@id\":\"https:\\\/\\\/infopba247.com.ar\\\/index.php\\\/2023\\\/07\\\/03\\\/comenzo-el-trasvasamiento-generacional-en-el-oficialismo-de-monte-hermoso\\\/\",\"url\":\"https:\\\/\\\/infopba247.com.ar\\\/index.php\\\/2023\\\/07\\\/03\\\/comenzo-el-trasvasamiento-generacional-en-el-oficialismo-de-monte-hermoso\\\/\",\"name\":\"Comenz\u00f3 el trasvasamiento generacional en el oficialismo de Monte Hermoso - InfoPBA247\",\"isPartOf\":{\"@id\":\"https:\\\/\\\/infopba247.com.ar\\\/#website\"},\"primaryImageOfPage\":{\"@id\":\"https:\\\/\\\/infopba247.com.ar\\\/index.php\\\/2023\\\/07\\\/03\\\/comenzo-el-trasvasamiento-generacional-en-el-oficialismo-de-monte-hermoso\\\/#primaryimage\"},\"image\":{\"@id\":\"https:\\\/\\\/infopba247.com.ar\\\/index.php\\\/2023\\\/07\\\/03\\\/comenzo-el-trasvasamiento-generacional-en-el-oficialismo-de-monte-hermoso\\\/#primaryimage\"},\"thumbnailUrl\":\"https:\\\/\\\/infopba247.com.ar\\\/wp-content\\\/uploads\\\/2023\\\/07\\\/WhatsApp-Image-2023-07-01-at-10.20.57-800x445-1.jpeg\",\"datePublished\":\"2023-07-03T12:15:58+00:00\",\"dateModified\":\"2023-07-03T12:15:59+00:00\",\"breadcrumb\":{\"@id\":\"https:\\\/\\\/infopba247.com.ar\\\/index.php\\\/2023\\\/07\\\/03\\\/comenzo-el-trasvasamiento-generacional-en-el-oficialismo-de-monte-hermoso\\\/#breadcrumb\"},\"inLanguage\":\"es\",\"potentialAction\":[{\"@type\":\"ReadAction\",\"target\":[\"https:\\\/\\\/infopba247.com.ar\\\/index.php\\\/2023\\\/07\\\/03\\\/comenzo-el-trasvasamiento-generacional-en-el-oficialismo-de-monte-hermoso\\\/\"]}]},{\"@type\":\"ImageObject\",\"inLanguage\":\"es\",\"@id\":\"https:\\\/\\\/infopba247.com.ar\\\/index.php\\\/2023\\\/07\\\/03\\\/comenzo-el-trasvasamiento-generacional-en-el-oficialismo-de-monte-hermoso\\\/#primaryimage\",\"url\":\"https:\\\/\\\/infopba247.com.ar\\\/wp-content\\\/uploads\\\/2023\\\/07\\\/WhatsApp-Image-2023-07-01-at-10.20.57-800x445-1.jpeg\",\"contentUrl\":\"https:\\\/\\\/infopba247.com.ar\\\/wp-content\\\/uploads\\\/2023\\\/07\\\/WhatsApp-Image-2023-07-01-at-10.20.57-800x445-1.jpeg\",\"width\":800,\"height\":445},{\"@type\":\"BreadcrumbList\",\"@id\":\"https:\\\/\\\/infopba247.com.ar\\\/index.php\\\/2023\\\/07\\\/03\\\/comenzo-el-trasvasamiento-generacional-en-el-oficialismo-de-monte-hermoso\\\/#breadcrumb\",\"itemListElement\":[{\"@type\":\"ListItem\",\"position\":1,\"name\":\"Portada\",\"item\":\"https:\\\/\\\/infopba247.com.ar\\\/\"},{\"@type\":\"ListItem\",\"position\":2,\"name\":\"Comenz\u00f3 el trasvasamiento generacional en el oficialismo de Monte Hermoso\"}]},{\"@type\":\"WebSite\",\"@id\":\"https:\\\/\\\/infopba247.com.ar\\\/#website\",\"url\":\"https:\\\/\\\/infopba247.com.ar\\\/\",\"name\":\"InfoPBA247\",\"description\":\"Toda la actualidad bonaerense\",\"publisher\":{\"@id\":\"https:\\\/\\\/infopba247.com.ar\\\/#organization\"},\"potentialAction\":[{\"@type\":\"SearchAction\",\"target\":{\"@type\":\"EntryPoint\",\"urlTemplate\":\"https:\\\/\\\/infopba247.com.ar\\\/?s={search_term_string}\"},\"query-input\":{\"@type\":\"PropertyValueSpecification\",\"valueRequired\":true,\"valueName\":\"search_term_string\"}}],\"inLanguage\":\"es\"},{\"@type\":\"Organization\",\"@id\":\"https:\\\/\\\/infopba247.com.ar\\\/#organization\",\"name\":\"InfoPBA247\",\"url\":\"https:\\\/\\\/infopba247.com.ar\\\/\",\"logo\":{\"@type\":\"ImageObject\",\"inLanguage\":\"es\",\"@id\":\"https:\\\/\\\/infopba247.com.ar\\\/#\\\/schema\\\/logo\\\/image\\\/\",\"url\":\"https:\\\/\\\/infopba247.com.ar\\\/wp-content\\\/uploads\\\/2022\\\/03\\\/cropped-InfoPBA247-1.png\",\"contentUrl\":\"https:\\\/\\\/infopba247.com.ar\\\/wp-content\\\/uploads\\\/2022\\\/03\\\/cropped-InfoPBA247-1.png\",\"width\":500,\"height\":122,\"caption\":\"InfoPBA247\"},\"image\":{\"@id\":\"https:\\\/\\\/infopba247.com.ar\\\/#\\\/schema\\\/logo\\\/image\\\/\"},\"sameAs\":[\"https:\\\/\\\/www.facebook.com\\\/InfoPBA\"]},{\"@type\":\"Person\",\"@id\":\"https:\\\/\\\/infopba247.com.ar\\\/#\\\/schema\\\/person\\\/4975f1343a413e57bf839b3eed0099f2\",\"name\":\"Editor\",\"image\":{\"@type\":\"ImageObject\",\"inLanguage\":\"es\",\"@id\":\"https:\\\/\\\/secure.gravatar.com\\\/avatar\\\/d27fe9520667ca53441d36627a1d6b0fa4a813571ec4803687a7a3a7744685ac?s=96&d=mm&r=g\",\"url\":\"https:\\\/\\\/secure.gravatar.com\\\/avatar\\\/d27fe9520667ca53441d36627a1d6b0fa4a813571ec4803687a7a3a7744685ac?s=96&d=mm&r=g\",\"contentUrl\":\"https:\\\/\\\/secure.gravatar.com\\\/avatar\\\/d27fe9520667ca53441d36627a1d6b0fa4a813571ec4803687a7a3a7744685ac?s=96&d=mm&r=g\",\"caption\":\"Editor\"},\"url\":\"https:\\\/\\\/infopba247.com.ar\\\/index.php\\\/author\\\/editor\\\/\"}]}<\/script>\n<!-- \/ Yoast SEO plugin. -->","yoast_head_json":{"title":"Comenz\u00f3 el trasvasamiento generacional en el oficialismo de Monte Hermoso - InfoPBA247","robots":{"index":"index","follow":"follow","max-snippet":"max-snippet:-1","max-image-preview":"max-image-preview:large","max-video-preview":"max-video-preview:-1"},"canonical":"https:\/\/infopba247.com.ar\/index.php\/2023\/07\/03\/comenzo-el-trasvasamiento-generacional-en-el-oficialismo-de-monte-hermoso\/","og_locale":"es_ES","og_type":"article","og_title":"Comenz\u00f3 el trasvasamiento generacional en el oficialismo de Monte Hermoso - InfoPBA247","og_description":"El pasado viernes 30 de junio, en la hist\u00f3rica esquina de Costa y Fossatty, el oficialismo present\u00f3 a las y","og_url":"https:\/\/infopba247.com.ar\/index.php\/2023\/07\/03\/comenzo-el-trasvasamiento-generacional-en-el-oficialismo-de-monte-hermoso\/","og_site_name":"InfoPBA247","article_publisher":"https:\/\/www.facebook.com\/InfoPBA","article_published_time":"2023-07-03T12:15:58+00:00","article_modified_time":"2023-07-03T12:15:59+00:00","og_image":[{"width":800,"height":445,"url":"https:\/\/infopba247.com.ar\/wp-content\/uploads\/2023\/07\/WhatsApp-Image-2023-07-01-at-10.20.57-800x445-1.jpeg","type":"image\/jpeg"}],"author":"Editor","twitter_card":"summary_large_image","twitter_misc":{"Escrito por":"Editor","Tiempo de lectura":"4 minutos"},"schema":{"@context":"https:\/\/schema.org","@graph":[{"@type":"Article","@id":"https:\/\/infopba247.com.ar\/index.php\/2023\/07\/03\/comenzo-el-trasvasamiento-generacional-en-el-oficialismo-de-monte-hermoso\/#article","isPartOf":{"@id":"https:\/\/infopba247.com.ar\/index.php\/2023\/07\/03\/comenzo-el-trasvasamiento-generacional-en-el-oficialismo-de-monte-hermoso\/"},"author":{"name":"Editor","@id":"https:\/\/infopba247.com.ar\/#\/schema\/person\/4975f1343a413e57bf839b3eed0099f2"},"headline":"Comenz\u00f3 el trasvasamiento generacional en el oficialismo de Monte Hermoso","datePublished":"2023-07-03T12:15:58+00:00","dateModified":"2023-07-03T12:15:59+00:00","mainEntityOfPage":{"@id":"https:\/\/infopba247.com.ar\/index.php\/2023\/07\/03\/comenzo-el-trasvasamiento-generacional-en-el-oficialismo-de-monte-hermoso\/"},"wordCount":894,"publisher":{"@id":"https:\/\/infopba247.com.ar\/#organization"},"image":{"@id":"https:\/\/infopba247.com.ar\/index.php\/2023\/07\/03\/comenzo-el-trasvasamiento-generacional-en-el-oficialismo-de-monte-hermoso\/#primaryimage"},"thumbnailUrl":"https:\/\/infopba247.com.ar\/wp-content\/uploads\/2023\/07\/WhatsApp-Image-2023-07-01-at-10.20.57-800x445-1.jpeg","keywords":["Municipalidad de Monte Hermoso"],"articleSection":["6ta Secci\u00f3n","Destacadas","Pol\u00edtica"],"inLanguage":"es"},{"@type":"WebPage","@id":"https:\/\/infopba247.com.ar\/index.php\/2023\/07\/03\/comenzo-el-trasvasamiento-generacional-en-el-oficialismo-de-monte-hermoso\/","url":"https:\/\/infopba247.com.ar\/index.php\/2023\/07\/03\/comenzo-el-trasvasamiento-generacional-en-el-oficialismo-de-monte-hermoso\/","name":"Comenz\u00f3 el trasvasamiento generacional en el oficialismo de Monte Hermoso - InfoPBA247","isPartOf":{"@id":"https:\/\/infopba247.com.ar\/#website"},"primaryImageOfPage":{"@id":"https:\/\/infopba247.com.ar\/index.php\/2023\/07\/03\/comenzo-el-trasvasamiento-generacional-en-el-oficialismo-de-monte-hermoso\/#primaryimage"},"image":{"@id":"https:\/\/infopba247.com.ar\/index.php\/2023\/07\/03\/comenzo-el-trasvasamiento-generacional-en-el-oficialismo-de-monte-hermoso\/#primaryimage"},"thumbnailUrl":"https:\/\/infopba247.com.ar\/wp-content\/uploads\/2023\/07\/WhatsApp-Image-2023-07-01-at-10.20.57-800x445-1.jpeg","datePublished":"2023-07-03T12:15:58+00:00","dateModified":"2023-07-03T12:15:59+00:00","breadcrumb":{"@id":"https:\/\/infopba247.com.ar\/index.php\/2023\/07\/03\/comenzo-el-trasvasamiento-generacional-en-el-oficialismo-de-monte-hermoso\/#breadcrumb"},"inLanguage":"es","potentialAction":[{"@type":"ReadAction","target":["https:\/\/infopba247.com.ar\/index.php\/2023\/07\/03\/comenzo-el-trasvasamiento-generacional-en-el-oficialismo-de-monte-hermoso\/"]}]},{"@type":"ImageObject","inLanguage":"es","@id":"https:\/\/infopba247.com.ar\/index.php\/2023\/07\/03\/comenzo-el-trasvasamiento-generacional-en-el-oficialismo-de-monte-hermoso\/#primaryimage","url":"https:\/\/infopba247.com.ar\/wp-content\/uploads\/2023\/07\/WhatsApp-Image-2023-07-01-at-10.20.57-800x445-1.jpeg","contentUrl":"https:\/\/infopba247.com.ar\/wp-content\/uploads\/2023\/07\/WhatsApp-Image-2023-07-01-at-10.20.57-800x445-1.jpeg","width":800,"height":445},{"@type":"BreadcrumbList","@id":"https:\/\/infopba247.com.ar\/index.php\/2023\/07\/03\/comenzo-el-trasvasamiento-generacional-en-el-oficialismo-de-monte-hermoso\/#breadcrumb","itemListElement":[{"@type":"ListItem","position":1,"name":"Portada","item":"https:\/\/infopba247.com.ar\/"},{"@type":"ListItem","position":2,"name":"Comenz\u00f3 el trasvasamiento generacional en el oficialismo de Monte Hermoso"}]},{"@type":"WebSite","@id":"https:\/\/infopba247.com.ar\/#website","url":"https:\/\/infopba247.com.ar\/","name":"InfoPBA247","description":"Toda la actualidad bonaerense","publisher":{"@id":"https:\/\/infopba247.com.ar\/#organization"},"potentialAction":[{"@type":"SearchAction","target":{"@type":"EntryPoint","urlTemplate":"https:\/\/infopba247.com.ar\/?s={search_term_string}"},"query-input":{"@type":"PropertyValueSpecification","valueRequired":true,"valueName":"search_term_string"}}],"inLanguage":"es"},{"@type":"Organization","@id":"https:\/\/infopba247.com.ar\/#organization","name":"InfoPBA247","url":"https:\/\/infopba247.com.ar\/","logo":{"@type":"ImageObject","inLanguage":"es","@id":"https:\/\/infopba247.com.ar\/#\/schema\/logo\/image\/","url":"https:\/\/infopba247.com.ar\/wp-content\/uploads\/2022\/03\/cropped-InfoPBA247-1.png","contentUrl":"https:\/\/infopba247.com.ar\/wp-content\/uploads\/2022\/03\/cropped-InfoPBA247-1.png","width":500,"height":122,"caption":"InfoPBA247"},"image":{"@id":"https:\/\/infopba247.com.ar\/#\/schema\/logo\/image\/"},"sameAs":["https:\/\/www.facebook.com\/InfoPBA"]},{"@type":"Person","@id":"https:\/\/infopba247.com.ar\/#\/schema\/person\/4975f1343a413e57bf839b3eed0099f2","name":"Editor","image":{"@type":"ImageObject","inLanguage":"es","@id":"https:\/\/secure.gravatar.com\/avatar\/d27fe9520667ca53441d36627a1d6b0fa4a813571ec4803687a7a3a7744685ac?s=96&d=mm&r=g","url":"https:\/\/secure.gravatar.com\/avatar\/d27fe9520667ca53441d36627a1d6b0fa4a813571ec4803687a7a3a7744685ac?s=96&d=mm&r=g","contentUrl":"https:\/\/secure.gravatar.com\/avatar\/d27fe9520667ca53441d36627a1d6b0fa4a813571ec4803687a7a3a7744685ac?s=96&d=mm&r=g","caption":"Editor"},"url":"https:\/\/infopba247.com.ar\/index.php\/author\/editor\/"}]}},"_links":{"self":[{"href":"https:\/\/infopba247.com.ar\/index.php\/wp-json\/wp\/v2\/posts\/1770","targetHints":{"allow":["GET"]}}],"collection":[{"href":"https:\/\/infopba247.com.ar\/index.php\/wp-json\/wp\/v2\/posts"}],"about":[{"href":"https:\/\/infopba247.com.ar\/index.php\/wp-json\/wp\/v2\/types\/post"}],"author":[{"embeddable":true,"href":"https:\/\/infopba247.com.ar\/index.php\/wp-json\/wp\/v2\/users\/3"}],"replies":[{"embeddable":true,"href":"https:\/\/infopba247.com.ar\/index.php\/wp-json\/wp\/v2\/comments?post=1770"}],"version-history":[{"count":1,"href":"https:\/\/infopba247.com.ar\/index.php\/wp-json\/wp\/v2\/posts\/1770\/revisions"}],"predecessor-version":[{"id":1772,"href":"https:\/\/infopba247.com.ar\/index.php\/wp-json\/wp\/v2\/posts\/1770\/revisions\/1772"}],"wp:featuredmedia":[{"embeddable":true,"href":"https:\/\/infopba247.com.ar\/index.php\/wp-json\/wp\/v2\/media\/1771"}],"wp:attachment":[{"href":"https:\/\/infopba247.com.ar\/index.php\/wp-json\/wp\/v2\/media?parent=1770"}],"wp:term":[{"taxonomy":"category","embeddable":true,"href":"https:\/\/infopba247.com.ar\/index.php\/wp-json\/wp\/v2\/categories?post=1770"},{"taxonomy":"post_tag","embeddable":true,"href":"https:\/\/infopba247.com.ar\/index.php\/wp-json\/wp\/v2\/tags?post=1770"}],"curies":[{"name":"wp","href":"https:\/\/api.w.org\/{rel}","templated":true}]}}