{"id":1764,"date":"2023-07-03T09:00:00","date_gmt":"2023-07-03T12:00:00","guid":{"rendered":"https:\/\/infopba247.com.ar\/?p=1764"},"modified":"2023-07-03T09:10:05","modified_gmt":"2023-07-03T12:10:05","slug":"vinimos-para-que-gobierne-el-pueblo-y-para-dignificar-a-nuestra-comunidad","status":"publish","type":"post","link":"https:\/\/infopba247.com.ar\/index.php\/2023\/07\/03\/vinimos-para-que-gobierne-el-pueblo-y-para-dignificar-a-nuestra-comunidad\/","title":{"rendered":"Vinimos para que gobierne el pueblo y para dignificar a nuestra comunidad\u00bb"},"content":{"rendered":"\n<p>Mariel Fern\u00e1ndez, la intendenta de Moreno que busca su segundo mandato en el distrito, present\u00f3 la lista de Uni\u00f3n por la Patria Moreno en un masivo acto en el Boulevard Per\u00f3n. Estuvo acompa\u00f1ada por las y los precandidatos de la lista, organizaciones sociales, pol\u00edticas y sindicales, precandidatas y precandidatos a intendentes del Movimiento Evita y cientos de militantes.<\/p>\n\n\n\n<p>Al inicio del acto, expres\u00f3 que \u00abEn homenaje a Per\u00f3n presentamos esta hermosa lista de vecinas y vecinos de Moreno con historia, con militancia, responsabilidad y compromiso demostrado en estos casi 4 a\u00f1os de gesti\u00f3n. Renuevo mi compromiso para seguir transformando nuestro querido Moreno y terminar con todas las tareas que todav\u00eda nos faltan.\u00bb<\/p>\n\n\n\n<p>En relaci\u00f3n a las pol\u00edticas implementadas durante este tiempo de gesti\u00f3n, se\u00f1al\u00f3: \u00abFuimos desinfectando las heridas de nuestro pueblo y mejorando nuestra econom\u00eda; estoy muy contenta por el apoyo que hemos recibido de naci\u00f3n y de provincia pero tambi\u00e9n por primera vez en la historia la mayor\u00eda de las obras que se hacen son con recursos del municipio, de los impuestos que pagan nuestros vecinos y vecinas.\u00bb<\/p>\n\n\n\n<p>\u00abS\u00e9 que falta, pero que lindo es llegar a un barrio y que est\u00e9 no solo la escuela nueva sino tambi\u00e9n el asfalto y la plaza, esa es la dignidad por la que luchamos en Moreno\u00bb, agreg\u00f3 y destac\u00f3 que \u00abA pesar de la situaci\u00f3n dificil en el pa\u00eds, 250 f\u00e1bricas de mudaron a Moreno y se est\u00e1n construyendo 10 parques industriales nuevos.\u00bb<\/p>\n\n\n\n<p>\u00abTenemos un pueblo pr\u00f3spero y una Argentina rica, necesitamos conservar gobierno popular y que los recursos de nuestro pa\u00eds sean distribuidos en cada habitante, no para unos pocos\u00bb, enfatiz\u00f3.<\/p>\n\n\n\n<p>Adem\u00e1s, resalt\u00f3 que \u00abLa historia de este gobierno municipal es una historia de amor de los pueblos humildes; de los que siempre quedamos al borde del Estado; de los pueblos que luchan; de los que venimos del barrio y gobernamos para el conjunto de vecinos y vecinas; de los que creemos en el bien com\u00fan; de los que sabemos que lo m\u00e1s importante es transformar Moreno y la felicidad de nuestro pueblo.\u00bb<\/p>\n\n\n\n<p>Para cerrar, agradeci\u00f3 especialmente por sus ense\u00f1anzas y legados a Per\u00f3n, a Evita, a&nbsp; Cristina Fern\u00e1ndez de Kirchner y a N\u00e9stor Kirchner.<\/p>\n\n\n\n<p>\u00abVinimos para que gobierne el pueblo, para dignificar a nuestra comunidad, a la provincia de Buenos Aires con el compa\u00f1ero Kicilof y a la f\u00f3rmula nacional que nos va a llevar a la victoria\u00bb, finaliz\u00f3.<\/p>\n\n\n\n<p>La lista de precandidatas y precandidatos a concejales Uni\u00f3n por la Patria Moreno est\u00e1 integrada por Walter correa; Maria Gim\u00e9nez; Emmanuel Fern\u00e1ndez; Araceli Bellota; Gonzalo Galeano; Zulma Gil; Federico Fongi; Magali La Torre; Lucas Franco; Graciela Ben\u00edtez; Santiago Burrone y Karina \u00c1lvarez. Las y los suplentes son Sergio Nazar; Cecilia Alegre; Pepe Lombard\u00eda;&nbsp; Rumilda Soto; Fabian \u00c1vila; Yeni Farach; Lucas lopez y Sara Cravsof.<\/p>\n\n\n\n<p>En tanto, las y los precandidatos a consejeros escolares son Nair G\u00f3mez; Josefina D\u00edaz Ciarlo; Jonatan Peralta; Sonia Beltr\u00e1n y Carlos Ponce. Y las y los precandidatos a consejeros suplentes son Gisela Mu\u00f1oz; Marcelo Burgoa; Camila Quevedo; Nicol\u00e1s D\u00edaz y Sandra Maldonado.<\/p>\n","protected":false},"excerpt":{"rendered":"<p>Mariel Fern\u00e1ndez, la intendenta de Moreno que busca su segundo mandato en el distrito, present\u00f3 la lista de Uni\u00f3n por<\/p>\n","protected":false},"author":3,"featured_media":1765,"comment_status":"closed","ping_status":"closed","sticky":false,"template":"","format":"standard","meta":{"colormag_page_container_layout":"default_layout","colormag_page_sidebar_layout":"default_layout","footnotes":""},"categories":[5,1,14],"tags":[50],"class_list":["post-1764","post","type-post","status-publish","format-standard","has-post-thumbnail","hentry","category-1ra-seccion","category-destacadas","category-politica","tag-municipalidad-de-moreno"],"yoast_head":"<!-- This site is optimized with the Yoast SEO plugin v27.5 - https:\/\/yoast.com\/product\/yoast-seo-wordpress\/ -->\n<title>Vinimos para que gobierne el pueblo y para dignificar a nuestra comunidad&quot; - InfoPBA247<\/title>\n<meta name=\"robots\" content=\"index, follow, max-snippet:-1, max-image-preview:large, max-video-preview:-1\" \/>\n<link rel=\"canonical\" href=\"https:\/\/infopba247.com.ar\/index.php\/2023\/07\/03\/vinimos-para-que-gobierne-el-pueblo-y-para-dignificar-a-nuestra-comunidad\/\" \/>\n<meta property=\"og:locale\" content=\"es_ES\" \/>\n<meta property=\"og:type\" content=\"article\" \/>\n<meta property=\"og:title\" content=\"Vinimos para que gobierne el pueblo y para dignificar a nuestra comunidad&quot; - InfoPBA247\" \/>\n<meta property=\"og:description\" content=\"Mariel Fern\u00e1ndez, la intendenta de Moreno que busca su segundo mandato en el distrito, present\u00f3 la lista de Uni\u00f3n por\" \/>\n<meta property=\"og:url\" content=\"https:\/\/infopba247.com.ar\/index.php\/2023\/07\/03\/vinimos-para-que-gobierne-el-pueblo-y-para-dignificar-a-nuestra-comunidad\/\" \/>\n<meta property=\"og:site_name\" content=\"InfoPBA247\" \/>\n<meta property=\"article:publisher\" content=\"https:\/\/www.facebook.com\/InfoPBA\" \/>\n<meta property=\"article:published_time\" content=\"2023-07-03T12:00:00+00:00\" \/>\n<meta property=\"article:modified_time\" content=\"2023-07-03T12:10:05+00:00\" \/>\n<meta property=\"og:image\" content=\"https:\/\/infopba247.com.ar\/wp-content\/uploads\/2023\/07\/1-4.jpeg\" \/>\n\t<meta property=\"og:image:width\" content=\"1024\" \/>\n\t<meta property=\"og:image:height\" content=\"682\" \/>\n\t<meta property=\"og:image:type\" content=\"image\/jpeg\" \/>\n<meta name=\"author\" content=\"Editor\" \/>\n<meta name=\"twitter:card\" content=\"summary_large_image\" \/>\n<meta name=\"twitter:label1\" content=\"Escrito por\" \/>\n\t<meta name=\"twitter:data1\" content=\"Editor\" \/>\n\t<meta name=\"twitter:label2\" content=\"Tiempo de lectura\" \/>\n\t<meta name=\"twitter:data2\" content=\"3 minutos\" \/>\n<script type=\"application\/ld+json\" class=\"yoast-schema-graph\">{\"@context\":\"https:\\\/\\\/schema.org\",\"@graph\":[{\"@type\":\"Article\",\"@id\":\"https:\\\/\\\/infopba247.com.ar\\\/index.php\\\/2023\\\/07\\\/03\\\/vinimos-para-que-gobierne-el-pueblo-y-para-dignificar-a-nuestra-comunidad\\\/#article\",\"isPartOf\":{\"@id\":\"https:\\\/\\\/infopba247.com.ar\\\/index.php\\\/2023\\\/07\\\/03\\\/vinimos-para-que-gobierne-el-pueblo-y-para-dignificar-a-nuestra-comunidad\\\/\"},\"author\":{\"name\":\"Editor\",\"@id\":\"https:\\\/\\\/infopba247.com.ar\\\/#\\\/schema\\\/person\\\/4975f1343a413e57bf839b3eed0099f2\"},\"headline\":\"Vinimos para que gobierne el pueblo y para dignificar a nuestra comunidad\u00bb\",\"datePublished\":\"2023-07-03T12:00:00+00:00\",\"dateModified\":\"2023-07-03T12:10:05+00:00\",\"mainEntityOfPage\":{\"@id\":\"https:\\\/\\\/infopba247.com.ar\\\/index.php\\\/2023\\\/07\\\/03\\\/vinimos-para-que-gobierne-el-pueblo-y-para-dignificar-a-nuestra-comunidad\\\/\"},\"wordCount\":561,\"publisher\":{\"@id\":\"https:\\\/\\\/infopba247.com.ar\\\/#organization\"},\"image\":{\"@id\":\"https:\\\/\\\/infopba247.com.ar\\\/index.php\\\/2023\\\/07\\\/03\\\/vinimos-para-que-gobierne-el-pueblo-y-para-dignificar-a-nuestra-comunidad\\\/#primaryimage\"},\"thumbnailUrl\":\"https:\\\/\\\/infopba247.com.ar\\\/wp-content\\\/uploads\\\/2023\\\/07\\\/1-4.jpeg\",\"keywords\":[\"Municipalidad de Moreno\"],\"articleSection\":[\"1ra Secci\u00f3n\",\"Destacadas\",\"Pol\u00edtica\"],\"inLanguage\":\"es\"},{\"@type\":\"WebPage\",\"@id\":\"https:\\\/\\\/infopba247.com.ar\\\/index.php\\\/2023\\\/07\\\/03\\\/vinimos-para-que-gobierne-el-pueblo-y-para-dignificar-a-nuestra-comunidad\\\/\",\"url\":\"https:\\\/\\\/infopba247.com.ar\\\/index.php\\\/2023\\\/07\\\/03\\\/vinimos-para-que-gobierne-el-pueblo-y-para-dignificar-a-nuestra-comunidad\\\/\",\"name\":\"Vinimos para que gobierne el pueblo y para dignificar a nuestra comunidad\\\" - InfoPBA247\",\"isPartOf\":{\"@id\":\"https:\\\/\\\/infopba247.com.ar\\\/#website\"},\"primaryImageOfPage\":{\"@id\":\"https:\\\/\\\/infopba247.com.ar\\\/index.php\\\/2023\\\/07\\\/03\\\/vinimos-para-que-gobierne-el-pueblo-y-para-dignificar-a-nuestra-comunidad\\\/#primaryimage\"},\"image\":{\"@id\":\"https:\\\/\\\/infopba247.com.ar\\\/index.php\\\/2023\\\/07\\\/03\\\/vinimos-para-que-gobierne-el-pueblo-y-para-dignificar-a-nuestra-comunidad\\\/#primaryimage\"},\"thumbnailUrl\":\"https:\\\/\\\/infopba247.com.ar\\\/wp-content\\\/uploads\\\/2023\\\/07\\\/1-4.jpeg\",\"datePublished\":\"2023-07-03T12:00:00+00:00\",\"dateModified\":\"2023-07-03T12:10:05+00:00\",\"breadcrumb\":{\"@id\":\"https:\\\/\\\/infopba247.com.ar\\\/index.php\\\/2023\\\/07\\\/03\\\/vinimos-para-que-gobierne-el-pueblo-y-para-dignificar-a-nuestra-comunidad\\\/#breadcrumb\"},\"inLanguage\":\"es\",\"potentialAction\":[{\"@type\":\"ReadAction\",\"target\":[\"https:\\\/\\\/infopba247.com.ar\\\/index.php\\\/2023\\\/07\\\/03\\\/vinimos-para-que-gobierne-el-pueblo-y-para-dignificar-a-nuestra-comunidad\\\/\"]}]},{\"@type\":\"ImageObject\",\"inLanguage\":\"es\",\"@id\":\"https:\\\/\\\/infopba247.com.ar\\\/index.php\\\/2023\\\/07\\\/03\\\/vinimos-para-que-gobierne-el-pueblo-y-para-dignificar-a-nuestra-comunidad\\\/#primaryimage\",\"url\":\"https:\\\/\\\/infopba247.com.ar\\\/wp-content\\\/uploads\\\/2023\\\/07\\\/1-4.jpeg\",\"contentUrl\":\"https:\\\/\\\/infopba247.com.ar\\\/wp-content\\\/uploads\\\/2023\\\/07\\\/1-4.jpeg\",\"width\":1024,\"height\":682},{\"@type\":\"BreadcrumbList\",\"@id\":\"https:\\\/\\\/infopba247.com.ar\\\/index.php\\\/2023\\\/07\\\/03\\\/vinimos-para-que-gobierne-el-pueblo-y-para-dignificar-a-nuestra-comunidad\\\/#breadcrumb\",\"itemListElement\":[{\"@type\":\"ListItem\",\"position\":1,\"name\":\"Portada\",\"item\":\"https:\\\/\\\/infopba247.com.ar\\\/\"},{\"@type\":\"ListItem\",\"position\":2,\"name\":\"Vinimos para que gobierne el pueblo y para dignificar a nuestra comunidad\u00bb\"}]},{\"@type\":\"WebSite\",\"@id\":\"https:\\\/\\\/infopba247.com.ar\\\/#website\",\"url\":\"https:\\\/\\\/infopba247.com.ar\\\/\",\"name\":\"InfoPBA247\",\"description\":\"Toda la actualidad bonaerense\",\"publisher\":{\"@id\":\"https:\\\/\\\/infopba247.com.ar\\\/#organization\"},\"potentialAction\":[{\"@type\":\"SearchAction\",\"target\":{\"@type\":\"EntryPoint\",\"urlTemplate\":\"https:\\\/\\\/infopba247.com.ar\\\/?s={search_term_string}\"},\"query-input\":{\"@type\":\"PropertyValueSpecification\",\"valueRequired\":true,\"valueName\":\"search_term_string\"}}],\"inLanguage\":\"es\"},{\"@type\":\"Organization\",\"@id\":\"https:\\\/\\\/infopba247.com.ar\\\/#organization\",\"name\":\"InfoPBA247\",\"url\":\"https:\\\/\\\/infopba247.com.ar\\\/\",\"logo\":{\"@type\":\"ImageObject\",\"inLanguage\":\"es\",\"@id\":\"https:\\\/\\\/infopba247.com.ar\\\/#\\\/schema\\\/logo\\\/image\\\/\",\"url\":\"https:\\\/\\\/infopba247.com.ar\\\/wp-content\\\/uploads\\\/2022\\\/03\\\/cropped-InfoPBA247-1.png\",\"contentUrl\":\"https:\\\/\\\/infopba247.com.ar\\\/wp-content\\\/uploads\\\/2022\\\/03\\\/cropped-InfoPBA247-1.png\",\"width\":500,\"height\":122,\"caption\":\"InfoPBA247\"},\"image\":{\"@id\":\"https:\\\/\\\/infopba247.com.ar\\\/#\\\/schema\\\/logo\\\/image\\\/\"},\"sameAs\":[\"https:\\\/\\\/www.facebook.com\\\/InfoPBA\"]},{\"@type\":\"Person\",\"@id\":\"https:\\\/\\\/infopba247.com.ar\\\/#\\\/schema\\\/person\\\/4975f1343a413e57bf839b3eed0099f2\",\"name\":\"Editor\",\"image\":{\"@type\":\"ImageObject\",\"inLanguage\":\"es\",\"@id\":\"https:\\\/\\\/secure.gravatar.com\\\/avatar\\\/d27fe9520667ca53441d36627a1d6b0fa4a813571ec4803687a7a3a7744685ac?s=96&d=mm&r=g\",\"url\":\"https:\\\/\\\/secure.gravatar.com\\\/avatar\\\/d27fe9520667ca53441d36627a1d6b0fa4a813571ec4803687a7a3a7744685ac?s=96&d=mm&r=g\",\"contentUrl\":\"https:\\\/\\\/secure.gravatar.com\\\/avatar\\\/d27fe9520667ca53441d36627a1d6b0fa4a813571ec4803687a7a3a7744685ac?s=96&d=mm&r=g\",\"caption\":\"Editor\"},\"url\":\"https:\\\/\\\/infopba247.com.ar\\\/index.php\\\/author\\\/editor\\\/\"}]}<\/script>\n<!-- \/ Yoast SEO plugin. -->","yoast_head_json":{"title":"Vinimos para que gobierne el pueblo y para dignificar a nuestra comunidad\" - InfoPBA247","robots":{"index":"index","follow":"follow","max-snippet":"max-snippet:-1","max-image-preview":"max-image-preview:large","max-video-preview":"max-video-preview:-1"},"canonical":"https:\/\/infopba247.com.ar\/index.php\/2023\/07\/03\/vinimos-para-que-gobierne-el-pueblo-y-para-dignificar-a-nuestra-comunidad\/","og_locale":"es_ES","og_type":"article","og_title":"Vinimos para que gobierne el pueblo y para dignificar a nuestra comunidad\" - InfoPBA247","og_description":"Mariel Fern\u00e1ndez, la intendenta de Moreno que busca su segundo mandato en el distrito, present\u00f3 la lista de Uni\u00f3n por","og_url":"https:\/\/infopba247.com.ar\/index.php\/2023\/07\/03\/vinimos-para-que-gobierne-el-pueblo-y-para-dignificar-a-nuestra-comunidad\/","og_site_name":"InfoPBA247","article_publisher":"https:\/\/www.facebook.com\/InfoPBA","article_published_time":"2023-07-03T12:00:00+00:00","article_modified_time":"2023-07-03T12:10:05+00:00","og_image":[{"width":1024,"height":682,"url":"https:\/\/infopba247.com.ar\/wp-content\/uploads\/2023\/07\/1-4.jpeg","type":"image\/jpeg"}],"author":"Editor","twitter_card":"summary_large_image","twitter_misc":{"Escrito por":"Editor","Tiempo de lectura":"3 minutos"},"schema":{"@context":"https:\/\/schema.org","@graph":[{"@type":"Article","@id":"https:\/\/infopba247.com.ar\/index.php\/2023\/07\/03\/vinimos-para-que-gobierne-el-pueblo-y-para-dignificar-a-nuestra-comunidad\/#article","isPartOf":{"@id":"https:\/\/infopba247.com.ar\/index.php\/2023\/07\/03\/vinimos-para-que-gobierne-el-pueblo-y-para-dignificar-a-nuestra-comunidad\/"},"author":{"name":"Editor","@id":"https:\/\/infopba247.com.ar\/#\/schema\/person\/4975f1343a413e57bf839b3eed0099f2"},"headline":"Vinimos para que gobierne el pueblo y para dignificar a nuestra comunidad\u00bb","datePublished":"2023-07-03T12:00:00+00:00","dateModified":"2023-07-03T12:10:05+00:00","mainEntityOfPage":{"@id":"https:\/\/infopba247.com.ar\/index.php\/2023\/07\/03\/vinimos-para-que-gobierne-el-pueblo-y-para-dignificar-a-nuestra-comunidad\/"},"wordCount":561,"publisher":{"@id":"https:\/\/infopba247.com.ar\/#organization"},"image":{"@id":"https:\/\/infopba247.com.ar\/index.php\/2023\/07\/03\/vinimos-para-que-gobierne-el-pueblo-y-para-dignificar-a-nuestra-comunidad\/#primaryimage"},"thumbnailUrl":"https:\/\/infopba247.com.ar\/wp-content\/uploads\/2023\/07\/1-4.jpeg","keywords":["Municipalidad de Moreno"],"articleSection":["1ra Secci\u00f3n","Destacadas","Pol\u00edtica"],"inLanguage":"es"},{"@type":"WebPage","@id":"https:\/\/infopba247.com.ar\/index.php\/2023\/07\/03\/vinimos-para-que-gobierne-el-pueblo-y-para-dignificar-a-nuestra-comunidad\/","url":"https:\/\/infopba247.com.ar\/index.php\/2023\/07\/03\/vinimos-para-que-gobierne-el-pueblo-y-para-dignificar-a-nuestra-comunidad\/","name":"Vinimos para que gobierne el pueblo y para dignificar a nuestra comunidad\" - InfoPBA247","isPartOf":{"@id":"https:\/\/infopba247.com.ar\/#website"},"primaryImageOfPage":{"@id":"https:\/\/infopba247.com.ar\/index.php\/2023\/07\/03\/vinimos-para-que-gobierne-el-pueblo-y-para-dignificar-a-nuestra-comunidad\/#primaryimage"},"image":{"@id":"https:\/\/infopba247.com.ar\/index.php\/2023\/07\/03\/vinimos-para-que-gobierne-el-pueblo-y-para-dignificar-a-nuestra-comunidad\/#primaryimage"},"thumbnailUrl":"https:\/\/infopba247.com.ar\/wp-content\/uploads\/2023\/07\/1-4.jpeg","datePublished":"2023-07-03T12:00:00+00:00","dateModified":"2023-07-03T12:10:05+00:00","breadcrumb":{"@id":"https:\/\/infopba247.com.ar\/index.php\/2023\/07\/03\/vinimos-para-que-gobierne-el-pueblo-y-para-dignificar-a-nuestra-comunidad\/#breadcrumb"},"inLanguage":"es","potentialAction":[{"@type":"ReadAction","target":["https:\/\/infopba247.com.ar\/index.php\/2023\/07\/03\/vinimos-para-que-gobierne-el-pueblo-y-para-dignificar-a-nuestra-comunidad\/"]}]},{"@type":"ImageObject","inLanguage":"es","@id":"https:\/\/infopba247.com.ar\/index.php\/2023\/07\/03\/vinimos-para-que-gobierne-el-pueblo-y-para-dignificar-a-nuestra-comunidad\/#primaryimage","url":"https:\/\/infopba247.com.ar\/wp-content\/uploads\/2023\/07\/1-4.jpeg","contentUrl":"https:\/\/infopba247.com.ar\/wp-content\/uploads\/2023\/07\/1-4.jpeg","width":1024,"height":682},{"@type":"BreadcrumbList","@id":"https:\/\/infopba247.com.ar\/index.php\/2023\/07\/03\/vinimos-para-que-gobierne-el-pueblo-y-para-dignificar-a-nuestra-comunidad\/#breadcrumb","itemListElement":[{"@type":"ListItem","position":1,"name":"Portada","item":"https:\/\/infopba247.com.ar\/"},{"@type":"ListItem","position":2,"name":"Vinimos para que gobierne el pueblo y para dignificar a nuestra comunidad\u00bb"}]},{"@type":"WebSite","@id":"https:\/\/infopba247.com.ar\/#website","url":"https:\/\/infopba247.com.ar\/","name":"InfoPBA247","description":"Toda la actualidad bonaerense","publisher":{"@id":"https:\/\/infopba247.com.ar\/#organization"},"potentialAction":[{"@type":"SearchAction","target":{"@type":"EntryPoint","urlTemplate":"https:\/\/infopba247.com.ar\/?s={search_term_string}"},"query-input":{"@type":"PropertyValueSpecification","valueRequired":true,"valueName":"search_term_string"}}],"inLanguage":"es"},{"@type":"Organization","@id":"https:\/\/infopba247.com.ar\/#organization","name":"InfoPBA247","url":"https:\/\/infopba247.com.ar\/","logo":{"@type":"ImageObject","inLanguage":"es","@id":"https:\/\/infopba247.com.ar\/#\/schema\/logo\/image\/","url":"https:\/\/infopba247.com.ar\/wp-content\/uploads\/2022\/03\/cropped-InfoPBA247-1.png","contentUrl":"https:\/\/infopba247.com.ar\/wp-content\/uploads\/2022\/03\/cropped-InfoPBA247-1.png","width":500,"height":122,"caption":"InfoPBA247"},"image":{"@id":"https:\/\/infopba247.com.ar\/#\/schema\/logo\/image\/"},"sameAs":["https:\/\/www.facebook.com\/InfoPBA"]},{"@type":"Person","@id":"https:\/\/infopba247.com.ar\/#\/schema\/person\/4975f1343a413e57bf839b3eed0099f2","name":"Editor","image":{"@type":"ImageObject","inLanguage":"es","@id":"https:\/\/secure.gravatar.com\/avatar\/d27fe9520667ca53441d36627a1d6b0fa4a813571ec4803687a7a3a7744685ac?s=96&d=mm&r=g","url":"https:\/\/secure.gravatar.com\/avatar\/d27fe9520667ca53441d36627a1d6b0fa4a813571ec4803687a7a3a7744685ac?s=96&d=mm&r=g","contentUrl":"https:\/\/secure.gravatar.com\/avatar\/d27fe9520667ca53441d36627a1d6b0fa4a813571ec4803687a7a3a7744685ac?s=96&d=mm&r=g","caption":"Editor"},"url":"https:\/\/infopba247.com.ar\/index.php\/author\/editor\/"}]}},"_links":{"self":[{"href":"https:\/\/infopba247.com.ar\/index.php\/wp-json\/wp\/v2\/posts\/1764","targetHints":{"allow":["GET"]}}],"collection":[{"href":"https:\/\/infopba247.com.ar\/index.php\/wp-json\/wp\/v2\/posts"}],"about":[{"href":"https:\/\/infopba247.com.ar\/index.php\/wp-json\/wp\/v2\/types\/post"}],"author":[{"embeddable":true,"href":"https:\/\/infopba247.com.ar\/index.php\/wp-json\/wp\/v2\/users\/3"}],"replies":[{"embeddable":true,"href":"https:\/\/infopba247.com.ar\/index.php\/wp-json\/wp\/v2\/comments?post=1764"}],"version-history":[{"count":1,"href":"https:\/\/infopba247.com.ar\/index.php\/wp-json\/wp\/v2\/posts\/1764\/revisions"}],"predecessor-version":[{"id":1766,"href":"https:\/\/infopba247.com.ar\/index.php\/wp-json\/wp\/v2\/posts\/1764\/revisions\/1766"}],"wp:featuredmedia":[{"embeddable":true,"href":"https:\/\/infopba247.com.ar\/index.php\/wp-json\/wp\/v2\/media\/1765"}],"wp:attachment":[{"href":"https:\/\/infopba247.com.ar\/index.php\/wp-json\/wp\/v2\/media?parent=1764"}],"wp:term":[{"taxonomy":"category","embeddable":true,"href":"https:\/\/infopba247.com.ar\/index.php\/wp-json\/wp\/v2\/categories?post=1764"},{"taxonomy":"post_tag","embeddable":true,"href":"https:\/\/infopba247.com.ar\/index.php\/wp-json\/wp\/v2\/tags?post=1764"}],"curies":[{"name":"wp","href":"https:\/\/api.w.org\/{rel}","templated":true}]}}