{"id":1726,"date":"2023-06-27T07:26:00","date_gmt":"2023-06-27T10:26:00","guid":{"rendered":"https:\/\/infopba247.com.ar\/?p=1726"},"modified":"2023-06-30T07:29:24","modified_gmt":"2023-06-30T10:29:24","slug":"comenzo-la-renovacion-de-la-plaza-dr-bujan","status":"publish","type":"post","link":"https:\/\/infopba247.com.ar\/index.php\/2023\/06\/27\/comenzo-la-renovacion-de-la-plaza-dr-bujan\/","title":{"rendered":"Comenz\u00f3 la renovaci\u00f3n de la Plaza Dr. Buj\u00e1n"},"content":{"rendered":"\n<p>El Municipio de Moreno avanza con la puesta en marcha de revalorizaci\u00f3n de las plazas del distrito, en esta oportunidad, lleva adelante la renovaci\u00f3n de forma integral de la plaza Dr. Buj\u00e1n, de la localidad de Paso del Rey.<\/p>\n\n\n\n<p>La renovaci\u00f3n de la plaza contemplar\u00e1 un nuevo anfiteatro, la construcci\u00f3n de veredas y rampas, la instalaci\u00f3n de luminarias LED y la colocaci\u00f3n de mobiliarios, juegos, equipamiento aer\u00f3bico y cestos de basura.<\/p>\n\n\n\n<p>Se trata de una de las plazas m\u00e1s significativas de Moreno a la que la comunidad morenense y personas de otros partidos la eligen como punto de encuentro. En la cual se presentan espect\u00e1culos de calidad y se realizan actividades culturales, recreativas y deportivas.<\/p>\n\n\n\n<p>Por medio de esta iniciativa, el gobierno municipal que conduce la intendenta, Mariel Fern\u00e1ndez, fortalece y mejora los espacios p\u00fablicos para que las vecinas y vecinos puedan disfrutar y visitar en condiciones seguras, c\u00f3modas y dignas.<\/p>\n","protected":false},"excerpt":{"rendered":"<p>El Municipio de Moreno avanza con la puesta en marcha de revalorizaci\u00f3n de las plazas del distrito, en esta oportunidad,<\/p>\n","protected":false},"author":3,"featured_media":1727,"comment_status":"closed","ping_status":"closed","sticky":false,"template":"","format":"standard","meta":{"colormag_page_container_layout":"default_layout","colormag_page_sidebar_layout":"default_layout","footnotes":""},"categories":[5,14],"tags":[50],"class_list":["post-1726","post","type-post","status-publish","format-standard","has-post-thumbnail","hentry","category-1ra-seccion","category-politica","tag-municipalidad-de-moreno"],"yoast_head":"<!-- This site is optimized with the Yoast SEO plugin v27.5 - https:\/\/yoast.com\/product\/yoast-seo-wordpress\/ -->\n<title>Comenz\u00f3 la renovaci\u00f3n de la Plaza Dr. Buj\u00e1n - InfoPBA247<\/title>\n<meta name=\"robots\" content=\"index, follow, max-snippet:-1, max-image-preview:large, max-video-preview:-1\" \/>\n<link rel=\"canonical\" href=\"https:\/\/infopba247.com.ar\/index.php\/2023\/06\/27\/comenzo-la-renovacion-de-la-plaza-dr-bujan\/\" \/>\n<meta property=\"og:locale\" content=\"es_ES\" \/>\n<meta property=\"og:type\" content=\"article\" \/>\n<meta property=\"og:title\" content=\"Comenz\u00f3 la renovaci\u00f3n de la Plaza Dr. Buj\u00e1n - InfoPBA247\" \/>\n<meta property=\"og:description\" content=\"El Municipio de Moreno avanza con la puesta en marcha de revalorizaci\u00f3n de las plazas del distrito, en esta oportunidad,\" \/>\n<meta property=\"og:url\" content=\"https:\/\/infopba247.com.ar\/index.php\/2023\/06\/27\/comenzo-la-renovacion-de-la-plaza-dr-bujan\/\" \/>\n<meta property=\"og:site_name\" content=\"InfoPBA247\" \/>\n<meta property=\"article:publisher\" content=\"https:\/\/www.facebook.com\/InfoPBA\" \/>\n<meta property=\"article:published_time\" content=\"2023-06-27T10:26:00+00:00\" \/>\n<meta property=\"article:modified_time\" content=\"2023-06-30T10:29:24+00:00\" \/>\n<meta property=\"og:image\" content=\"https:\/\/infopba247.com.ar\/wp-content\/uploads\/2023\/06\/Obra-Plaza-Bujan008-scaled.jpg\" \/>\n\t<meta property=\"og:image:width\" content=\"2560\" \/>\n\t<meta property=\"og:image:height\" content=\"1708\" \/>\n\t<meta property=\"og:image:type\" content=\"image\/jpeg\" \/>\n<meta name=\"author\" content=\"Editor\" \/>\n<meta name=\"twitter:card\" content=\"summary_large_image\" \/>\n<meta name=\"twitter:label1\" content=\"Escrito por\" \/>\n\t<meta name=\"twitter:data1\" content=\"Editor\" \/>\n\t<meta name=\"twitter:label2\" content=\"Tiempo de lectura\" \/>\n\t<meta name=\"twitter:data2\" content=\"1 minuto\" \/>\n<script type=\"application\/ld+json\" class=\"yoast-schema-graph\">{\"@context\":\"https:\\\/\\\/schema.org\",\"@graph\":[{\"@type\":\"Article\",\"@id\":\"https:\\\/\\\/infopba247.com.ar\\\/index.php\\\/2023\\\/06\\\/27\\\/comenzo-la-renovacion-de-la-plaza-dr-bujan\\\/#article\",\"isPartOf\":{\"@id\":\"https:\\\/\\\/infopba247.com.ar\\\/index.php\\\/2023\\\/06\\\/27\\\/comenzo-la-renovacion-de-la-plaza-dr-bujan\\\/\"},\"author\":{\"name\":\"Editor\",\"@id\":\"https:\\\/\\\/infopba247.com.ar\\\/#\\\/schema\\\/person\\\/4975f1343a413e57bf839b3eed0099f2\"},\"headline\":\"Comenz\u00f3 la renovaci\u00f3n de la Plaza Dr. Buj\u00e1n\",\"datePublished\":\"2023-06-27T10:26:00+00:00\",\"dateModified\":\"2023-06-30T10:29:24+00:00\",\"mainEntityOfPage\":{\"@id\":\"https:\\\/\\\/infopba247.com.ar\\\/index.php\\\/2023\\\/06\\\/27\\\/comenzo-la-renovacion-de-la-plaza-dr-bujan\\\/\"},\"wordCount\":174,\"publisher\":{\"@id\":\"https:\\\/\\\/infopba247.com.ar\\\/#organization\"},\"image\":{\"@id\":\"https:\\\/\\\/infopba247.com.ar\\\/index.php\\\/2023\\\/06\\\/27\\\/comenzo-la-renovacion-de-la-plaza-dr-bujan\\\/#primaryimage\"},\"thumbnailUrl\":\"https:\\\/\\\/infopba247.com.ar\\\/wp-content\\\/uploads\\\/2023\\\/06\\\/Obra-Plaza-Bujan008-scaled.jpg\",\"keywords\":[\"Municipalidad de Moreno\"],\"articleSection\":[\"1ra Secci\u00f3n\",\"Pol\u00edtica\"],\"inLanguage\":\"es\"},{\"@type\":\"WebPage\",\"@id\":\"https:\\\/\\\/infopba247.com.ar\\\/index.php\\\/2023\\\/06\\\/27\\\/comenzo-la-renovacion-de-la-plaza-dr-bujan\\\/\",\"url\":\"https:\\\/\\\/infopba247.com.ar\\\/index.php\\\/2023\\\/06\\\/27\\\/comenzo-la-renovacion-de-la-plaza-dr-bujan\\\/\",\"name\":\"Comenz\u00f3 la renovaci\u00f3n de la Plaza Dr. Buj\u00e1n - InfoPBA247\",\"isPartOf\":{\"@id\":\"https:\\\/\\\/infopba247.com.ar\\\/#website\"},\"primaryImageOfPage\":{\"@id\":\"https:\\\/\\\/infopba247.com.ar\\\/index.php\\\/2023\\\/06\\\/27\\\/comenzo-la-renovacion-de-la-plaza-dr-bujan\\\/#primaryimage\"},\"image\":{\"@id\":\"https:\\\/\\\/infopba247.com.ar\\\/index.php\\\/2023\\\/06\\\/27\\\/comenzo-la-renovacion-de-la-plaza-dr-bujan\\\/#primaryimage\"},\"thumbnailUrl\":\"https:\\\/\\\/infopba247.com.ar\\\/wp-content\\\/uploads\\\/2023\\\/06\\\/Obra-Plaza-Bujan008-scaled.jpg\",\"datePublished\":\"2023-06-27T10:26:00+00:00\",\"dateModified\":\"2023-06-30T10:29:24+00:00\",\"breadcrumb\":{\"@id\":\"https:\\\/\\\/infopba247.com.ar\\\/index.php\\\/2023\\\/06\\\/27\\\/comenzo-la-renovacion-de-la-plaza-dr-bujan\\\/#breadcrumb\"},\"inLanguage\":\"es\",\"potentialAction\":[{\"@type\":\"ReadAction\",\"target\":[\"https:\\\/\\\/infopba247.com.ar\\\/index.php\\\/2023\\\/06\\\/27\\\/comenzo-la-renovacion-de-la-plaza-dr-bujan\\\/\"]}]},{\"@type\":\"ImageObject\",\"inLanguage\":\"es\",\"@id\":\"https:\\\/\\\/infopba247.com.ar\\\/index.php\\\/2023\\\/06\\\/27\\\/comenzo-la-renovacion-de-la-plaza-dr-bujan\\\/#primaryimage\",\"url\":\"https:\\\/\\\/infopba247.com.ar\\\/wp-content\\\/uploads\\\/2023\\\/06\\\/Obra-Plaza-Bujan008-scaled.jpg\",\"contentUrl\":\"https:\\\/\\\/infopba247.com.ar\\\/wp-content\\\/uploads\\\/2023\\\/06\\\/Obra-Plaza-Bujan008-scaled.jpg\",\"width\":2560,\"height\":1708},{\"@type\":\"BreadcrumbList\",\"@id\":\"https:\\\/\\\/infopba247.com.ar\\\/index.php\\\/2023\\\/06\\\/27\\\/comenzo-la-renovacion-de-la-plaza-dr-bujan\\\/#breadcrumb\",\"itemListElement\":[{\"@type\":\"ListItem\",\"position\":1,\"name\":\"Portada\",\"item\":\"https:\\\/\\\/infopba247.com.ar\\\/\"},{\"@type\":\"ListItem\",\"position\":2,\"name\":\"Comenz\u00f3 la renovaci\u00f3n de la Plaza Dr. Buj\u00e1n\"}]},{\"@type\":\"WebSite\",\"@id\":\"https:\\\/\\\/infopba247.com.ar\\\/#website\",\"url\":\"https:\\\/\\\/infopba247.com.ar\\\/\",\"name\":\"InfoPBA247\",\"description\":\"Toda la actualidad bonaerense\",\"publisher\":{\"@id\":\"https:\\\/\\\/infopba247.com.ar\\\/#organization\"},\"potentialAction\":[{\"@type\":\"SearchAction\",\"target\":{\"@type\":\"EntryPoint\",\"urlTemplate\":\"https:\\\/\\\/infopba247.com.ar\\\/?s={search_term_string}\"},\"query-input\":{\"@type\":\"PropertyValueSpecification\",\"valueRequired\":true,\"valueName\":\"search_term_string\"}}],\"inLanguage\":\"es\"},{\"@type\":\"Organization\",\"@id\":\"https:\\\/\\\/infopba247.com.ar\\\/#organization\",\"name\":\"InfoPBA247\",\"url\":\"https:\\\/\\\/infopba247.com.ar\\\/\",\"logo\":{\"@type\":\"ImageObject\",\"inLanguage\":\"es\",\"@id\":\"https:\\\/\\\/infopba247.com.ar\\\/#\\\/schema\\\/logo\\\/image\\\/\",\"url\":\"https:\\\/\\\/infopba247.com.ar\\\/wp-content\\\/uploads\\\/2022\\\/03\\\/cropped-InfoPBA247-1.png\",\"contentUrl\":\"https:\\\/\\\/infopba247.com.ar\\\/wp-content\\\/uploads\\\/2022\\\/03\\\/cropped-InfoPBA247-1.png\",\"width\":500,\"height\":122,\"caption\":\"InfoPBA247\"},\"image\":{\"@id\":\"https:\\\/\\\/infopba247.com.ar\\\/#\\\/schema\\\/logo\\\/image\\\/\"},\"sameAs\":[\"https:\\\/\\\/www.facebook.com\\\/InfoPBA\"]},{\"@type\":\"Person\",\"@id\":\"https:\\\/\\\/infopba247.com.ar\\\/#\\\/schema\\\/person\\\/4975f1343a413e57bf839b3eed0099f2\",\"name\":\"Editor\",\"image\":{\"@type\":\"ImageObject\",\"inLanguage\":\"es\",\"@id\":\"https:\\\/\\\/secure.gravatar.com\\\/avatar\\\/d27fe9520667ca53441d36627a1d6b0fa4a813571ec4803687a7a3a7744685ac?s=96&d=mm&r=g\",\"url\":\"https:\\\/\\\/secure.gravatar.com\\\/avatar\\\/d27fe9520667ca53441d36627a1d6b0fa4a813571ec4803687a7a3a7744685ac?s=96&d=mm&r=g\",\"contentUrl\":\"https:\\\/\\\/secure.gravatar.com\\\/avatar\\\/d27fe9520667ca53441d36627a1d6b0fa4a813571ec4803687a7a3a7744685ac?s=96&d=mm&r=g\",\"caption\":\"Editor\"},\"url\":\"https:\\\/\\\/infopba247.com.ar\\\/index.php\\\/author\\\/editor\\\/\"}]}<\/script>\n<!-- \/ Yoast SEO plugin. -->","yoast_head_json":{"title":"Comenz\u00f3 la renovaci\u00f3n de la Plaza Dr. Buj\u00e1n - InfoPBA247","robots":{"index":"index","follow":"follow","max-snippet":"max-snippet:-1","max-image-preview":"max-image-preview:large","max-video-preview":"max-video-preview:-1"},"canonical":"https:\/\/infopba247.com.ar\/index.php\/2023\/06\/27\/comenzo-la-renovacion-de-la-plaza-dr-bujan\/","og_locale":"es_ES","og_type":"article","og_title":"Comenz\u00f3 la renovaci\u00f3n de la Plaza Dr. Buj\u00e1n - InfoPBA247","og_description":"El Municipio de Moreno avanza con la puesta en marcha de revalorizaci\u00f3n de las plazas del distrito, en esta oportunidad,","og_url":"https:\/\/infopba247.com.ar\/index.php\/2023\/06\/27\/comenzo-la-renovacion-de-la-plaza-dr-bujan\/","og_site_name":"InfoPBA247","article_publisher":"https:\/\/www.facebook.com\/InfoPBA","article_published_time":"2023-06-27T10:26:00+00:00","article_modified_time":"2023-06-30T10:29:24+00:00","og_image":[{"width":2560,"height":1708,"url":"https:\/\/infopba247.com.ar\/wp-content\/uploads\/2023\/06\/Obra-Plaza-Bujan008-scaled.jpg","type":"image\/jpeg"}],"author":"Editor","twitter_card":"summary_large_image","twitter_misc":{"Escrito por":"Editor","Tiempo de lectura":"1 minuto"},"schema":{"@context":"https:\/\/schema.org","@graph":[{"@type":"Article","@id":"https:\/\/infopba247.com.ar\/index.php\/2023\/06\/27\/comenzo-la-renovacion-de-la-plaza-dr-bujan\/#article","isPartOf":{"@id":"https:\/\/infopba247.com.ar\/index.php\/2023\/06\/27\/comenzo-la-renovacion-de-la-plaza-dr-bujan\/"},"author":{"name":"Editor","@id":"https:\/\/infopba247.com.ar\/#\/schema\/person\/4975f1343a413e57bf839b3eed0099f2"},"headline":"Comenz\u00f3 la renovaci\u00f3n de la Plaza Dr. Buj\u00e1n","datePublished":"2023-06-27T10:26:00+00:00","dateModified":"2023-06-30T10:29:24+00:00","mainEntityOfPage":{"@id":"https:\/\/infopba247.com.ar\/index.php\/2023\/06\/27\/comenzo-la-renovacion-de-la-plaza-dr-bujan\/"},"wordCount":174,"publisher":{"@id":"https:\/\/infopba247.com.ar\/#organization"},"image":{"@id":"https:\/\/infopba247.com.ar\/index.php\/2023\/06\/27\/comenzo-la-renovacion-de-la-plaza-dr-bujan\/#primaryimage"},"thumbnailUrl":"https:\/\/infopba247.com.ar\/wp-content\/uploads\/2023\/06\/Obra-Plaza-Bujan008-scaled.jpg","keywords":["Municipalidad de Moreno"],"articleSection":["1ra Secci\u00f3n","Pol\u00edtica"],"inLanguage":"es"},{"@type":"WebPage","@id":"https:\/\/infopba247.com.ar\/index.php\/2023\/06\/27\/comenzo-la-renovacion-de-la-plaza-dr-bujan\/","url":"https:\/\/infopba247.com.ar\/index.php\/2023\/06\/27\/comenzo-la-renovacion-de-la-plaza-dr-bujan\/","name":"Comenz\u00f3 la renovaci\u00f3n de la Plaza Dr. Buj\u00e1n - InfoPBA247","isPartOf":{"@id":"https:\/\/infopba247.com.ar\/#website"},"primaryImageOfPage":{"@id":"https:\/\/infopba247.com.ar\/index.php\/2023\/06\/27\/comenzo-la-renovacion-de-la-plaza-dr-bujan\/#primaryimage"},"image":{"@id":"https:\/\/infopba247.com.ar\/index.php\/2023\/06\/27\/comenzo-la-renovacion-de-la-plaza-dr-bujan\/#primaryimage"},"thumbnailUrl":"https:\/\/infopba247.com.ar\/wp-content\/uploads\/2023\/06\/Obra-Plaza-Bujan008-scaled.jpg","datePublished":"2023-06-27T10:26:00+00:00","dateModified":"2023-06-30T10:29:24+00:00","breadcrumb":{"@id":"https:\/\/infopba247.com.ar\/index.php\/2023\/06\/27\/comenzo-la-renovacion-de-la-plaza-dr-bujan\/#breadcrumb"},"inLanguage":"es","potentialAction":[{"@type":"ReadAction","target":["https:\/\/infopba247.com.ar\/index.php\/2023\/06\/27\/comenzo-la-renovacion-de-la-plaza-dr-bujan\/"]}]},{"@type":"ImageObject","inLanguage":"es","@id":"https:\/\/infopba247.com.ar\/index.php\/2023\/06\/27\/comenzo-la-renovacion-de-la-plaza-dr-bujan\/#primaryimage","url":"https:\/\/infopba247.com.ar\/wp-content\/uploads\/2023\/06\/Obra-Plaza-Bujan008-scaled.jpg","contentUrl":"https:\/\/infopba247.com.ar\/wp-content\/uploads\/2023\/06\/Obra-Plaza-Bujan008-scaled.jpg","width":2560,"height":1708},{"@type":"BreadcrumbList","@id":"https:\/\/infopba247.com.ar\/index.php\/2023\/06\/27\/comenzo-la-renovacion-de-la-plaza-dr-bujan\/#breadcrumb","itemListElement":[{"@type":"ListItem","position":1,"name":"Portada","item":"https:\/\/infopba247.com.ar\/"},{"@type":"ListItem","position":2,"name":"Comenz\u00f3 la renovaci\u00f3n de la Plaza Dr. Buj\u00e1n"}]},{"@type":"WebSite","@id":"https:\/\/infopba247.com.ar\/#website","url":"https:\/\/infopba247.com.ar\/","name":"InfoPBA247","description":"Toda la actualidad bonaerense","publisher":{"@id":"https:\/\/infopba247.com.ar\/#organization"},"potentialAction":[{"@type":"SearchAction","target":{"@type":"EntryPoint","urlTemplate":"https:\/\/infopba247.com.ar\/?s={search_term_string}"},"query-input":{"@type":"PropertyValueSpecification","valueRequired":true,"valueName":"search_term_string"}}],"inLanguage":"es"},{"@type":"Organization","@id":"https:\/\/infopba247.com.ar\/#organization","name":"InfoPBA247","url":"https:\/\/infopba247.com.ar\/","logo":{"@type":"ImageObject","inLanguage":"es","@id":"https:\/\/infopba247.com.ar\/#\/schema\/logo\/image\/","url":"https:\/\/infopba247.com.ar\/wp-content\/uploads\/2022\/03\/cropped-InfoPBA247-1.png","contentUrl":"https:\/\/infopba247.com.ar\/wp-content\/uploads\/2022\/03\/cropped-InfoPBA247-1.png","width":500,"height":122,"caption":"InfoPBA247"},"image":{"@id":"https:\/\/infopba247.com.ar\/#\/schema\/logo\/image\/"},"sameAs":["https:\/\/www.facebook.com\/InfoPBA"]},{"@type":"Person","@id":"https:\/\/infopba247.com.ar\/#\/schema\/person\/4975f1343a413e57bf839b3eed0099f2","name":"Editor","image":{"@type":"ImageObject","inLanguage":"es","@id":"https:\/\/secure.gravatar.com\/avatar\/d27fe9520667ca53441d36627a1d6b0fa4a813571ec4803687a7a3a7744685ac?s=96&d=mm&r=g","url":"https:\/\/secure.gravatar.com\/avatar\/d27fe9520667ca53441d36627a1d6b0fa4a813571ec4803687a7a3a7744685ac?s=96&d=mm&r=g","contentUrl":"https:\/\/secure.gravatar.com\/avatar\/d27fe9520667ca53441d36627a1d6b0fa4a813571ec4803687a7a3a7744685ac?s=96&d=mm&r=g","caption":"Editor"},"url":"https:\/\/infopba247.com.ar\/index.php\/author\/editor\/"}]}},"_links":{"self":[{"href":"https:\/\/infopba247.com.ar\/index.php\/wp-json\/wp\/v2\/posts\/1726","targetHints":{"allow":["GET"]}}],"collection":[{"href":"https:\/\/infopba247.com.ar\/index.php\/wp-json\/wp\/v2\/posts"}],"about":[{"href":"https:\/\/infopba247.com.ar\/index.php\/wp-json\/wp\/v2\/types\/post"}],"author":[{"embeddable":true,"href":"https:\/\/infopba247.com.ar\/index.php\/wp-json\/wp\/v2\/users\/3"}],"replies":[{"embeddable":true,"href":"https:\/\/infopba247.com.ar\/index.php\/wp-json\/wp\/v2\/comments?post=1726"}],"version-history":[{"count":1,"href":"https:\/\/infopba247.com.ar\/index.php\/wp-json\/wp\/v2\/posts\/1726\/revisions"}],"predecessor-version":[{"id":1728,"href":"https:\/\/infopba247.com.ar\/index.php\/wp-json\/wp\/v2\/posts\/1726\/revisions\/1728"}],"wp:featuredmedia":[{"embeddable":true,"href":"https:\/\/infopba247.com.ar\/index.php\/wp-json\/wp\/v2\/media\/1727"}],"wp:attachment":[{"href":"https:\/\/infopba247.com.ar\/index.php\/wp-json\/wp\/v2\/media?parent=1726"}],"wp:term":[{"taxonomy":"category","embeddable":true,"href":"https:\/\/infopba247.com.ar\/index.php\/wp-json\/wp\/v2\/categories?post=1726"},{"taxonomy":"post_tag","embeddable":true,"href":"https:\/\/infopba247.com.ar\/index.php\/wp-json\/wp\/v2\/tags?post=1726"}],"curies":[{"name":"wp","href":"https:\/\/api.w.org\/{rel}","templated":true}]}}