{"id":1713,"date":"2023-06-22T07:18:00","date_gmt":"2023-06-22T10:18:00","guid":{"rendered":"https:\/\/infopba247.com.ar\/?p=1713"},"modified":"2023-06-30T07:23:37","modified_gmt":"2023-06-30T10:23:37","slug":"se-realizo-el-primer-encuentro-regional-de-muralismo-en-moreno","status":"publish","type":"post","link":"https:\/\/infopba247.com.ar\/index.php\/2023\/06\/22\/se-realizo-el-primer-encuentro-regional-de-muralismo-en-moreno\/","title":{"rendered":"Se realiz\u00f3 el primer encuentro regional de muralismo en Moreno"},"content":{"rendered":"\n<p>El Municipio de Moreno realiz\u00f3 el primer Encuentro Regional de Muralismo en la plaza de Catonas, ubicada en la calle Roma y Teniente Manuel F\u00e9lix Origone, el pasado viernes 16 y s\u00e1bado 17, donde participaron vecinas, vecinos, m\u00e1s de 25 artistas locales y de la provincia de Buenos Aires.<\/p>\n\n\n\n<p>Durante las jornadas, realizadas para transformar el barrio en una gran galer\u00eda de arte a cielo abierto, vecinos, vecinas y artistas pintaron en un total de 23 murales con tem\u00e1ticas relacionadas a los 40 a\u00f1os de democracia.<\/p>\n\n\n\n<p>\u201cEstamos todos muy contentos con esta jornada, que mejora nuestro barrio. Y la idea de hacerlo juntos, el Municipio con los vecinos, es una forma de hacernos cargo de cuidar nuestro lugar, nuestra plaza que depende de que cada vecina y cada vecino ponga su granito de arena\u201d, asegur\u00f3 Paulina Maldonado, secretaria del Centro de Jubilados \u201cLas Catonas\u201d.<\/p>\n\n\n\n<p>Adem\u00e1s, distintas \u00e1reas del Municipio participaron de la iniciativa y pusieron en valor el espacio com\u00fan, con la mejora y embellecimiento de la plaza Catonas y sus inmediaciones, donde se arreglaron veredas, pintaron cordones, y colocaron nuevas luminarias.<\/p>\n\n\n\n<p>Dentro del marco de los 40 a\u00f1os de democracia, durante el segundo d\u00eda del encuentro, Ricardo Toluca, comparti\u00f3 en el escenario su experiencia como detenido durante la dictadura militar, recordando una de las \u00e9pocas m\u00e1s oscuras de nuestro pa\u00eds y resaltando la importancia de preservar el estado democr\u00e1tico.<\/p>\n\n\n\n<p>El encuentro tambi\u00e9n ofreci\u00f3 a sus espectadores cuadros de danza folcl\u00f3rica y tango, una radio abierta donde participaron artistas, estudiantes de la Escuela Primaria N\u00b070 y la Escuela Secundaria N\u00b028.<\/p>\n","protected":false},"excerpt":{"rendered":"<p>El Municipio de Moreno realiz\u00f3 el primer Encuentro Regional de Muralismo en la plaza de Catonas, ubicada en la calle<\/p>\n","protected":false},"author":3,"featured_media":1715,"comment_status":"open","ping_status":"open","sticky":false,"template":"","format":"standard","meta":{"colormag_page_container_layout":"default_layout","colormag_page_sidebar_layout":"default_layout","footnotes":""},"categories":[5,14],"tags":[50],"class_list":["post-1713","post","type-post","status-publish","format-standard","has-post-thumbnail","hentry","category-1ra-seccion","category-politica","tag-municipalidad-de-moreno"],"yoast_head":"<!-- This site is optimized with the Yoast SEO plugin v27.4 - https:\/\/yoast.com\/product\/yoast-seo-wordpress\/ -->\n<title>Se realiz\u00f3 el primer encuentro regional de muralismo en Moreno - InfoPBA247<\/title>\n<meta name=\"robots\" content=\"index, follow, max-snippet:-1, max-image-preview:large, max-video-preview:-1\" \/>\n<link rel=\"canonical\" href=\"https:\/\/infopba247.com.ar\/index.php\/2023\/06\/22\/se-realizo-el-primer-encuentro-regional-de-muralismo-en-moreno\/\" \/>\n<meta property=\"og:locale\" content=\"es_ES\" \/>\n<meta property=\"og:type\" content=\"article\" \/>\n<meta property=\"og:title\" content=\"Se realiz\u00f3 el primer encuentro regional de muralismo en Moreno - InfoPBA247\" \/>\n<meta property=\"og:description\" content=\"El Municipio de Moreno realiz\u00f3 el primer Encuentro Regional de Muralismo en la plaza de Catonas, ubicada en la calle\" \/>\n<meta property=\"og:url\" content=\"https:\/\/infopba247.com.ar\/index.php\/2023\/06\/22\/se-realizo-el-primer-encuentro-regional-de-muralismo-en-moreno\/\" \/>\n<meta property=\"og:site_name\" content=\"InfoPBA247\" \/>\n<meta property=\"article:publisher\" content=\"https:\/\/www.facebook.com\/InfoPBA\" \/>\n<meta property=\"article:published_time\" content=\"2023-06-22T10:18:00+00:00\" \/>\n<meta property=\"article:modified_time\" content=\"2023-06-30T10:23:37+00:00\" \/>\n<meta property=\"og:image\" content=\"https:\/\/infopba247.com.ar\/wp-content\/uploads\/2023\/06\/DSC07891-scaled.jpg\" \/>\n\t<meta property=\"og:image:width\" content=\"1707\" \/>\n\t<meta property=\"og:image:height\" content=\"2560\" \/>\n\t<meta property=\"og:image:type\" content=\"image\/jpeg\" \/>\n<meta name=\"author\" content=\"Editor\" \/>\n<meta name=\"twitter:card\" content=\"summary_large_image\" \/>\n<meta name=\"twitter:label1\" content=\"Escrito por\" \/>\n\t<meta name=\"twitter:data1\" content=\"Editor\" \/>\n\t<meta name=\"twitter:label2\" content=\"Tiempo de lectura\" \/>\n\t<meta name=\"twitter:data2\" content=\"1 minuto\" \/>\n<script type=\"application\/ld+json\" class=\"yoast-schema-graph\">{\"@context\":\"https:\\\/\\\/schema.org\",\"@graph\":[{\"@type\":\"Article\",\"@id\":\"https:\\\/\\\/infopba247.com.ar\\\/index.php\\\/2023\\\/06\\\/22\\\/se-realizo-el-primer-encuentro-regional-de-muralismo-en-moreno\\\/#article\",\"isPartOf\":{\"@id\":\"https:\\\/\\\/infopba247.com.ar\\\/index.php\\\/2023\\\/06\\\/22\\\/se-realizo-el-primer-encuentro-regional-de-muralismo-en-moreno\\\/\"},\"author\":{\"name\":\"Editor\",\"@id\":\"https:\\\/\\\/infopba247.com.ar\\\/#\\\/schema\\\/person\\\/4975f1343a413e57bf839b3eed0099f2\"},\"headline\":\"Se realiz\u00f3 el primer encuentro regional de muralismo en Moreno\",\"datePublished\":\"2023-06-22T10:18:00+00:00\",\"dateModified\":\"2023-06-30T10:23:37+00:00\",\"mainEntityOfPage\":{\"@id\":\"https:\\\/\\\/infopba247.com.ar\\\/index.php\\\/2023\\\/06\\\/22\\\/se-realizo-el-primer-encuentro-regional-de-muralismo-en-moreno\\\/\"},\"wordCount\":279,\"commentCount\":0,\"publisher\":{\"@id\":\"https:\\\/\\\/infopba247.com.ar\\\/#organization\"},\"image\":{\"@id\":\"https:\\\/\\\/infopba247.com.ar\\\/index.php\\\/2023\\\/06\\\/22\\\/se-realizo-el-primer-encuentro-regional-de-muralismo-en-moreno\\\/#primaryimage\"},\"thumbnailUrl\":\"https:\\\/\\\/infopba247.com.ar\\\/wp-content\\\/uploads\\\/2023\\\/06\\\/DSC07891-scaled.jpg\",\"keywords\":[\"Municipalidad de Moreno\"],\"articleSection\":[\"1ra Secci\u00f3n\",\"Pol\u00edtica\"],\"inLanguage\":\"es\",\"potentialAction\":[{\"@type\":\"CommentAction\",\"name\":\"Comment\",\"target\":[\"https:\\\/\\\/infopba247.com.ar\\\/index.php\\\/2023\\\/06\\\/22\\\/se-realizo-el-primer-encuentro-regional-de-muralismo-en-moreno\\\/#respond\"]}]},{\"@type\":\"WebPage\",\"@id\":\"https:\\\/\\\/infopba247.com.ar\\\/index.php\\\/2023\\\/06\\\/22\\\/se-realizo-el-primer-encuentro-regional-de-muralismo-en-moreno\\\/\",\"url\":\"https:\\\/\\\/infopba247.com.ar\\\/index.php\\\/2023\\\/06\\\/22\\\/se-realizo-el-primer-encuentro-regional-de-muralismo-en-moreno\\\/\",\"name\":\"Se realiz\u00f3 el primer encuentro regional de muralismo en Moreno - InfoPBA247\",\"isPartOf\":{\"@id\":\"https:\\\/\\\/infopba247.com.ar\\\/#website\"},\"primaryImageOfPage\":{\"@id\":\"https:\\\/\\\/infopba247.com.ar\\\/index.php\\\/2023\\\/06\\\/22\\\/se-realizo-el-primer-encuentro-regional-de-muralismo-en-moreno\\\/#primaryimage\"},\"image\":{\"@id\":\"https:\\\/\\\/infopba247.com.ar\\\/index.php\\\/2023\\\/06\\\/22\\\/se-realizo-el-primer-encuentro-regional-de-muralismo-en-moreno\\\/#primaryimage\"},\"thumbnailUrl\":\"https:\\\/\\\/infopba247.com.ar\\\/wp-content\\\/uploads\\\/2023\\\/06\\\/DSC07891-scaled.jpg\",\"datePublished\":\"2023-06-22T10:18:00+00:00\",\"dateModified\":\"2023-06-30T10:23:37+00:00\",\"breadcrumb\":{\"@id\":\"https:\\\/\\\/infopba247.com.ar\\\/index.php\\\/2023\\\/06\\\/22\\\/se-realizo-el-primer-encuentro-regional-de-muralismo-en-moreno\\\/#breadcrumb\"},\"inLanguage\":\"es\",\"potentialAction\":[{\"@type\":\"ReadAction\",\"target\":[\"https:\\\/\\\/infopba247.com.ar\\\/index.php\\\/2023\\\/06\\\/22\\\/se-realizo-el-primer-encuentro-regional-de-muralismo-en-moreno\\\/\"]}]},{\"@type\":\"ImageObject\",\"inLanguage\":\"es\",\"@id\":\"https:\\\/\\\/infopba247.com.ar\\\/index.php\\\/2023\\\/06\\\/22\\\/se-realizo-el-primer-encuentro-regional-de-muralismo-en-moreno\\\/#primaryimage\",\"url\":\"https:\\\/\\\/infopba247.com.ar\\\/wp-content\\\/uploads\\\/2023\\\/06\\\/DSC07891-scaled.jpg\",\"contentUrl\":\"https:\\\/\\\/infopba247.com.ar\\\/wp-content\\\/uploads\\\/2023\\\/06\\\/DSC07891-scaled.jpg\",\"width\":1707,\"height\":2560},{\"@type\":\"BreadcrumbList\",\"@id\":\"https:\\\/\\\/infopba247.com.ar\\\/index.php\\\/2023\\\/06\\\/22\\\/se-realizo-el-primer-encuentro-regional-de-muralismo-en-moreno\\\/#breadcrumb\",\"itemListElement\":[{\"@type\":\"ListItem\",\"position\":1,\"name\":\"Portada\",\"item\":\"https:\\\/\\\/infopba247.com.ar\\\/\"},{\"@type\":\"ListItem\",\"position\":2,\"name\":\"Se realiz\u00f3 el primer encuentro regional de muralismo en Moreno\"}]},{\"@type\":\"WebSite\",\"@id\":\"https:\\\/\\\/infopba247.com.ar\\\/#website\",\"url\":\"https:\\\/\\\/infopba247.com.ar\\\/\",\"name\":\"InfoPBA247\",\"description\":\"Toda la actualidad bonaerense\",\"publisher\":{\"@id\":\"https:\\\/\\\/infopba247.com.ar\\\/#organization\"},\"potentialAction\":[{\"@type\":\"SearchAction\",\"target\":{\"@type\":\"EntryPoint\",\"urlTemplate\":\"https:\\\/\\\/infopba247.com.ar\\\/?s={search_term_string}\"},\"query-input\":{\"@type\":\"PropertyValueSpecification\",\"valueRequired\":true,\"valueName\":\"search_term_string\"}}],\"inLanguage\":\"es\"},{\"@type\":\"Organization\",\"@id\":\"https:\\\/\\\/infopba247.com.ar\\\/#organization\",\"name\":\"InfoPBA247\",\"url\":\"https:\\\/\\\/infopba247.com.ar\\\/\",\"logo\":{\"@type\":\"ImageObject\",\"inLanguage\":\"es\",\"@id\":\"https:\\\/\\\/infopba247.com.ar\\\/#\\\/schema\\\/logo\\\/image\\\/\",\"url\":\"https:\\\/\\\/infopba247.com.ar\\\/wp-content\\\/uploads\\\/2022\\\/03\\\/cropped-InfoPBA247-1.png\",\"contentUrl\":\"https:\\\/\\\/infopba247.com.ar\\\/wp-content\\\/uploads\\\/2022\\\/03\\\/cropped-InfoPBA247-1.png\",\"width\":500,\"height\":122,\"caption\":\"InfoPBA247\"},\"image\":{\"@id\":\"https:\\\/\\\/infopba247.com.ar\\\/#\\\/schema\\\/logo\\\/image\\\/\"},\"sameAs\":[\"https:\\\/\\\/www.facebook.com\\\/InfoPBA\"]},{\"@type\":\"Person\",\"@id\":\"https:\\\/\\\/infopba247.com.ar\\\/#\\\/schema\\\/person\\\/4975f1343a413e57bf839b3eed0099f2\",\"name\":\"Editor\",\"image\":{\"@type\":\"ImageObject\",\"inLanguage\":\"es\",\"@id\":\"https:\\\/\\\/secure.gravatar.com\\\/avatar\\\/d27fe9520667ca53441d36627a1d6b0fa4a813571ec4803687a7a3a7744685ac?s=96&d=mm&r=g\",\"url\":\"https:\\\/\\\/secure.gravatar.com\\\/avatar\\\/d27fe9520667ca53441d36627a1d6b0fa4a813571ec4803687a7a3a7744685ac?s=96&d=mm&r=g\",\"contentUrl\":\"https:\\\/\\\/secure.gravatar.com\\\/avatar\\\/d27fe9520667ca53441d36627a1d6b0fa4a813571ec4803687a7a3a7744685ac?s=96&d=mm&r=g\",\"caption\":\"Editor\"},\"url\":\"https:\\\/\\\/infopba247.com.ar\\\/index.php\\\/author\\\/editor\\\/\"}]}<\/script>\n<!-- \/ Yoast SEO plugin. -->","yoast_head_json":{"title":"Se realiz\u00f3 el primer encuentro regional de muralismo en Moreno - InfoPBA247","robots":{"index":"index","follow":"follow","max-snippet":"max-snippet:-1","max-image-preview":"max-image-preview:large","max-video-preview":"max-video-preview:-1"},"canonical":"https:\/\/infopba247.com.ar\/index.php\/2023\/06\/22\/se-realizo-el-primer-encuentro-regional-de-muralismo-en-moreno\/","og_locale":"es_ES","og_type":"article","og_title":"Se realiz\u00f3 el primer encuentro regional de muralismo en Moreno - InfoPBA247","og_description":"El Municipio de Moreno realiz\u00f3 el primer Encuentro Regional de Muralismo en la plaza de Catonas, ubicada en la calle","og_url":"https:\/\/infopba247.com.ar\/index.php\/2023\/06\/22\/se-realizo-el-primer-encuentro-regional-de-muralismo-en-moreno\/","og_site_name":"InfoPBA247","article_publisher":"https:\/\/www.facebook.com\/InfoPBA","article_published_time":"2023-06-22T10:18:00+00:00","article_modified_time":"2023-06-30T10:23:37+00:00","og_image":[{"width":1707,"height":2560,"url":"https:\/\/infopba247.com.ar\/wp-content\/uploads\/2023\/06\/DSC07891-scaled.jpg","type":"image\/jpeg"}],"author":"Editor","twitter_card":"summary_large_image","twitter_misc":{"Escrito por":"Editor","Tiempo de lectura":"1 minuto"},"schema":{"@context":"https:\/\/schema.org","@graph":[{"@type":"Article","@id":"https:\/\/infopba247.com.ar\/index.php\/2023\/06\/22\/se-realizo-el-primer-encuentro-regional-de-muralismo-en-moreno\/#article","isPartOf":{"@id":"https:\/\/infopba247.com.ar\/index.php\/2023\/06\/22\/se-realizo-el-primer-encuentro-regional-de-muralismo-en-moreno\/"},"author":{"name":"Editor","@id":"https:\/\/infopba247.com.ar\/#\/schema\/person\/4975f1343a413e57bf839b3eed0099f2"},"headline":"Se realiz\u00f3 el primer encuentro regional de muralismo en Moreno","datePublished":"2023-06-22T10:18:00+00:00","dateModified":"2023-06-30T10:23:37+00:00","mainEntityOfPage":{"@id":"https:\/\/infopba247.com.ar\/index.php\/2023\/06\/22\/se-realizo-el-primer-encuentro-regional-de-muralismo-en-moreno\/"},"wordCount":279,"commentCount":0,"publisher":{"@id":"https:\/\/infopba247.com.ar\/#organization"},"image":{"@id":"https:\/\/infopba247.com.ar\/index.php\/2023\/06\/22\/se-realizo-el-primer-encuentro-regional-de-muralismo-en-moreno\/#primaryimage"},"thumbnailUrl":"https:\/\/infopba247.com.ar\/wp-content\/uploads\/2023\/06\/DSC07891-scaled.jpg","keywords":["Municipalidad de Moreno"],"articleSection":["1ra Secci\u00f3n","Pol\u00edtica"],"inLanguage":"es","potentialAction":[{"@type":"CommentAction","name":"Comment","target":["https:\/\/infopba247.com.ar\/index.php\/2023\/06\/22\/se-realizo-el-primer-encuentro-regional-de-muralismo-en-moreno\/#respond"]}]},{"@type":"WebPage","@id":"https:\/\/infopba247.com.ar\/index.php\/2023\/06\/22\/se-realizo-el-primer-encuentro-regional-de-muralismo-en-moreno\/","url":"https:\/\/infopba247.com.ar\/index.php\/2023\/06\/22\/se-realizo-el-primer-encuentro-regional-de-muralismo-en-moreno\/","name":"Se realiz\u00f3 el primer encuentro regional de muralismo en Moreno - InfoPBA247","isPartOf":{"@id":"https:\/\/infopba247.com.ar\/#website"},"primaryImageOfPage":{"@id":"https:\/\/infopba247.com.ar\/index.php\/2023\/06\/22\/se-realizo-el-primer-encuentro-regional-de-muralismo-en-moreno\/#primaryimage"},"image":{"@id":"https:\/\/infopba247.com.ar\/index.php\/2023\/06\/22\/se-realizo-el-primer-encuentro-regional-de-muralismo-en-moreno\/#primaryimage"},"thumbnailUrl":"https:\/\/infopba247.com.ar\/wp-content\/uploads\/2023\/06\/DSC07891-scaled.jpg","datePublished":"2023-06-22T10:18:00+00:00","dateModified":"2023-06-30T10:23:37+00:00","breadcrumb":{"@id":"https:\/\/infopba247.com.ar\/index.php\/2023\/06\/22\/se-realizo-el-primer-encuentro-regional-de-muralismo-en-moreno\/#breadcrumb"},"inLanguage":"es","potentialAction":[{"@type":"ReadAction","target":["https:\/\/infopba247.com.ar\/index.php\/2023\/06\/22\/se-realizo-el-primer-encuentro-regional-de-muralismo-en-moreno\/"]}]},{"@type":"ImageObject","inLanguage":"es","@id":"https:\/\/infopba247.com.ar\/index.php\/2023\/06\/22\/se-realizo-el-primer-encuentro-regional-de-muralismo-en-moreno\/#primaryimage","url":"https:\/\/infopba247.com.ar\/wp-content\/uploads\/2023\/06\/DSC07891-scaled.jpg","contentUrl":"https:\/\/infopba247.com.ar\/wp-content\/uploads\/2023\/06\/DSC07891-scaled.jpg","width":1707,"height":2560},{"@type":"BreadcrumbList","@id":"https:\/\/infopba247.com.ar\/index.php\/2023\/06\/22\/se-realizo-el-primer-encuentro-regional-de-muralismo-en-moreno\/#breadcrumb","itemListElement":[{"@type":"ListItem","position":1,"name":"Portada","item":"https:\/\/infopba247.com.ar\/"},{"@type":"ListItem","position":2,"name":"Se realiz\u00f3 el primer encuentro regional de muralismo en Moreno"}]},{"@type":"WebSite","@id":"https:\/\/infopba247.com.ar\/#website","url":"https:\/\/infopba247.com.ar\/","name":"InfoPBA247","description":"Toda la actualidad bonaerense","publisher":{"@id":"https:\/\/infopba247.com.ar\/#organization"},"potentialAction":[{"@type":"SearchAction","target":{"@type":"EntryPoint","urlTemplate":"https:\/\/infopba247.com.ar\/?s={search_term_string}"},"query-input":{"@type":"PropertyValueSpecification","valueRequired":true,"valueName":"search_term_string"}}],"inLanguage":"es"},{"@type":"Organization","@id":"https:\/\/infopba247.com.ar\/#organization","name":"InfoPBA247","url":"https:\/\/infopba247.com.ar\/","logo":{"@type":"ImageObject","inLanguage":"es","@id":"https:\/\/infopba247.com.ar\/#\/schema\/logo\/image\/","url":"https:\/\/infopba247.com.ar\/wp-content\/uploads\/2022\/03\/cropped-InfoPBA247-1.png","contentUrl":"https:\/\/infopba247.com.ar\/wp-content\/uploads\/2022\/03\/cropped-InfoPBA247-1.png","width":500,"height":122,"caption":"InfoPBA247"},"image":{"@id":"https:\/\/infopba247.com.ar\/#\/schema\/logo\/image\/"},"sameAs":["https:\/\/www.facebook.com\/InfoPBA"]},{"@type":"Person","@id":"https:\/\/infopba247.com.ar\/#\/schema\/person\/4975f1343a413e57bf839b3eed0099f2","name":"Editor","image":{"@type":"ImageObject","inLanguage":"es","@id":"https:\/\/secure.gravatar.com\/avatar\/d27fe9520667ca53441d36627a1d6b0fa4a813571ec4803687a7a3a7744685ac?s=96&d=mm&r=g","url":"https:\/\/secure.gravatar.com\/avatar\/d27fe9520667ca53441d36627a1d6b0fa4a813571ec4803687a7a3a7744685ac?s=96&d=mm&r=g","contentUrl":"https:\/\/secure.gravatar.com\/avatar\/d27fe9520667ca53441d36627a1d6b0fa4a813571ec4803687a7a3a7744685ac?s=96&d=mm&r=g","caption":"Editor"},"url":"https:\/\/infopba247.com.ar\/index.php\/author\/editor\/"}]}},"_links":{"self":[{"href":"https:\/\/infopba247.com.ar\/index.php\/wp-json\/wp\/v2\/posts\/1713","targetHints":{"allow":["GET"]}}],"collection":[{"href":"https:\/\/infopba247.com.ar\/index.php\/wp-json\/wp\/v2\/posts"}],"about":[{"href":"https:\/\/infopba247.com.ar\/index.php\/wp-json\/wp\/v2\/types\/post"}],"author":[{"embeddable":true,"href":"https:\/\/infopba247.com.ar\/index.php\/wp-json\/wp\/v2\/users\/3"}],"replies":[{"embeddable":true,"href":"https:\/\/infopba247.com.ar\/index.php\/wp-json\/wp\/v2\/comments?post=1713"}],"version-history":[{"count":1,"href":"https:\/\/infopba247.com.ar\/index.php\/wp-json\/wp\/v2\/posts\/1713\/revisions"}],"predecessor-version":[{"id":1716,"href":"https:\/\/infopba247.com.ar\/index.php\/wp-json\/wp\/v2\/posts\/1713\/revisions\/1716"}],"wp:featuredmedia":[{"embeddable":true,"href":"https:\/\/infopba247.com.ar\/index.php\/wp-json\/wp\/v2\/media\/1715"}],"wp:attachment":[{"href":"https:\/\/infopba247.com.ar\/index.php\/wp-json\/wp\/v2\/media?parent=1713"}],"wp:term":[{"taxonomy":"category","embeddable":true,"href":"https:\/\/infopba247.com.ar\/index.php\/wp-json\/wp\/v2\/categories?post=1713"},{"taxonomy":"post_tag","embeddable":true,"href":"https:\/\/infopba247.com.ar\/index.php\/wp-json\/wp\/v2\/tags?post=1713"}],"curies":[{"name":"wp","href":"https:\/\/api.w.org\/{rel}","templated":true}]}}