{"id":1707,"date":"2023-06-21T07:16:00","date_gmt":"2023-06-21T10:16:00","guid":{"rendered":"https:\/\/infopba247.com.ar\/?p=1707"},"modified":"2023-06-30T07:23:49","modified_gmt":"2023-06-30T10:23:49","slug":"se-inauguraron-las-obras-de-ampliacion-del-hospital-general-san-martin","status":"publish","type":"post","link":"https:\/\/infopba247.com.ar\/index.php\/2023\/06\/21\/se-inauguraron-las-obras-de-ampliacion-del-hospital-general-san-martin\/","title":{"rendered":"Se inauguraron las obras de ampliaci\u00f3n del Hospital General San Mart\u00edn"},"content":{"rendered":"\n<p>El gobernador de la provincia de Buenos Aires, Axel Kicillof, encabez\u00f3 en Carhu\u00e9 el acto de inauguraci\u00f3n de las obras de ampliaci\u00f3n del Hospital Municipal General San Mart\u00edn y la puesta en funcionamiento de una ambulancia para fortalecer la gesti\u00f3n de emergencias, junto al ministro de Salud, Nicol\u00e1s Kreplak, y el intendente de Adolfo Alsina, Javier Andr\u00e9s.<\/p>\n\n\n\n<p>\u201cLuego de una etapa en la que se atac\u00f3 al sistema de salud y, sobre todo, a sus trabajadores y trabajadoras, estamos llevando adelante la inversi\u00f3n m\u00e1s grande que se recuerde en la historia de la provincia\u201d, expres\u00f3 Kicillof y agreg\u00f3: \u201cAhora insisten con que hay que ajustar y dinamitar el Estado, que es el \u00fanico prestador de salud en el municipio\u201d.<\/p>\n\n\n\n<p>Adem\u00e1s, el Gobernador se\u00f1al\u00f3 que \u201cnosotros vamos a seguir transitando por el camino de la ampliaci\u00f3n de los derechos y de las capacidades del Estado en materia de salud\u201d. \u201cLo haremos invirtiendo lo que sea necesario tanto en infraestructura como en la incorporaci\u00f3n de m\u00e9dicos, enfermeros, camilleros y todo el personal que se requiera para llegar a todos y todas\u201d, a\u00f1adi\u00f3.<\/p>\n\n\n\n<p>A partir de una inversi\u00f3n de $48 millones, se realiz\u00f3 una ampliaci\u00f3n en el \u00e1rea de emergentolog\u00eda que incluye tres consultorios de guardia, vacunatorio, salas de oncolog\u00eda, hemoterapia y shock room, dos habitaciones del Hospital de D\u00eda, administraci\u00f3n y oficina de enfermer\u00eda.<\/p>\n\n\n\n<p>\u201cEstamos trabajando en Carhu\u00e9 con un sistema de salud integrado que llega a todos y todas: aqu\u00ed es el Estado el \u00fanico capaz de garantizar equidad y cumplir el derecho a la salud de todos los y las bonaerenses\u201d, indic\u00f3 Kreplak.<\/p>\n\n\n\n<p>Por su parte, el intendente Andr\u00e9s remarc\u00f3 que \u201cseguimos dando pasos en materia de salud p\u00fablica y esta inauguraci\u00f3n es una muestra de ello\u201d. \u201cPodemos hacerlo gracias al trabajo en conjunto con la comunidad y la articulaci\u00f3n entre el municipio y el Gobierno de la Provincia\u201d, dijo.<\/p>\n","protected":false},"excerpt":{"rendered":"<p>El gobernador de la provincia de Buenos Aires, Axel Kicillof, encabez\u00f3 en Carhu\u00e9 el acto de inauguraci\u00f3n de las obras<\/p>\n","protected":false},"author":3,"featured_media":1708,"comment_status":"closed","ping_status":"closed","sticky":false,"template":"","format":"standard","meta":{"colormag_page_container_layout":"default_layout","colormag_page_sidebar_layout":"default_layout","footnotes":""},"categories":[10,14],"tags":[],"class_list":["post-1707","post","type-post","status-publish","format-standard","has-post-thumbnail","hentry","category-6ta-seccion","category-politica"],"yoast_head":"<!-- This site is optimized with the Yoast SEO plugin v27.4 - https:\/\/yoast.com\/product\/yoast-seo-wordpress\/ -->\n<title>Se inauguraron las obras de ampliaci\u00f3n del Hospital General San Mart\u00edn - InfoPBA247<\/title>\n<meta name=\"robots\" content=\"index, follow, max-snippet:-1, max-image-preview:large, max-video-preview:-1\" \/>\n<link rel=\"canonical\" href=\"https:\/\/infopba247.com.ar\/index.php\/2023\/06\/21\/se-inauguraron-las-obras-de-ampliacion-del-hospital-general-san-martin\/\" \/>\n<meta property=\"og:locale\" content=\"es_ES\" \/>\n<meta property=\"og:type\" content=\"article\" \/>\n<meta property=\"og:title\" content=\"Se inauguraron las obras de ampliaci\u00f3n del Hospital General San Mart\u00edn - InfoPBA247\" \/>\n<meta property=\"og:description\" content=\"El gobernador de la provincia de Buenos Aires, Axel Kicillof, encabez\u00f3 en Carhu\u00e9 el acto de inauguraci\u00f3n de las obras\" \/>\n<meta property=\"og:url\" content=\"https:\/\/infopba247.com.ar\/index.php\/2023\/06\/21\/se-inauguraron-las-obras-de-ampliacion-del-hospital-general-san-martin\/\" \/>\n<meta property=\"og:site_name\" content=\"InfoPBA247\" \/>\n<meta property=\"article:publisher\" content=\"https:\/\/www.facebook.com\/InfoPBA\" \/>\n<meta property=\"article:published_time\" content=\"2023-06-21T10:16:00+00:00\" \/>\n<meta property=\"article:modified_time\" content=\"2023-06-30T10:23:49+00:00\" \/>\n<meta property=\"og:image\" content=\"https:\/\/infopba247.com.ar\/wp-content\/uploads\/2023\/06\/2023_06_16-AK-A.-Alsina__SGE3489-scaled.jpg\" \/>\n\t<meta property=\"og:image:width\" content=\"2560\" \/>\n\t<meta property=\"og:image:height\" content=\"1707\" \/>\n\t<meta property=\"og:image:type\" content=\"image\/jpeg\" \/>\n<meta name=\"author\" content=\"Editor\" \/>\n<meta name=\"twitter:card\" content=\"summary_large_image\" \/>\n<meta name=\"twitter:label1\" content=\"Escrito por\" \/>\n\t<meta name=\"twitter:data1\" content=\"Editor\" \/>\n\t<meta name=\"twitter:label2\" content=\"Tiempo de lectura\" \/>\n\t<meta name=\"twitter:data2\" content=\"2 minutos\" \/>\n<script type=\"application\/ld+json\" class=\"yoast-schema-graph\">{\"@context\":\"https:\\\/\\\/schema.org\",\"@graph\":[{\"@type\":\"Article\",\"@id\":\"https:\\\/\\\/infopba247.com.ar\\\/index.php\\\/2023\\\/06\\\/21\\\/se-inauguraron-las-obras-de-ampliacion-del-hospital-general-san-martin\\\/#article\",\"isPartOf\":{\"@id\":\"https:\\\/\\\/infopba247.com.ar\\\/index.php\\\/2023\\\/06\\\/21\\\/se-inauguraron-las-obras-de-ampliacion-del-hospital-general-san-martin\\\/\"},\"author\":{\"name\":\"Editor\",\"@id\":\"https:\\\/\\\/infopba247.com.ar\\\/#\\\/schema\\\/person\\\/4975f1343a413e57bf839b3eed0099f2\"},\"headline\":\"Se inauguraron las obras de ampliaci\u00f3n del Hospital General San Mart\u00edn\",\"datePublished\":\"2023-06-21T10:16:00+00:00\",\"dateModified\":\"2023-06-30T10:23:49+00:00\",\"mainEntityOfPage\":{\"@id\":\"https:\\\/\\\/infopba247.com.ar\\\/index.php\\\/2023\\\/06\\\/21\\\/se-inauguraron-las-obras-de-ampliacion-del-hospital-general-san-martin\\\/\"},\"wordCount\":347,\"publisher\":{\"@id\":\"https:\\\/\\\/infopba247.com.ar\\\/#organization\"},\"image\":{\"@id\":\"https:\\\/\\\/infopba247.com.ar\\\/index.php\\\/2023\\\/06\\\/21\\\/se-inauguraron-las-obras-de-ampliacion-del-hospital-general-san-martin\\\/#primaryimage\"},\"thumbnailUrl\":\"https:\\\/\\\/infopba247.com.ar\\\/wp-content\\\/uploads\\\/2023\\\/06\\\/2023_06_16-AK-A.-Alsina__SGE3489-scaled.jpg\",\"articleSection\":[\"6ta Secci\u00f3n\",\"Pol\u00edtica\"],\"inLanguage\":\"es\"},{\"@type\":\"WebPage\",\"@id\":\"https:\\\/\\\/infopba247.com.ar\\\/index.php\\\/2023\\\/06\\\/21\\\/se-inauguraron-las-obras-de-ampliacion-del-hospital-general-san-martin\\\/\",\"url\":\"https:\\\/\\\/infopba247.com.ar\\\/index.php\\\/2023\\\/06\\\/21\\\/se-inauguraron-las-obras-de-ampliacion-del-hospital-general-san-martin\\\/\",\"name\":\"Se inauguraron las obras de ampliaci\u00f3n del Hospital General San Mart\u00edn - InfoPBA247\",\"isPartOf\":{\"@id\":\"https:\\\/\\\/infopba247.com.ar\\\/#website\"},\"primaryImageOfPage\":{\"@id\":\"https:\\\/\\\/infopba247.com.ar\\\/index.php\\\/2023\\\/06\\\/21\\\/se-inauguraron-las-obras-de-ampliacion-del-hospital-general-san-martin\\\/#primaryimage\"},\"image\":{\"@id\":\"https:\\\/\\\/infopba247.com.ar\\\/index.php\\\/2023\\\/06\\\/21\\\/se-inauguraron-las-obras-de-ampliacion-del-hospital-general-san-martin\\\/#primaryimage\"},\"thumbnailUrl\":\"https:\\\/\\\/infopba247.com.ar\\\/wp-content\\\/uploads\\\/2023\\\/06\\\/2023_06_16-AK-A.-Alsina__SGE3489-scaled.jpg\",\"datePublished\":\"2023-06-21T10:16:00+00:00\",\"dateModified\":\"2023-06-30T10:23:49+00:00\",\"breadcrumb\":{\"@id\":\"https:\\\/\\\/infopba247.com.ar\\\/index.php\\\/2023\\\/06\\\/21\\\/se-inauguraron-las-obras-de-ampliacion-del-hospital-general-san-martin\\\/#breadcrumb\"},\"inLanguage\":\"es\",\"potentialAction\":[{\"@type\":\"ReadAction\",\"target\":[\"https:\\\/\\\/infopba247.com.ar\\\/index.php\\\/2023\\\/06\\\/21\\\/se-inauguraron-las-obras-de-ampliacion-del-hospital-general-san-martin\\\/\"]}]},{\"@type\":\"ImageObject\",\"inLanguage\":\"es\",\"@id\":\"https:\\\/\\\/infopba247.com.ar\\\/index.php\\\/2023\\\/06\\\/21\\\/se-inauguraron-las-obras-de-ampliacion-del-hospital-general-san-martin\\\/#primaryimage\",\"url\":\"https:\\\/\\\/infopba247.com.ar\\\/wp-content\\\/uploads\\\/2023\\\/06\\\/2023_06_16-AK-A.-Alsina__SGE3489-scaled.jpg\",\"contentUrl\":\"https:\\\/\\\/infopba247.com.ar\\\/wp-content\\\/uploads\\\/2023\\\/06\\\/2023_06_16-AK-A.-Alsina__SGE3489-scaled.jpg\",\"width\":2560,\"height\":1707},{\"@type\":\"BreadcrumbList\",\"@id\":\"https:\\\/\\\/infopba247.com.ar\\\/index.php\\\/2023\\\/06\\\/21\\\/se-inauguraron-las-obras-de-ampliacion-del-hospital-general-san-martin\\\/#breadcrumb\",\"itemListElement\":[{\"@type\":\"ListItem\",\"position\":1,\"name\":\"Portada\",\"item\":\"https:\\\/\\\/infopba247.com.ar\\\/\"},{\"@type\":\"ListItem\",\"position\":2,\"name\":\"Se inauguraron las obras de ampliaci\u00f3n del Hospital General San Mart\u00edn\"}]},{\"@type\":\"WebSite\",\"@id\":\"https:\\\/\\\/infopba247.com.ar\\\/#website\",\"url\":\"https:\\\/\\\/infopba247.com.ar\\\/\",\"name\":\"InfoPBA247\",\"description\":\"Toda la actualidad bonaerense\",\"publisher\":{\"@id\":\"https:\\\/\\\/infopba247.com.ar\\\/#organization\"},\"potentialAction\":[{\"@type\":\"SearchAction\",\"target\":{\"@type\":\"EntryPoint\",\"urlTemplate\":\"https:\\\/\\\/infopba247.com.ar\\\/?s={search_term_string}\"},\"query-input\":{\"@type\":\"PropertyValueSpecification\",\"valueRequired\":true,\"valueName\":\"search_term_string\"}}],\"inLanguage\":\"es\"},{\"@type\":\"Organization\",\"@id\":\"https:\\\/\\\/infopba247.com.ar\\\/#organization\",\"name\":\"InfoPBA247\",\"url\":\"https:\\\/\\\/infopba247.com.ar\\\/\",\"logo\":{\"@type\":\"ImageObject\",\"inLanguage\":\"es\",\"@id\":\"https:\\\/\\\/infopba247.com.ar\\\/#\\\/schema\\\/logo\\\/image\\\/\",\"url\":\"https:\\\/\\\/infopba247.com.ar\\\/wp-content\\\/uploads\\\/2022\\\/03\\\/cropped-InfoPBA247-1.png\",\"contentUrl\":\"https:\\\/\\\/infopba247.com.ar\\\/wp-content\\\/uploads\\\/2022\\\/03\\\/cropped-InfoPBA247-1.png\",\"width\":500,\"height\":122,\"caption\":\"InfoPBA247\"},\"image\":{\"@id\":\"https:\\\/\\\/infopba247.com.ar\\\/#\\\/schema\\\/logo\\\/image\\\/\"},\"sameAs\":[\"https:\\\/\\\/www.facebook.com\\\/InfoPBA\"]},{\"@type\":\"Person\",\"@id\":\"https:\\\/\\\/infopba247.com.ar\\\/#\\\/schema\\\/person\\\/4975f1343a413e57bf839b3eed0099f2\",\"name\":\"Editor\",\"image\":{\"@type\":\"ImageObject\",\"inLanguage\":\"es\",\"@id\":\"https:\\\/\\\/secure.gravatar.com\\\/avatar\\\/d27fe9520667ca53441d36627a1d6b0fa4a813571ec4803687a7a3a7744685ac?s=96&d=mm&r=g\",\"url\":\"https:\\\/\\\/secure.gravatar.com\\\/avatar\\\/d27fe9520667ca53441d36627a1d6b0fa4a813571ec4803687a7a3a7744685ac?s=96&d=mm&r=g\",\"contentUrl\":\"https:\\\/\\\/secure.gravatar.com\\\/avatar\\\/d27fe9520667ca53441d36627a1d6b0fa4a813571ec4803687a7a3a7744685ac?s=96&d=mm&r=g\",\"caption\":\"Editor\"},\"url\":\"https:\\\/\\\/infopba247.com.ar\\\/index.php\\\/author\\\/editor\\\/\"}]}<\/script>\n<!-- \/ Yoast SEO plugin. -->","yoast_head_json":{"title":"Se inauguraron las obras de ampliaci\u00f3n del Hospital General San Mart\u00edn - InfoPBA247","robots":{"index":"index","follow":"follow","max-snippet":"max-snippet:-1","max-image-preview":"max-image-preview:large","max-video-preview":"max-video-preview:-1"},"canonical":"https:\/\/infopba247.com.ar\/index.php\/2023\/06\/21\/se-inauguraron-las-obras-de-ampliacion-del-hospital-general-san-martin\/","og_locale":"es_ES","og_type":"article","og_title":"Se inauguraron las obras de ampliaci\u00f3n del Hospital General San Mart\u00edn - InfoPBA247","og_description":"El gobernador de la provincia de Buenos Aires, Axel Kicillof, encabez\u00f3 en Carhu\u00e9 el acto de inauguraci\u00f3n de las obras","og_url":"https:\/\/infopba247.com.ar\/index.php\/2023\/06\/21\/se-inauguraron-las-obras-de-ampliacion-del-hospital-general-san-martin\/","og_site_name":"InfoPBA247","article_publisher":"https:\/\/www.facebook.com\/InfoPBA","article_published_time":"2023-06-21T10:16:00+00:00","article_modified_time":"2023-06-30T10:23:49+00:00","og_image":[{"width":2560,"height":1707,"url":"https:\/\/infopba247.com.ar\/wp-content\/uploads\/2023\/06\/2023_06_16-AK-A.-Alsina__SGE3489-scaled.jpg","type":"image\/jpeg"}],"author":"Editor","twitter_card":"summary_large_image","twitter_misc":{"Escrito por":"Editor","Tiempo de lectura":"2 minutos"},"schema":{"@context":"https:\/\/schema.org","@graph":[{"@type":"Article","@id":"https:\/\/infopba247.com.ar\/index.php\/2023\/06\/21\/se-inauguraron-las-obras-de-ampliacion-del-hospital-general-san-martin\/#article","isPartOf":{"@id":"https:\/\/infopba247.com.ar\/index.php\/2023\/06\/21\/se-inauguraron-las-obras-de-ampliacion-del-hospital-general-san-martin\/"},"author":{"name":"Editor","@id":"https:\/\/infopba247.com.ar\/#\/schema\/person\/4975f1343a413e57bf839b3eed0099f2"},"headline":"Se inauguraron las obras de ampliaci\u00f3n del Hospital General San Mart\u00edn","datePublished":"2023-06-21T10:16:00+00:00","dateModified":"2023-06-30T10:23:49+00:00","mainEntityOfPage":{"@id":"https:\/\/infopba247.com.ar\/index.php\/2023\/06\/21\/se-inauguraron-las-obras-de-ampliacion-del-hospital-general-san-martin\/"},"wordCount":347,"publisher":{"@id":"https:\/\/infopba247.com.ar\/#organization"},"image":{"@id":"https:\/\/infopba247.com.ar\/index.php\/2023\/06\/21\/se-inauguraron-las-obras-de-ampliacion-del-hospital-general-san-martin\/#primaryimage"},"thumbnailUrl":"https:\/\/infopba247.com.ar\/wp-content\/uploads\/2023\/06\/2023_06_16-AK-A.-Alsina__SGE3489-scaled.jpg","articleSection":["6ta Secci\u00f3n","Pol\u00edtica"],"inLanguage":"es"},{"@type":"WebPage","@id":"https:\/\/infopba247.com.ar\/index.php\/2023\/06\/21\/se-inauguraron-las-obras-de-ampliacion-del-hospital-general-san-martin\/","url":"https:\/\/infopba247.com.ar\/index.php\/2023\/06\/21\/se-inauguraron-las-obras-de-ampliacion-del-hospital-general-san-martin\/","name":"Se inauguraron las obras de ampliaci\u00f3n del Hospital General San Mart\u00edn - InfoPBA247","isPartOf":{"@id":"https:\/\/infopba247.com.ar\/#website"},"primaryImageOfPage":{"@id":"https:\/\/infopba247.com.ar\/index.php\/2023\/06\/21\/se-inauguraron-las-obras-de-ampliacion-del-hospital-general-san-martin\/#primaryimage"},"image":{"@id":"https:\/\/infopba247.com.ar\/index.php\/2023\/06\/21\/se-inauguraron-las-obras-de-ampliacion-del-hospital-general-san-martin\/#primaryimage"},"thumbnailUrl":"https:\/\/infopba247.com.ar\/wp-content\/uploads\/2023\/06\/2023_06_16-AK-A.-Alsina__SGE3489-scaled.jpg","datePublished":"2023-06-21T10:16:00+00:00","dateModified":"2023-06-30T10:23:49+00:00","breadcrumb":{"@id":"https:\/\/infopba247.com.ar\/index.php\/2023\/06\/21\/se-inauguraron-las-obras-de-ampliacion-del-hospital-general-san-martin\/#breadcrumb"},"inLanguage":"es","potentialAction":[{"@type":"ReadAction","target":["https:\/\/infopba247.com.ar\/index.php\/2023\/06\/21\/se-inauguraron-las-obras-de-ampliacion-del-hospital-general-san-martin\/"]}]},{"@type":"ImageObject","inLanguage":"es","@id":"https:\/\/infopba247.com.ar\/index.php\/2023\/06\/21\/se-inauguraron-las-obras-de-ampliacion-del-hospital-general-san-martin\/#primaryimage","url":"https:\/\/infopba247.com.ar\/wp-content\/uploads\/2023\/06\/2023_06_16-AK-A.-Alsina__SGE3489-scaled.jpg","contentUrl":"https:\/\/infopba247.com.ar\/wp-content\/uploads\/2023\/06\/2023_06_16-AK-A.-Alsina__SGE3489-scaled.jpg","width":2560,"height":1707},{"@type":"BreadcrumbList","@id":"https:\/\/infopba247.com.ar\/index.php\/2023\/06\/21\/se-inauguraron-las-obras-de-ampliacion-del-hospital-general-san-martin\/#breadcrumb","itemListElement":[{"@type":"ListItem","position":1,"name":"Portada","item":"https:\/\/infopba247.com.ar\/"},{"@type":"ListItem","position":2,"name":"Se inauguraron las obras de ampliaci\u00f3n del Hospital General San Mart\u00edn"}]},{"@type":"WebSite","@id":"https:\/\/infopba247.com.ar\/#website","url":"https:\/\/infopba247.com.ar\/","name":"InfoPBA247","description":"Toda la actualidad bonaerense","publisher":{"@id":"https:\/\/infopba247.com.ar\/#organization"},"potentialAction":[{"@type":"SearchAction","target":{"@type":"EntryPoint","urlTemplate":"https:\/\/infopba247.com.ar\/?s={search_term_string}"},"query-input":{"@type":"PropertyValueSpecification","valueRequired":true,"valueName":"search_term_string"}}],"inLanguage":"es"},{"@type":"Organization","@id":"https:\/\/infopba247.com.ar\/#organization","name":"InfoPBA247","url":"https:\/\/infopba247.com.ar\/","logo":{"@type":"ImageObject","inLanguage":"es","@id":"https:\/\/infopba247.com.ar\/#\/schema\/logo\/image\/","url":"https:\/\/infopba247.com.ar\/wp-content\/uploads\/2022\/03\/cropped-InfoPBA247-1.png","contentUrl":"https:\/\/infopba247.com.ar\/wp-content\/uploads\/2022\/03\/cropped-InfoPBA247-1.png","width":500,"height":122,"caption":"InfoPBA247"},"image":{"@id":"https:\/\/infopba247.com.ar\/#\/schema\/logo\/image\/"},"sameAs":["https:\/\/www.facebook.com\/InfoPBA"]},{"@type":"Person","@id":"https:\/\/infopba247.com.ar\/#\/schema\/person\/4975f1343a413e57bf839b3eed0099f2","name":"Editor","image":{"@type":"ImageObject","inLanguage":"es","@id":"https:\/\/secure.gravatar.com\/avatar\/d27fe9520667ca53441d36627a1d6b0fa4a813571ec4803687a7a3a7744685ac?s=96&d=mm&r=g","url":"https:\/\/secure.gravatar.com\/avatar\/d27fe9520667ca53441d36627a1d6b0fa4a813571ec4803687a7a3a7744685ac?s=96&d=mm&r=g","contentUrl":"https:\/\/secure.gravatar.com\/avatar\/d27fe9520667ca53441d36627a1d6b0fa4a813571ec4803687a7a3a7744685ac?s=96&d=mm&r=g","caption":"Editor"},"url":"https:\/\/infopba247.com.ar\/index.php\/author\/editor\/"}]}},"_links":{"self":[{"href":"https:\/\/infopba247.com.ar\/index.php\/wp-json\/wp\/v2\/posts\/1707","targetHints":{"allow":["GET"]}}],"collection":[{"href":"https:\/\/infopba247.com.ar\/index.php\/wp-json\/wp\/v2\/posts"}],"about":[{"href":"https:\/\/infopba247.com.ar\/index.php\/wp-json\/wp\/v2\/types\/post"}],"author":[{"embeddable":true,"href":"https:\/\/infopba247.com.ar\/index.php\/wp-json\/wp\/v2\/users\/3"}],"replies":[{"embeddable":true,"href":"https:\/\/infopba247.com.ar\/index.php\/wp-json\/wp\/v2\/comments?post=1707"}],"version-history":[{"count":1,"href":"https:\/\/infopba247.com.ar\/index.php\/wp-json\/wp\/v2\/posts\/1707\/revisions"}],"predecessor-version":[{"id":1709,"href":"https:\/\/infopba247.com.ar\/index.php\/wp-json\/wp\/v2\/posts\/1707\/revisions\/1709"}],"wp:featuredmedia":[{"embeddable":true,"href":"https:\/\/infopba247.com.ar\/index.php\/wp-json\/wp\/v2\/media\/1708"}],"wp:attachment":[{"href":"https:\/\/infopba247.com.ar\/index.php\/wp-json\/wp\/v2\/media?parent=1707"}],"wp:term":[{"taxonomy":"category","embeddable":true,"href":"https:\/\/infopba247.com.ar\/index.php\/wp-json\/wp\/v2\/categories?post=1707"},{"taxonomy":"post_tag","embeddable":true,"href":"https:\/\/infopba247.com.ar\/index.php\/wp-json\/wp\/v2\/tags?post=1707"}],"curies":[{"name":"wp","href":"https:\/\/api.w.org\/{rel}","templated":true}]}}