{"id":1695,"date":"2023-06-16T06:23:00","date_gmt":"2023-06-16T09:23:00","guid":{"rendered":"https:\/\/infopba247.com.ar\/?p=1695"},"modified":"2023-06-30T07:10:42","modified_gmt":"2023-06-30T10:10:42","slug":"comenzaron-dos-obras-educativas-muy-esperadas-en-monte-hermoso","status":"publish","type":"post","link":"https:\/\/infopba247.com.ar\/index.php\/2023\/06\/16\/comenzaron-dos-obras-educativas-muy-esperadas-en-monte-hermoso\/","title":{"rendered":"Comenzaron dos obras educativas muy esperadas en Monte Hermoso"},"content":{"rendered":"\n<p>Monte Hermoso dio inicio a dos obras en simult\u00e1neo, el Sal\u00f3n de Usos M\u00faltiples de la Primaria N\u00b0 2 y el edificio de la Secundaria T\u00e9cnica Profesional; la primera financiada por el Gobierno de la Provincia y la segunda por Naci\u00f3n.<\/p>\n\n\n\n<p>Con una inversi\u00f3n de 54 millones 92 mil pesos, ya comenz\u00f3 la ampliaci\u00f3n edilicia de la Primaria 2, anunciada por el intendente Marcos Fern\u00e1ndez en el marco del 50\u00b0 aniversario de la instituci\u00f3n y gestionado a trav\u00e9s del Programa Especial de Emergencia Educativa PEED, contempla la construcci\u00f3n de una superficie de 300 metros cuadrados conectada al propio edificio, que incluye ampliaci\u00f3n del SUM y el acceso por Av. R\u00edo Juramento.<\/p>\n\n\n\n<p>En cuanto a la obra edilicia de la T\u00e9cnica N\u00b0 1, ya se inici\u00f3 el replanteo y estudio de suelo en el predio municipal ubicado sobre Av. Alfons\u00edn esquina Deluster.<\/p>\n\n\n\n<p>La misma cuenta con un presupuesto de 590 millones de pesos en el marco del Programa 100 Escuelas T\u00e9cnicas de Educaci\u00f3n Profesional Secundaria, una iniciativa del Ministerio de Obras P\u00fablicas de Naci\u00f3n junto al de Educaci\u00f3n, a trav\u00e9s del Instituto Nacional de Educaci\u00f3n Tecnol\u00f3gica (INET).<\/p>\n\n\n\n<p>Tendr\u00e1 una&nbsp;superficie total de 3.500 m\u00b2 con aulas, talleres, laboratorios, biblioteca, SUM y espacios de encuentro&nbsp;que permitan realizar un trabajo colaborativo entre las diferentes \u00e1reas curriculares; lograr una aproximaci\u00f3n a los procesos productivos y su vinculaci\u00f3n con el desarrollo local, los servicios tecnol\u00f3gicos y la comunidad. Se estima que cada escuela tenga capacidad para recibir a 800 estudiantes en tres turnos.<\/p>\n","protected":false},"excerpt":{"rendered":"<p>Monte Hermoso dio inicio a dos obras en simult\u00e1neo, el Sal\u00f3n de Usos M\u00faltiples de la Primaria N\u00b0 2 y<\/p>\n","protected":false},"author":3,"featured_media":1696,"comment_status":"closed","ping_status":"closed","sticky":false,"template":"","format":"standard","meta":{"colormag_page_container_layout":"default_layout","colormag_page_sidebar_layout":"default_layout","footnotes":""},"categories":[10,14],"tags":[44],"class_list":["post-1695","post","type-post","status-publish","format-standard","has-post-thumbnail","hentry","category-6ta-seccion","category-politica","tag-municipalidad-de-monte-hermoso"],"yoast_head":"<!-- This site is optimized with the Yoast SEO plugin v27.4 - https:\/\/yoast.com\/product\/yoast-seo-wordpress\/ -->\n<title>Comenzaron dos obras educativas muy esperadas en Monte Hermoso - InfoPBA247<\/title>\n<meta name=\"robots\" content=\"index, follow, max-snippet:-1, max-image-preview:large, max-video-preview:-1\" \/>\n<link rel=\"canonical\" href=\"https:\/\/infopba247.com.ar\/index.php\/2023\/06\/16\/comenzaron-dos-obras-educativas-muy-esperadas-en-monte-hermoso\/\" \/>\n<meta property=\"og:locale\" content=\"es_ES\" \/>\n<meta property=\"og:type\" content=\"article\" \/>\n<meta property=\"og:title\" content=\"Comenzaron dos obras educativas muy esperadas en Monte Hermoso - InfoPBA247\" \/>\n<meta property=\"og:description\" content=\"Monte Hermoso dio inicio a dos obras en simult\u00e1neo, el Sal\u00f3n de Usos M\u00faltiples de la Primaria N\u00b0 2 y\" \/>\n<meta property=\"og:url\" content=\"https:\/\/infopba247.com.ar\/index.php\/2023\/06\/16\/comenzaron-dos-obras-educativas-muy-esperadas-en-monte-hermoso\/\" \/>\n<meta property=\"og:site_name\" content=\"InfoPBA247\" \/>\n<meta property=\"article:publisher\" content=\"https:\/\/www.facebook.com\/InfoPBA\" \/>\n<meta property=\"article:published_time\" content=\"2023-06-16T09:23:00+00:00\" \/>\n<meta property=\"article:modified_time\" content=\"2023-06-30T10:10:42+00:00\" \/>\n<meta property=\"og:image\" content=\"https:\/\/infopba247.com.ar\/wp-content\/uploads\/2023\/06\/sumprimaria2-scaled.jpg\" \/>\n\t<meta property=\"og:image:width\" content=\"2560\" \/>\n\t<meta property=\"og:image:height\" content=\"1700\" \/>\n\t<meta property=\"og:image:type\" content=\"image\/jpeg\" \/>\n<meta name=\"author\" content=\"Editor\" \/>\n<meta name=\"twitter:card\" content=\"summary_large_image\" \/>\n<meta name=\"twitter:label1\" content=\"Escrito por\" \/>\n\t<meta name=\"twitter:data1\" content=\"Editor\" \/>\n\t<meta name=\"twitter:label2\" content=\"Tiempo de lectura\" \/>\n\t<meta name=\"twitter:data2\" content=\"1 minuto\" \/>\n<script type=\"application\/ld+json\" class=\"yoast-schema-graph\">{\"@context\":\"https:\\\/\\\/schema.org\",\"@graph\":[{\"@type\":\"Article\",\"@id\":\"https:\\\/\\\/infopba247.com.ar\\\/index.php\\\/2023\\\/06\\\/16\\\/comenzaron-dos-obras-educativas-muy-esperadas-en-monte-hermoso\\\/#article\",\"isPartOf\":{\"@id\":\"https:\\\/\\\/infopba247.com.ar\\\/index.php\\\/2023\\\/06\\\/16\\\/comenzaron-dos-obras-educativas-muy-esperadas-en-monte-hermoso\\\/\"},\"author\":{\"name\":\"Editor\",\"@id\":\"https:\\\/\\\/infopba247.com.ar\\\/#\\\/schema\\\/person\\\/4975f1343a413e57bf839b3eed0099f2\"},\"headline\":\"Comenzaron dos obras educativas muy esperadas en Monte Hermoso\",\"datePublished\":\"2023-06-16T09:23:00+00:00\",\"dateModified\":\"2023-06-30T10:10:42+00:00\",\"mainEntityOfPage\":{\"@id\":\"https:\\\/\\\/infopba247.com.ar\\\/index.php\\\/2023\\\/06\\\/16\\\/comenzaron-dos-obras-educativas-muy-esperadas-en-monte-hermoso\\\/\"},\"wordCount\":275,\"publisher\":{\"@id\":\"https:\\\/\\\/infopba247.com.ar\\\/#organization\"},\"image\":{\"@id\":\"https:\\\/\\\/infopba247.com.ar\\\/index.php\\\/2023\\\/06\\\/16\\\/comenzaron-dos-obras-educativas-muy-esperadas-en-monte-hermoso\\\/#primaryimage\"},\"thumbnailUrl\":\"https:\\\/\\\/infopba247.com.ar\\\/wp-content\\\/uploads\\\/2023\\\/06\\\/sumprimaria2-scaled.jpg\",\"keywords\":[\"Municipalidad de Monte Hermoso\"],\"articleSection\":[\"6ta Secci\u00f3n\",\"Pol\u00edtica\"],\"inLanguage\":\"es\"},{\"@type\":\"WebPage\",\"@id\":\"https:\\\/\\\/infopba247.com.ar\\\/index.php\\\/2023\\\/06\\\/16\\\/comenzaron-dos-obras-educativas-muy-esperadas-en-monte-hermoso\\\/\",\"url\":\"https:\\\/\\\/infopba247.com.ar\\\/index.php\\\/2023\\\/06\\\/16\\\/comenzaron-dos-obras-educativas-muy-esperadas-en-monte-hermoso\\\/\",\"name\":\"Comenzaron dos obras educativas muy esperadas en Monte Hermoso - InfoPBA247\",\"isPartOf\":{\"@id\":\"https:\\\/\\\/infopba247.com.ar\\\/#website\"},\"primaryImageOfPage\":{\"@id\":\"https:\\\/\\\/infopba247.com.ar\\\/index.php\\\/2023\\\/06\\\/16\\\/comenzaron-dos-obras-educativas-muy-esperadas-en-monte-hermoso\\\/#primaryimage\"},\"image\":{\"@id\":\"https:\\\/\\\/infopba247.com.ar\\\/index.php\\\/2023\\\/06\\\/16\\\/comenzaron-dos-obras-educativas-muy-esperadas-en-monte-hermoso\\\/#primaryimage\"},\"thumbnailUrl\":\"https:\\\/\\\/infopba247.com.ar\\\/wp-content\\\/uploads\\\/2023\\\/06\\\/sumprimaria2-scaled.jpg\",\"datePublished\":\"2023-06-16T09:23:00+00:00\",\"dateModified\":\"2023-06-30T10:10:42+00:00\",\"breadcrumb\":{\"@id\":\"https:\\\/\\\/infopba247.com.ar\\\/index.php\\\/2023\\\/06\\\/16\\\/comenzaron-dos-obras-educativas-muy-esperadas-en-monte-hermoso\\\/#breadcrumb\"},\"inLanguage\":\"es\",\"potentialAction\":[{\"@type\":\"ReadAction\",\"target\":[\"https:\\\/\\\/infopba247.com.ar\\\/index.php\\\/2023\\\/06\\\/16\\\/comenzaron-dos-obras-educativas-muy-esperadas-en-monte-hermoso\\\/\"]}]},{\"@type\":\"ImageObject\",\"inLanguage\":\"es\",\"@id\":\"https:\\\/\\\/infopba247.com.ar\\\/index.php\\\/2023\\\/06\\\/16\\\/comenzaron-dos-obras-educativas-muy-esperadas-en-monte-hermoso\\\/#primaryimage\",\"url\":\"https:\\\/\\\/infopba247.com.ar\\\/wp-content\\\/uploads\\\/2023\\\/06\\\/sumprimaria2-scaled.jpg\",\"contentUrl\":\"https:\\\/\\\/infopba247.com.ar\\\/wp-content\\\/uploads\\\/2023\\\/06\\\/sumprimaria2-scaled.jpg\",\"width\":2560,\"height\":1700},{\"@type\":\"BreadcrumbList\",\"@id\":\"https:\\\/\\\/infopba247.com.ar\\\/index.php\\\/2023\\\/06\\\/16\\\/comenzaron-dos-obras-educativas-muy-esperadas-en-monte-hermoso\\\/#breadcrumb\",\"itemListElement\":[{\"@type\":\"ListItem\",\"position\":1,\"name\":\"Portada\",\"item\":\"https:\\\/\\\/infopba247.com.ar\\\/\"},{\"@type\":\"ListItem\",\"position\":2,\"name\":\"Comenzaron dos obras educativas muy esperadas en Monte Hermoso\"}]},{\"@type\":\"WebSite\",\"@id\":\"https:\\\/\\\/infopba247.com.ar\\\/#website\",\"url\":\"https:\\\/\\\/infopba247.com.ar\\\/\",\"name\":\"InfoPBA247\",\"description\":\"Toda la actualidad bonaerense\",\"publisher\":{\"@id\":\"https:\\\/\\\/infopba247.com.ar\\\/#organization\"},\"potentialAction\":[{\"@type\":\"SearchAction\",\"target\":{\"@type\":\"EntryPoint\",\"urlTemplate\":\"https:\\\/\\\/infopba247.com.ar\\\/?s={search_term_string}\"},\"query-input\":{\"@type\":\"PropertyValueSpecification\",\"valueRequired\":true,\"valueName\":\"search_term_string\"}}],\"inLanguage\":\"es\"},{\"@type\":\"Organization\",\"@id\":\"https:\\\/\\\/infopba247.com.ar\\\/#organization\",\"name\":\"InfoPBA247\",\"url\":\"https:\\\/\\\/infopba247.com.ar\\\/\",\"logo\":{\"@type\":\"ImageObject\",\"inLanguage\":\"es\",\"@id\":\"https:\\\/\\\/infopba247.com.ar\\\/#\\\/schema\\\/logo\\\/image\\\/\",\"url\":\"https:\\\/\\\/infopba247.com.ar\\\/wp-content\\\/uploads\\\/2022\\\/03\\\/cropped-InfoPBA247-1.png\",\"contentUrl\":\"https:\\\/\\\/infopba247.com.ar\\\/wp-content\\\/uploads\\\/2022\\\/03\\\/cropped-InfoPBA247-1.png\",\"width\":500,\"height\":122,\"caption\":\"InfoPBA247\"},\"image\":{\"@id\":\"https:\\\/\\\/infopba247.com.ar\\\/#\\\/schema\\\/logo\\\/image\\\/\"},\"sameAs\":[\"https:\\\/\\\/www.facebook.com\\\/InfoPBA\"]},{\"@type\":\"Person\",\"@id\":\"https:\\\/\\\/infopba247.com.ar\\\/#\\\/schema\\\/person\\\/4975f1343a413e57bf839b3eed0099f2\",\"name\":\"Editor\",\"image\":{\"@type\":\"ImageObject\",\"inLanguage\":\"es\",\"@id\":\"https:\\\/\\\/secure.gravatar.com\\\/avatar\\\/d27fe9520667ca53441d36627a1d6b0fa4a813571ec4803687a7a3a7744685ac?s=96&d=mm&r=g\",\"url\":\"https:\\\/\\\/secure.gravatar.com\\\/avatar\\\/d27fe9520667ca53441d36627a1d6b0fa4a813571ec4803687a7a3a7744685ac?s=96&d=mm&r=g\",\"contentUrl\":\"https:\\\/\\\/secure.gravatar.com\\\/avatar\\\/d27fe9520667ca53441d36627a1d6b0fa4a813571ec4803687a7a3a7744685ac?s=96&d=mm&r=g\",\"caption\":\"Editor\"},\"url\":\"https:\\\/\\\/infopba247.com.ar\\\/index.php\\\/author\\\/editor\\\/\"}]}<\/script>\n<!-- \/ Yoast SEO plugin. -->","yoast_head_json":{"title":"Comenzaron dos obras educativas muy esperadas en Monte Hermoso - InfoPBA247","robots":{"index":"index","follow":"follow","max-snippet":"max-snippet:-1","max-image-preview":"max-image-preview:large","max-video-preview":"max-video-preview:-1"},"canonical":"https:\/\/infopba247.com.ar\/index.php\/2023\/06\/16\/comenzaron-dos-obras-educativas-muy-esperadas-en-monte-hermoso\/","og_locale":"es_ES","og_type":"article","og_title":"Comenzaron dos obras educativas muy esperadas en Monte Hermoso - InfoPBA247","og_description":"Monte Hermoso dio inicio a dos obras en simult\u00e1neo, el Sal\u00f3n de Usos M\u00faltiples de la Primaria N\u00b0 2 y","og_url":"https:\/\/infopba247.com.ar\/index.php\/2023\/06\/16\/comenzaron-dos-obras-educativas-muy-esperadas-en-monte-hermoso\/","og_site_name":"InfoPBA247","article_publisher":"https:\/\/www.facebook.com\/InfoPBA","article_published_time":"2023-06-16T09:23:00+00:00","article_modified_time":"2023-06-30T10:10:42+00:00","og_image":[{"width":2560,"height":1700,"url":"https:\/\/infopba247.com.ar\/wp-content\/uploads\/2023\/06\/sumprimaria2-scaled.jpg","type":"image\/jpeg"}],"author":"Editor","twitter_card":"summary_large_image","twitter_misc":{"Escrito por":"Editor","Tiempo de lectura":"1 minuto"},"schema":{"@context":"https:\/\/schema.org","@graph":[{"@type":"Article","@id":"https:\/\/infopba247.com.ar\/index.php\/2023\/06\/16\/comenzaron-dos-obras-educativas-muy-esperadas-en-monte-hermoso\/#article","isPartOf":{"@id":"https:\/\/infopba247.com.ar\/index.php\/2023\/06\/16\/comenzaron-dos-obras-educativas-muy-esperadas-en-monte-hermoso\/"},"author":{"name":"Editor","@id":"https:\/\/infopba247.com.ar\/#\/schema\/person\/4975f1343a413e57bf839b3eed0099f2"},"headline":"Comenzaron dos obras educativas muy esperadas en Monte Hermoso","datePublished":"2023-06-16T09:23:00+00:00","dateModified":"2023-06-30T10:10:42+00:00","mainEntityOfPage":{"@id":"https:\/\/infopba247.com.ar\/index.php\/2023\/06\/16\/comenzaron-dos-obras-educativas-muy-esperadas-en-monte-hermoso\/"},"wordCount":275,"publisher":{"@id":"https:\/\/infopba247.com.ar\/#organization"},"image":{"@id":"https:\/\/infopba247.com.ar\/index.php\/2023\/06\/16\/comenzaron-dos-obras-educativas-muy-esperadas-en-monte-hermoso\/#primaryimage"},"thumbnailUrl":"https:\/\/infopba247.com.ar\/wp-content\/uploads\/2023\/06\/sumprimaria2-scaled.jpg","keywords":["Municipalidad de Monte Hermoso"],"articleSection":["6ta Secci\u00f3n","Pol\u00edtica"],"inLanguage":"es"},{"@type":"WebPage","@id":"https:\/\/infopba247.com.ar\/index.php\/2023\/06\/16\/comenzaron-dos-obras-educativas-muy-esperadas-en-monte-hermoso\/","url":"https:\/\/infopba247.com.ar\/index.php\/2023\/06\/16\/comenzaron-dos-obras-educativas-muy-esperadas-en-monte-hermoso\/","name":"Comenzaron dos obras educativas muy esperadas en Monte Hermoso - InfoPBA247","isPartOf":{"@id":"https:\/\/infopba247.com.ar\/#website"},"primaryImageOfPage":{"@id":"https:\/\/infopba247.com.ar\/index.php\/2023\/06\/16\/comenzaron-dos-obras-educativas-muy-esperadas-en-monte-hermoso\/#primaryimage"},"image":{"@id":"https:\/\/infopba247.com.ar\/index.php\/2023\/06\/16\/comenzaron-dos-obras-educativas-muy-esperadas-en-monte-hermoso\/#primaryimage"},"thumbnailUrl":"https:\/\/infopba247.com.ar\/wp-content\/uploads\/2023\/06\/sumprimaria2-scaled.jpg","datePublished":"2023-06-16T09:23:00+00:00","dateModified":"2023-06-30T10:10:42+00:00","breadcrumb":{"@id":"https:\/\/infopba247.com.ar\/index.php\/2023\/06\/16\/comenzaron-dos-obras-educativas-muy-esperadas-en-monte-hermoso\/#breadcrumb"},"inLanguage":"es","potentialAction":[{"@type":"ReadAction","target":["https:\/\/infopba247.com.ar\/index.php\/2023\/06\/16\/comenzaron-dos-obras-educativas-muy-esperadas-en-monte-hermoso\/"]}]},{"@type":"ImageObject","inLanguage":"es","@id":"https:\/\/infopba247.com.ar\/index.php\/2023\/06\/16\/comenzaron-dos-obras-educativas-muy-esperadas-en-monte-hermoso\/#primaryimage","url":"https:\/\/infopba247.com.ar\/wp-content\/uploads\/2023\/06\/sumprimaria2-scaled.jpg","contentUrl":"https:\/\/infopba247.com.ar\/wp-content\/uploads\/2023\/06\/sumprimaria2-scaled.jpg","width":2560,"height":1700},{"@type":"BreadcrumbList","@id":"https:\/\/infopba247.com.ar\/index.php\/2023\/06\/16\/comenzaron-dos-obras-educativas-muy-esperadas-en-monte-hermoso\/#breadcrumb","itemListElement":[{"@type":"ListItem","position":1,"name":"Portada","item":"https:\/\/infopba247.com.ar\/"},{"@type":"ListItem","position":2,"name":"Comenzaron dos obras educativas muy esperadas en Monte Hermoso"}]},{"@type":"WebSite","@id":"https:\/\/infopba247.com.ar\/#website","url":"https:\/\/infopba247.com.ar\/","name":"InfoPBA247","description":"Toda la actualidad bonaerense","publisher":{"@id":"https:\/\/infopba247.com.ar\/#organization"},"potentialAction":[{"@type":"SearchAction","target":{"@type":"EntryPoint","urlTemplate":"https:\/\/infopba247.com.ar\/?s={search_term_string}"},"query-input":{"@type":"PropertyValueSpecification","valueRequired":true,"valueName":"search_term_string"}}],"inLanguage":"es"},{"@type":"Organization","@id":"https:\/\/infopba247.com.ar\/#organization","name":"InfoPBA247","url":"https:\/\/infopba247.com.ar\/","logo":{"@type":"ImageObject","inLanguage":"es","@id":"https:\/\/infopba247.com.ar\/#\/schema\/logo\/image\/","url":"https:\/\/infopba247.com.ar\/wp-content\/uploads\/2022\/03\/cropped-InfoPBA247-1.png","contentUrl":"https:\/\/infopba247.com.ar\/wp-content\/uploads\/2022\/03\/cropped-InfoPBA247-1.png","width":500,"height":122,"caption":"InfoPBA247"},"image":{"@id":"https:\/\/infopba247.com.ar\/#\/schema\/logo\/image\/"},"sameAs":["https:\/\/www.facebook.com\/InfoPBA"]},{"@type":"Person","@id":"https:\/\/infopba247.com.ar\/#\/schema\/person\/4975f1343a413e57bf839b3eed0099f2","name":"Editor","image":{"@type":"ImageObject","inLanguage":"es","@id":"https:\/\/secure.gravatar.com\/avatar\/d27fe9520667ca53441d36627a1d6b0fa4a813571ec4803687a7a3a7744685ac?s=96&d=mm&r=g","url":"https:\/\/secure.gravatar.com\/avatar\/d27fe9520667ca53441d36627a1d6b0fa4a813571ec4803687a7a3a7744685ac?s=96&d=mm&r=g","contentUrl":"https:\/\/secure.gravatar.com\/avatar\/d27fe9520667ca53441d36627a1d6b0fa4a813571ec4803687a7a3a7744685ac?s=96&d=mm&r=g","caption":"Editor"},"url":"https:\/\/infopba247.com.ar\/index.php\/author\/editor\/"}]}},"_links":{"self":[{"href":"https:\/\/infopba247.com.ar\/index.php\/wp-json\/wp\/v2\/posts\/1695","targetHints":{"allow":["GET"]}}],"collection":[{"href":"https:\/\/infopba247.com.ar\/index.php\/wp-json\/wp\/v2\/posts"}],"about":[{"href":"https:\/\/infopba247.com.ar\/index.php\/wp-json\/wp\/v2\/types\/post"}],"author":[{"embeddable":true,"href":"https:\/\/infopba247.com.ar\/index.php\/wp-json\/wp\/v2\/users\/3"}],"replies":[{"embeddable":true,"href":"https:\/\/infopba247.com.ar\/index.php\/wp-json\/wp\/v2\/comments?post=1695"}],"version-history":[{"count":1,"href":"https:\/\/infopba247.com.ar\/index.php\/wp-json\/wp\/v2\/posts\/1695\/revisions"}],"predecessor-version":[{"id":1697,"href":"https:\/\/infopba247.com.ar\/index.php\/wp-json\/wp\/v2\/posts\/1695\/revisions\/1697"}],"wp:featuredmedia":[{"embeddable":true,"href":"https:\/\/infopba247.com.ar\/index.php\/wp-json\/wp\/v2\/media\/1696"}],"wp:attachment":[{"href":"https:\/\/infopba247.com.ar\/index.php\/wp-json\/wp\/v2\/media?parent=1695"}],"wp:term":[{"taxonomy":"category","embeddable":true,"href":"https:\/\/infopba247.com.ar\/index.php\/wp-json\/wp\/v2\/categories?post=1695"},{"taxonomy":"post_tag","embeddable":true,"href":"https:\/\/infopba247.com.ar\/index.php\/wp-json\/wp\/v2\/tags?post=1695"}],"curies":[{"name":"wp","href":"https:\/\/api.w.org\/{rel}","templated":true}]}}