{"id":1683,"date":"2023-06-15T12:48:07","date_gmt":"2023-06-15T15:48:07","guid":{"rendered":"https:\/\/infopba247.com.ar\/?p=1683"},"modified":"2023-06-15T12:48:07","modified_gmt":"2023-06-15T15:48:07","slug":"mariel-fernandez-inauguro-la-restauracion-de-la-casona-historica-del-rojas","status":"publish","type":"post","link":"https:\/\/infopba247.com.ar\/index.php\/2023\/06\/15\/mariel-fernandez-inauguro-la-restauracion-de-la-casona-historica-del-rojas\/","title":{"rendered":"Mariel Fern\u00e1ndez inaugur\u00f3 la restauraci\u00f3n de la Casona Hist\u00f3rica del Rojas"},"content":{"rendered":"\n<p>La intendenta de Moreno, Mariel Fern\u00e1ndez, inaugur\u00f3 la obra de restauraci\u00f3n hist\u00f3rica del Instituto Superior de Formaci\u00f3n Docente \u00abRicardo Rojas\u00bb N\u00b021 que se realiz\u00f3 mediante la inversi\u00f3n del Fondo de Financiamiento Educativo. Estuvo acompa\u00f1ada por el equipo directivo, docentes y estudiantes del Instituto.<\/p>\n\n\n\n<p>La obra contempl\u00f3 la restauraci\u00f3n completa de la Casona antigua, un edificio hist\u00f3rico que es parte del patrimonio cultural morenense. Se realiz\u00f3 la restauraci\u00f3n de la biblioteca; un nuevo techo en el que se conservaron las lajas originales; la colocaci\u00f3n de nuevos pisos; la refacci\u00f3n de ba\u00f1os; y la pintura integral del edificio. Con estas tareas, se recuperaron espacios que estuvieron cerrados durante 15 a\u00f1os y se crearon nuevos tales como dos aulas; una sala de reuniones; oficinas para secretar\u00eda; jefaturas y direcci\u00f3n; sala de profesores; un espacio para el centro de estudiantes y dos dep\u00f3sitos.<\/p>\n\n\n\n<p>Adem\u00e1s, se hicieron nuevas instalaciones de agua y electricidad; se instalaron equipos de aires acondicionados en todo el establecimiento y se equip\u00f3 con nuevos mobiliarios. Actualmente, se realiza el mantenimiento de luminarias y ba\u00f1os.<\/p>\n\n\n\n<p>\u201cEste Instituto hist\u00f3rico de Moreno ten\u00eda un deterioro muy grande desde hace much\u00edsimos a\u00f1os y hasta hab\u00eda una naturalizaci\u00f3n de trabajar en esas condiciones. Lo primero que hicimos cuando asum\u00ed como intendenta fue ver la situaci\u00f3n de este instituto porque sab\u00eda que era un tema pendiente de a\u00f1os y pudimos comprobar que pod\u00eda ser restaurado; se declar\u00f3 patrimonio hist\u00f3rico municipal porque es una de las casonas m\u00e1s antiguas de Moreno y se pudo restaurar a nuevo. Aprovechamos y tambi\u00e9n reparamos otras aulas donde tambi\u00e9n avanzaba el deterioro\u201d explic\u00f3 la intendenta durante la inauguraci\u00f3n.<\/p>\n\n\n\n<p>\u201cCon estas obras brindamos las condiciones dignas que se merecen las y los estudiantes y todo el cuerpo docente que trabaja en este lugar\u201d, destac\u00f3.<\/p>\n\n\n\n<p>Este Instituto cuenta con nueve carreras y es uno de los m\u00e1s grandes de la Provincia de Buenos Aires. Con estas obras se benefician las y los m\u00e1s de 3.000 estudiantes y 300 trabajadoras y trabajadores de la educaci\u00f3n.<\/p>\n\n\n\n<p>Durante la inauguraci\u00f3n tambi\u00e9n estuvieron presentes la secretaria de Cultura, Educaci\u00f3n y Deportes, Cynthia Mu\u00f1oz; la jefa distrital de educaci\u00f3n, Karina Ram\u00edrez y el jefe regional de educaci\u00f3n, Gustavo Coppes.<\/p>\n","protected":false},"excerpt":{"rendered":"<p>La intendenta de Moreno, Mariel Fern\u00e1ndez, inaugur\u00f3 la obra de restauraci\u00f3n hist\u00f3rica del Instituto Superior de Formaci\u00f3n Docente \u00abRicardo Rojas\u00bb<\/p>\n","protected":false},"author":3,"featured_media":1685,"comment_status":"closed","ping_status":"closed","sticky":false,"template":"","format":"standard","meta":{"colormag_page_container_layout":"default_layout","colormag_page_sidebar_layout":"default_layout","footnotes":""},"categories":[5,1,14],"tags":[50],"class_list":["post-1683","post","type-post","status-publish","format-standard","has-post-thumbnail","hentry","category-1ra-seccion","category-destacadas","category-politica","tag-municipalidad-de-moreno"],"yoast_head":"<!-- This site is optimized with the Yoast SEO plugin v27.5 - https:\/\/yoast.com\/product\/yoast-seo-wordpress\/ -->\n<title>Mariel Fern\u00e1ndez inaugur\u00f3 la restauraci\u00f3n de la Casona Hist\u00f3rica del Rojas - InfoPBA247<\/title>\n<meta name=\"robots\" content=\"index, follow, max-snippet:-1, max-image-preview:large, max-video-preview:-1\" \/>\n<link rel=\"canonical\" href=\"https:\/\/infopba247.com.ar\/index.php\/2023\/06\/15\/mariel-fernandez-inauguro-la-restauracion-de-la-casona-historica-del-rojas\/\" \/>\n<meta property=\"og:locale\" content=\"es_ES\" \/>\n<meta property=\"og:type\" content=\"article\" \/>\n<meta property=\"og:title\" content=\"Mariel Fern\u00e1ndez inaugur\u00f3 la restauraci\u00f3n de la Casona Hist\u00f3rica del Rojas - InfoPBA247\" \/>\n<meta property=\"og:description\" content=\"La intendenta de Moreno, Mariel Fern\u00e1ndez, inaugur\u00f3 la obra de restauraci\u00f3n hist\u00f3rica del Instituto Superior de Formaci\u00f3n Docente \u00abRicardo Rojas\u00bb\" \/>\n<meta property=\"og:url\" content=\"https:\/\/infopba247.com.ar\/index.php\/2023\/06\/15\/mariel-fernandez-inauguro-la-restauracion-de-la-casona-historica-del-rojas\/\" \/>\n<meta property=\"og:site_name\" content=\"InfoPBA247\" \/>\n<meta property=\"article:publisher\" content=\"https:\/\/www.facebook.com\/InfoPBA\" \/>\n<meta property=\"article:published_time\" content=\"2023-06-15T15:48:07+00:00\" \/>\n<meta property=\"og:image\" content=\"https:\/\/infopba247.com.ar\/wp-content\/uploads\/2023\/06\/inauguracion-rojas-DSC01279-scaled.jpg\" \/>\n\t<meta property=\"og:image:width\" content=\"2560\" \/>\n\t<meta property=\"og:image:height\" content=\"1708\" \/>\n\t<meta property=\"og:image:type\" content=\"image\/jpeg\" \/>\n<meta name=\"author\" content=\"Editor\" \/>\n<meta name=\"twitter:card\" content=\"summary_large_image\" \/>\n<meta name=\"twitter:label1\" content=\"Escrito por\" \/>\n\t<meta name=\"twitter:data1\" content=\"Editor\" \/>\n\t<meta name=\"twitter:label2\" content=\"Tiempo de lectura\" \/>\n\t<meta name=\"twitter:data2\" content=\"2 minutos\" \/>\n<script type=\"application\/ld+json\" class=\"yoast-schema-graph\">{\"@context\":\"https:\\\/\\\/schema.org\",\"@graph\":[{\"@type\":\"Article\",\"@id\":\"https:\\\/\\\/infopba247.com.ar\\\/index.php\\\/2023\\\/06\\\/15\\\/mariel-fernandez-inauguro-la-restauracion-de-la-casona-historica-del-rojas\\\/#article\",\"isPartOf\":{\"@id\":\"https:\\\/\\\/infopba247.com.ar\\\/index.php\\\/2023\\\/06\\\/15\\\/mariel-fernandez-inauguro-la-restauracion-de-la-casona-historica-del-rojas\\\/\"},\"author\":{\"name\":\"Editor\",\"@id\":\"https:\\\/\\\/infopba247.com.ar\\\/#\\\/schema\\\/person\\\/4975f1343a413e57bf839b3eed0099f2\"},\"headline\":\"Mariel Fern\u00e1ndez inaugur\u00f3 la restauraci\u00f3n de la Casona Hist\u00f3rica del Rojas\",\"datePublished\":\"2023-06-15T15:48:07+00:00\",\"mainEntityOfPage\":{\"@id\":\"https:\\\/\\\/infopba247.com.ar\\\/index.php\\\/2023\\\/06\\\/15\\\/mariel-fernandez-inauguro-la-restauracion-de-la-casona-historica-del-rojas\\\/\"},\"wordCount\":414,\"publisher\":{\"@id\":\"https:\\\/\\\/infopba247.com.ar\\\/#organization\"},\"image\":{\"@id\":\"https:\\\/\\\/infopba247.com.ar\\\/index.php\\\/2023\\\/06\\\/15\\\/mariel-fernandez-inauguro-la-restauracion-de-la-casona-historica-del-rojas\\\/#primaryimage\"},\"thumbnailUrl\":\"https:\\\/\\\/infopba247.com.ar\\\/wp-content\\\/uploads\\\/2023\\\/06\\\/inauguracion-rojas-DSC01279-scaled.jpg\",\"keywords\":[\"Municipalidad de Moreno\"],\"articleSection\":[\"1ra Secci\u00f3n\",\"Destacadas\",\"Pol\u00edtica\"],\"inLanguage\":\"es\"},{\"@type\":\"WebPage\",\"@id\":\"https:\\\/\\\/infopba247.com.ar\\\/index.php\\\/2023\\\/06\\\/15\\\/mariel-fernandez-inauguro-la-restauracion-de-la-casona-historica-del-rojas\\\/\",\"url\":\"https:\\\/\\\/infopba247.com.ar\\\/index.php\\\/2023\\\/06\\\/15\\\/mariel-fernandez-inauguro-la-restauracion-de-la-casona-historica-del-rojas\\\/\",\"name\":\"Mariel Fern\u00e1ndez inaugur\u00f3 la restauraci\u00f3n de la Casona Hist\u00f3rica del Rojas - InfoPBA247\",\"isPartOf\":{\"@id\":\"https:\\\/\\\/infopba247.com.ar\\\/#website\"},\"primaryImageOfPage\":{\"@id\":\"https:\\\/\\\/infopba247.com.ar\\\/index.php\\\/2023\\\/06\\\/15\\\/mariel-fernandez-inauguro-la-restauracion-de-la-casona-historica-del-rojas\\\/#primaryimage\"},\"image\":{\"@id\":\"https:\\\/\\\/infopba247.com.ar\\\/index.php\\\/2023\\\/06\\\/15\\\/mariel-fernandez-inauguro-la-restauracion-de-la-casona-historica-del-rojas\\\/#primaryimage\"},\"thumbnailUrl\":\"https:\\\/\\\/infopba247.com.ar\\\/wp-content\\\/uploads\\\/2023\\\/06\\\/inauguracion-rojas-DSC01279-scaled.jpg\",\"datePublished\":\"2023-06-15T15:48:07+00:00\",\"breadcrumb\":{\"@id\":\"https:\\\/\\\/infopba247.com.ar\\\/index.php\\\/2023\\\/06\\\/15\\\/mariel-fernandez-inauguro-la-restauracion-de-la-casona-historica-del-rojas\\\/#breadcrumb\"},\"inLanguage\":\"es\",\"potentialAction\":[{\"@type\":\"ReadAction\",\"target\":[\"https:\\\/\\\/infopba247.com.ar\\\/index.php\\\/2023\\\/06\\\/15\\\/mariel-fernandez-inauguro-la-restauracion-de-la-casona-historica-del-rojas\\\/\"]}]},{\"@type\":\"ImageObject\",\"inLanguage\":\"es\",\"@id\":\"https:\\\/\\\/infopba247.com.ar\\\/index.php\\\/2023\\\/06\\\/15\\\/mariel-fernandez-inauguro-la-restauracion-de-la-casona-historica-del-rojas\\\/#primaryimage\",\"url\":\"https:\\\/\\\/infopba247.com.ar\\\/wp-content\\\/uploads\\\/2023\\\/06\\\/inauguracion-rojas-DSC01279-scaled.jpg\",\"contentUrl\":\"https:\\\/\\\/infopba247.com.ar\\\/wp-content\\\/uploads\\\/2023\\\/06\\\/inauguracion-rojas-DSC01279-scaled.jpg\",\"width\":2560,\"height\":1708},{\"@type\":\"BreadcrumbList\",\"@id\":\"https:\\\/\\\/infopba247.com.ar\\\/index.php\\\/2023\\\/06\\\/15\\\/mariel-fernandez-inauguro-la-restauracion-de-la-casona-historica-del-rojas\\\/#breadcrumb\",\"itemListElement\":[{\"@type\":\"ListItem\",\"position\":1,\"name\":\"Portada\",\"item\":\"https:\\\/\\\/infopba247.com.ar\\\/\"},{\"@type\":\"ListItem\",\"position\":2,\"name\":\"Mariel Fern\u00e1ndez inaugur\u00f3 la restauraci\u00f3n de la Casona Hist\u00f3rica del Rojas\"}]},{\"@type\":\"WebSite\",\"@id\":\"https:\\\/\\\/infopba247.com.ar\\\/#website\",\"url\":\"https:\\\/\\\/infopba247.com.ar\\\/\",\"name\":\"InfoPBA247\",\"description\":\"Toda la actualidad bonaerense\",\"publisher\":{\"@id\":\"https:\\\/\\\/infopba247.com.ar\\\/#organization\"},\"potentialAction\":[{\"@type\":\"SearchAction\",\"target\":{\"@type\":\"EntryPoint\",\"urlTemplate\":\"https:\\\/\\\/infopba247.com.ar\\\/?s={search_term_string}\"},\"query-input\":{\"@type\":\"PropertyValueSpecification\",\"valueRequired\":true,\"valueName\":\"search_term_string\"}}],\"inLanguage\":\"es\"},{\"@type\":\"Organization\",\"@id\":\"https:\\\/\\\/infopba247.com.ar\\\/#organization\",\"name\":\"InfoPBA247\",\"url\":\"https:\\\/\\\/infopba247.com.ar\\\/\",\"logo\":{\"@type\":\"ImageObject\",\"inLanguage\":\"es\",\"@id\":\"https:\\\/\\\/infopba247.com.ar\\\/#\\\/schema\\\/logo\\\/image\\\/\",\"url\":\"https:\\\/\\\/infopba247.com.ar\\\/wp-content\\\/uploads\\\/2022\\\/03\\\/cropped-InfoPBA247-1.png\",\"contentUrl\":\"https:\\\/\\\/infopba247.com.ar\\\/wp-content\\\/uploads\\\/2022\\\/03\\\/cropped-InfoPBA247-1.png\",\"width\":500,\"height\":122,\"caption\":\"InfoPBA247\"},\"image\":{\"@id\":\"https:\\\/\\\/infopba247.com.ar\\\/#\\\/schema\\\/logo\\\/image\\\/\"},\"sameAs\":[\"https:\\\/\\\/www.facebook.com\\\/InfoPBA\"]},{\"@type\":\"Person\",\"@id\":\"https:\\\/\\\/infopba247.com.ar\\\/#\\\/schema\\\/person\\\/4975f1343a413e57bf839b3eed0099f2\",\"name\":\"Editor\",\"image\":{\"@type\":\"ImageObject\",\"inLanguage\":\"es\",\"@id\":\"https:\\\/\\\/secure.gravatar.com\\\/avatar\\\/d27fe9520667ca53441d36627a1d6b0fa4a813571ec4803687a7a3a7744685ac?s=96&d=mm&r=g\",\"url\":\"https:\\\/\\\/secure.gravatar.com\\\/avatar\\\/d27fe9520667ca53441d36627a1d6b0fa4a813571ec4803687a7a3a7744685ac?s=96&d=mm&r=g\",\"contentUrl\":\"https:\\\/\\\/secure.gravatar.com\\\/avatar\\\/d27fe9520667ca53441d36627a1d6b0fa4a813571ec4803687a7a3a7744685ac?s=96&d=mm&r=g\",\"caption\":\"Editor\"},\"url\":\"https:\\\/\\\/infopba247.com.ar\\\/index.php\\\/author\\\/editor\\\/\"}]}<\/script>\n<!-- \/ Yoast SEO plugin. -->","yoast_head_json":{"title":"Mariel Fern\u00e1ndez inaugur\u00f3 la restauraci\u00f3n de la Casona Hist\u00f3rica del Rojas - InfoPBA247","robots":{"index":"index","follow":"follow","max-snippet":"max-snippet:-1","max-image-preview":"max-image-preview:large","max-video-preview":"max-video-preview:-1"},"canonical":"https:\/\/infopba247.com.ar\/index.php\/2023\/06\/15\/mariel-fernandez-inauguro-la-restauracion-de-la-casona-historica-del-rojas\/","og_locale":"es_ES","og_type":"article","og_title":"Mariel Fern\u00e1ndez inaugur\u00f3 la restauraci\u00f3n de la Casona Hist\u00f3rica del Rojas - InfoPBA247","og_description":"La intendenta de Moreno, Mariel Fern\u00e1ndez, inaugur\u00f3 la obra de restauraci\u00f3n hist\u00f3rica del Instituto Superior de Formaci\u00f3n Docente \u00abRicardo Rojas\u00bb","og_url":"https:\/\/infopba247.com.ar\/index.php\/2023\/06\/15\/mariel-fernandez-inauguro-la-restauracion-de-la-casona-historica-del-rojas\/","og_site_name":"InfoPBA247","article_publisher":"https:\/\/www.facebook.com\/InfoPBA","article_published_time":"2023-06-15T15:48:07+00:00","og_image":[{"width":2560,"height":1708,"url":"https:\/\/infopba247.com.ar\/wp-content\/uploads\/2023\/06\/inauguracion-rojas-DSC01279-scaled.jpg","type":"image\/jpeg"}],"author":"Editor","twitter_card":"summary_large_image","twitter_misc":{"Escrito por":"Editor","Tiempo de lectura":"2 minutos"},"schema":{"@context":"https:\/\/schema.org","@graph":[{"@type":"Article","@id":"https:\/\/infopba247.com.ar\/index.php\/2023\/06\/15\/mariel-fernandez-inauguro-la-restauracion-de-la-casona-historica-del-rojas\/#article","isPartOf":{"@id":"https:\/\/infopba247.com.ar\/index.php\/2023\/06\/15\/mariel-fernandez-inauguro-la-restauracion-de-la-casona-historica-del-rojas\/"},"author":{"name":"Editor","@id":"https:\/\/infopba247.com.ar\/#\/schema\/person\/4975f1343a413e57bf839b3eed0099f2"},"headline":"Mariel Fern\u00e1ndez inaugur\u00f3 la restauraci\u00f3n de la Casona Hist\u00f3rica del Rojas","datePublished":"2023-06-15T15:48:07+00:00","mainEntityOfPage":{"@id":"https:\/\/infopba247.com.ar\/index.php\/2023\/06\/15\/mariel-fernandez-inauguro-la-restauracion-de-la-casona-historica-del-rojas\/"},"wordCount":414,"publisher":{"@id":"https:\/\/infopba247.com.ar\/#organization"},"image":{"@id":"https:\/\/infopba247.com.ar\/index.php\/2023\/06\/15\/mariel-fernandez-inauguro-la-restauracion-de-la-casona-historica-del-rojas\/#primaryimage"},"thumbnailUrl":"https:\/\/infopba247.com.ar\/wp-content\/uploads\/2023\/06\/inauguracion-rojas-DSC01279-scaled.jpg","keywords":["Municipalidad de Moreno"],"articleSection":["1ra Secci\u00f3n","Destacadas","Pol\u00edtica"],"inLanguage":"es"},{"@type":"WebPage","@id":"https:\/\/infopba247.com.ar\/index.php\/2023\/06\/15\/mariel-fernandez-inauguro-la-restauracion-de-la-casona-historica-del-rojas\/","url":"https:\/\/infopba247.com.ar\/index.php\/2023\/06\/15\/mariel-fernandez-inauguro-la-restauracion-de-la-casona-historica-del-rojas\/","name":"Mariel Fern\u00e1ndez inaugur\u00f3 la restauraci\u00f3n de la Casona Hist\u00f3rica del Rojas - InfoPBA247","isPartOf":{"@id":"https:\/\/infopba247.com.ar\/#website"},"primaryImageOfPage":{"@id":"https:\/\/infopba247.com.ar\/index.php\/2023\/06\/15\/mariel-fernandez-inauguro-la-restauracion-de-la-casona-historica-del-rojas\/#primaryimage"},"image":{"@id":"https:\/\/infopba247.com.ar\/index.php\/2023\/06\/15\/mariel-fernandez-inauguro-la-restauracion-de-la-casona-historica-del-rojas\/#primaryimage"},"thumbnailUrl":"https:\/\/infopba247.com.ar\/wp-content\/uploads\/2023\/06\/inauguracion-rojas-DSC01279-scaled.jpg","datePublished":"2023-06-15T15:48:07+00:00","breadcrumb":{"@id":"https:\/\/infopba247.com.ar\/index.php\/2023\/06\/15\/mariel-fernandez-inauguro-la-restauracion-de-la-casona-historica-del-rojas\/#breadcrumb"},"inLanguage":"es","potentialAction":[{"@type":"ReadAction","target":["https:\/\/infopba247.com.ar\/index.php\/2023\/06\/15\/mariel-fernandez-inauguro-la-restauracion-de-la-casona-historica-del-rojas\/"]}]},{"@type":"ImageObject","inLanguage":"es","@id":"https:\/\/infopba247.com.ar\/index.php\/2023\/06\/15\/mariel-fernandez-inauguro-la-restauracion-de-la-casona-historica-del-rojas\/#primaryimage","url":"https:\/\/infopba247.com.ar\/wp-content\/uploads\/2023\/06\/inauguracion-rojas-DSC01279-scaled.jpg","contentUrl":"https:\/\/infopba247.com.ar\/wp-content\/uploads\/2023\/06\/inauguracion-rojas-DSC01279-scaled.jpg","width":2560,"height":1708},{"@type":"BreadcrumbList","@id":"https:\/\/infopba247.com.ar\/index.php\/2023\/06\/15\/mariel-fernandez-inauguro-la-restauracion-de-la-casona-historica-del-rojas\/#breadcrumb","itemListElement":[{"@type":"ListItem","position":1,"name":"Portada","item":"https:\/\/infopba247.com.ar\/"},{"@type":"ListItem","position":2,"name":"Mariel Fern\u00e1ndez inaugur\u00f3 la restauraci\u00f3n de la Casona Hist\u00f3rica del Rojas"}]},{"@type":"WebSite","@id":"https:\/\/infopba247.com.ar\/#website","url":"https:\/\/infopba247.com.ar\/","name":"InfoPBA247","description":"Toda la actualidad bonaerense","publisher":{"@id":"https:\/\/infopba247.com.ar\/#organization"},"potentialAction":[{"@type":"SearchAction","target":{"@type":"EntryPoint","urlTemplate":"https:\/\/infopba247.com.ar\/?s={search_term_string}"},"query-input":{"@type":"PropertyValueSpecification","valueRequired":true,"valueName":"search_term_string"}}],"inLanguage":"es"},{"@type":"Organization","@id":"https:\/\/infopba247.com.ar\/#organization","name":"InfoPBA247","url":"https:\/\/infopba247.com.ar\/","logo":{"@type":"ImageObject","inLanguage":"es","@id":"https:\/\/infopba247.com.ar\/#\/schema\/logo\/image\/","url":"https:\/\/infopba247.com.ar\/wp-content\/uploads\/2022\/03\/cropped-InfoPBA247-1.png","contentUrl":"https:\/\/infopba247.com.ar\/wp-content\/uploads\/2022\/03\/cropped-InfoPBA247-1.png","width":500,"height":122,"caption":"InfoPBA247"},"image":{"@id":"https:\/\/infopba247.com.ar\/#\/schema\/logo\/image\/"},"sameAs":["https:\/\/www.facebook.com\/InfoPBA"]},{"@type":"Person","@id":"https:\/\/infopba247.com.ar\/#\/schema\/person\/4975f1343a413e57bf839b3eed0099f2","name":"Editor","image":{"@type":"ImageObject","inLanguage":"es","@id":"https:\/\/secure.gravatar.com\/avatar\/d27fe9520667ca53441d36627a1d6b0fa4a813571ec4803687a7a3a7744685ac?s=96&d=mm&r=g","url":"https:\/\/secure.gravatar.com\/avatar\/d27fe9520667ca53441d36627a1d6b0fa4a813571ec4803687a7a3a7744685ac?s=96&d=mm&r=g","contentUrl":"https:\/\/secure.gravatar.com\/avatar\/d27fe9520667ca53441d36627a1d6b0fa4a813571ec4803687a7a3a7744685ac?s=96&d=mm&r=g","caption":"Editor"},"url":"https:\/\/infopba247.com.ar\/index.php\/author\/editor\/"}]}},"_links":{"self":[{"href":"https:\/\/infopba247.com.ar\/index.php\/wp-json\/wp\/v2\/posts\/1683","targetHints":{"allow":["GET"]}}],"collection":[{"href":"https:\/\/infopba247.com.ar\/index.php\/wp-json\/wp\/v2\/posts"}],"about":[{"href":"https:\/\/infopba247.com.ar\/index.php\/wp-json\/wp\/v2\/types\/post"}],"author":[{"embeddable":true,"href":"https:\/\/infopba247.com.ar\/index.php\/wp-json\/wp\/v2\/users\/3"}],"replies":[{"embeddable":true,"href":"https:\/\/infopba247.com.ar\/index.php\/wp-json\/wp\/v2\/comments?post=1683"}],"version-history":[{"count":1,"href":"https:\/\/infopba247.com.ar\/index.php\/wp-json\/wp\/v2\/posts\/1683\/revisions"}],"predecessor-version":[{"id":1686,"href":"https:\/\/infopba247.com.ar\/index.php\/wp-json\/wp\/v2\/posts\/1683\/revisions\/1686"}],"wp:featuredmedia":[{"embeddable":true,"href":"https:\/\/infopba247.com.ar\/index.php\/wp-json\/wp\/v2\/media\/1685"}],"wp:attachment":[{"href":"https:\/\/infopba247.com.ar\/index.php\/wp-json\/wp\/v2\/media?parent=1683"}],"wp:term":[{"taxonomy":"category","embeddable":true,"href":"https:\/\/infopba247.com.ar\/index.php\/wp-json\/wp\/v2\/categories?post=1683"},{"taxonomy":"post_tag","embeddable":true,"href":"https:\/\/infopba247.com.ar\/index.php\/wp-json\/wp\/v2\/tags?post=1683"}],"curies":[{"name":"wp","href":"https:\/\/api.w.org\/{rel}","templated":true}]}}