{"id":1623,"date":"2023-06-01T12:13:00","date_gmt":"2023-06-01T15:13:00","guid":{"rendered":"https:\/\/infopba247.com.ar\/?p=1623"},"modified":"2023-06-06T12:22:57","modified_gmt":"2023-06-06T15:22:57","slug":"mariel-fernandez-y-nicolas-kreplak-inauguraron-el-centro-de-salud-barrio-2000","status":"publish","type":"post","link":"https:\/\/infopba247.com.ar\/index.php\/2023\/06\/01\/mariel-fernandez-y-nicolas-kreplak-inauguraron-el-centro-de-salud-barrio-2000\/","title":{"rendered":"Mariel Fern\u00e1ndez y Nicol\u00e1s Kreplak inauguraron el Centro de Salud \u201cBarrio 2000\u201d"},"content":{"rendered":"\n<p>La intendenta de Moreno, Mariel Fern\u00e1ndez, junto al ministro de Salud de la Provincia de Buenos Aires, Nicol\u00e1s Kreplak, y la secretaria de Salud y Ambiente municipal, Anal\u00eda Caba\u00f1a, inauguraron el Centro de Atenci\u00f3n Primaria de la Salud (CAPS) \u201cBarrio 2000\u201d.<\/p>\n\n\n\n<p>&nbsp;Adem\u00e1s, el gobierno provincial entreg\u00f3 una ambulancia de alta complejidad para fortalecer el sistema de salud en Moreno.<\/p>\n\n\n\n<p>El nuevo espacio cuenta con seis consultorios, enfermer\u00eda, sala para el personal, dep\u00f3sito, sal\u00f3n de usos m\u00faltiples, ba\u00f1os y entrada para ambulancia. Est\u00e1 ubicado en la calle Carlos Gardel 942, en el centro de Moreno, y brinda servicios de enfermer\u00eda, vacunaci\u00f3n, odontolog\u00eda, entrega de medicaci\u00f3n, obstetricia y promoci\u00f3n territorial. Tambi\u00e9n funcionar\u00e1 el Programa Integral de Salud Mental en Infancias y Adolescencias (PRISMA) y el Programa de Salud Sexual.<\/p>\n\n\n\n<p>\u201cEs un d\u00eda de mucha alegr\u00eda porque cumplimos con un derecho. Sabemos que estaban esperando ansiosamente la apertura de esta sala y todas las obras que est\u00e1n llegando al barrio: el asfalto, la construcci\u00f3n de la plaza y la obra que comenz\u00f3 en el jard\u00edn. De a poco todo va llegando, en Moreno hay obras en las distintas localidades y todas las que faltan van a llegar porque absolutamente todos los d\u00edas se trabaja. Desde que se asumi\u00f3 esta gesti\u00f3n aprovechamos cada segundo y trabajamos todos los d\u00edas\u201d, afirm\u00f3 la intendenta durante la inauguraci\u00f3n.<\/p>\n\n\n\n<p>\u201cAtravesamos per\u00edodos complejos, pero siempre estuvimos acompa\u00f1ados por el gobierno provincial y el gobierno nacional con obras, recursos humanos, equipamiento e insumos, por eso estamos muy agradecidos con el ministro Kreplak y con el gobernador Kicillof. Este Estado opt\u00f3 por cuidar la vida como la seguimos cuidando todos los d\u00edas\u201d, destac\u00f3.<\/p>\n\n\n\n<p>Por su parte, el ministro provincial de Salud dijo: \u201cEste es el centro de salud 140 que el gobernador hace nuevo en la provincia de buenos aires y el n\u00famero 22 en Moreno, un r\u00e9cord sin precedentes, gracias al trabajo con el municipio. Moreno tiene una renovaci\u00f3n pr\u00e1cticamente absoluta de toda su planta de salud: en el hospital con toda la enorme guardia y las salas nuevas que se fueron construyendo, con los trabajadores que se sumaron y las obras que contin\u00faan y el nuevo hospital al lado de la UPA. Todo el sistema de salud se transforma en lo edilicio y con las y los trabajadores que son lo m\u00e1s importante.\u201d<\/p>\n\n\n\n<p>\u201cEstamos construyendo el derecho a la salud en una provincia donde valga la pena vivir y se reconozcan los derechos de todas y de todos, y Moreno es uno de los lugares que con mas cari\u00f1o y m\u00e1s esfuerzo estamos trabajando para que los ciudadanos puedan cumplir con todos sus sue\u00f1os\u201d concluy\u00f3 Kreplak.<\/p>\n\n\n\n<p>Estuvieron presentes durante la jornada la directora del Centro de Salud Barrio 2000, Mar\u00eda Florencia Pinto; el ministro de Trabajo de la provincia de Buenos Aires, Walter Correa; autoridades municipales y provinciales, vecinas y vecinos.<\/p>\n","protected":false},"excerpt":{"rendered":"<p>La intendenta de Moreno, Mariel Fern\u00e1ndez, junto al ministro de Salud de la Provincia de Buenos Aires, Nicol\u00e1s Kreplak, y<\/p>\n","protected":false},"author":3,"featured_media":1624,"comment_status":"closed","ping_status":"closed","sticky":false,"template":"","format":"standard","meta":{"colormag_page_container_layout":"default_layout","colormag_page_sidebar_layout":"default_layout","footnotes":""},"categories":[5,1,14],"tags":[50],"class_list":["post-1623","post","type-post","status-publish","format-standard","has-post-thumbnail","hentry","category-1ra-seccion","category-destacadas","category-politica","tag-municipalidad-de-moreno"],"yoast_head":"<!-- This site is optimized with the Yoast SEO plugin v27.4 - https:\/\/yoast.com\/product\/yoast-seo-wordpress\/ -->\n<title>Mariel Fern\u00e1ndez y Nicol\u00e1s Kreplak inauguraron el Centro de Salud \u201cBarrio 2000\u201d - InfoPBA247<\/title>\n<meta name=\"robots\" content=\"index, follow, max-snippet:-1, max-image-preview:large, max-video-preview:-1\" \/>\n<link rel=\"canonical\" href=\"https:\/\/infopba247.com.ar\/index.php\/2023\/06\/01\/mariel-fernandez-y-nicolas-kreplak-inauguraron-el-centro-de-salud-barrio-2000\/\" \/>\n<meta property=\"og:locale\" content=\"es_ES\" \/>\n<meta property=\"og:type\" content=\"article\" \/>\n<meta property=\"og:title\" content=\"Mariel Fern\u00e1ndez y Nicol\u00e1s Kreplak inauguraron el Centro de Salud \u201cBarrio 2000\u201d - InfoPBA247\" \/>\n<meta property=\"og:description\" content=\"La intendenta de Moreno, Mariel Fern\u00e1ndez, junto al ministro de Salud de la Provincia de Buenos Aires, Nicol\u00e1s Kreplak, y\" \/>\n<meta property=\"og:url\" content=\"https:\/\/infopba247.com.ar\/index.php\/2023\/06\/01\/mariel-fernandez-y-nicolas-kreplak-inauguraron-el-centro-de-salud-barrio-2000\/\" \/>\n<meta property=\"og:site_name\" content=\"InfoPBA247\" \/>\n<meta property=\"article:publisher\" content=\"https:\/\/www.facebook.com\/InfoPBA\" \/>\n<meta property=\"article:published_time\" content=\"2023-06-01T15:13:00+00:00\" \/>\n<meta property=\"article:modified_time\" content=\"2023-06-06T15:22:57+00:00\" \/>\n<meta property=\"og:image\" content=\"https:\/\/infopba247.com.ar\/wp-content\/uploads\/2023\/06\/INAUGURACION-CENTRO-DE-SALUD.-001-scaled.jpg\" \/>\n\t<meta property=\"og:image:width\" content=\"2560\" \/>\n\t<meta property=\"og:image:height\" content=\"1708\" \/>\n\t<meta property=\"og:image:type\" content=\"image\/jpeg\" \/>\n<meta name=\"author\" content=\"Editor\" \/>\n<meta name=\"twitter:card\" content=\"summary_large_image\" \/>\n<meta name=\"twitter:label1\" content=\"Escrito por\" \/>\n\t<meta name=\"twitter:data1\" content=\"Editor\" \/>\n\t<meta name=\"twitter:label2\" content=\"Tiempo de lectura\" \/>\n\t<meta name=\"twitter:data2\" content=\"3 minutos\" \/>\n<script type=\"application\/ld+json\" class=\"yoast-schema-graph\">{\"@context\":\"https:\\\/\\\/schema.org\",\"@graph\":[{\"@type\":\"Article\",\"@id\":\"https:\\\/\\\/infopba247.com.ar\\\/index.php\\\/2023\\\/06\\\/01\\\/mariel-fernandez-y-nicolas-kreplak-inauguraron-el-centro-de-salud-barrio-2000\\\/#article\",\"isPartOf\":{\"@id\":\"https:\\\/\\\/infopba247.com.ar\\\/index.php\\\/2023\\\/06\\\/01\\\/mariel-fernandez-y-nicolas-kreplak-inauguraron-el-centro-de-salud-barrio-2000\\\/\"},\"author\":{\"name\":\"Editor\",\"@id\":\"https:\\\/\\\/infopba247.com.ar\\\/#\\\/schema\\\/person\\\/4975f1343a413e57bf839b3eed0099f2\"},\"headline\":\"Mariel Fern\u00e1ndez y Nicol\u00e1s Kreplak inauguraron el Centro de Salud \u201cBarrio 2000\u201d\",\"datePublished\":\"2023-06-01T15:13:00+00:00\",\"dateModified\":\"2023-06-06T15:22:57+00:00\",\"mainEntityOfPage\":{\"@id\":\"https:\\\/\\\/infopba247.com.ar\\\/index.php\\\/2023\\\/06\\\/01\\\/mariel-fernandez-y-nicolas-kreplak-inauguraron-el-centro-de-salud-barrio-2000\\\/\"},\"wordCount\":520,\"publisher\":{\"@id\":\"https:\\\/\\\/infopba247.com.ar\\\/#organization\"},\"image\":{\"@id\":\"https:\\\/\\\/infopba247.com.ar\\\/index.php\\\/2023\\\/06\\\/01\\\/mariel-fernandez-y-nicolas-kreplak-inauguraron-el-centro-de-salud-barrio-2000\\\/#primaryimage\"},\"thumbnailUrl\":\"https:\\\/\\\/infopba247.com.ar\\\/wp-content\\\/uploads\\\/2023\\\/06\\\/INAUGURACION-CENTRO-DE-SALUD.-001-scaled.jpg\",\"keywords\":[\"Municipalidad de Moreno\"],\"articleSection\":[\"1ra Secci\u00f3n\",\"Destacadas\",\"Pol\u00edtica\"],\"inLanguage\":\"es\"},{\"@type\":\"WebPage\",\"@id\":\"https:\\\/\\\/infopba247.com.ar\\\/index.php\\\/2023\\\/06\\\/01\\\/mariel-fernandez-y-nicolas-kreplak-inauguraron-el-centro-de-salud-barrio-2000\\\/\",\"url\":\"https:\\\/\\\/infopba247.com.ar\\\/index.php\\\/2023\\\/06\\\/01\\\/mariel-fernandez-y-nicolas-kreplak-inauguraron-el-centro-de-salud-barrio-2000\\\/\",\"name\":\"Mariel Fern\u00e1ndez y Nicol\u00e1s Kreplak inauguraron el Centro de Salud \u201cBarrio 2000\u201d - InfoPBA247\",\"isPartOf\":{\"@id\":\"https:\\\/\\\/infopba247.com.ar\\\/#website\"},\"primaryImageOfPage\":{\"@id\":\"https:\\\/\\\/infopba247.com.ar\\\/index.php\\\/2023\\\/06\\\/01\\\/mariel-fernandez-y-nicolas-kreplak-inauguraron-el-centro-de-salud-barrio-2000\\\/#primaryimage\"},\"image\":{\"@id\":\"https:\\\/\\\/infopba247.com.ar\\\/index.php\\\/2023\\\/06\\\/01\\\/mariel-fernandez-y-nicolas-kreplak-inauguraron-el-centro-de-salud-barrio-2000\\\/#primaryimage\"},\"thumbnailUrl\":\"https:\\\/\\\/infopba247.com.ar\\\/wp-content\\\/uploads\\\/2023\\\/06\\\/INAUGURACION-CENTRO-DE-SALUD.-001-scaled.jpg\",\"datePublished\":\"2023-06-01T15:13:00+00:00\",\"dateModified\":\"2023-06-06T15:22:57+00:00\",\"breadcrumb\":{\"@id\":\"https:\\\/\\\/infopba247.com.ar\\\/index.php\\\/2023\\\/06\\\/01\\\/mariel-fernandez-y-nicolas-kreplak-inauguraron-el-centro-de-salud-barrio-2000\\\/#breadcrumb\"},\"inLanguage\":\"es\",\"potentialAction\":[{\"@type\":\"ReadAction\",\"target\":[\"https:\\\/\\\/infopba247.com.ar\\\/index.php\\\/2023\\\/06\\\/01\\\/mariel-fernandez-y-nicolas-kreplak-inauguraron-el-centro-de-salud-barrio-2000\\\/\"]}]},{\"@type\":\"ImageObject\",\"inLanguage\":\"es\",\"@id\":\"https:\\\/\\\/infopba247.com.ar\\\/index.php\\\/2023\\\/06\\\/01\\\/mariel-fernandez-y-nicolas-kreplak-inauguraron-el-centro-de-salud-barrio-2000\\\/#primaryimage\",\"url\":\"https:\\\/\\\/infopba247.com.ar\\\/wp-content\\\/uploads\\\/2023\\\/06\\\/INAUGURACION-CENTRO-DE-SALUD.-001-scaled.jpg\",\"contentUrl\":\"https:\\\/\\\/infopba247.com.ar\\\/wp-content\\\/uploads\\\/2023\\\/06\\\/INAUGURACION-CENTRO-DE-SALUD.-001-scaled.jpg\",\"width\":2560,\"height\":1708},{\"@type\":\"BreadcrumbList\",\"@id\":\"https:\\\/\\\/infopba247.com.ar\\\/index.php\\\/2023\\\/06\\\/01\\\/mariel-fernandez-y-nicolas-kreplak-inauguraron-el-centro-de-salud-barrio-2000\\\/#breadcrumb\",\"itemListElement\":[{\"@type\":\"ListItem\",\"position\":1,\"name\":\"Portada\",\"item\":\"https:\\\/\\\/infopba247.com.ar\\\/\"},{\"@type\":\"ListItem\",\"position\":2,\"name\":\"Mariel Fern\u00e1ndez y Nicol\u00e1s Kreplak inauguraron el Centro de Salud \u201cBarrio 2000\u201d\"}]},{\"@type\":\"WebSite\",\"@id\":\"https:\\\/\\\/infopba247.com.ar\\\/#website\",\"url\":\"https:\\\/\\\/infopba247.com.ar\\\/\",\"name\":\"InfoPBA247\",\"description\":\"Toda la actualidad bonaerense\",\"publisher\":{\"@id\":\"https:\\\/\\\/infopba247.com.ar\\\/#organization\"},\"potentialAction\":[{\"@type\":\"SearchAction\",\"target\":{\"@type\":\"EntryPoint\",\"urlTemplate\":\"https:\\\/\\\/infopba247.com.ar\\\/?s={search_term_string}\"},\"query-input\":{\"@type\":\"PropertyValueSpecification\",\"valueRequired\":true,\"valueName\":\"search_term_string\"}}],\"inLanguage\":\"es\"},{\"@type\":\"Organization\",\"@id\":\"https:\\\/\\\/infopba247.com.ar\\\/#organization\",\"name\":\"InfoPBA247\",\"url\":\"https:\\\/\\\/infopba247.com.ar\\\/\",\"logo\":{\"@type\":\"ImageObject\",\"inLanguage\":\"es\",\"@id\":\"https:\\\/\\\/infopba247.com.ar\\\/#\\\/schema\\\/logo\\\/image\\\/\",\"url\":\"https:\\\/\\\/infopba247.com.ar\\\/wp-content\\\/uploads\\\/2022\\\/03\\\/cropped-InfoPBA247-1.png\",\"contentUrl\":\"https:\\\/\\\/infopba247.com.ar\\\/wp-content\\\/uploads\\\/2022\\\/03\\\/cropped-InfoPBA247-1.png\",\"width\":500,\"height\":122,\"caption\":\"InfoPBA247\"},\"image\":{\"@id\":\"https:\\\/\\\/infopba247.com.ar\\\/#\\\/schema\\\/logo\\\/image\\\/\"},\"sameAs\":[\"https:\\\/\\\/www.facebook.com\\\/InfoPBA\"]},{\"@type\":\"Person\",\"@id\":\"https:\\\/\\\/infopba247.com.ar\\\/#\\\/schema\\\/person\\\/4975f1343a413e57bf839b3eed0099f2\",\"name\":\"Editor\",\"image\":{\"@type\":\"ImageObject\",\"inLanguage\":\"es\",\"@id\":\"https:\\\/\\\/secure.gravatar.com\\\/avatar\\\/d27fe9520667ca53441d36627a1d6b0fa4a813571ec4803687a7a3a7744685ac?s=96&d=mm&r=g\",\"url\":\"https:\\\/\\\/secure.gravatar.com\\\/avatar\\\/d27fe9520667ca53441d36627a1d6b0fa4a813571ec4803687a7a3a7744685ac?s=96&d=mm&r=g\",\"contentUrl\":\"https:\\\/\\\/secure.gravatar.com\\\/avatar\\\/d27fe9520667ca53441d36627a1d6b0fa4a813571ec4803687a7a3a7744685ac?s=96&d=mm&r=g\",\"caption\":\"Editor\"},\"url\":\"https:\\\/\\\/infopba247.com.ar\\\/index.php\\\/author\\\/editor\\\/\"}]}<\/script>\n<!-- \/ Yoast SEO plugin. -->","yoast_head_json":{"title":"Mariel Fern\u00e1ndez y Nicol\u00e1s Kreplak inauguraron el Centro de Salud \u201cBarrio 2000\u201d - InfoPBA247","robots":{"index":"index","follow":"follow","max-snippet":"max-snippet:-1","max-image-preview":"max-image-preview:large","max-video-preview":"max-video-preview:-1"},"canonical":"https:\/\/infopba247.com.ar\/index.php\/2023\/06\/01\/mariel-fernandez-y-nicolas-kreplak-inauguraron-el-centro-de-salud-barrio-2000\/","og_locale":"es_ES","og_type":"article","og_title":"Mariel Fern\u00e1ndez y Nicol\u00e1s Kreplak inauguraron el Centro de Salud \u201cBarrio 2000\u201d - InfoPBA247","og_description":"La intendenta de Moreno, Mariel Fern\u00e1ndez, junto al ministro de Salud de la Provincia de Buenos Aires, Nicol\u00e1s Kreplak, y","og_url":"https:\/\/infopba247.com.ar\/index.php\/2023\/06\/01\/mariel-fernandez-y-nicolas-kreplak-inauguraron-el-centro-de-salud-barrio-2000\/","og_site_name":"InfoPBA247","article_publisher":"https:\/\/www.facebook.com\/InfoPBA","article_published_time":"2023-06-01T15:13:00+00:00","article_modified_time":"2023-06-06T15:22:57+00:00","og_image":[{"width":2560,"height":1708,"url":"https:\/\/infopba247.com.ar\/wp-content\/uploads\/2023\/06\/INAUGURACION-CENTRO-DE-SALUD.-001-scaled.jpg","type":"image\/jpeg"}],"author":"Editor","twitter_card":"summary_large_image","twitter_misc":{"Escrito por":"Editor","Tiempo de lectura":"3 minutos"},"schema":{"@context":"https:\/\/schema.org","@graph":[{"@type":"Article","@id":"https:\/\/infopba247.com.ar\/index.php\/2023\/06\/01\/mariel-fernandez-y-nicolas-kreplak-inauguraron-el-centro-de-salud-barrio-2000\/#article","isPartOf":{"@id":"https:\/\/infopba247.com.ar\/index.php\/2023\/06\/01\/mariel-fernandez-y-nicolas-kreplak-inauguraron-el-centro-de-salud-barrio-2000\/"},"author":{"name":"Editor","@id":"https:\/\/infopba247.com.ar\/#\/schema\/person\/4975f1343a413e57bf839b3eed0099f2"},"headline":"Mariel Fern\u00e1ndez y Nicol\u00e1s Kreplak inauguraron el Centro de Salud \u201cBarrio 2000\u201d","datePublished":"2023-06-01T15:13:00+00:00","dateModified":"2023-06-06T15:22:57+00:00","mainEntityOfPage":{"@id":"https:\/\/infopba247.com.ar\/index.php\/2023\/06\/01\/mariel-fernandez-y-nicolas-kreplak-inauguraron-el-centro-de-salud-barrio-2000\/"},"wordCount":520,"publisher":{"@id":"https:\/\/infopba247.com.ar\/#organization"},"image":{"@id":"https:\/\/infopba247.com.ar\/index.php\/2023\/06\/01\/mariel-fernandez-y-nicolas-kreplak-inauguraron-el-centro-de-salud-barrio-2000\/#primaryimage"},"thumbnailUrl":"https:\/\/infopba247.com.ar\/wp-content\/uploads\/2023\/06\/INAUGURACION-CENTRO-DE-SALUD.-001-scaled.jpg","keywords":["Municipalidad de Moreno"],"articleSection":["1ra Secci\u00f3n","Destacadas","Pol\u00edtica"],"inLanguage":"es"},{"@type":"WebPage","@id":"https:\/\/infopba247.com.ar\/index.php\/2023\/06\/01\/mariel-fernandez-y-nicolas-kreplak-inauguraron-el-centro-de-salud-barrio-2000\/","url":"https:\/\/infopba247.com.ar\/index.php\/2023\/06\/01\/mariel-fernandez-y-nicolas-kreplak-inauguraron-el-centro-de-salud-barrio-2000\/","name":"Mariel Fern\u00e1ndez y Nicol\u00e1s Kreplak inauguraron el Centro de Salud \u201cBarrio 2000\u201d - InfoPBA247","isPartOf":{"@id":"https:\/\/infopba247.com.ar\/#website"},"primaryImageOfPage":{"@id":"https:\/\/infopba247.com.ar\/index.php\/2023\/06\/01\/mariel-fernandez-y-nicolas-kreplak-inauguraron-el-centro-de-salud-barrio-2000\/#primaryimage"},"image":{"@id":"https:\/\/infopba247.com.ar\/index.php\/2023\/06\/01\/mariel-fernandez-y-nicolas-kreplak-inauguraron-el-centro-de-salud-barrio-2000\/#primaryimage"},"thumbnailUrl":"https:\/\/infopba247.com.ar\/wp-content\/uploads\/2023\/06\/INAUGURACION-CENTRO-DE-SALUD.-001-scaled.jpg","datePublished":"2023-06-01T15:13:00+00:00","dateModified":"2023-06-06T15:22:57+00:00","breadcrumb":{"@id":"https:\/\/infopba247.com.ar\/index.php\/2023\/06\/01\/mariel-fernandez-y-nicolas-kreplak-inauguraron-el-centro-de-salud-barrio-2000\/#breadcrumb"},"inLanguage":"es","potentialAction":[{"@type":"ReadAction","target":["https:\/\/infopba247.com.ar\/index.php\/2023\/06\/01\/mariel-fernandez-y-nicolas-kreplak-inauguraron-el-centro-de-salud-barrio-2000\/"]}]},{"@type":"ImageObject","inLanguage":"es","@id":"https:\/\/infopba247.com.ar\/index.php\/2023\/06\/01\/mariel-fernandez-y-nicolas-kreplak-inauguraron-el-centro-de-salud-barrio-2000\/#primaryimage","url":"https:\/\/infopba247.com.ar\/wp-content\/uploads\/2023\/06\/INAUGURACION-CENTRO-DE-SALUD.-001-scaled.jpg","contentUrl":"https:\/\/infopba247.com.ar\/wp-content\/uploads\/2023\/06\/INAUGURACION-CENTRO-DE-SALUD.-001-scaled.jpg","width":2560,"height":1708},{"@type":"BreadcrumbList","@id":"https:\/\/infopba247.com.ar\/index.php\/2023\/06\/01\/mariel-fernandez-y-nicolas-kreplak-inauguraron-el-centro-de-salud-barrio-2000\/#breadcrumb","itemListElement":[{"@type":"ListItem","position":1,"name":"Portada","item":"https:\/\/infopba247.com.ar\/"},{"@type":"ListItem","position":2,"name":"Mariel Fern\u00e1ndez y Nicol\u00e1s Kreplak inauguraron el Centro de Salud \u201cBarrio 2000\u201d"}]},{"@type":"WebSite","@id":"https:\/\/infopba247.com.ar\/#website","url":"https:\/\/infopba247.com.ar\/","name":"InfoPBA247","description":"Toda la actualidad bonaerense","publisher":{"@id":"https:\/\/infopba247.com.ar\/#organization"},"potentialAction":[{"@type":"SearchAction","target":{"@type":"EntryPoint","urlTemplate":"https:\/\/infopba247.com.ar\/?s={search_term_string}"},"query-input":{"@type":"PropertyValueSpecification","valueRequired":true,"valueName":"search_term_string"}}],"inLanguage":"es"},{"@type":"Organization","@id":"https:\/\/infopba247.com.ar\/#organization","name":"InfoPBA247","url":"https:\/\/infopba247.com.ar\/","logo":{"@type":"ImageObject","inLanguage":"es","@id":"https:\/\/infopba247.com.ar\/#\/schema\/logo\/image\/","url":"https:\/\/infopba247.com.ar\/wp-content\/uploads\/2022\/03\/cropped-InfoPBA247-1.png","contentUrl":"https:\/\/infopba247.com.ar\/wp-content\/uploads\/2022\/03\/cropped-InfoPBA247-1.png","width":500,"height":122,"caption":"InfoPBA247"},"image":{"@id":"https:\/\/infopba247.com.ar\/#\/schema\/logo\/image\/"},"sameAs":["https:\/\/www.facebook.com\/InfoPBA"]},{"@type":"Person","@id":"https:\/\/infopba247.com.ar\/#\/schema\/person\/4975f1343a413e57bf839b3eed0099f2","name":"Editor","image":{"@type":"ImageObject","inLanguage":"es","@id":"https:\/\/secure.gravatar.com\/avatar\/d27fe9520667ca53441d36627a1d6b0fa4a813571ec4803687a7a3a7744685ac?s=96&d=mm&r=g","url":"https:\/\/secure.gravatar.com\/avatar\/d27fe9520667ca53441d36627a1d6b0fa4a813571ec4803687a7a3a7744685ac?s=96&d=mm&r=g","contentUrl":"https:\/\/secure.gravatar.com\/avatar\/d27fe9520667ca53441d36627a1d6b0fa4a813571ec4803687a7a3a7744685ac?s=96&d=mm&r=g","caption":"Editor"},"url":"https:\/\/infopba247.com.ar\/index.php\/author\/editor\/"}]}},"_links":{"self":[{"href":"https:\/\/infopba247.com.ar\/index.php\/wp-json\/wp\/v2\/posts\/1623","targetHints":{"allow":["GET"]}}],"collection":[{"href":"https:\/\/infopba247.com.ar\/index.php\/wp-json\/wp\/v2\/posts"}],"about":[{"href":"https:\/\/infopba247.com.ar\/index.php\/wp-json\/wp\/v2\/types\/post"}],"author":[{"embeddable":true,"href":"https:\/\/infopba247.com.ar\/index.php\/wp-json\/wp\/v2\/users\/3"}],"replies":[{"embeddable":true,"href":"https:\/\/infopba247.com.ar\/index.php\/wp-json\/wp\/v2\/comments?post=1623"}],"version-history":[{"count":1,"href":"https:\/\/infopba247.com.ar\/index.php\/wp-json\/wp\/v2\/posts\/1623\/revisions"}],"predecessor-version":[{"id":1625,"href":"https:\/\/infopba247.com.ar\/index.php\/wp-json\/wp\/v2\/posts\/1623\/revisions\/1625"}],"wp:featuredmedia":[{"embeddable":true,"href":"https:\/\/infopba247.com.ar\/index.php\/wp-json\/wp\/v2\/media\/1624"}],"wp:attachment":[{"href":"https:\/\/infopba247.com.ar\/index.php\/wp-json\/wp\/v2\/media?parent=1623"}],"wp:term":[{"taxonomy":"category","embeddable":true,"href":"https:\/\/infopba247.com.ar\/index.php\/wp-json\/wp\/v2\/categories?post=1623"},{"taxonomy":"post_tag","embeddable":true,"href":"https:\/\/infopba247.com.ar\/index.php\/wp-json\/wp\/v2\/tags?post=1623"}],"curies":[{"name":"wp","href":"https:\/\/api.w.org\/{rel}","templated":true}]}}