{"id":1611,"date":"2023-05-30T12:25:00","date_gmt":"2023-05-30T15:25:00","guid":{"rendered":"https:\/\/infopba247.com.ar\/?p=1611"},"modified":"2023-06-01T12:26:33","modified_gmt":"2023-06-01T15:26:33","slug":"el-estado-es-responsable-de-los-139-femicidios-y-trans-travesticidios-del-2023","status":"publish","type":"post","link":"https:\/\/infopba247.com.ar\/index.php\/2023\/05\/30\/el-estado-es-responsable-de-los-139-femicidios-y-trans-travesticidios-del-2023\/","title":{"rendered":"\u201cEl Estado es responsable de los 139 femicidios y trans travesticidios del 2023\u201d"},"content":{"rendered":"\n<p>El movimiento de mujeres y diversidades se prepara para salir de nuevo a las calles a 8 a\u00f1os de la primera movilizaci\u00f3n masiva \u201cNi una menos\u201d, contra la violencia machista.<\/p>\n\n\n\n<p>En La Plata la convocatoria de la Multisectorial de Mujeres, Trans, Travestis, Lesbianas y Bisexuales ser\u00e1 el viernes 2 de junio en la Plaza Moreno a las 16:30 para marchar hacia la Gobernaci\u00f3n provincial.<\/p>\n\n\n\n<p>Una de las convocantes es Laura Granillo, dirigente de Las Rojas, quien afirm\u00f3 que \u201cel Estado es responsable de los 139 femicidios y trans travesticidios que ocurrieron en lo que va del 2023\u201d y puntualiz\u00f3 que \u201cdesde el 2015, los gobiernos del Frente de Todos y de Juntos por el Cambio demostraron que en sus pol\u00edticas no hay inter\u00e9s en responder a las demandas del movimiento de mujeres y LGTBI, ya que no destinaron el presupuesto necesario para erradicar la violencia machista, unos por endeudar al pa\u00eds con el Fondo Monetario Internacional, y otros por pagar la deuda fraudulenta\u201d.<\/p>\n\n\n\n<p>Granillo declar\u00f3 que \u201ceste a\u00f1o, gracias a la fuerza de las familias de las v\u00edctimas y de las organizaciones independientes, que no nos vendemos por un puesto en el Estado y que mantenemos firme la lucha en las calles, conseguimos justicia en el emblem\u00e1tico caso de Luc\u00eda P\u00e9rez, perpetua para uno de los femicidas de Anah\u00ed Ben\u00edtez, y adem\u00e1s, despu\u00e9s de 23 a\u00f1os, tambi\u00e9n logramos la condena perpetua para el cuarto femicida de Natalia Melmann\u201d.<\/p>\n\n\n\n<p>La dirigente de Las Rojas remarc\u00f3 que \u201ces fundamental construir un movimiento independiente que se fortalezca en la pelea contra los antiderechos, que siguen organizados para eliminar nuestras conquistas como el aborto y la educaci\u00f3n sexual integral a la vez que luchamos contra el brutal ajuste del gobierno de Alberto Fern\u00e1ndez. En La Plata, puntualmente, venimos dando una pelea para que la UNLP vuelva a poner en marcha el servicio, brindado en el Rectorado, que garantizaba el acceso al aborto a estudiantes en forma gratuita. Por todo esto y para que efectivamente sean los violentos los que tengan miedo, invitamos a movilizar con nosotras y nosotres\u201d.<\/p>\n","protected":false},"excerpt":{"rendered":"<p>El movimiento de mujeres y diversidades se prepara para salir de nuevo a las calles a 8 a\u00f1os de la<\/p>\n","protected":false},"author":3,"featured_media":1612,"comment_status":"open","ping_status":"open","sticky":false,"template":"","format":"standard","meta":{"colormag_page_container_layout":"default_layout","colormag_page_sidebar_layout":"default_layout","footnotes":""},"categories":[12,1,14],"tags":[],"class_list":["post-1611","post","type-post","status-publish","format-standard","has-post-thumbnail","hentry","category-8va-seccion","category-destacadas","category-politica"],"yoast_head":"<!-- This site is optimized with the Yoast SEO plugin v27.4 - https:\/\/yoast.com\/product\/yoast-seo-wordpress\/ -->\n<title>\u201cEl Estado es responsable de los 139 femicidios y trans travesticidios del 2023\u201d - InfoPBA247<\/title>\n<meta name=\"robots\" content=\"index, follow, max-snippet:-1, max-image-preview:large, max-video-preview:-1\" \/>\n<link rel=\"canonical\" href=\"https:\/\/infopba247.com.ar\/index.php\/2023\/05\/30\/el-estado-es-responsable-de-los-139-femicidios-y-trans-travesticidios-del-2023\/\" \/>\n<meta property=\"og:locale\" content=\"es_ES\" \/>\n<meta property=\"og:type\" content=\"article\" \/>\n<meta property=\"og:title\" content=\"\u201cEl Estado es responsable de los 139 femicidios y trans travesticidios del 2023\u201d - InfoPBA247\" \/>\n<meta property=\"og:description\" content=\"El movimiento de mujeres y diversidades se prepara para salir de nuevo a las calles a 8 a\u00f1os de la\" \/>\n<meta property=\"og:url\" content=\"https:\/\/infopba247.com.ar\/index.php\/2023\/05\/30\/el-estado-es-responsable-de-los-139-femicidios-y-trans-travesticidios-del-2023\/\" \/>\n<meta property=\"og:site_name\" content=\"InfoPBA247\" \/>\n<meta property=\"article:publisher\" content=\"https:\/\/www.facebook.com\/InfoPBA\" \/>\n<meta property=\"article:published_time\" content=\"2023-05-30T15:25:00+00:00\" \/>\n<meta property=\"article:modified_time\" content=\"2023-06-01T15:26:33+00:00\" \/>\n<meta property=\"og:image\" content=\"https:\/\/infopba247.com.ar\/wp-content\/uploads\/2023\/06\/unnamed-52.jpg\" \/>\n\t<meta property=\"og:image:width\" content=\"1080\" \/>\n\t<meta property=\"og:image:height\" content=\"810\" \/>\n\t<meta property=\"og:image:type\" content=\"image\/jpeg\" \/>\n<meta name=\"author\" content=\"Editor\" \/>\n<meta name=\"twitter:card\" content=\"summary_large_image\" \/>\n<meta name=\"twitter:label1\" content=\"Escrito por\" \/>\n\t<meta name=\"twitter:data1\" content=\"Editor\" \/>\n\t<meta name=\"twitter:label2\" content=\"Tiempo de lectura\" \/>\n\t<meta name=\"twitter:data2\" content=\"2 minutos\" \/>\n<script type=\"application\/ld+json\" class=\"yoast-schema-graph\">{\"@context\":\"https:\\\/\\\/schema.org\",\"@graph\":[{\"@type\":\"Article\",\"@id\":\"https:\\\/\\\/infopba247.com.ar\\\/index.php\\\/2023\\\/05\\\/30\\\/el-estado-es-responsable-de-los-139-femicidios-y-trans-travesticidios-del-2023\\\/#article\",\"isPartOf\":{\"@id\":\"https:\\\/\\\/infopba247.com.ar\\\/index.php\\\/2023\\\/05\\\/30\\\/el-estado-es-responsable-de-los-139-femicidios-y-trans-travesticidios-del-2023\\\/\"},\"author\":{\"name\":\"Editor\",\"@id\":\"https:\\\/\\\/infopba247.com.ar\\\/#\\\/schema\\\/person\\\/4975f1343a413e57bf839b3eed0099f2\"},\"headline\":\"\u201cEl Estado es responsable de los 139 femicidios y trans travesticidios del 2023\u201d\",\"datePublished\":\"2023-05-30T15:25:00+00:00\",\"dateModified\":\"2023-06-01T15:26:33+00:00\",\"mainEntityOfPage\":{\"@id\":\"https:\\\/\\\/infopba247.com.ar\\\/index.php\\\/2023\\\/05\\\/30\\\/el-estado-es-responsable-de-los-139-femicidios-y-trans-travesticidios-del-2023\\\/\"},\"wordCount\":366,\"commentCount\":0,\"publisher\":{\"@id\":\"https:\\\/\\\/infopba247.com.ar\\\/#organization\"},\"image\":{\"@id\":\"https:\\\/\\\/infopba247.com.ar\\\/index.php\\\/2023\\\/05\\\/30\\\/el-estado-es-responsable-de-los-139-femicidios-y-trans-travesticidios-del-2023\\\/#primaryimage\"},\"thumbnailUrl\":\"https:\\\/\\\/infopba247.com.ar\\\/wp-content\\\/uploads\\\/2023\\\/06\\\/unnamed-52.jpg\",\"articleSection\":[\"8va Secci\u00f3n\",\"Destacadas\",\"Pol\u00edtica\"],\"inLanguage\":\"es\",\"potentialAction\":[{\"@type\":\"CommentAction\",\"name\":\"Comment\",\"target\":[\"https:\\\/\\\/infopba247.com.ar\\\/index.php\\\/2023\\\/05\\\/30\\\/el-estado-es-responsable-de-los-139-femicidios-y-trans-travesticidios-del-2023\\\/#respond\"]}]},{\"@type\":\"WebPage\",\"@id\":\"https:\\\/\\\/infopba247.com.ar\\\/index.php\\\/2023\\\/05\\\/30\\\/el-estado-es-responsable-de-los-139-femicidios-y-trans-travesticidios-del-2023\\\/\",\"url\":\"https:\\\/\\\/infopba247.com.ar\\\/index.php\\\/2023\\\/05\\\/30\\\/el-estado-es-responsable-de-los-139-femicidios-y-trans-travesticidios-del-2023\\\/\",\"name\":\"\u201cEl Estado es responsable de los 139 femicidios y trans travesticidios del 2023\u201d - InfoPBA247\",\"isPartOf\":{\"@id\":\"https:\\\/\\\/infopba247.com.ar\\\/#website\"},\"primaryImageOfPage\":{\"@id\":\"https:\\\/\\\/infopba247.com.ar\\\/index.php\\\/2023\\\/05\\\/30\\\/el-estado-es-responsable-de-los-139-femicidios-y-trans-travesticidios-del-2023\\\/#primaryimage\"},\"image\":{\"@id\":\"https:\\\/\\\/infopba247.com.ar\\\/index.php\\\/2023\\\/05\\\/30\\\/el-estado-es-responsable-de-los-139-femicidios-y-trans-travesticidios-del-2023\\\/#primaryimage\"},\"thumbnailUrl\":\"https:\\\/\\\/infopba247.com.ar\\\/wp-content\\\/uploads\\\/2023\\\/06\\\/unnamed-52.jpg\",\"datePublished\":\"2023-05-30T15:25:00+00:00\",\"dateModified\":\"2023-06-01T15:26:33+00:00\",\"breadcrumb\":{\"@id\":\"https:\\\/\\\/infopba247.com.ar\\\/index.php\\\/2023\\\/05\\\/30\\\/el-estado-es-responsable-de-los-139-femicidios-y-trans-travesticidios-del-2023\\\/#breadcrumb\"},\"inLanguage\":\"es\",\"potentialAction\":[{\"@type\":\"ReadAction\",\"target\":[\"https:\\\/\\\/infopba247.com.ar\\\/index.php\\\/2023\\\/05\\\/30\\\/el-estado-es-responsable-de-los-139-femicidios-y-trans-travesticidios-del-2023\\\/\"]}]},{\"@type\":\"ImageObject\",\"inLanguage\":\"es\",\"@id\":\"https:\\\/\\\/infopba247.com.ar\\\/index.php\\\/2023\\\/05\\\/30\\\/el-estado-es-responsable-de-los-139-femicidios-y-trans-travesticidios-del-2023\\\/#primaryimage\",\"url\":\"https:\\\/\\\/infopba247.com.ar\\\/wp-content\\\/uploads\\\/2023\\\/06\\\/unnamed-52.jpg\",\"contentUrl\":\"https:\\\/\\\/infopba247.com.ar\\\/wp-content\\\/uploads\\\/2023\\\/06\\\/unnamed-52.jpg\",\"width\":1080,\"height\":810},{\"@type\":\"BreadcrumbList\",\"@id\":\"https:\\\/\\\/infopba247.com.ar\\\/index.php\\\/2023\\\/05\\\/30\\\/el-estado-es-responsable-de-los-139-femicidios-y-trans-travesticidios-del-2023\\\/#breadcrumb\",\"itemListElement\":[{\"@type\":\"ListItem\",\"position\":1,\"name\":\"Portada\",\"item\":\"https:\\\/\\\/infopba247.com.ar\\\/\"},{\"@type\":\"ListItem\",\"position\":2,\"name\":\"\u201cEl Estado es responsable de los 139 femicidios y trans travesticidios del 2023\u201d\"}]},{\"@type\":\"WebSite\",\"@id\":\"https:\\\/\\\/infopba247.com.ar\\\/#website\",\"url\":\"https:\\\/\\\/infopba247.com.ar\\\/\",\"name\":\"InfoPBA247\",\"description\":\"Toda la actualidad bonaerense\",\"publisher\":{\"@id\":\"https:\\\/\\\/infopba247.com.ar\\\/#organization\"},\"potentialAction\":[{\"@type\":\"SearchAction\",\"target\":{\"@type\":\"EntryPoint\",\"urlTemplate\":\"https:\\\/\\\/infopba247.com.ar\\\/?s={search_term_string}\"},\"query-input\":{\"@type\":\"PropertyValueSpecification\",\"valueRequired\":true,\"valueName\":\"search_term_string\"}}],\"inLanguage\":\"es\"},{\"@type\":\"Organization\",\"@id\":\"https:\\\/\\\/infopba247.com.ar\\\/#organization\",\"name\":\"InfoPBA247\",\"url\":\"https:\\\/\\\/infopba247.com.ar\\\/\",\"logo\":{\"@type\":\"ImageObject\",\"inLanguage\":\"es\",\"@id\":\"https:\\\/\\\/infopba247.com.ar\\\/#\\\/schema\\\/logo\\\/image\\\/\",\"url\":\"https:\\\/\\\/infopba247.com.ar\\\/wp-content\\\/uploads\\\/2022\\\/03\\\/cropped-InfoPBA247-1.png\",\"contentUrl\":\"https:\\\/\\\/infopba247.com.ar\\\/wp-content\\\/uploads\\\/2022\\\/03\\\/cropped-InfoPBA247-1.png\",\"width\":500,\"height\":122,\"caption\":\"InfoPBA247\"},\"image\":{\"@id\":\"https:\\\/\\\/infopba247.com.ar\\\/#\\\/schema\\\/logo\\\/image\\\/\"},\"sameAs\":[\"https:\\\/\\\/www.facebook.com\\\/InfoPBA\"]},{\"@type\":\"Person\",\"@id\":\"https:\\\/\\\/infopba247.com.ar\\\/#\\\/schema\\\/person\\\/4975f1343a413e57bf839b3eed0099f2\",\"name\":\"Editor\",\"image\":{\"@type\":\"ImageObject\",\"inLanguage\":\"es\",\"@id\":\"https:\\\/\\\/secure.gravatar.com\\\/avatar\\\/d27fe9520667ca53441d36627a1d6b0fa4a813571ec4803687a7a3a7744685ac?s=96&d=mm&r=g\",\"url\":\"https:\\\/\\\/secure.gravatar.com\\\/avatar\\\/d27fe9520667ca53441d36627a1d6b0fa4a813571ec4803687a7a3a7744685ac?s=96&d=mm&r=g\",\"contentUrl\":\"https:\\\/\\\/secure.gravatar.com\\\/avatar\\\/d27fe9520667ca53441d36627a1d6b0fa4a813571ec4803687a7a3a7744685ac?s=96&d=mm&r=g\",\"caption\":\"Editor\"},\"url\":\"https:\\\/\\\/infopba247.com.ar\\\/index.php\\\/author\\\/editor\\\/\"}]}<\/script>\n<!-- \/ Yoast SEO plugin. -->","yoast_head_json":{"title":"\u201cEl Estado es responsable de los 139 femicidios y trans travesticidios del 2023\u201d - InfoPBA247","robots":{"index":"index","follow":"follow","max-snippet":"max-snippet:-1","max-image-preview":"max-image-preview:large","max-video-preview":"max-video-preview:-1"},"canonical":"https:\/\/infopba247.com.ar\/index.php\/2023\/05\/30\/el-estado-es-responsable-de-los-139-femicidios-y-trans-travesticidios-del-2023\/","og_locale":"es_ES","og_type":"article","og_title":"\u201cEl Estado es responsable de los 139 femicidios y trans travesticidios del 2023\u201d - InfoPBA247","og_description":"El movimiento de mujeres y diversidades se prepara para salir de nuevo a las calles a 8 a\u00f1os de la","og_url":"https:\/\/infopba247.com.ar\/index.php\/2023\/05\/30\/el-estado-es-responsable-de-los-139-femicidios-y-trans-travesticidios-del-2023\/","og_site_name":"InfoPBA247","article_publisher":"https:\/\/www.facebook.com\/InfoPBA","article_published_time":"2023-05-30T15:25:00+00:00","article_modified_time":"2023-06-01T15:26:33+00:00","og_image":[{"width":1080,"height":810,"url":"https:\/\/infopba247.com.ar\/wp-content\/uploads\/2023\/06\/unnamed-52.jpg","type":"image\/jpeg"}],"author":"Editor","twitter_card":"summary_large_image","twitter_misc":{"Escrito por":"Editor","Tiempo de lectura":"2 minutos"},"schema":{"@context":"https:\/\/schema.org","@graph":[{"@type":"Article","@id":"https:\/\/infopba247.com.ar\/index.php\/2023\/05\/30\/el-estado-es-responsable-de-los-139-femicidios-y-trans-travesticidios-del-2023\/#article","isPartOf":{"@id":"https:\/\/infopba247.com.ar\/index.php\/2023\/05\/30\/el-estado-es-responsable-de-los-139-femicidios-y-trans-travesticidios-del-2023\/"},"author":{"name":"Editor","@id":"https:\/\/infopba247.com.ar\/#\/schema\/person\/4975f1343a413e57bf839b3eed0099f2"},"headline":"\u201cEl Estado es responsable de los 139 femicidios y trans travesticidios del 2023\u201d","datePublished":"2023-05-30T15:25:00+00:00","dateModified":"2023-06-01T15:26:33+00:00","mainEntityOfPage":{"@id":"https:\/\/infopba247.com.ar\/index.php\/2023\/05\/30\/el-estado-es-responsable-de-los-139-femicidios-y-trans-travesticidios-del-2023\/"},"wordCount":366,"commentCount":0,"publisher":{"@id":"https:\/\/infopba247.com.ar\/#organization"},"image":{"@id":"https:\/\/infopba247.com.ar\/index.php\/2023\/05\/30\/el-estado-es-responsable-de-los-139-femicidios-y-trans-travesticidios-del-2023\/#primaryimage"},"thumbnailUrl":"https:\/\/infopba247.com.ar\/wp-content\/uploads\/2023\/06\/unnamed-52.jpg","articleSection":["8va Secci\u00f3n","Destacadas","Pol\u00edtica"],"inLanguage":"es","potentialAction":[{"@type":"CommentAction","name":"Comment","target":["https:\/\/infopba247.com.ar\/index.php\/2023\/05\/30\/el-estado-es-responsable-de-los-139-femicidios-y-trans-travesticidios-del-2023\/#respond"]}]},{"@type":"WebPage","@id":"https:\/\/infopba247.com.ar\/index.php\/2023\/05\/30\/el-estado-es-responsable-de-los-139-femicidios-y-trans-travesticidios-del-2023\/","url":"https:\/\/infopba247.com.ar\/index.php\/2023\/05\/30\/el-estado-es-responsable-de-los-139-femicidios-y-trans-travesticidios-del-2023\/","name":"\u201cEl Estado es responsable de los 139 femicidios y trans travesticidios del 2023\u201d - InfoPBA247","isPartOf":{"@id":"https:\/\/infopba247.com.ar\/#website"},"primaryImageOfPage":{"@id":"https:\/\/infopba247.com.ar\/index.php\/2023\/05\/30\/el-estado-es-responsable-de-los-139-femicidios-y-trans-travesticidios-del-2023\/#primaryimage"},"image":{"@id":"https:\/\/infopba247.com.ar\/index.php\/2023\/05\/30\/el-estado-es-responsable-de-los-139-femicidios-y-trans-travesticidios-del-2023\/#primaryimage"},"thumbnailUrl":"https:\/\/infopba247.com.ar\/wp-content\/uploads\/2023\/06\/unnamed-52.jpg","datePublished":"2023-05-30T15:25:00+00:00","dateModified":"2023-06-01T15:26:33+00:00","breadcrumb":{"@id":"https:\/\/infopba247.com.ar\/index.php\/2023\/05\/30\/el-estado-es-responsable-de-los-139-femicidios-y-trans-travesticidios-del-2023\/#breadcrumb"},"inLanguage":"es","potentialAction":[{"@type":"ReadAction","target":["https:\/\/infopba247.com.ar\/index.php\/2023\/05\/30\/el-estado-es-responsable-de-los-139-femicidios-y-trans-travesticidios-del-2023\/"]}]},{"@type":"ImageObject","inLanguage":"es","@id":"https:\/\/infopba247.com.ar\/index.php\/2023\/05\/30\/el-estado-es-responsable-de-los-139-femicidios-y-trans-travesticidios-del-2023\/#primaryimage","url":"https:\/\/infopba247.com.ar\/wp-content\/uploads\/2023\/06\/unnamed-52.jpg","contentUrl":"https:\/\/infopba247.com.ar\/wp-content\/uploads\/2023\/06\/unnamed-52.jpg","width":1080,"height":810},{"@type":"BreadcrumbList","@id":"https:\/\/infopba247.com.ar\/index.php\/2023\/05\/30\/el-estado-es-responsable-de-los-139-femicidios-y-trans-travesticidios-del-2023\/#breadcrumb","itemListElement":[{"@type":"ListItem","position":1,"name":"Portada","item":"https:\/\/infopba247.com.ar\/"},{"@type":"ListItem","position":2,"name":"\u201cEl Estado es responsable de los 139 femicidios y trans travesticidios del 2023\u201d"}]},{"@type":"WebSite","@id":"https:\/\/infopba247.com.ar\/#website","url":"https:\/\/infopba247.com.ar\/","name":"InfoPBA247","description":"Toda la actualidad bonaerense","publisher":{"@id":"https:\/\/infopba247.com.ar\/#organization"},"potentialAction":[{"@type":"SearchAction","target":{"@type":"EntryPoint","urlTemplate":"https:\/\/infopba247.com.ar\/?s={search_term_string}"},"query-input":{"@type":"PropertyValueSpecification","valueRequired":true,"valueName":"search_term_string"}}],"inLanguage":"es"},{"@type":"Organization","@id":"https:\/\/infopba247.com.ar\/#organization","name":"InfoPBA247","url":"https:\/\/infopba247.com.ar\/","logo":{"@type":"ImageObject","inLanguage":"es","@id":"https:\/\/infopba247.com.ar\/#\/schema\/logo\/image\/","url":"https:\/\/infopba247.com.ar\/wp-content\/uploads\/2022\/03\/cropped-InfoPBA247-1.png","contentUrl":"https:\/\/infopba247.com.ar\/wp-content\/uploads\/2022\/03\/cropped-InfoPBA247-1.png","width":500,"height":122,"caption":"InfoPBA247"},"image":{"@id":"https:\/\/infopba247.com.ar\/#\/schema\/logo\/image\/"},"sameAs":["https:\/\/www.facebook.com\/InfoPBA"]},{"@type":"Person","@id":"https:\/\/infopba247.com.ar\/#\/schema\/person\/4975f1343a413e57bf839b3eed0099f2","name":"Editor","image":{"@type":"ImageObject","inLanguage":"es","@id":"https:\/\/secure.gravatar.com\/avatar\/d27fe9520667ca53441d36627a1d6b0fa4a813571ec4803687a7a3a7744685ac?s=96&d=mm&r=g","url":"https:\/\/secure.gravatar.com\/avatar\/d27fe9520667ca53441d36627a1d6b0fa4a813571ec4803687a7a3a7744685ac?s=96&d=mm&r=g","contentUrl":"https:\/\/secure.gravatar.com\/avatar\/d27fe9520667ca53441d36627a1d6b0fa4a813571ec4803687a7a3a7744685ac?s=96&d=mm&r=g","caption":"Editor"},"url":"https:\/\/infopba247.com.ar\/index.php\/author\/editor\/"}]}},"_links":{"self":[{"href":"https:\/\/infopba247.com.ar\/index.php\/wp-json\/wp\/v2\/posts\/1611","targetHints":{"allow":["GET"]}}],"collection":[{"href":"https:\/\/infopba247.com.ar\/index.php\/wp-json\/wp\/v2\/posts"}],"about":[{"href":"https:\/\/infopba247.com.ar\/index.php\/wp-json\/wp\/v2\/types\/post"}],"author":[{"embeddable":true,"href":"https:\/\/infopba247.com.ar\/index.php\/wp-json\/wp\/v2\/users\/3"}],"replies":[{"embeddable":true,"href":"https:\/\/infopba247.com.ar\/index.php\/wp-json\/wp\/v2\/comments?post=1611"}],"version-history":[{"count":1,"href":"https:\/\/infopba247.com.ar\/index.php\/wp-json\/wp\/v2\/posts\/1611\/revisions"}],"predecessor-version":[{"id":1613,"href":"https:\/\/infopba247.com.ar\/index.php\/wp-json\/wp\/v2\/posts\/1611\/revisions\/1613"}],"wp:featuredmedia":[{"embeddable":true,"href":"https:\/\/infopba247.com.ar\/index.php\/wp-json\/wp\/v2\/media\/1612"}],"wp:attachment":[{"href":"https:\/\/infopba247.com.ar\/index.php\/wp-json\/wp\/v2\/media?parent=1611"}],"wp:term":[{"taxonomy":"category","embeddable":true,"href":"https:\/\/infopba247.com.ar\/index.php\/wp-json\/wp\/v2\/categories?post=1611"},{"taxonomy":"post_tag","embeddable":true,"href":"https:\/\/infopba247.com.ar\/index.php\/wp-json\/wp\/v2\/tags?post=1611"}],"curies":[{"name":"wp","href":"https:\/\/api.w.org\/{rel}","templated":true}]}}