{"id":1557,"date":"2023-05-16T12:41:15","date_gmt":"2023-05-16T15:41:15","guid":{"rendered":"https:\/\/infopba247.com.ar\/?p=1557"},"modified":"2023-05-18T12:47:12","modified_gmt":"2023-05-18T15:47:12","slug":"a-una-semana-de-las-misteriosas-luces-rojas-en-el-cielo-cuales-son-las-principales-teorias-y-los-puntos-flacos","status":"publish","type":"post","link":"https:\/\/infopba247.com.ar\/index.php\/2023\/05\/16\/a-una-semana-de-las-misteriosas-luces-rojas-en-el-cielo-cuales-son-las-principales-teorias-y-los-puntos-flacos\/","title":{"rendered":"A una semana de las misteriosas luces rojas en el cielo, cu\u00e1les son las principales teor\u00edas y los \u201cpuntos flacos\u201d"},"content":{"rendered":"\n<p>El pasado 9 de mayo cerca de las 22 horas, vecinos de distintas ciudades del AMBA y el interior bonaerense reportaron, y varios de ellos las filmaron, la presencia de dos luces rojas, como bolas de fuego alargadas suspendidas en el cielo. Las hip\u00f3tesis son varias pero todav\u00eda ninguna result\u00f3 determinante.<\/p>\n\n\n\n<p>El uf\u00f3logo Luis Burgos asegur\u00f3: \u201cHay dos explicaciones bastantes coherentes aunque tambi\u00e9n tienen puntos flacos. Una de ellas es que haya sido un fen\u00f3meno de refracci\u00f3n en las nubes del f\u00f3sforo de YPF. Esto puede ocurrir cuando el cielo est\u00e1 totalmente ecapotado con nubes bajas, produciendo una sierte de espejo. Esto ha sucedido en otras oportunidades\u201d.<\/p>\n\n\n\n<p>Sin embargo, Burgos advirti\u00f3 que en la noche del martes 9 de mayo \u201cel cielo no estaba tan encapotado\u201d, sino parcialmente nubado. \u201cEn las fotos y videos se ven algunas estrellas\u201d, analiz\u00f3.<\/p>\n\n\n\n<p>El uf\u00f3logo consider\u00f3 que lo m\u00e1s proable es que se haya tratado de \u201cun fen\u00f3meno de altura\u201d que se produjo \u201csuperando la estrat\u00f3sfera a m\u00e1s de 50 kil\u00f3metros de altura\u201d, porque las mismas luces fueron vistas en ciudades muy lejanas como Villa Gesell.<\/p>\n\n\n\n<p>\u201cEn contacto con un astr\u00f3nomo allegado me habl\u00f3 de un espectro rojo o red sprite. Pero para ese fen\u00f3meno tiene que haber una tormenta a una distancia no superior de 300 kil\u00f3metros y ese d\u00eda, la tormenta m\u00e1s cercana se dio en Brasil por lo que se cae esta hip\u00f3tesis\u201d, apunt\u00f3 Burgos.<\/p>\n\n\n\n<p>Como \u00faltima alernativa, el referente del estudio del fen\u00f3meno Ovni en Argentina mencion\u00f3 \u201calg\u00fan lanzamiento que hubiera ocurrido horas atr\u00e1s, ya que en una etapa hay una gasificaci\u00f3n que queda en la alta atm\u00f3sfera y puede verse a mucha distancia\u201d.<\/p>\n\n\n\n<p>Burgos, asegur\u00f3 que uf\u00f3logos de M\u00e9xico reportaron un fen\u00f3meno similar d\u00edas antes pero consider\u00f3 que este dato debe ser \u201ctomado con pinzas\u201d.<\/p>\n\n\n\n<p>\u201cLo que m\u00e1s me extra\u00f1a es la gran luminosidad, es un fen\u00f3meno de alta atm\u00f3sfera. Hasta ahora es un caso dudoso, no tenemos una referencia\u201d, analiz\u00f3 y reproch\u00f3: \u201cUn astr\u00f3nomo dijo que era un drone, entiendo que siempre quieren decir algo pero es totalmente incoherente\u201d.<\/p>\n\n\n\n<p>De todos modos, Burgos asegur\u00f3 con total seguridad que estas luces rojas en el cielo no responden a un avistamiento Ovni porque \u201cno tiene su compartimiento\u201d, y consider\u00f3: \u201cEs algo del campo de la meteorolog\u00eda y la astronom\u00eda, para nada de la ufolog\u00eda\u201d.<\/p>\n","protected":false},"excerpt":{"rendered":"<p>El pasado 9 de mayo cerca de las 22 horas, vecinos de distintas ciudades del AMBA y el interior bonaerense<\/p>\n","protected":false},"author":3,"featured_media":1558,"comment_status":"closed","ping_status":"closed","sticky":false,"template":"","format":"standard","meta":{"colormag_page_container_layout":"default_layout","colormag_page_sidebar_layout":"default_layout","footnotes":""},"categories":[16],"tags":[],"class_list":["post-1557","post","type-post","status-publish","format-standard","has-post-thumbnail","hentry","category-interes-general"],"yoast_head":"<!-- This site is optimized with the Yoast SEO plugin v27.4 - https:\/\/yoast.com\/product\/yoast-seo-wordpress\/ -->\n<title>A una semana de las misteriosas luces rojas en el cielo, cu\u00e1les son las principales teor\u00edas y los \u201cpuntos flacos\u201d - InfoPBA247<\/title>\n<meta name=\"robots\" content=\"index, follow, max-snippet:-1, max-image-preview:large, max-video-preview:-1\" \/>\n<link rel=\"canonical\" href=\"https:\/\/infopba247.com.ar\/index.php\/2023\/05\/16\/a-una-semana-de-las-misteriosas-luces-rojas-en-el-cielo-cuales-son-las-principales-teorias-y-los-puntos-flacos\/\" \/>\n<meta property=\"og:locale\" content=\"es_ES\" \/>\n<meta property=\"og:type\" content=\"article\" \/>\n<meta property=\"og:title\" content=\"A una semana de las misteriosas luces rojas en el cielo, cu\u00e1les son las principales teor\u00edas y los \u201cpuntos flacos\u201d - InfoPBA247\" \/>\n<meta property=\"og:description\" content=\"El pasado 9 de mayo cerca de las 22 horas, vecinos de distintas ciudades del AMBA y el interior bonaerense\" \/>\n<meta property=\"og:url\" content=\"https:\/\/infopba247.com.ar\/index.php\/2023\/05\/16\/a-una-semana-de-las-misteriosas-luces-rojas-en-el-cielo-cuales-son-las-principales-teorias-y-los-puntos-flacos\/\" \/>\n<meta property=\"og:site_name\" content=\"InfoPBA247\" \/>\n<meta property=\"article:publisher\" content=\"https:\/\/www.facebook.com\/InfoPBA\" \/>\n<meta property=\"article:published_time\" content=\"2023-05-16T15:41:15+00:00\" \/>\n<meta property=\"article:modified_time\" content=\"2023-05-18T15:47:12+00:00\" \/>\n<meta property=\"og:image\" content=\"https:\/\/infopba247.com.ar\/wp-content\/uploads\/2023\/05\/luces-cielo.jpg\" \/>\n\t<meta property=\"og:image:width\" content=\"1200\" \/>\n\t<meta property=\"og:image:height\" content=\"825\" \/>\n\t<meta property=\"og:image:type\" content=\"image\/jpeg\" \/>\n<meta name=\"author\" content=\"Editor\" \/>\n<meta name=\"twitter:card\" content=\"summary_large_image\" \/>\n<meta name=\"twitter:label1\" content=\"Escrito por\" \/>\n\t<meta name=\"twitter:data1\" content=\"Editor\" \/>\n\t<meta name=\"twitter:label2\" content=\"Tiempo de lectura\" \/>\n\t<meta name=\"twitter:data2\" content=\"2 minutos\" \/>\n<script type=\"application\/ld+json\" class=\"yoast-schema-graph\">{\"@context\":\"https:\\\/\\\/schema.org\",\"@graph\":[{\"@type\":\"Article\",\"@id\":\"https:\\\/\\\/infopba247.com.ar\\\/index.php\\\/2023\\\/05\\\/16\\\/a-una-semana-de-las-misteriosas-luces-rojas-en-el-cielo-cuales-son-las-principales-teorias-y-los-puntos-flacos\\\/#article\",\"isPartOf\":{\"@id\":\"https:\\\/\\\/infopba247.com.ar\\\/index.php\\\/2023\\\/05\\\/16\\\/a-una-semana-de-las-misteriosas-luces-rojas-en-el-cielo-cuales-son-las-principales-teorias-y-los-puntos-flacos\\\/\"},\"author\":{\"name\":\"Editor\",\"@id\":\"https:\\\/\\\/infopba247.com.ar\\\/#\\\/schema\\\/person\\\/4975f1343a413e57bf839b3eed0099f2\"},\"headline\":\"A una semana de las misteriosas luces rojas en el cielo, cu\u00e1les son las principales teor\u00edas y los \u201cpuntos flacos\u201d\",\"datePublished\":\"2023-05-16T15:41:15+00:00\",\"dateModified\":\"2023-05-18T15:47:12+00:00\",\"mainEntityOfPage\":{\"@id\":\"https:\\\/\\\/infopba247.com.ar\\\/index.php\\\/2023\\\/05\\\/16\\\/a-una-semana-de-las-misteriosas-luces-rojas-en-el-cielo-cuales-son-las-principales-teorias-y-los-puntos-flacos\\\/\"},\"wordCount\":437,\"publisher\":{\"@id\":\"https:\\\/\\\/infopba247.com.ar\\\/#organization\"},\"image\":{\"@id\":\"https:\\\/\\\/infopba247.com.ar\\\/index.php\\\/2023\\\/05\\\/16\\\/a-una-semana-de-las-misteriosas-luces-rojas-en-el-cielo-cuales-son-las-principales-teorias-y-los-puntos-flacos\\\/#primaryimage\"},\"thumbnailUrl\":\"https:\\\/\\\/infopba247.com.ar\\\/wp-content\\\/uploads\\\/2023\\\/05\\\/luces-cielo.jpg\",\"articleSection\":[\"Inter\u00e9s General\"],\"inLanguage\":\"es\"},{\"@type\":\"WebPage\",\"@id\":\"https:\\\/\\\/infopba247.com.ar\\\/index.php\\\/2023\\\/05\\\/16\\\/a-una-semana-de-las-misteriosas-luces-rojas-en-el-cielo-cuales-son-las-principales-teorias-y-los-puntos-flacos\\\/\",\"url\":\"https:\\\/\\\/infopba247.com.ar\\\/index.php\\\/2023\\\/05\\\/16\\\/a-una-semana-de-las-misteriosas-luces-rojas-en-el-cielo-cuales-son-las-principales-teorias-y-los-puntos-flacos\\\/\",\"name\":\"A una semana de las misteriosas luces rojas en el cielo, cu\u00e1les son las principales teor\u00edas y los \u201cpuntos flacos\u201d - InfoPBA247\",\"isPartOf\":{\"@id\":\"https:\\\/\\\/infopba247.com.ar\\\/#website\"},\"primaryImageOfPage\":{\"@id\":\"https:\\\/\\\/infopba247.com.ar\\\/index.php\\\/2023\\\/05\\\/16\\\/a-una-semana-de-las-misteriosas-luces-rojas-en-el-cielo-cuales-son-las-principales-teorias-y-los-puntos-flacos\\\/#primaryimage\"},\"image\":{\"@id\":\"https:\\\/\\\/infopba247.com.ar\\\/index.php\\\/2023\\\/05\\\/16\\\/a-una-semana-de-las-misteriosas-luces-rojas-en-el-cielo-cuales-son-las-principales-teorias-y-los-puntos-flacos\\\/#primaryimage\"},\"thumbnailUrl\":\"https:\\\/\\\/infopba247.com.ar\\\/wp-content\\\/uploads\\\/2023\\\/05\\\/luces-cielo.jpg\",\"datePublished\":\"2023-05-16T15:41:15+00:00\",\"dateModified\":\"2023-05-18T15:47:12+00:00\",\"breadcrumb\":{\"@id\":\"https:\\\/\\\/infopba247.com.ar\\\/index.php\\\/2023\\\/05\\\/16\\\/a-una-semana-de-las-misteriosas-luces-rojas-en-el-cielo-cuales-son-las-principales-teorias-y-los-puntos-flacos\\\/#breadcrumb\"},\"inLanguage\":\"es\",\"potentialAction\":[{\"@type\":\"ReadAction\",\"target\":[\"https:\\\/\\\/infopba247.com.ar\\\/index.php\\\/2023\\\/05\\\/16\\\/a-una-semana-de-las-misteriosas-luces-rojas-en-el-cielo-cuales-son-las-principales-teorias-y-los-puntos-flacos\\\/\"]}]},{\"@type\":\"ImageObject\",\"inLanguage\":\"es\",\"@id\":\"https:\\\/\\\/infopba247.com.ar\\\/index.php\\\/2023\\\/05\\\/16\\\/a-una-semana-de-las-misteriosas-luces-rojas-en-el-cielo-cuales-son-las-principales-teorias-y-los-puntos-flacos\\\/#primaryimage\",\"url\":\"https:\\\/\\\/infopba247.com.ar\\\/wp-content\\\/uploads\\\/2023\\\/05\\\/luces-cielo.jpg\",\"contentUrl\":\"https:\\\/\\\/infopba247.com.ar\\\/wp-content\\\/uploads\\\/2023\\\/05\\\/luces-cielo.jpg\",\"width\":1200,\"height\":825},{\"@type\":\"BreadcrumbList\",\"@id\":\"https:\\\/\\\/infopba247.com.ar\\\/index.php\\\/2023\\\/05\\\/16\\\/a-una-semana-de-las-misteriosas-luces-rojas-en-el-cielo-cuales-son-las-principales-teorias-y-los-puntos-flacos\\\/#breadcrumb\",\"itemListElement\":[{\"@type\":\"ListItem\",\"position\":1,\"name\":\"Portada\",\"item\":\"https:\\\/\\\/infopba247.com.ar\\\/\"},{\"@type\":\"ListItem\",\"position\":2,\"name\":\"A una semana de las misteriosas luces rojas en el cielo, cu\u00e1les son las principales teor\u00edas y los \u201cpuntos flacos\u201d\"}]},{\"@type\":\"WebSite\",\"@id\":\"https:\\\/\\\/infopba247.com.ar\\\/#website\",\"url\":\"https:\\\/\\\/infopba247.com.ar\\\/\",\"name\":\"InfoPBA247\",\"description\":\"Toda la actualidad bonaerense\",\"publisher\":{\"@id\":\"https:\\\/\\\/infopba247.com.ar\\\/#organization\"},\"potentialAction\":[{\"@type\":\"SearchAction\",\"target\":{\"@type\":\"EntryPoint\",\"urlTemplate\":\"https:\\\/\\\/infopba247.com.ar\\\/?s={search_term_string}\"},\"query-input\":{\"@type\":\"PropertyValueSpecification\",\"valueRequired\":true,\"valueName\":\"search_term_string\"}}],\"inLanguage\":\"es\"},{\"@type\":\"Organization\",\"@id\":\"https:\\\/\\\/infopba247.com.ar\\\/#organization\",\"name\":\"InfoPBA247\",\"url\":\"https:\\\/\\\/infopba247.com.ar\\\/\",\"logo\":{\"@type\":\"ImageObject\",\"inLanguage\":\"es\",\"@id\":\"https:\\\/\\\/infopba247.com.ar\\\/#\\\/schema\\\/logo\\\/image\\\/\",\"url\":\"https:\\\/\\\/infopba247.com.ar\\\/wp-content\\\/uploads\\\/2022\\\/03\\\/cropped-InfoPBA247-1.png\",\"contentUrl\":\"https:\\\/\\\/infopba247.com.ar\\\/wp-content\\\/uploads\\\/2022\\\/03\\\/cropped-InfoPBA247-1.png\",\"width\":500,\"height\":122,\"caption\":\"InfoPBA247\"},\"image\":{\"@id\":\"https:\\\/\\\/infopba247.com.ar\\\/#\\\/schema\\\/logo\\\/image\\\/\"},\"sameAs\":[\"https:\\\/\\\/www.facebook.com\\\/InfoPBA\"]},{\"@type\":\"Person\",\"@id\":\"https:\\\/\\\/infopba247.com.ar\\\/#\\\/schema\\\/person\\\/4975f1343a413e57bf839b3eed0099f2\",\"name\":\"Editor\",\"image\":{\"@type\":\"ImageObject\",\"inLanguage\":\"es\",\"@id\":\"https:\\\/\\\/secure.gravatar.com\\\/avatar\\\/d27fe9520667ca53441d36627a1d6b0fa4a813571ec4803687a7a3a7744685ac?s=96&d=mm&r=g\",\"url\":\"https:\\\/\\\/secure.gravatar.com\\\/avatar\\\/d27fe9520667ca53441d36627a1d6b0fa4a813571ec4803687a7a3a7744685ac?s=96&d=mm&r=g\",\"contentUrl\":\"https:\\\/\\\/secure.gravatar.com\\\/avatar\\\/d27fe9520667ca53441d36627a1d6b0fa4a813571ec4803687a7a3a7744685ac?s=96&d=mm&r=g\",\"caption\":\"Editor\"},\"url\":\"https:\\\/\\\/infopba247.com.ar\\\/index.php\\\/author\\\/editor\\\/\"}]}<\/script>\n<!-- \/ Yoast SEO plugin. -->","yoast_head_json":{"title":"A una semana de las misteriosas luces rojas en el cielo, cu\u00e1les son las principales teor\u00edas y los \u201cpuntos flacos\u201d - InfoPBA247","robots":{"index":"index","follow":"follow","max-snippet":"max-snippet:-1","max-image-preview":"max-image-preview:large","max-video-preview":"max-video-preview:-1"},"canonical":"https:\/\/infopba247.com.ar\/index.php\/2023\/05\/16\/a-una-semana-de-las-misteriosas-luces-rojas-en-el-cielo-cuales-son-las-principales-teorias-y-los-puntos-flacos\/","og_locale":"es_ES","og_type":"article","og_title":"A una semana de las misteriosas luces rojas en el cielo, cu\u00e1les son las principales teor\u00edas y los \u201cpuntos flacos\u201d - InfoPBA247","og_description":"El pasado 9 de mayo cerca de las 22 horas, vecinos de distintas ciudades del AMBA y el interior bonaerense","og_url":"https:\/\/infopba247.com.ar\/index.php\/2023\/05\/16\/a-una-semana-de-las-misteriosas-luces-rojas-en-el-cielo-cuales-son-las-principales-teorias-y-los-puntos-flacos\/","og_site_name":"InfoPBA247","article_publisher":"https:\/\/www.facebook.com\/InfoPBA","article_published_time":"2023-05-16T15:41:15+00:00","article_modified_time":"2023-05-18T15:47:12+00:00","og_image":[{"width":1200,"height":825,"url":"https:\/\/infopba247.com.ar\/wp-content\/uploads\/2023\/05\/luces-cielo.jpg","type":"image\/jpeg"}],"author":"Editor","twitter_card":"summary_large_image","twitter_misc":{"Escrito por":"Editor","Tiempo de lectura":"2 minutos"},"schema":{"@context":"https:\/\/schema.org","@graph":[{"@type":"Article","@id":"https:\/\/infopba247.com.ar\/index.php\/2023\/05\/16\/a-una-semana-de-las-misteriosas-luces-rojas-en-el-cielo-cuales-son-las-principales-teorias-y-los-puntos-flacos\/#article","isPartOf":{"@id":"https:\/\/infopba247.com.ar\/index.php\/2023\/05\/16\/a-una-semana-de-las-misteriosas-luces-rojas-en-el-cielo-cuales-son-las-principales-teorias-y-los-puntos-flacos\/"},"author":{"name":"Editor","@id":"https:\/\/infopba247.com.ar\/#\/schema\/person\/4975f1343a413e57bf839b3eed0099f2"},"headline":"A una semana de las misteriosas luces rojas en el cielo, cu\u00e1les son las principales teor\u00edas y los \u201cpuntos flacos\u201d","datePublished":"2023-05-16T15:41:15+00:00","dateModified":"2023-05-18T15:47:12+00:00","mainEntityOfPage":{"@id":"https:\/\/infopba247.com.ar\/index.php\/2023\/05\/16\/a-una-semana-de-las-misteriosas-luces-rojas-en-el-cielo-cuales-son-las-principales-teorias-y-los-puntos-flacos\/"},"wordCount":437,"publisher":{"@id":"https:\/\/infopba247.com.ar\/#organization"},"image":{"@id":"https:\/\/infopba247.com.ar\/index.php\/2023\/05\/16\/a-una-semana-de-las-misteriosas-luces-rojas-en-el-cielo-cuales-son-las-principales-teorias-y-los-puntos-flacos\/#primaryimage"},"thumbnailUrl":"https:\/\/infopba247.com.ar\/wp-content\/uploads\/2023\/05\/luces-cielo.jpg","articleSection":["Inter\u00e9s General"],"inLanguage":"es"},{"@type":"WebPage","@id":"https:\/\/infopba247.com.ar\/index.php\/2023\/05\/16\/a-una-semana-de-las-misteriosas-luces-rojas-en-el-cielo-cuales-son-las-principales-teorias-y-los-puntos-flacos\/","url":"https:\/\/infopba247.com.ar\/index.php\/2023\/05\/16\/a-una-semana-de-las-misteriosas-luces-rojas-en-el-cielo-cuales-son-las-principales-teorias-y-los-puntos-flacos\/","name":"A una semana de las misteriosas luces rojas en el cielo, cu\u00e1les son las principales teor\u00edas y los \u201cpuntos flacos\u201d - InfoPBA247","isPartOf":{"@id":"https:\/\/infopba247.com.ar\/#website"},"primaryImageOfPage":{"@id":"https:\/\/infopba247.com.ar\/index.php\/2023\/05\/16\/a-una-semana-de-las-misteriosas-luces-rojas-en-el-cielo-cuales-son-las-principales-teorias-y-los-puntos-flacos\/#primaryimage"},"image":{"@id":"https:\/\/infopba247.com.ar\/index.php\/2023\/05\/16\/a-una-semana-de-las-misteriosas-luces-rojas-en-el-cielo-cuales-son-las-principales-teorias-y-los-puntos-flacos\/#primaryimage"},"thumbnailUrl":"https:\/\/infopba247.com.ar\/wp-content\/uploads\/2023\/05\/luces-cielo.jpg","datePublished":"2023-05-16T15:41:15+00:00","dateModified":"2023-05-18T15:47:12+00:00","breadcrumb":{"@id":"https:\/\/infopba247.com.ar\/index.php\/2023\/05\/16\/a-una-semana-de-las-misteriosas-luces-rojas-en-el-cielo-cuales-son-las-principales-teorias-y-los-puntos-flacos\/#breadcrumb"},"inLanguage":"es","potentialAction":[{"@type":"ReadAction","target":["https:\/\/infopba247.com.ar\/index.php\/2023\/05\/16\/a-una-semana-de-las-misteriosas-luces-rojas-en-el-cielo-cuales-son-las-principales-teorias-y-los-puntos-flacos\/"]}]},{"@type":"ImageObject","inLanguage":"es","@id":"https:\/\/infopba247.com.ar\/index.php\/2023\/05\/16\/a-una-semana-de-las-misteriosas-luces-rojas-en-el-cielo-cuales-son-las-principales-teorias-y-los-puntos-flacos\/#primaryimage","url":"https:\/\/infopba247.com.ar\/wp-content\/uploads\/2023\/05\/luces-cielo.jpg","contentUrl":"https:\/\/infopba247.com.ar\/wp-content\/uploads\/2023\/05\/luces-cielo.jpg","width":1200,"height":825},{"@type":"BreadcrumbList","@id":"https:\/\/infopba247.com.ar\/index.php\/2023\/05\/16\/a-una-semana-de-las-misteriosas-luces-rojas-en-el-cielo-cuales-son-las-principales-teorias-y-los-puntos-flacos\/#breadcrumb","itemListElement":[{"@type":"ListItem","position":1,"name":"Portada","item":"https:\/\/infopba247.com.ar\/"},{"@type":"ListItem","position":2,"name":"A una semana de las misteriosas luces rojas en el cielo, cu\u00e1les son las principales teor\u00edas y los \u201cpuntos flacos\u201d"}]},{"@type":"WebSite","@id":"https:\/\/infopba247.com.ar\/#website","url":"https:\/\/infopba247.com.ar\/","name":"InfoPBA247","description":"Toda la actualidad bonaerense","publisher":{"@id":"https:\/\/infopba247.com.ar\/#organization"},"potentialAction":[{"@type":"SearchAction","target":{"@type":"EntryPoint","urlTemplate":"https:\/\/infopba247.com.ar\/?s={search_term_string}"},"query-input":{"@type":"PropertyValueSpecification","valueRequired":true,"valueName":"search_term_string"}}],"inLanguage":"es"},{"@type":"Organization","@id":"https:\/\/infopba247.com.ar\/#organization","name":"InfoPBA247","url":"https:\/\/infopba247.com.ar\/","logo":{"@type":"ImageObject","inLanguage":"es","@id":"https:\/\/infopba247.com.ar\/#\/schema\/logo\/image\/","url":"https:\/\/infopba247.com.ar\/wp-content\/uploads\/2022\/03\/cropped-InfoPBA247-1.png","contentUrl":"https:\/\/infopba247.com.ar\/wp-content\/uploads\/2022\/03\/cropped-InfoPBA247-1.png","width":500,"height":122,"caption":"InfoPBA247"},"image":{"@id":"https:\/\/infopba247.com.ar\/#\/schema\/logo\/image\/"},"sameAs":["https:\/\/www.facebook.com\/InfoPBA"]},{"@type":"Person","@id":"https:\/\/infopba247.com.ar\/#\/schema\/person\/4975f1343a413e57bf839b3eed0099f2","name":"Editor","image":{"@type":"ImageObject","inLanguage":"es","@id":"https:\/\/secure.gravatar.com\/avatar\/d27fe9520667ca53441d36627a1d6b0fa4a813571ec4803687a7a3a7744685ac?s=96&d=mm&r=g","url":"https:\/\/secure.gravatar.com\/avatar\/d27fe9520667ca53441d36627a1d6b0fa4a813571ec4803687a7a3a7744685ac?s=96&d=mm&r=g","contentUrl":"https:\/\/secure.gravatar.com\/avatar\/d27fe9520667ca53441d36627a1d6b0fa4a813571ec4803687a7a3a7744685ac?s=96&d=mm&r=g","caption":"Editor"},"url":"https:\/\/infopba247.com.ar\/index.php\/author\/editor\/"}]}},"_links":{"self":[{"href":"https:\/\/infopba247.com.ar\/index.php\/wp-json\/wp\/v2\/posts\/1557","targetHints":{"allow":["GET"]}}],"collection":[{"href":"https:\/\/infopba247.com.ar\/index.php\/wp-json\/wp\/v2\/posts"}],"about":[{"href":"https:\/\/infopba247.com.ar\/index.php\/wp-json\/wp\/v2\/types\/post"}],"author":[{"embeddable":true,"href":"https:\/\/infopba247.com.ar\/index.php\/wp-json\/wp\/v2\/users\/3"}],"replies":[{"embeddable":true,"href":"https:\/\/infopba247.com.ar\/index.php\/wp-json\/wp\/v2\/comments?post=1557"}],"version-history":[{"count":1,"href":"https:\/\/infopba247.com.ar\/index.php\/wp-json\/wp\/v2\/posts\/1557\/revisions"}],"predecessor-version":[{"id":1559,"href":"https:\/\/infopba247.com.ar\/index.php\/wp-json\/wp\/v2\/posts\/1557\/revisions\/1559"}],"wp:featuredmedia":[{"embeddable":true,"href":"https:\/\/infopba247.com.ar\/index.php\/wp-json\/wp\/v2\/media\/1558"}],"wp:attachment":[{"href":"https:\/\/infopba247.com.ar\/index.php\/wp-json\/wp\/v2\/media?parent=1557"}],"wp:term":[{"taxonomy":"category","embeddable":true,"href":"https:\/\/infopba247.com.ar\/index.php\/wp-json\/wp\/v2\/categories?post=1557"},{"taxonomy":"post_tag","embeddable":true,"href":"https:\/\/infopba247.com.ar\/index.php\/wp-json\/wp\/v2\/tags?post=1557"}],"curies":[{"name":"wp","href":"https:\/\/api.w.org\/{rel}","templated":true}]}}