{"id":1533,"date":"2023-05-11T11:58:00","date_gmt":"2023-05-11T14:58:00","guid":{"rendered":"https:\/\/infopba247.com.ar\/?p=1533"},"modified":"2023-05-18T11:59:28","modified_gmt":"2023-05-18T14:59:28","slug":"se-viene-una-jornada-de-concientizacion-y-deteccion-de-celiaquia","status":"publish","type":"post","link":"https:\/\/infopba247.com.ar\/index.php\/2023\/05\/11\/se-viene-una-jornada-de-concientizacion-y-deteccion-de-celiaquia\/","title":{"rendered":"Se viene una jornada de concientizaci\u00f3n y detecci\u00f3n de celiaqu\u00eda"},"content":{"rendered":"\n<p>En el mes de concientizaci\u00f3n sobre la Enfermedad Cel\u00edaca, la Secretar\u00eda de Salud Municipal organiz\u00f3 una jornada de capacitaci\u00f3n para elaboradores de alimentos y una campa\u00f1a de testeo de anticuerpos para la detecci\u00f3n de esta enfermedad.<\/p>\n\n\n\n<p>La jornada tendr\u00e1 lugar el lunes 29 de mayo en el Centro de Convenciones, donde de 9 a 12 horas se realizar\u00e1 la charla denominada \u201cIntroducci\u00f3n a la celiaqu\u00eda y buenas pr\u00e1cticas de manufacturas\u201d a cargo de la Dra. Cinthia Fern\u00e1ndez, perteneciente a Educaci\u00f3n Alimentaria del Instituto Biol\u00f3gico del Ministerio de Salud de la provincia de Buenos Aires; Lic. en Enfermer\u00eda y T\u00e9cnica en Control Bromatol\u00f3gico, Sandra Fern\u00e1ndez, tambi\u00e9n referente Regional del Programa Celiared y la Lic. en Nutrici\u00f3n, Aldana Quintana, referente de Celiared en Monte Hermoso.<\/p>\n\n\n\n<p>Durante la misma, abierta a elaboradores y p\u00fablico en general, se degustar\u00e1n alimentos sin TACC elaborados por integrantes del Centro de Formaci\u00f3n Laboral N\u00b0 401.<\/p>\n\n\n\n<p>Adem\u00e1s, desde las 8:30 hasta las 13 horas se realizar\u00e1 all\u00ed mismo la campa\u00f1a de detecci\u00f3n de Celiaqu\u00eda para lo cual se extraer\u00e1 sangre en el momento (no es necesario concurrir en ayunas) y quienes deseen realizarlo deber\u00e1n primero completar el siguiente cuestionario:<\/p>\n\n\n\n<figure class=\"wp-block-embed\"><div class=\"wp-block-embed__wrapper\">\nhttps:\/\/docs.google.com\/forms\/d\/e\/1FAIpQLSdYV_yPWQinu-AcJ8l2bdqBLejNU7mABfxmNEDTlV7dlsgraQ\/viewform?usp=sf_link\n<\/div><\/figure>\n\n\n\n<p>Esta campa\u00f1a estar\u00e1 a cargo de la jefa del Laboratorio del Hospital Municipal Dr. Ram\u00f3n, Bioqu\u00edmica Carolina Maneiro y de Vanesa Stefanazzi del Servicio de Coordinaci\u00f3n Sanitaria y Redes Asistenciales de la Regi\u00f3n Sanitaria I.<\/p>\n\n\n\n<p>Sobre la patolog\u00eda. El celiaquismo es una enfermedad producida por una reacci\u00f3n al gluten, prote\u00edna que est\u00e1 en ciertos alimentos como el trigo (y sus diferentes variedades), la avena, la cebada y el centeno (T.A.C.C.). Es cr\u00f3nica ya que no se cura, pero se estabiliza con el tratamiento. Su origen es inmune (son c\u00e9lulas que atacan al cuerpo y lo inflaman. Adem\u00e1s, se trata de una patolog\u00eda hereditaria y tiene afecci\u00f3n sist\u00e9mica, puesto que afecta a todo el cuerpo y diferentes \u00f3rganos.<\/p>\n\n\n\n<p>Ocho de cada diez personas no saben que tienen celiaqu\u00eda. La enfermedad puede aparecer en cualquier momento de la vida, no hay una edad espec\u00edfica; en Argentina, 1 de cada 100 personas es cel\u00edaca.<\/p>\n","protected":false},"excerpt":{"rendered":"<p>En el mes de concientizaci\u00f3n sobre la Enfermedad Cel\u00edaca, la Secretar\u00eda de Salud Municipal organiz\u00f3 una jornada de capacitaci\u00f3n para<\/p>\n","protected":false},"author":3,"featured_media":1534,"comment_status":"closed","ping_status":"closed","sticky":false,"template":"","format":"standard","meta":{"colormag_page_container_layout":"default_layout","colormag_page_sidebar_layout":"default_layout","footnotes":""},"categories":[10,14],"tags":[44],"class_list":["post-1533","post","type-post","status-publish","format-standard","has-post-thumbnail","hentry","category-6ta-seccion","category-politica","tag-municipalidad-de-monte-hermoso"],"yoast_head":"<!-- This site is optimized with the Yoast SEO plugin v27.4 - https:\/\/yoast.com\/product\/yoast-seo-wordpress\/ -->\n<title>Se viene una jornada de concientizaci\u00f3n y detecci\u00f3n de celiaqu\u00eda - InfoPBA247<\/title>\n<meta name=\"robots\" content=\"index, follow, max-snippet:-1, max-image-preview:large, max-video-preview:-1\" \/>\n<link rel=\"canonical\" href=\"https:\/\/infopba247.com.ar\/index.php\/2023\/05\/11\/se-viene-una-jornada-de-concientizacion-y-deteccion-de-celiaquia\/\" \/>\n<meta property=\"og:locale\" content=\"es_ES\" \/>\n<meta property=\"og:type\" content=\"article\" \/>\n<meta property=\"og:title\" content=\"Se viene una jornada de concientizaci\u00f3n y detecci\u00f3n de celiaqu\u00eda - InfoPBA247\" \/>\n<meta property=\"og:description\" content=\"En el mes de concientizaci\u00f3n sobre la Enfermedad Cel\u00edaca, la Secretar\u00eda de Salud Municipal organiz\u00f3 una jornada de capacitaci\u00f3n para\" \/>\n<meta property=\"og:url\" content=\"https:\/\/infopba247.com.ar\/index.php\/2023\/05\/11\/se-viene-una-jornada-de-concientizacion-y-deteccion-de-celiaquia\/\" \/>\n<meta property=\"og:site_name\" content=\"InfoPBA247\" \/>\n<meta property=\"article:publisher\" content=\"https:\/\/www.facebook.com\/InfoPBA\" \/>\n<meta property=\"article:published_time\" content=\"2023-05-11T14:58:00+00:00\" \/>\n<meta property=\"article:modified_time\" content=\"2023-05-18T14:59:28+00:00\" \/>\n<meta property=\"og:image\" content=\"https:\/\/infopba247.com.ar\/wp-content\/uploads\/2023\/05\/345045391_269238608840219_5929683034046218642_n.jpg\" \/>\n\t<meta property=\"og:image:width\" content=\"1080\" \/>\n\t<meta property=\"og:image:height\" content=\"1080\" \/>\n\t<meta property=\"og:image:type\" content=\"image\/jpeg\" \/>\n<meta name=\"author\" content=\"Editor\" \/>\n<meta name=\"twitter:card\" content=\"summary_large_image\" \/>\n<meta name=\"twitter:label1\" content=\"Escrito por\" \/>\n\t<meta name=\"twitter:data1\" content=\"Editor\" \/>\n\t<meta name=\"twitter:label2\" content=\"Tiempo de lectura\" \/>\n\t<meta name=\"twitter:data2\" content=\"2 minutos\" \/>\n<script type=\"application\/ld+json\" class=\"yoast-schema-graph\">{\"@context\":\"https:\\\/\\\/schema.org\",\"@graph\":[{\"@type\":\"Article\",\"@id\":\"https:\\\/\\\/infopba247.com.ar\\\/index.php\\\/2023\\\/05\\\/11\\\/se-viene-una-jornada-de-concientizacion-y-deteccion-de-celiaquia\\\/#article\",\"isPartOf\":{\"@id\":\"https:\\\/\\\/infopba247.com.ar\\\/index.php\\\/2023\\\/05\\\/11\\\/se-viene-una-jornada-de-concientizacion-y-deteccion-de-celiaquia\\\/\"},\"author\":{\"name\":\"Editor\",\"@id\":\"https:\\\/\\\/infopba247.com.ar\\\/#\\\/schema\\\/person\\\/4975f1343a413e57bf839b3eed0099f2\"},\"headline\":\"Se viene una jornada de concientizaci\u00f3n y detecci\u00f3n de celiaqu\u00eda\",\"datePublished\":\"2023-05-11T14:58:00+00:00\",\"dateModified\":\"2023-05-18T14:59:28+00:00\",\"mainEntityOfPage\":{\"@id\":\"https:\\\/\\\/infopba247.com.ar\\\/index.php\\\/2023\\\/05\\\/11\\\/se-viene-una-jornada-de-concientizacion-y-deteccion-de-celiaquia\\\/\"},\"wordCount\":410,\"publisher\":{\"@id\":\"https:\\\/\\\/infopba247.com.ar\\\/#organization\"},\"image\":{\"@id\":\"https:\\\/\\\/infopba247.com.ar\\\/index.php\\\/2023\\\/05\\\/11\\\/se-viene-una-jornada-de-concientizacion-y-deteccion-de-celiaquia\\\/#primaryimage\"},\"thumbnailUrl\":\"https:\\\/\\\/infopba247.com.ar\\\/wp-content\\\/uploads\\\/2023\\\/05\\\/345045391_269238608840219_5929683034046218642_n.jpg\",\"keywords\":[\"Municipalidad de Monte Hermoso\"],\"articleSection\":[\"6ta Secci\u00f3n\",\"Pol\u00edtica\"],\"inLanguage\":\"es\"},{\"@type\":\"WebPage\",\"@id\":\"https:\\\/\\\/infopba247.com.ar\\\/index.php\\\/2023\\\/05\\\/11\\\/se-viene-una-jornada-de-concientizacion-y-deteccion-de-celiaquia\\\/\",\"url\":\"https:\\\/\\\/infopba247.com.ar\\\/index.php\\\/2023\\\/05\\\/11\\\/se-viene-una-jornada-de-concientizacion-y-deteccion-de-celiaquia\\\/\",\"name\":\"Se viene una jornada de concientizaci\u00f3n y detecci\u00f3n de celiaqu\u00eda - InfoPBA247\",\"isPartOf\":{\"@id\":\"https:\\\/\\\/infopba247.com.ar\\\/#website\"},\"primaryImageOfPage\":{\"@id\":\"https:\\\/\\\/infopba247.com.ar\\\/index.php\\\/2023\\\/05\\\/11\\\/se-viene-una-jornada-de-concientizacion-y-deteccion-de-celiaquia\\\/#primaryimage\"},\"image\":{\"@id\":\"https:\\\/\\\/infopba247.com.ar\\\/index.php\\\/2023\\\/05\\\/11\\\/se-viene-una-jornada-de-concientizacion-y-deteccion-de-celiaquia\\\/#primaryimage\"},\"thumbnailUrl\":\"https:\\\/\\\/infopba247.com.ar\\\/wp-content\\\/uploads\\\/2023\\\/05\\\/345045391_269238608840219_5929683034046218642_n.jpg\",\"datePublished\":\"2023-05-11T14:58:00+00:00\",\"dateModified\":\"2023-05-18T14:59:28+00:00\",\"breadcrumb\":{\"@id\":\"https:\\\/\\\/infopba247.com.ar\\\/index.php\\\/2023\\\/05\\\/11\\\/se-viene-una-jornada-de-concientizacion-y-deteccion-de-celiaquia\\\/#breadcrumb\"},\"inLanguage\":\"es\",\"potentialAction\":[{\"@type\":\"ReadAction\",\"target\":[\"https:\\\/\\\/infopba247.com.ar\\\/index.php\\\/2023\\\/05\\\/11\\\/se-viene-una-jornada-de-concientizacion-y-deteccion-de-celiaquia\\\/\"]}]},{\"@type\":\"ImageObject\",\"inLanguage\":\"es\",\"@id\":\"https:\\\/\\\/infopba247.com.ar\\\/index.php\\\/2023\\\/05\\\/11\\\/se-viene-una-jornada-de-concientizacion-y-deteccion-de-celiaquia\\\/#primaryimage\",\"url\":\"https:\\\/\\\/infopba247.com.ar\\\/wp-content\\\/uploads\\\/2023\\\/05\\\/345045391_269238608840219_5929683034046218642_n.jpg\",\"contentUrl\":\"https:\\\/\\\/infopba247.com.ar\\\/wp-content\\\/uploads\\\/2023\\\/05\\\/345045391_269238608840219_5929683034046218642_n.jpg\",\"width\":1080,\"height\":1080},{\"@type\":\"BreadcrumbList\",\"@id\":\"https:\\\/\\\/infopba247.com.ar\\\/index.php\\\/2023\\\/05\\\/11\\\/se-viene-una-jornada-de-concientizacion-y-deteccion-de-celiaquia\\\/#breadcrumb\",\"itemListElement\":[{\"@type\":\"ListItem\",\"position\":1,\"name\":\"Portada\",\"item\":\"https:\\\/\\\/infopba247.com.ar\\\/\"},{\"@type\":\"ListItem\",\"position\":2,\"name\":\"Se viene una jornada de concientizaci\u00f3n y detecci\u00f3n de celiaqu\u00eda\"}]},{\"@type\":\"WebSite\",\"@id\":\"https:\\\/\\\/infopba247.com.ar\\\/#website\",\"url\":\"https:\\\/\\\/infopba247.com.ar\\\/\",\"name\":\"InfoPBA247\",\"description\":\"Toda la actualidad bonaerense\",\"publisher\":{\"@id\":\"https:\\\/\\\/infopba247.com.ar\\\/#organization\"},\"potentialAction\":[{\"@type\":\"SearchAction\",\"target\":{\"@type\":\"EntryPoint\",\"urlTemplate\":\"https:\\\/\\\/infopba247.com.ar\\\/?s={search_term_string}\"},\"query-input\":{\"@type\":\"PropertyValueSpecification\",\"valueRequired\":true,\"valueName\":\"search_term_string\"}}],\"inLanguage\":\"es\"},{\"@type\":\"Organization\",\"@id\":\"https:\\\/\\\/infopba247.com.ar\\\/#organization\",\"name\":\"InfoPBA247\",\"url\":\"https:\\\/\\\/infopba247.com.ar\\\/\",\"logo\":{\"@type\":\"ImageObject\",\"inLanguage\":\"es\",\"@id\":\"https:\\\/\\\/infopba247.com.ar\\\/#\\\/schema\\\/logo\\\/image\\\/\",\"url\":\"https:\\\/\\\/infopba247.com.ar\\\/wp-content\\\/uploads\\\/2022\\\/03\\\/cropped-InfoPBA247-1.png\",\"contentUrl\":\"https:\\\/\\\/infopba247.com.ar\\\/wp-content\\\/uploads\\\/2022\\\/03\\\/cropped-InfoPBA247-1.png\",\"width\":500,\"height\":122,\"caption\":\"InfoPBA247\"},\"image\":{\"@id\":\"https:\\\/\\\/infopba247.com.ar\\\/#\\\/schema\\\/logo\\\/image\\\/\"},\"sameAs\":[\"https:\\\/\\\/www.facebook.com\\\/InfoPBA\"]},{\"@type\":\"Person\",\"@id\":\"https:\\\/\\\/infopba247.com.ar\\\/#\\\/schema\\\/person\\\/4975f1343a413e57bf839b3eed0099f2\",\"name\":\"Editor\",\"image\":{\"@type\":\"ImageObject\",\"inLanguage\":\"es\",\"@id\":\"https:\\\/\\\/secure.gravatar.com\\\/avatar\\\/d27fe9520667ca53441d36627a1d6b0fa4a813571ec4803687a7a3a7744685ac?s=96&d=mm&r=g\",\"url\":\"https:\\\/\\\/secure.gravatar.com\\\/avatar\\\/d27fe9520667ca53441d36627a1d6b0fa4a813571ec4803687a7a3a7744685ac?s=96&d=mm&r=g\",\"contentUrl\":\"https:\\\/\\\/secure.gravatar.com\\\/avatar\\\/d27fe9520667ca53441d36627a1d6b0fa4a813571ec4803687a7a3a7744685ac?s=96&d=mm&r=g\",\"caption\":\"Editor\"},\"url\":\"https:\\\/\\\/infopba247.com.ar\\\/index.php\\\/author\\\/editor\\\/\"}]}<\/script>\n<!-- \/ Yoast SEO plugin. -->","yoast_head_json":{"title":"Se viene una jornada de concientizaci\u00f3n y detecci\u00f3n de celiaqu\u00eda - InfoPBA247","robots":{"index":"index","follow":"follow","max-snippet":"max-snippet:-1","max-image-preview":"max-image-preview:large","max-video-preview":"max-video-preview:-1"},"canonical":"https:\/\/infopba247.com.ar\/index.php\/2023\/05\/11\/se-viene-una-jornada-de-concientizacion-y-deteccion-de-celiaquia\/","og_locale":"es_ES","og_type":"article","og_title":"Se viene una jornada de concientizaci\u00f3n y detecci\u00f3n de celiaqu\u00eda - InfoPBA247","og_description":"En el mes de concientizaci\u00f3n sobre la Enfermedad Cel\u00edaca, la Secretar\u00eda de Salud Municipal organiz\u00f3 una jornada de capacitaci\u00f3n para","og_url":"https:\/\/infopba247.com.ar\/index.php\/2023\/05\/11\/se-viene-una-jornada-de-concientizacion-y-deteccion-de-celiaquia\/","og_site_name":"InfoPBA247","article_publisher":"https:\/\/www.facebook.com\/InfoPBA","article_published_time":"2023-05-11T14:58:00+00:00","article_modified_time":"2023-05-18T14:59:28+00:00","og_image":[{"width":1080,"height":1080,"url":"https:\/\/infopba247.com.ar\/wp-content\/uploads\/2023\/05\/345045391_269238608840219_5929683034046218642_n.jpg","type":"image\/jpeg"}],"author":"Editor","twitter_card":"summary_large_image","twitter_misc":{"Escrito por":"Editor","Tiempo de lectura":"2 minutos"},"schema":{"@context":"https:\/\/schema.org","@graph":[{"@type":"Article","@id":"https:\/\/infopba247.com.ar\/index.php\/2023\/05\/11\/se-viene-una-jornada-de-concientizacion-y-deteccion-de-celiaquia\/#article","isPartOf":{"@id":"https:\/\/infopba247.com.ar\/index.php\/2023\/05\/11\/se-viene-una-jornada-de-concientizacion-y-deteccion-de-celiaquia\/"},"author":{"name":"Editor","@id":"https:\/\/infopba247.com.ar\/#\/schema\/person\/4975f1343a413e57bf839b3eed0099f2"},"headline":"Se viene una jornada de concientizaci\u00f3n y detecci\u00f3n de celiaqu\u00eda","datePublished":"2023-05-11T14:58:00+00:00","dateModified":"2023-05-18T14:59:28+00:00","mainEntityOfPage":{"@id":"https:\/\/infopba247.com.ar\/index.php\/2023\/05\/11\/se-viene-una-jornada-de-concientizacion-y-deteccion-de-celiaquia\/"},"wordCount":410,"publisher":{"@id":"https:\/\/infopba247.com.ar\/#organization"},"image":{"@id":"https:\/\/infopba247.com.ar\/index.php\/2023\/05\/11\/se-viene-una-jornada-de-concientizacion-y-deteccion-de-celiaquia\/#primaryimage"},"thumbnailUrl":"https:\/\/infopba247.com.ar\/wp-content\/uploads\/2023\/05\/345045391_269238608840219_5929683034046218642_n.jpg","keywords":["Municipalidad de Monte Hermoso"],"articleSection":["6ta Secci\u00f3n","Pol\u00edtica"],"inLanguage":"es"},{"@type":"WebPage","@id":"https:\/\/infopba247.com.ar\/index.php\/2023\/05\/11\/se-viene-una-jornada-de-concientizacion-y-deteccion-de-celiaquia\/","url":"https:\/\/infopba247.com.ar\/index.php\/2023\/05\/11\/se-viene-una-jornada-de-concientizacion-y-deteccion-de-celiaquia\/","name":"Se viene una jornada de concientizaci\u00f3n y detecci\u00f3n de celiaqu\u00eda - InfoPBA247","isPartOf":{"@id":"https:\/\/infopba247.com.ar\/#website"},"primaryImageOfPage":{"@id":"https:\/\/infopba247.com.ar\/index.php\/2023\/05\/11\/se-viene-una-jornada-de-concientizacion-y-deteccion-de-celiaquia\/#primaryimage"},"image":{"@id":"https:\/\/infopba247.com.ar\/index.php\/2023\/05\/11\/se-viene-una-jornada-de-concientizacion-y-deteccion-de-celiaquia\/#primaryimage"},"thumbnailUrl":"https:\/\/infopba247.com.ar\/wp-content\/uploads\/2023\/05\/345045391_269238608840219_5929683034046218642_n.jpg","datePublished":"2023-05-11T14:58:00+00:00","dateModified":"2023-05-18T14:59:28+00:00","breadcrumb":{"@id":"https:\/\/infopba247.com.ar\/index.php\/2023\/05\/11\/se-viene-una-jornada-de-concientizacion-y-deteccion-de-celiaquia\/#breadcrumb"},"inLanguage":"es","potentialAction":[{"@type":"ReadAction","target":["https:\/\/infopba247.com.ar\/index.php\/2023\/05\/11\/se-viene-una-jornada-de-concientizacion-y-deteccion-de-celiaquia\/"]}]},{"@type":"ImageObject","inLanguage":"es","@id":"https:\/\/infopba247.com.ar\/index.php\/2023\/05\/11\/se-viene-una-jornada-de-concientizacion-y-deteccion-de-celiaquia\/#primaryimage","url":"https:\/\/infopba247.com.ar\/wp-content\/uploads\/2023\/05\/345045391_269238608840219_5929683034046218642_n.jpg","contentUrl":"https:\/\/infopba247.com.ar\/wp-content\/uploads\/2023\/05\/345045391_269238608840219_5929683034046218642_n.jpg","width":1080,"height":1080},{"@type":"BreadcrumbList","@id":"https:\/\/infopba247.com.ar\/index.php\/2023\/05\/11\/se-viene-una-jornada-de-concientizacion-y-deteccion-de-celiaquia\/#breadcrumb","itemListElement":[{"@type":"ListItem","position":1,"name":"Portada","item":"https:\/\/infopba247.com.ar\/"},{"@type":"ListItem","position":2,"name":"Se viene una jornada de concientizaci\u00f3n y detecci\u00f3n de celiaqu\u00eda"}]},{"@type":"WebSite","@id":"https:\/\/infopba247.com.ar\/#website","url":"https:\/\/infopba247.com.ar\/","name":"InfoPBA247","description":"Toda la actualidad bonaerense","publisher":{"@id":"https:\/\/infopba247.com.ar\/#organization"},"potentialAction":[{"@type":"SearchAction","target":{"@type":"EntryPoint","urlTemplate":"https:\/\/infopba247.com.ar\/?s={search_term_string}"},"query-input":{"@type":"PropertyValueSpecification","valueRequired":true,"valueName":"search_term_string"}}],"inLanguage":"es"},{"@type":"Organization","@id":"https:\/\/infopba247.com.ar\/#organization","name":"InfoPBA247","url":"https:\/\/infopba247.com.ar\/","logo":{"@type":"ImageObject","inLanguage":"es","@id":"https:\/\/infopba247.com.ar\/#\/schema\/logo\/image\/","url":"https:\/\/infopba247.com.ar\/wp-content\/uploads\/2022\/03\/cropped-InfoPBA247-1.png","contentUrl":"https:\/\/infopba247.com.ar\/wp-content\/uploads\/2022\/03\/cropped-InfoPBA247-1.png","width":500,"height":122,"caption":"InfoPBA247"},"image":{"@id":"https:\/\/infopba247.com.ar\/#\/schema\/logo\/image\/"},"sameAs":["https:\/\/www.facebook.com\/InfoPBA"]},{"@type":"Person","@id":"https:\/\/infopba247.com.ar\/#\/schema\/person\/4975f1343a413e57bf839b3eed0099f2","name":"Editor","image":{"@type":"ImageObject","inLanguage":"es","@id":"https:\/\/secure.gravatar.com\/avatar\/d27fe9520667ca53441d36627a1d6b0fa4a813571ec4803687a7a3a7744685ac?s=96&d=mm&r=g","url":"https:\/\/secure.gravatar.com\/avatar\/d27fe9520667ca53441d36627a1d6b0fa4a813571ec4803687a7a3a7744685ac?s=96&d=mm&r=g","contentUrl":"https:\/\/secure.gravatar.com\/avatar\/d27fe9520667ca53441d36627a1d6b0fa4a813571ec4803687a7a3a7744685ac?s=96&d=mm&r=g","caption":"Editor"},"url":"https:\/\/infopba247.com.ar\/index.php\/author\/editor\/"}]}},"_links":{"self":[{"href":"https:\/\/infopba247.com.ar\/index.php\/wp-json\/wp\/v2\/posts\/1533","targetHints":{"allow":["GET"]}}],"collection":[{"href":"https:\/\/infopba247.com.ar\/index.php\/wp-json\/wp\/v2\/posts"}],"about":[{"href":"https:\/\/infopba247.com.ar\/index.php\/wp-json\/wp\/v2\/types\/post"}],"author":[{"embeddable":true,"href":"https:\/\/infopba247.com.ar\/index.php\/wp-json\/wp\/v2\/users\/3"}],"replies":[{"embeddable":true,"href":"https:\/\/infopba247.com.ar\/index.php\/wp-json\/wp\/v2\/comments?post=1533"}],"version-history":[{"count":1,"href":"https:\/\/infopba247.com.ar\/index.php\/wp-json\/wp\/v2\/posts\/1533\/revisions"}],"predecessor-version":[{"id":1535,"href":"https:\/\/infopba247.com.ar\/index.php\/wp-json\/wp\/v2\/posts\/1533\/revisions\/1535"}],"wp:featuredmedia":[{"embeddable":true,"href":"https:\/\/infopba247.com.ar\/index.php\/wp-json\/wp\/v2\/media\/1534"}],"wp:attachment":[{"href":"https:\/\/infopba247.com.ar\/index.php\/wp-json\/wp\/v2\/media?parent=1533"}],"wp:term":[{"taxonomy":"category","embeddable":true,"href":"https:\/\/infopba247.com.ar\/index.php\/wp-json\/wp\/v2\/categories?post=1533"},{"taxonomy":"post_tag","embeddable":true,"href":"https:\/\/infopba247.com.ar\/index.php\/wp-json\/wp\/v2\/tags?post=1533"}],"curies":[{"name":"wp","href":"https:\/\/api.w.org\/{rel}","templated":true}]}}