{"id":1500,"date":"2023-05-02T06:57:36","date_gmt":"2023-05-02T09:57:36","guid":{"rendered":"https:\/\/infopba247.com.ar\/?p=1500"},"modified":"2023-05-05T06:58:13","modified_gmt":"2023-05-05T09:58:13","slug":"se-desarrollo-la-tercera-y-ultima-jornada-de-organizar-comunidad","status":"publish","type":"post","link":"https:\/\/infopba247.com.ar\/index.php\/2023\/05\/02\/se-desarrollo-la-tercera-y-ultima-jornada-de-organizar-comunidad\/","title":{"rendered":"Se desarroll\u00f3 la tercera y \u00faltima jornada de \u201cOrganizar comunidad\u201d"},"content":{"rendered":"\n<p>Culminaron las jornadas del programa \u201cOrganizar Comunidad\u201d que lleva adelante el Ministerio de Desarrollo de la Comunidad de la provincia de Buenos Aires y que, permite a los vecinos y las vecinas, acceder a prestaciones y recibir asesoramiento sobre organismos nacionales, provinciales y locales.<\/p>\n\n\n\n<p>Se desarroll\u00f3 en 173 Norte entre 31 y 32, barrio Banco Provincia, y participaron las \u00e1reas municipales de Gobierno, Salud, Desarrollo Social y Producci\u00f3n; junto a Anses, IPS; PAMI; Salud PBA; Justicia PBA; Mujeres PBA; Ministerio de Trabajo PBA, Secretar\u00eda de Ambiente, Deportes y el Instituto Cultural de la Provincia.<\/p>\n\n\n\n<p>En la \u00faltima jornada, se cont\u00f3 con la presencia del secretario de Desarrollo Social, Lucas Spivak; el director de Acci\u00f3n Social, Ezequiel Brizzi, el delegado Zona II, Gustavo Ruiz y el concejal Antonio Ligari, acompa\u00f1ados por el subsecretario de Organizaci\u00f3n Comunitaria Santiago Fidanza y la visita de la directora Provincial de Salud Comunitaria, Noelia L\u00f3pez que se refiri\u00f3 a la propuesta de la siguiente manera: \u201cDesde el Ministerio de Salud de la provincia de Buenos Aires estamos acompa\u00f1ando a la Secretar\u00eda de Salud local, con este dispositivo interministerial que nos llena de orgullo porque nos permite trabajar en el territorio de la Provincia\u201d.<\/p>\n\n\n\n<p>\u201cLa mejor manera de pensar las pol\u00edticas p\u00fablicas es de forma integral y en el territorio para que la comunidad pueda acceder a todos los derechos\u201d detall\u00f3 la funcionaria provincial.<\/p>\n","protected":false},"excerpt":{"rendered":"<p>Culminaron las jornadas del programa \u201cOrganizar Comunidad\u201d que lleva adelante el Ministerio de Desarrollo de la Comunidad de la provincia<\/p>\n","protected":false},"author":3,"featured_media":1501,"comment_status":"closed","ping_status":"closed","sticky":false,"template":"","format":"standard","meta":{"colormag_page_container_layout":"default_layout","colormag_page_sidebar_layout":"default_layout","footnotes":""},"categories":[7,14],"tags":[52],"class_list":["post-1500","post","type-post","status-publish","format-standard","has-post-thumbnail","hentry","category-3ra-seccion","category-politica","tag-municipalidad-de-berisso"],"yoast_head":"<!-- This site is optimized with the Yoast SEO plugin v27.4 - https:\/\/yoast.com\/product\/yoast-seo-wordpress\/ -->\n<title>Se desarroll\u00f3 la tercera y \u00faltima jornada de \u201cOrganizar comunidad\u201d - InfoPBA247<\/title>\n<meta name=\"robots\" content=\"index, follow, max-snippet:-1, max-image-preview:large, max-video-preview:-1\" \/>\n<link rel=\"canonical\" href=\"https:\/\/infopba247.com.ar\/index.php\/2023\/05\/02\/se-desarrollo-la-tercera-y-ultima-jornada-de-organizar-comunidad\/\" \/>\n<meta property=\"og:locale\" content=\"es_ES\" \/>\n<meta property=\"og:type\" content=\"article\" \/>\n<meta property=\"og:title\" content=\"Se desarroll\u00f3 la tercera y \u00faltima jornada de \u201cOrganizar comunidad\u201d - InfoPBA247\" \/>\n<meta property=\"og:description\" content=\"Culminaron las jornadas del programa \u201cOrganizar Comunidad\u201d que lleva adelante el Ministerio de Desarrollo de la Comunidad de la provincia\" \/>\n<meta property=\"og:url\" content=\"https:\/\/infopba247.com.ar\/index.php\/2023\/05\/02\/se-desarrollo-la-tercera-y-ultima-jornada-de-organizar-comunidad\/\" \/>\n<meta property=\"og:site_name\" content=\"InfoPBA247\" \/>\n<meta property=\"article:publisher\" content=\"https:\/\/www.facebook.com\/InfoPBA\" \/>\n<meta property=\"article:published_time\" content=\"2023-05-02T09:57:36+00:00\" \/>\n<meta property=\"article:modified_time\" content=\"2023-05-05T09:58:13+00:00\" \/>\n<meta property=\"og:image\" content=\"https:\/\/infopba247.com.ar\/wp-content\/uploads\/2023\/05\/02-7.jpg\" \/>\n\t<meta property=\"og:image:width\" content=\"800\" \/>\n\t<meta property=\"og:image:height\" content=\"600\" \/>\n\t<meta property=\"og:image:type\" content=\"image\/jpeg\" \/>\n<meta name=\"author\" content=\"Editor\" \/>\n<meta name=\"twitter:card\" content=\"summary_large_image\" \/>\n<meta name=\"twitter:label1\" content=\"Escrito por\" \/>\n\t<meta name=\"twitter:data1\" content=\"Editor\" \/>\n\t<meta name=\"twitter:label2\" content=\"Tiempo de lectura\" \/>\n\t<meta name=\"twitter:data2\" content=\"1 minuto\" \/>\n<script type=\"application\/ld+json\" class=\"yoast-schema-graph\">{\"@context\":\"https:\\\/\\\/schema.org\",\"@graph\":[{\"@type\":\"Article\",\"@id\":\"https:\\\/\\\/infopba247.com.ar\\\/index.php\\\/2023\\\/05\\\/02\\\/se-desarrollo-la-tercera-y-ultima-jornada-de-organizar-comunidad\\\/#article\",\"isPartOf\":{\"@id\":\"https:\\\/\\\/infopba247.com.ar\\\/index.php\\\/2023\\\/05\\\/02\\\/se-desarrollo-la-tercera-y-ultima-jornada-de-organizar-comunidad\\\/\"},\"author\":{\"name\":\"Editor\",\"@id\":\"https:\\\/\\\/infopba247.com.ar\\\/#\\\/schema\\\/person\\\/4975f1343a413e57bf839b3eed0099f2\"},\"headline\":\"Se desarroll\u00f3 la tercera y \u00faltima jornada de \u201cOrganizar comunidad\u201d\",\"datePublished\":\"2023-05-02T09:57:36+00:00\",\"dateModified\":\"2023-05-05T09:58:13+00:00\",\"mainEntityOfPage\":{\"@id\":\"https:\\\/\\\/infopba247.com.ar\\\/index.php\\\/2023\\\/05\\\/02\\\/se-desarrollo-la-tercera-y-ultima-jornada-de-organizar-comunidad\\\/\"},\"wordCount\":244,\"publisher\":{\"@id\":\"https:\\\/\\\/infopba247.com.ar\\\/#organization\"},\"image\":{\"@id\":\"https:\\\/\\\/infopba247.com.ar\\\/index.php\\\/2023\\\/05\\\/02\\\/se-desarrollo-la-tercera-y-ultima-jornada-de-organizar-comunidad\\\/#primaryimage\"},\"thumbnailUrl\":\"https:\\\/\\\/infopba247.com.ar\\\/wp-content\\\/uploads\\\/2023\\\/05\\\/02-7.jpg\",\"keywords\":[\"Municipalidad de Berisso\"],\"articleSection\":[\"3ra Secci\u00f3n\",\"Pol\u00edtica\"],\"inLanguage\":\"es\"},{\"@type\":\"WebPage\",\"@id\":\"https:\\\/\\\/infopba247.com.ar\\\/index.php\\\/2023\\\/05\\\/02\\\/se-desarrollo-la-tercera-y-ultima-jornada-de-organizar-comunidad\\\/\",\"url\":\"https:\\\/\\\/infopba247.com.ar\\\/index.php\\\/2023\\\/05\\\/02\\\/se-desarrollo-la-tercera-y-ultima-jornada-de-organizar-comunidad\\\/\",\"name\":\"Se desarroll\u00f3 la tercera y \u00faltima jornada de \u201cOrganizar comunidad\u201d - InfoPBA247\",\"isPartOf\":{\"@id\":\"https:\\\/\\\/infopba247.com.ar\\\/#website\"},\"primaryImageOfPage\":{\"@id\":\"https:\\\/\\\/infopba247.com.ar\\\/index.php\\\/2023\\\/05\\\/02\\\/se-desarrollo-la-tercera-y-ultima-jornada-de-organizar-comunidad\\\/#primaryimage\"},\"image\":{\"@id\":\"https:\\\/\\\/infopba247.com.ar\\\/index.php\\\/2023\\\/05\\\/02\\\/se-desarrollo-la-tercera-y-ultima-jornada-de-organizar-comunidad\\\/#primaryimage\"},\"thumbnailUrl\":\"https:\\\/\\\/infopba247.com.ar\\\/wp-content\\\/uploads\\\/2023\\\/05\\\/02-7.jpg\",\"datePublished\":\"2023-05-02T09:57:36+00:00\",\"dateModified\":\"2023-05-05T09:58:13+00:00\",\"breadcrumb\":{\"@id\":\"https:\\\/\\\/infopba247.com.ar\\\/index.php\\\/2023\\\/05\\\/02\\\/se-desarrollo-la-tercera-y-ultima-jornada-de-organizar-comunidad\\\/#breadcrumb\"},\"inLanguage\":\"es\",\"potentialAction\":[{\"@type\":\"ReadAction\",\"target\":[\"https:\\\/\\\/infopba247.com.ar\\\/index.php\\\/2023\\\/05\\\/02\\\/se-desarrollo-la-tercera-y-ultima-jornada-de-organizar-comunidad\\\/\"]}]},{\"@type\":\"ImageObject\",\"inLanguage\":\"es\",\"@id\":\"https:\\\/\\\/infopba247.com.ar\\\/index.php\\\/2023\\\/05\\\/02\\\/se-desarrollo-la-tercera-y-ultima-jornada-de-organizar-comunidad\\\/#primaryimage\",\"url\":\"https:\\\/\\\/infopba247.com.ar\\\/wp-content\\\/uploads\\\/2023\\\/05\\\/02-7.jpg\",\"contentUrl\":\"https:\\\/\\\/infopba247.com.ar\\\/wp-content\\\/uploads\\\/2023\\\/05\\\/02-7.jpg\",\"width\":800,\"height\":600},{\"@type\":\"BreadcrumbList\",\"@id\":\"https:\\\/\\\/infopba247.com.ar\\\/index.php\\\/2023\\\/05\\\/02\\\/se-desarrollo-la-tercera-y-ultima-jornada-de-organizar-comunidad\\\/#breadcrumb\",\"itemListElement\":[{\"@type\":\"ListItem\",\"position\":1,\"name\":\"Portada\",\"item\":\"https:\\\/\\\/infopba247.com.ar\\\/\"},{\"@type\":\"ListItem\",\"position\":2,\"name\":\"Se desarroll\u00f3 la tercera y \u00faltima jornada de \u201cOrganizar comunidad\u201d\"}]},{\"@type\":\"WebSite\",\"@id\":\"https:\\\/\\\/infopba247.com.ar\\\/#website\",\"url\":\"https:\\\/\\\/infopba247.com.ar\\\/\",\"name\":\"InfoPBA247\",\"description\":\"Toda la actualidad bonaerense\",\"publisher\":{\"@id\":\"https:\\\/\\\/infopba247.com.ar\\\/#organization\"},\"potentialAction\":[{\"@type\":\"SearchAction\",\"target\":{\"@type\":\"EntryPoint\",\"urlTemplate\":\"https:\\\/\\\/infopba247.com.ar\\\/?s={search_term_string}\"},\"query-input\":{\"@type\":\"PropertyValueSpecification\",\"valueRequired\":true,\"valueName\":\"search_term_string\"}}],\"inLanguage\":\"es\"},{\"@type\":\"Organization\",\"@id\":\"https:\\\/\\\/infopba247.com.ar\\\/#organization\",\"name\":\"InfoPBA247\",\"url\":\"https:\\\/\\\/infopba247.com.ar\\\/\",\"logo\":{\"@type\":\"ImageObject\",\"inLanguage\":\"es\",\"@id\":\"https:\\\/\\\/infopba247.com.ar\\\/#\\\/schema\\\/logo\\\/image\\\/\",\"url\":\"https:\\\/\\\/infopba247.com.ar\\\/wp-content\\\/uploads\\\/2022\\\/03\\\/cropped-InfoPBA247-1.png\",\"contentUrl\":\"https:\\\/\\\/infopba247.com.ar\\\/wp-content\\\/uploads\\\/2022\\\/03\\\/cropped-InfoPBA247-1.png\",\"width\":500,\"height\":122,\"caption\":\"InfoPBA247\"},\"image\":{\"@id\":\"https:\\\/\\\/infopba247.com.ar\\\/#\\\/schema\\\/logo\\\/image\\\/\"},\"sameAs\":[\"https:\\\/\\\/www.facebook.com\\\/InfoPBA\"]},{\"@type\":\"Person\",\"@id\":\"https:\\\/\\\/infopba247.com.ar\\\/#\\\/schema\\\/person\\\/4975f1343a413e57bf839b3eed0099f2\",\"name\":\"Editor\",\"image\":{\"@type\":\"ImageObject\",\"inLanguage\":\"es\",\"@id\":\"https:\\\/\\\/secure.gravatar.com\\\/avatar\\\/d27fe9520667ca53441d36627a1d6b0fa4a813571ec4803687a7a3a7744685ac?s=96&d=mm&r=g\",\"url\":\"https:\\\/\\\/secure.gravatar.com\\\/avatar\\\/d27fe9520667ca53441d36627a1d6b0fa4a813571ec4803687a7a3a7744685ac?s=96&d=mm&r=g\",\"contentUrl\":\"https:\\\/\\\/secure.gravatar.com\\\/avatar\\\/d27fe9520667ca53441d36627a1d6b0fa4a813571ec4803687a7a3a7744685ac?s=96&d=mm&r=g\",\"caption\":\"Editor\"},\"url\":\"https:\\\/\\\/infopba247.com.ar\\\/index.php\\\/author\\\/editor\\\/\"}]}<\/script>\n<!-- \/ Yoast SEO plugin. -->","yoast_head_json":{"title":"Se desarroll\u00f3 la tercera y \u00faltima jornada de \u201cOrganizar comunidad\u201d - InfoPBA247","robots":{"index":"index","follow":"follow","max-snippet":"max-snippet:-1","max-image-preview":"max-image-preview:large","max-video-preview":"max-video-preview:-1"},"canonical":"https:\/\/infopba247.com.ar\/index.php\/2023\/05\/02\/se-desarrollo-la-tercera-y-ultima-jornada-de-organizar-comunidad\/","og_locale":"es_ES","og_type":"article","og_title":"Se desarroll\u00f3 la tercera y \u00faltima jornada de \u201cOrganizar comunidad\u201d - InfoPBA247","og_description":"Culminaron las jornadas del programa \u201cOrganizar Comunidad\u201d que lleva adelante el Ministerio de Desarrollo de la Comunidad de la provincia","og_url":"https:\/\/infopba247.com.ar\/index.php\/2023\/05\/02\/se-desarrollo-la-tercera-y-ultima-jornada-de-organizar-comunidad\/","og_site_name":"InfoPBA247","article_publisher":"https:\/\/www.facebook.com\/InfoPBA","article_published_time":"2023-05-02T09:57:36+00:00","article_modified_time":"2023-05-05T09:58:13+00:00","og_image":[{"width":800,"height":600,"url":"https:\/\/infopba247.com.ar\/wp-content\/uploads\/2023\/05\/02-7.jpg","type":"image\/jpeg"}],"author":"Editor","twitter_card":"summary_large_image","twitter_misc":{"Escrito por":"Editor","Tiempo de lectura":"1 minuto"},"schema":{"@context":"https:\/\/schema.org","@graph":[{"@type":"Article","@id":"https:\/\/infopba247.com.ar\/index.php\/2023\/05\/02\/se-desarrollo-la-tercera-y-ultima-jornada-de-organizar-comunidad\/#article","isPartOf":{"@id":"https:\/\/infopba247.com.ar\/index.php\/2023\/05\/02\/se-desarrollo-la-tercera-y-ultima-jornada-de-organizar-comunidad\/"},"author":{"name":"Editor","@id":"https:\/\/infopba247.com.ar\/#\/schema\/person\/4975f1343a413e57bf839b3eed0099f2"},"headline":"Se desarroll\u00f3 la tercera y \u00faltima jornada de \u201cOrganizar comunidad\u201d","datePublished":"2023-05-02T09:57:36+00:00","dateModified":"2023-05-05T09:58:13+00:00","mainEntityOfPage":{"@id":"https:\/\/infopba247.com.ar\/index.php\/2023\/05\/02\/se-desarrollo-la-tercera-y-ultima-jornada-de-organizar-comunidad\/"},"wordCount":244,"publisher":{"@id":"https:\/\/infopba247.com.ar\/#organization"},"image":{"@id":"https:\/\/infopba247.com.ar\/index.php\/2023\/05\/02\/se-desarrollo-la-tercera-y-ultima-jornada-de-organizar-comunidad\/#primaryimage"},"thumbnailUrl":"https:\/\/infopba247.com.ar\/wp-content\/uploads\/2023\/05\/02-7.jpg","keywords":["Municipalidad de Berisso"],"articleSection":["3ra Secci\u00f3n","Pol\u00edtica"],"inLanguage":"es"},{"@type":"WebPage","@id":"https:\/\/infopba247.com.ar\/index.php\/2023\/05\/02\/se-desarrollo-la-tercera-y-ultima-jornada-de-organizar-comunidad\/","url":"https:\/\/infopba247.com.ar\/index.php\/2023\/05\/02\/se-desarrollo-la-tercera-y-ultima-jornada-de-organizar-comunidad\/","name":"Se desarroll\u00f3 la tercera y \u00faltima jornada de \u201cOrganizar comunidad\u201d - InfoPBA247","isPartOf":{"@id":"https:\/\/infopba247.com.ar\/#website"},"primaryImageOfPage":{"@id":"https:\/\/infopba247.com.ar\/index.php\/2023\/05\/02\/se-desarrollo-la-tercera-y-ultima-jornada-de-organizar-comunidad\/#primaryimage"},"image":{"@id":"https:\/\/infopba247.com.ar\/index.php\/2023\/05\/02\/se-desarrollo-la-tercera-y-ultima-jornada-de-organizar-comunidad\/#primaryimage"},"thumbnailUrl":"https:\/\/infopba247.com.ar\/wp-content\/uploads\/2023\/05\/02-7.jpg","datePublished":"2023-05-02T09:57:36+00:00","dateModified":"2023-05-05T09:58:13+00:00","breadcrumb":{"@id":"https:\/\/infopba247.com.ar\/index.php\/2023\/05\/02\/se-desarrollo-la-tercera-y-ultima-jornada-de-organizar-comunidad\/#breadcrumb"},"inLanguage":"es","potentialAction":[{"@type":"ReadAction","target":["https:\/\/infopba247.com.ar\/index.php\/2023\/05\/02\/se-desarrollo-la-tercera-y-ultima-jornada-de-organizar-comunidad\/"]}]},{"@type":"ImageObject","inLanguage":"es","@id":"https:\/\/infopba247.com.ar\/index.php\/2023\/05\/02\/se-desarrollo-la-tercera-y-ultima-jornada-de-organizar-comunidad\/#primaryimage","url":"https:\/\/infopba247.com.ar\/wp-content\/uploads\/2023\/05\/02-7.jpg","contentUrl":"https:\/\/infopba247.com.ar\/wp-content\/uploads\/2023\/05\/02-7.jpg","width":800,"height":600},{"@type":"BreadcrumbList","@id":"https:\/\/infopba247.com.ar\/index.php\/2023\/05\/02\/se-desarrollo-la-tercera-y-ultima-jornada-de-organizar-comunidad\/#breadcrumb","itemListElement":[{"@type":"ListItem","position":1,"name":"Portada","item":"https:\/\/infopba247.com.ar\/"},{"@type":"ListItem","position":2,"name":"Se desarroll\u00f3 la tercera y \u00faltima jornada de \u201cOrganizar comunidad\u201d"}]},{"@type":"WebSite","@id":"https:\/\/infopba247.com.ar\/#website","url":"https:\/\/infopba247.com.ar\/","name":"InfoPBA247","description":"Toda la actualidad bonaerense","publisher":{"@id":"https:\/\/infopba247.com.ar\/#organization"},"potentialAction":[{"@type":"SearchAction","target":{"@type":"EntryPoint","urlTemplate":"https:\/\/infopba247.com.ar\/?s={search_term_string}"},"query-input":{"@type":"PropertyValueSpecification","valueRequired":true,"valueName":"search_term_string"}}],"inLanguage":"es"},{"@type":"Organization","@id":"https:\/\/infopba247.com.ar\/#organization","name":"InfoPBA247","url":"https:\/\/infopba247.com.ar\/","logo":{"@type":"ImageObject","inLanguage":"es","@id":"https:\/\/infopba247.com.ar\/#\/schema\/logo\/image\/","url":"https:\/\/infopba247.com.ar\/wp-content\/uploads\/2022\/03\/cropped-InfoPBA247-1.png","contentUrl":"https:\/\/infopba247.com.ar\/wp-content\/uploads\/2022\/03\/cropped-InfoPBA247-1.png","width":500,"height":122,"caption":"InfoPBA247"},"image":{"@id":"https:\/\/infopba247.com.ar\/#\/schema\/logo\/image\/"},"sameAs":["https:\/\/www.facebook.com\/InfoPBA"]},{"@type":"Person","@id":"https:\/\/infopba247.com.ar\/#\/schema\/person\/4975f1343a413e57bf839b3eed0099f2","name":"Editor","image":{"@type":"ImageObject","inLanguage":"es","@id":"https:\/\/secure.gravatar.com\/avatar\/d27fe9520667ca53441d36627a1d6b0fa4a813571ec4803687a7a3a7744685ac?s=96&d=mm&r=g","url":"https:\/\/secure.gravatar.com\/avatar\/d27fe9520667ca53441d36627a1d6b0fa4a813571ec4803687a7a3a7744685ac?s=96&d=mm&r=g","contentUrl":"https:\/\/secure.gravatar.com\/avatar\/d27fe9520667ca53441d36627a1d6b0fa4a813571ec4803687a7a3a7744685ac?s=96&d=mm&r=g","caption":"Editor"},"url":"https:\/\/infopba247.com.ar\/index.php\/author\/editor\/"}]}},"_links":{"self":[{"href":"https:\/\/infopba247.com.ar\/index.php\/wp-json\/wp\/v2\/posts\/1500","targetHints":{"allow":["GET"]}}],"collection":[{"href":"https:\/\/infopba247.com.ar\/index.php\/wp-json\/wp\/v2\/posts"}],"about":[{"href":"https:\/\/infopba247.com.ar\/index.php\/wp-json\/wp\/v2\/types\/post"}],"author":[{"embeddable":true,"href":"https:\/\/infopba247.com.ar\/index.php\/wp-json\/wp\/v2\/users\/3"}],"replies":[{"embeddable":true,"href":"https:\/\/infopba247.com.ar\/index.php\/wp-json\/wp\/v2\/comments?post=1500"}],"version-history":[{"count":1,"href":"https:\/\/infopba247.com.ar\/index.php\/wp-json\/wp\/v2\/posts\/1500\/revisions"}],"predecessor-version":[{"id":1502,"href":"https:\/\/infopba247.com.ar\/index.php\/wp-json\/wp\/v2\/posts\/1500\/revisions\/1502"}],"wp:featuredmedia":[{"embeddable":true,"href":"https:\/\/infopba247.com.ar\/index.php\/wp-json\/wp\/v2\/media\/1501"}],"wp:attachment":[{"href":"https:\/\/infopba247.com.ar\/index.php\/wp-json\/wp\/v2\/media?parent=1500"}],"wp:term":[{"taxonomy":"category","embeddable":true,"href":"https:\/\/infopba247.com.ar\/index.php\/wp-json\/wp\/v2\/categories?post=1500"},{"taxonomy":"post_tag","embeddable":true,"href":"https:\/\/infopba247.com.ar\/index.php\/wp-json\/wp\/v2\/tags?post=1500"}],"curies":[{"name":"wp","href":"https:\/\/api.w.org\/{rel}","templated":true}]}}