{"id":145,"date":"2022-03-15T09:44:00","date_gmt":"2022-03-15T09:44:00","guid":{"rendered":"https:\/\/infopba247.com.ar\/?p=145"},"modified":"2022-03-16T14:59:31","modified_gmt":"2022-03-16T14:59:31","slug":"kicillof-en-los-proximos-dos-anos-todos-los-esfuerzos-estaran-orientados-a-reparar-reconstruir-y-transformar-la-provincia","status":"publish","type":"post","link":"https:\/\/infopba247.com.ar\/index.php\/2022\/03\/15\/kicillof-en-los-proximos-dos-anos-todos-los-esfuerzos-estaran-orientados-a-reparar-reconstruir-y-transformar-la-provincia\/","title":{"rendered":"Kicillof: \u201cEn los pr\u00f3ximos dos a\u00f1os todos los esfuerzos estar\u00e1n orientados a reparar, reconstruir y transformar la Provincia\u201d"},"content":{"rendered":"\n<p>El Gobernador estuvo acompa\u00f1ado por&nbsp;la vicegobernadora, Ver\u00f3nica Magario; y el presidente de la C\u00e1mara de Diputados, Federico Oterm\u00edn.<\/p>\n\n\n\n<p>\u201cEstamos en un momento de quiebre: venimos de seis a\u00f1os de crisis, de p\u00e9rdidas, que tienen que ser superados por seis a\u00f1os de recuperaci\u00f3n, de reparaci\u00f3n y de transformaci\u00f3n\u201d, destac\u00f3 esta tarde el gobernador Axel Kicillof, al encabezar la 150\u00b0 apertura de sesiones de la Legislatura de la Provincia de Buenos Aires, junto a la vicegobernadora, Ver\u00f3nica Magario; y el presidente de la C\u00e1mara de Diputados, Federico Oterm\u00edn.<\/p>\n\n\n\n<p>Kicillof subray\u00f3 que \u201cdos a\u00f1os y tres meses atr\u00e1s asumimos el Gobierno de la Provincia de Buenos Aires con el mandato de revertir cuatro a\u00f1os de ajuste, abandono y deterioro\u201d. \u201cLa situaci\u00f3n econ\u00f3mica era muy fr\u00e1gil y cuando empez\u00e1bamos a revertir la inercia de ajuste y desinversi\u00f3n, el mundo y nuestra Provincia fueron invadidos por una pandemia que nos cambi\u00f3 la vida\u201d, se\u00f1al\u00f3. \u201cLlevando a cabo la inversi\u00f3n sanitaria m\u00e1s grande de la historia, y gracias a la responsabilidad y solidaridad de nuestro pueblo, pudimos evitar un colapso sanitario\u201d, detall\u00f3.<\/p>\n\n\n\n<p>Asimismo, enfatiz\u00f3 que \u201cpusimos en marcha el plan de vacunaci\u00f3n p\u00fablico y gratuito m\u00e1s grande de nuestra historia, que nos ha permitido empezar a superar la crisis y, sobre todo, empezar a recuperar los encuentros, los abrazos, las sonrisas y los derechos que la pandemia nos hab\u00eda quitado\u201d. \u201cHoy estamos en el principio de un cap\u00edtulo diferente, en el que podemos cerrar esta etapa de emergencia y relanzar la gesti\u00f3n para un tiempo que ser\u00e1 mucho mejor para todos y todas\u201d, dijo. \u201cPor ello, durante los pr\u00f3ximos dos a\u00f1os de nuestro gobierno, todos los recursos y esfuerzos estar\u00e1n orientados a reparar, reconstruir y transformar la Provincia\u201d, explic\u00f3 el Gobernador.<\/p>\n\n\n\n<p>En ese sentido, destac\u00f3 la aprobaci\u00f3n del presupuesto y la ley impositiva, que \u201cser\u00e1n dos herramientas con las que vamos a seguir trabajando en los principios que orientan a nuestra gesti\u00f3n en materia econ\u00f3mica, productiva y social\u201d. \u201cLa actividad econ\u00f3mica provincial present\u00f3 en 2021 un crecimiento del 10% en relaci\u00f3n con el a\u00f1o anterior, impulsado principalmente por la industria manufacturera y por la actividad de la construcci\u00f3n\u201d, remarc\u00f3 y subray\u00f3: \u201cEsta recuperaci\u00f3n no hubiese sucedido sin la participaci\u00f3n de un Estado presente y un gobierno que acompa\u00f1a a todos los sectores para proteger el trabajo y la producci\u00f3n bonaerense con una bater\u00eda de pol\u00edticas y cr\u00e9ditos, mayor inversi\u00f3n p\u00fablica, recuperaci\u00f3n salarial y menos servicios de deuda\u201d.<\/p>\n\n\n\n<p>\u201cPara generar un impacto positivo sobre la actividad econ\u00f3mica y el empleo, promovimos la obra p\u00fablica como un resorte fundamental para poner en marcha la producci\u00f3n en nuestra Provincia\u201d, sostuvo el Gobernador, al tiempo que hizo hincapi\u00e9 en que \u201cel Banco Provincia recuper\u00f3 su rol hist\u00f3rico destinando recursos desde 2020 a febrero de 2022 por alrededor de $390.000 millones para el financiamiento de los sectores productivos a tasas preferenciales\u201d.&nbsp;<\/p>\n\n\n\n<p>\u201cLlegamos al gobierno con la convicci\u00f3n de construir una Provincia con m\u00e1s trabajo y menos deuda; con m\u00e1s producci\u00f3n y menos especulaci\u00f3n; con m\u00e1s solidaridad y menos privilegios para unos pocos\u201d, enfatiz\u00f3 al explicar los resultados de la reestructuraci\u00f3n de deuda en moneda extranjera, que obtuvo el a\u00f1o pasado una aceptaci\u00f3n del 98%, alcanzando el canje de 7.000 millones de d\u00f3lares y generando un ahorro en materia de servicios de deuda de aproximadamente US$ 4.260 millones en el per\u00edodo 2020-2023.<\/p>\n\n\n\n<p>A continuaci\u00f3n, el mandatario bonaerense sostuvo que \u201cesta temporada r\u00e9cord, la mejor de los \u00faltimos diez a\u00f1os, es el principio de una nueva etapa de recuperaci\u00f3n y crecimiento\u201d. \u201cNo ha sido fruto de la casualidad: se comenz\u00f3 a trabajar en la planificaci\u00f3n estrat\u00e9gica junto con el Gobierno Nacional y los municipios tur\u00edsticos de nuestra Provincia desde mitad de 2021, con distintas pol\u00edticas que permitieron asegurar la afluencia tur\u00edstica, el descanso, el entretenimiento y la tranquilidad en todos nuestros destinos tur\u00edsticos\u201d, agreg\u00f3.<\/p>\n\n\n\n<p>Por otra parte, se refiri\u00f3 al comienzo del ciclo lectivo 2022 con presencialidad plena: \u201cVolver a las aulas sin riesgo ni tantos condicionamientos es una de las mejores noticias que podemos tener y una se\u00f1al de que estamos empezando un a\u00f1o muy diferente a los \u00faltimos dos\u201d. Hoy 5,2 millones de alumnos y alumnas tuvieron su primer d\u00eda de clases en 19.500 escuelas de toda la Provincia, fruto tambi\u00e9n del acuerdo paritario que permiti\u00f3 el inicio sin inconvenientes del ciclo lectivo por tercer a\u00f1o consecutivo.<\/p>\n\n\n\n<p>\u201cLa educaci\u00f3n fue, es y ser\u00e1 una prioridad absoluta para nuestra gesti\u00f3n de gobierno. De hecho, el primer programa que lanzamos all\u00e1 por enero de 2020 fue \u201cEscuelas a la Obra\u201d, que tuvo la finalidad de poner en condiciones a todos los establecimientos educativos de la Provincia\u201d, resalt\u00f3 Kicillof. A la fecha, ya se finalizaron 3.558 obras de refacci\u00f3n y ampliaci\u00f3n en escuelas.<\/p>\n\n\n\n<p>En torno a la coparticipaci\u00f3n, el Gobernador indic\u00f3 que \u201cen septiembre de 2020, el Gobierno Nacional destin\u00f3 recursos para la creaci\u00f3n del Fondo para el Fortalecimiento Fiscal de la Provincia de Buenos Aires, que fue un paso en la direcci\u00f3n correcta pero que no alcanza para solucionar los d\u00e9ficits estructurales de la Provincia\u201d. \u201cContamos con un Presidente que comprende esta situaci\u00f3n y continuaremos trabajando para resolver estas inequidades hist\u00f3ricas, profundizando el debate sobre el esquema de coparticipaci\u00f3n\u201d, puntualiz\u00f3.<\/p>\n\n\n\n<p>En t\u00e9rminos de seguridad, explic\u00f3 que \u201chemos puesto en marcha una inversi\u00f3n hist\u00f3rica para fortalecer a la Polic\u00eda de la Provincia de Buenos Aires\u201d. \u201cVamos a persistir en la estrategia de transformaci\u00f3n en materia de seguridad basada en el fortalecimiento de la capacidad operativa policial; el desarrollo de la tecnolog\u00eda, la log\u00edstica, la infraestructura; y la profesionalizaci\u00f3n de la Polic\u00eda y de todos los actores del sistema de seguridad\u201d, sintetiz\u00f3.<\/p>\n","protected":false},"excerpt":{"rendered":"<p>El Gobernador estuvo acompa\u00f1ado por&nbsp;la vicegobernadora, Ver\u00f3nica Magario; y el presidente de la C\u00e1mara de Diputados, Federico Oterm\u00edn. \u201cEstamos en<\/p>\n","protected":false},"author":2,"featured_media":148,"comment_status":"closed","ping_status":"closed","sticky":false,"template":"","format":"standard","meta":{"colormag_page_container_layout":"default_layout","colormag_page_sidebar_layout":"default_layout","footnotes":""},"categories":[1,14],"tags":[25],"class_list":["post-145","post","type-post","status-publish","format-standard","has-post-thumbnail","hentry","category-destacadas","category-politica","tag-axel-kicillof"],"yoast_head":"<!-- This site is optimized with the Yoast SEO plugin v27.5 - https:\/\/yoast.com\/product\/yoast-seo-wordpress\/ -->\n<title>Kicillof: \u201cEn los pr\u00f3ximos dos a\u00f1os todos los esfuerzos estar\u00e1n orientados a reparar, reconstruir y transformar la Provincia\u201d - InfoPBA247<\/title>\n<meta name=\"robots\" content=\"index, follow, max-snippet:-1, max-image-preview:large, max-video-preview:-1\" \/>\n<link rel=\"canonical\" href=\"https:\/\/infopba247.com.ar\/index.php\/2022\/03\/15\/kicillof-en-los-proximos-dos-anos-todos-los-esfuerzos-estaran-orientados-a-reparar-reconstruir-y-transformar-la-provincia\/\" \/>\n<meta property=\"og:locale\" content=\"es_ES\" \/>\n<meta property=\"og:type\" content=\"article\" \/>\n<meta property=\"og:title\" content=\"Kicillof: \u201cEn los pr\u00f3ximos dos a\u00f1os todos los esfuerzos estar\u00e1n orientados a reparar, reconstruir y transformar la Provincia\u201d - InfoPBA247\" \/>\n<meta property=\"og:description\" content=\"El Gobernador estuvo acompa\u00f1ado por&nbsp;la vicegobernadora, Ver\u00f3nica Magario; y el presidente de la C\u00e1mara de Diputados, Federico Oterm\u00edn. \u201cEstamos en\" \/>\n<meta property=\"og:url\" content=\"https:\/\/infopba247.com.ar\/index.php\/2022\/03\/15\/kicillof-en-los-proximos-dos-anos-todos-los-esfuerzos-estaran-orientados-a-reparar-reconstruir-y-transformar-la-provincia\/\" \/>\n<meta property=\"og:site_name\" content=\"InfoPBA247\" \/>\n<meta property=\"article:publisher\" content=\"https:\/\/www.facebook.com\/InfoPBA\" \/>\n<meta property=\"article:published_time\" content=\"2022-03-15T09:44:00+00:00\" \/>\n<meta property=\"article:modified_time\" content=\"2022-03-16T14:59:31+00:00\" \/>\n<meta property=\"og:image\" content=\"https:\/\/infopba247.com.ar\/wp-content\/uploads\/2022\/03\/kici.jpg\" \/>\n\t<meta property=\"og:image:width\" content=\"800\" \/>\n\t<meta property=\"og:image:height\" content=\"445\" \/>\n\t<meta property=\"og:image:type\" content=\"image\/jpeg\" \/>\n<meta name=\"twitter:card\" content=\"summary_large_image\" \/>\n<meta name=\"twitter:label1\" content=\"Escrito por\" \/>\n\t<meta name=\"twitter:data1\" content=\"\" \/>\n\t<meta name=\"twitter:label2\" content=\"Tiempo de lectura\" \/>\n\t<meta name=\"twitter:data2\" content=\"5 minutos\" \/>\n<script type=\"application\/ld+json\" class=\"yoast-schema-graph\">{\"@context\":\"https:\\\/\\\/schema.org\",\"@graph\":[{\"@type\":\"Article\",\"@id\":\"https:\\\/\\\/infopba247.com.ar\\\/index.php\\\/2022\\\/03\\\/15\\\/kicillof-en-los-proximos-dos-anos-todos-los-esfuerzos-estaran-orientados-a-reparar-reconstruir-y-transformar-la-provincia\\\/#article\",\"isPartOf\":{\"@id\":\"https:\\\/\\\/infopba247.com.ar\\\/index.php\\\/2022\\\/03\\\/15\\\/kicillof-en-los-proximos-dos-anos-todos-los-esfuerzos-estaran-orientados-a-reparar-reconstruir-y-transformar-la-provincia\\\/\"},\"author\":{\"name\":\"\",\"@id\":\"\"},\"headline\":\"Kicillof: \u201cEn los pr\u00f3ximos dos a\u00f1os todos los esfuerzos estar\u00e1n orientados a reparar, reconstruir y transformar la Provincia\u201d\",\"datePublished\":\"2022-03-15T09:44:00+00:00\",\"dateModified\":\"2022-03-16T14:59:31+00:00\",\"mainEntityOfPage\":{\"@id\":\"https:\\\/\\\/infopba247.com.ar\\\/index.php\\\/2022\\\/03\\\/15\\\/kicillof-en-los-proximos-dos-anos-todos-los-esfuerzos-estaran-orientados-a-reparar-reconstruir-y-transformar-la-provincia\\\/\"},\"wordCount\":1036,\"publisher\":{\"@id\":\"https:\\\/\\\/infopba247.com.ar\\\/#organization\"},\"image\":{\"@id\":\"https:\\\/\\\/infopba247.com.ar\\\/index.php\\\/2022\\\/03\\\/15\\\/kicillof-en-los-proximos-dos-anos-todos-los-esfuerzos-estaran-orientados-a-reparar-reconstruir-y-transformar-la-provincia\\\/#primaryimage\"},\"thumbnailUrl\":\"https:\\\/\\\/infopba247.com.ar\\\/wp-content\\\/uploads\\\/2022\\\/03\\\/kici.jpg\",\"keywords\":[\"Axel Kicillof\"],\"articleSection\":[\"Destacadas\",\"Pol\u00edtica\"],\"inLanguage\":\"es\"},{\"@type\":\"WebPage\",\"@id\":\"https:\\\/\\\/infopba247.com.ar\\\/index.php\\\/2022\\\/03\\\/15\\\/kicillof-en-los-proximos-dos-anos-todos-los-esfuerzos-estaran-orientados-a-reparar-reconstruir-y-transformar-la-provincia\\\/\",\"url\":\"https:\\\/\\\/infopba247.com.ar\\\/index.php\\\/2022\\\/03\\\/15\\\/kicillof-en-los-proximos-dos-anos-todos-los-esfuerzos-estaran-orientados-a-reparar-reconstruir-y-transformar-la-provincia\\\/\",\"name\":\"Kicillof: \u201cEn los pr\u00f3ximos dos a\u00f1os todos los esfuerzos estar\u00e1n orientados a reparar, reconstruir y transformar la Provincia\u201d - InfoPBA247\",\"isPartOf\":{\"@id\":\"https:\\\/\\\/infopba247.com.ar\\\/#website\"},\"primaryImageOfPage\":{\"@id\":\"https:\\\/\\\/infopba247.com.ar\\\/index.php\\\/2022\\\/03\\\/15\\\/kicillof-en-los-proximos-dos-anos-todos-los-esfuerzos-estaran-orientados-a-reparar-reconstruir-y-transformar-la-provincia\\\/#primaryimage\"},\"image\":{\"@id\":\"https:\\\/\\\/infopba247.com.ar\\\/index.php\\\/2022\\\/03\\\/15\\\/kicillof-en-los-proximos-dos-anos-todos-los-esfuerzos-estaran-orientados-a-reparar-reconstruir-y-transformar-la-provincia\\\/#primaryimage\"},\"thumbnailUrl\":\"https:\\\/\\\/infopba247.com.ar\\\/wp-content\\\/uploads\\\/2022\\\/03\\\/kici.jpg\",\"datePublished\":\"2022-03-15T09:44:00+00:00\",\"dateModified\":\"2022-03-16T14:59:31+00:00\",\"breadcrumb\":{\"@id\":\"https:\\\/\\\/infopba247.com.ar\\\/index.php\\\/2022\\\/03\\\/15\\\/kicillof-en-los-proximos-dos-anos-todos-los-esfuerzos-estaran-orientados-a-reparar-reconstruir-y-transformar-la-provincia\\\/#breadcrumb\"},\"inLanguage\":\"es\",\"potentialAction\":[{\"@type\":\"ReadAction\",\"target\":[\"https:\\\/\\\/infopba247.com.ar\\\/index.php\\\/2022\\\/03\\\/15\\\/kicillof-en-los-proximos-dos-anos-todos-los-esfuerzos-estaran-orientados-a-reparar-reconstruir-y-transformar-la-provincia\\\/\"]}]},{\"@type\":\"ImageObject\",\"inLanguage\":\"es\",\"@id\":\"https:\\\/\\\/infopba247.com.ar\\\/index.php\\\/2022\\\/03\\\/15\\\/kicillof-en-los-proximos-dos-anos-todos-los-esfuerzos-estaran-orientados-a-reparar-reconstruir-y-transformar-la-provincia\\\/#primaryimage\",\"url\":\"https:\\\/\\\/infopba247.com.ar\\\/wp-content\\\/uploads\\\/2022\\\/03\\\/kici.jpg\",\"contentUrl\":\"https:\\\/\\\/infopba247.com.ar\\\/wp-content\\\/uploads\\\/2022\\\/03\\\/kici.jpg\",\"width\":800,\"height\":445},{\"@type\":\"BreadcrumbList\",\"@id\":\"https:\\\/\\\/infopba247.com.ar\\\/index.php\\\/2022\\\/03\\\/15\\\/kicillof-en-los-proximos-dos-anos-todos-los-esfuerzos-estaran-orientados-a-reparar-reconstruir-y-transformar-la-provincia\\\/#breadcrumb\",\"itemListElement\":[{\"@type\":\"ListItem\",\"position\":1,\"name\":\"Portada\",\"item\":\"https:\\\/\\\/infopba247.com.ar\\\/\"},{\"@type\":\"ListItem\",\"position\":2,\"name\":\"Kicillof: \u201cEn los pr\u00f3ximos dos a\u00f1os todos los esfuerzos estar\u00e1n orientados a reparar, reconstruir y transformar la Provincia\u201d\"}]},{\"@type\":\"WebSite\",\"@id\":\"https:\\\/\\\/infopba247.com.ar\\\/#website\",\"url\":\"https:\\\/\\\/infopba247.com.ar\\\/\",\"name\":\"InfoPBA247\",\"description\":\"Toda la actualidad bonaerense\",\"publisher\":{\"@id\":\"https:\\\/\\\/infopba247.com.ar\\\/#organization\"},\"potentialAction\":[{\"@type\":\"SearchAction\",\"target\":{\"@type\":\"EntryPoint\",\"urlTemplate\":\"https:\\\/\\\/infopba247.com.ar\\\/?s={search_term_string}\"},\"query-input\":{\"@type\":\"PropertyValueSpecification\",\"valueRequired\":true,\"valueName\":\"search_term_string\"}}],\"inLanguage\":\"es\"},{\"@type\":\"Organization\",\"@id\":\"https:\\\/\\\/infopba247.com.ar\\\/#organization\",\"name\":\"InfoPBA247\",\"url\":\"https:\\\/\\\/infopba247.com.ar\\\/\",\"logo\":{\"@type\":\"ImageObject\",\"inLanguage\":\"es\",\"@id\":\"https:\\\/\\\/infopba247.com.ar\\\/#\\\/schema\\\/logo\\\/image\\\/\",\"url\":\"https:\\\/\\\/infopba247.com.ar\\\/wp-content\\\/uploads\\\/2022\\\/03\\\/cropped-InfoPBA247-1.png\",\"contentUrl\":\"https:\\\/\\\/infopba247.com.ar\\\/wp-content\\\/uploads\\\/2022\\\/03\\\/cropped-InfoPBA247-1.png\",\"width\":500,\"height\":122,\"caption\":\"InfoPBA247\"},\"image\":{\"@id\":\"https:\\\/\\\/infopba247.com.ar\\\/#\\\/schema\\\/logo\\\/image\\\/\"},\"sameAs\":[\"https:\\\/\\\/www.facebook.com\\\/InfoPBA\"]},{\"@type\":\"Person\",\"@id\":\"\",\"url\":\"https:\\\/\\\/infopba247.com.ar\\\/index.php\\\/author\\\/\"}]}<\/script>\n<!-- \/ Yoast SEO plugin. -->","yoast_head_json":{"title":"Kicillof: \u201cEn los pr\u00f3ximos dos a\u00f1os todos los esfuerzos estar\u00e1n orientados a reparar, reconstruir y transformar la Provincia\u201d - InfoPBA247","robots":{"index":"index","follow":"follow","max-snippet":"max-snippet:-1","max-image-preview":"max-image-preview:large","max-video-preview":"max-video-preview:-1"},"canonical":"https:\/\/infopba247.com.ar\/index.php\/2022\/03\/15\/kicillof-en-los-proximos-dos-anos-todos-los-esfuerzos-estaran-orientados-a-reparar-reconstruir-y-transformar-la-provincia\/","og_locale":"es_ES","og_type":"article","og_title":"Kicillof: \u201cEn los pr\u00f3ximos dos a\u00f1os todos los esfuerzos estar\u00e1n orientados a reparar, reconstruir y transformar la Provincia\u201d - InfoPBA247","og_description":"El Gobernador estuvo acompa\u00f1ado por&nbsp;la vicegobernadora, Ver\u00f3nica Magario; y el presidente de la C\u00e1mara de Diputados, Federico Oterm\u00edn. \u201cEstamos en","og_url":"https:\/\/infopba247.com.ar\/index.php\/2022\/03\/15\/kicillof-en-los-proximos-dos-anos-todos-los-esfuerzos-estaran-orientados-a-reparar-reconstruir-y-transformar-la-provincia\/","og_site_name":"InfoPBA247","article_publisher":"https:\/\/www.facebook.com\/InfoPBA","article_published_time":"2022-03-15T09:44:00+00:00","article_modified_time":"2022-03-16T14:59:31+00:00","og_image":[{"width":800,"height":445,"url":"https:\/\/infopba247.com.ar\/wp-content\/uploads\/2022\/03\/kici.jpg","type":"image\/jpeg"}],"twitter_card":"summary_large_image","twitter_misc":{"Escrito por":"","Tiempo de lectura":"5 minutos"},"schema":{"@context":"https:\/\/schema.org","@graph":[{"@type":"Article","@id":"https:\/\/infopba247.com.ar\/index.php\/2022\/03\/15\/kicillof-en-los-proximos-dos-anos-todos-los-esfuerzos-estaran-orientados-a-reparar-reconstruir-y-transformar-la-provincia\/#article","isPartOf":{"@id":"https:\/\/infopba247.com.ar\/index.php\/2022\/03\/15\/kicillof-en-los-proximos-dos-anos-todos-los-esfuerzos-estaran-orientados-a-reparar-reconstruir-y-transformar-la-provincia\/"},"author":{"name":"","@id":""},"headline":"Kicillof: \u201cEn los pr\u00f3ximos dos a\u00f1os todos los esfuerzos estar\u00e1n orientados a reparar, reconstruir y transformar la Provincia\u201d","datePublished":"2022-03-15T09:44:00+00:00","dateModified":"2022-03-16T14:59:31+00:00","mainEntityOfPage":{"@id":"https:\/\/infopba247.com.ar\/index.php\/2022\/03\/15\/kicillof-en-los-proximos-dos-anos-todos-los-esfuerzos-estaran-orientados-a-reparar-reconstruir-y-transformar-la-provincia\/"},"wordCount":1036,"publisher":{"@id":"https:\/\/infopba247.com.ar\/#organization"},"image":{"@id":"https:\/\/infopba247.com.ar\/index.php\/2022\/03\/15\/kicillof-en-los-proximos-dos-anos-todos-los-esfuerzos-estaran-orientados-a-reparar-reconstruir-y-transformar-la-provincia\/#primaryimage"},"thumbnailUrl":"https:\/\/infopba247.com.ar\/wp-content\/uploads\/2022\/03\/kici.jpg","keywords":["Axel Kicillof"],"articleSection":["Destacadas","Pol\u00edtica"],"inLanguage":"es"},{"@type":"WebPage","@id":"https:\/\/infopba247.com.ar\/index.php\/2022\/03\/15\/kicillof-en-los-proximos-dos-anos-todos-los-esfuerzos-estaran-orientados-a-reparar-reconstruir-y-transformar-la-provincia\/","url":"https:\/\/infopba247.com.ar\/index.php\/2022\/03\/15\/kicillof-en-los-proximos-dos-anos-todos-los-esfuerzos-estaran-orientados-a-reparar-reconstruir-y-transformar-la-provincia\/","name":"Kicillof: \u201cEn los pr\u00f3ximos dos a\u00f1os todos los esfuerzos estar\u00e1n orientados a reparar, reconstruir y transformar la Provincia\u201d - InfoPBA247","isPartOf":{"@id":"https:\/\/infopba247.com.ar\/#website"},"primaryImageOfPage":{"@id":"https:\/\/infopba247.com.ar\/index.php\/2022\/03\/15\/kicillof-en-los-proximos-dos-anos-todos-los-esfuerzos-estaran-orientados-a-reparar-reconstruir-y-transformar-la-provincia\/#primaryimage"},"image":{"@id":"https:\/\/infopba247.com.ar\/index.php\/2022\/03\/15\/kicillof-en-los-proximos-dos-anos-todos-los-esfuerzos-estaran-orientados-a-reparar-reconstruir-y-transformar-la-provincia\/#primaryimage"},"thumbnailUrl":"https:\/\/infopba247.com.ar\/wp-content\/uploads\/2022\/03\/kici.jpg","datePublished":"2022-03-15T09:44:00+00:00","dateModified":"2022-03-16T14:59:31+00:00","breadcrumb":{"@id":"https:\/\/infopba247.com.ar\/index.php\/2022\/03\/15\/kicillof-en-los-proximos-dos-anos-todos-los-esfuerzos-estaran-orientados-a-reparar-reconstruir-y-transformar-la-provincia\/#breadcrumb"},"inLanguage":"es","potentialAction":[{"@type":"ReadAction","target":["https:\/\/infopba247.com.ar\/index.php\/2022\/03\/15\/kicillof-en-los-proximos-dos-anos-todos-los-esfuerzos-estaran-orientados-a-reparar-reconstruir-y-transformar-la-provincia\/"]}]},{"@type":"ImageObject","inLanguage":"es","@id":"https:\/\/infopba247.com.ar\/index.php\/2022\/03\/15\/kicillof-en-los-proximos-dos-anos-todos-los-esfuerzos-estaran-orientados-a-reparar-reconstruir-y-transformar-la-provincia\/#primaryimage","url":"https:\/\/infopba247.com.ar\/wp-content\/uploads\/2022\/03\/kici.jpg","contentUrl":"https:\/\/infopba247.com.ar\/wp-content\/uploads\/2022\/03\/kici.jpg","width":800,"height":445},{"@type":"BreadcrumbList","@id":"https:\/\/infopba247.com.ar\/index.php\/2022\/03\/15\/kicillof-en-los-proximos-dos-anos-todos-los-esfuerzos-estaran-orientados-a-reparar-reconstruir-y-transformar-la-provincia\/#breadcrumb","itemListElement":[{"@type":"ListItem","position":1,"name":"Portada","item":"https:\/\/infopba247.com.ar\/"},{"@type":"ListItem","position":2,"name":"Kicillof: \u201cEn los pr\u00f3ximos dos a\u00f1os todos los esfuerzos estar\u00e1n orientados a reparar, reconstruir y transformar la Provincia\u201d"}]},{"@type":"WebSite","@id":"https:\/\/infopba247.com.ar\/#website","url":"https:\/\/infopba247.com.ar\/","name":"InfoPBA247","description":"Toda la actualidad bonaerense","publisher":{"@id":"https:\/\/infopba247.com.ar\/#organization"},"potentialAction":[{"@type":"SearchAction","target":{"@type":"EntryPoint","urlTemplate":"https:\/\/infopba247.com.ar\/?s={search_term_string}"},"query-input":{"@type":"PropertyValueSpecification","valueRequired":true,"valueName":"search_term_string"}}],"inLanguage":"es"},{"@type":"Organization","@id":"https:\/\/infopba247.com.ar\/#organization","name":"InfoPBA247","url":"https:\/\/infopba247.com.ar\/","logo":{"@type":"ImageObject","inLanguage":"es","@id":"https:\/\/infopba247.com.ar\/#\/schema\/logo\/image\/","url":"https:\/\/infopba247.com.ar\/wp-content\/uploads\/2022\/03\/cropped-InfoPBA247-1.png","contentUrl":"https:\/\/infopba247.com.ar\/wp-content\/uploads\/2022\/03\/cropped-InfoPBA247-1.png","width":500,"height":122,"caption":"InfoPBA247"},"image":{"@id":"https:\/\/infopba247.com.ar\/#\/schema\/logo\/image\/"},"sameAs":["https:\/\/www.facebook.com\/InfoPBA"]},{"@type":"Person","@id":"","url":"https:\/\/infopba247.com.ar\/index.php\/author\/"}]}},"_links":{"self":[{"href":"https:\/\/infopba247.com.ar\/index.php\/wp-json\/wp\/v2\/posts\/145","targetHints":{"allow":["GET"]}}],"collection":[{"href":"https:\/\/infopba247.com.ar\/index.php\/wp-json\/wp\/v2\/posts"}],"about":[{"href":"https:\/\/infopba247.com.ar\/index.php\/wp-json\/wp\/v2\/types\/post"}],"author":[{"embeddable":true,"href":"https:\/\/infopba247.com.ar\/index.php\/wp-json\/wp\/v2\/users\/2"}],"replies":[{"embeddable":true,"href":"https:\/\/infopba247.com.ar\/index.php\/wp-json\/wp\/v2\/comments?post=145"}],"version-history":[{"count":2,"href":"https:\/\/infopba247.com.ar\/index.php\/wp-json\/wp\/v2\/posts\/145\/revisions"}],"predecessor-version":[{"id":149,"href":"https:\/\/infopba247.com.ar\/index.php\/wp-json\/wp\/v2\/posts\/145\/revisions\/149"}],"wp:featuredmedia":[{"embeddable":true,"href":"https:\/\/infopba247.com.ar\/index.php\/wp-json\/wp\/v2\/media\/148"}],"wp:attachment":[{"href":"https:\/\/infopba247.com.ar\/index.php\/wp-json\/wp\/v2\/media?parent=145"}],"wp:term":[{"taxonomy":"category","embeddable":true,"href":"https:\/\/infopba247.com.ar\/index.php\/wp-json\/wp\/v2\/categories?post=145"},{"taxonomy":"post_tag","embeddable":true,"href":"https:\/\/infopba247.com.ar\/index.php\/wp-json\/wp\/v2\/tags?post=145"}],"curies":[{"name":"wp","href":"https:\/\/api.w.org\/{rel}","templated":true}]}}