{"id":1416,"date":"2023-04-12T10:23:00","date_gmt":"2023-04-12T13:23:00","guid":{"rendered":"https:\/\/infopba247.com.ar\/?p=1416"},"modified":"2023-04-17T10:24:58","modified_gmt":"2023-04-17T13:24:58","slug":"fernandez-kicillof-y-magario-pusieron-en-marcha-la-segunda-planta-asfaltica-municipal","status":"publish","type":"post","link":"https:\/\/infopba247.com.ar\/index.php\/2023\/04\/12\/fernandez-kicillof-y-magario-pusieron-en-marcha-la-segunda-planta-asfaltica-municipal\/","title":{"rendered":"Fern\u00e1ndez, Kicillof y Magario pusieron en marcha la segunda planta asf\u00e1ltica municipal"},"content":{"rendered":"\n<p>La intendenta de Moreno, Mariel Fern\u00e1ndez, junto al gobernador de la Provincia de Buenos Aires, Axel Kicillof, y la vicegobernadora de Buenos Aires, Ver\u00f3nica Magario, pusieron en marcha la segunda planta asf\u00e1ltica municipal, ubicada en el Parque Industrial Municipal II.<\/p>\n\n\n\n<p>El municipio adquiri\u00f3 la maquinaria gracias a la l\u00ednea Leasing 2022, un programa que brinda el Banco de la Provincia de Buenos Aires y tiene el objetivo de financiar a tasa baja bienes que permiten reforzar servicios de los municipios, como obras p\u00fablicas, salud, seguridad, tecnolog\u00eda, entre otros.<\/p>\n\n\n\n<p>Esta nueva planta asf\u00e1ltica, que produce el triple de material que la primera, permite asfaltar entre 8 y 10 cuadras por d\u00eda en distintos barrios, y convierte a Moreno en el primer municipio de la provincia de Buenos Aires y el segundo municipio, a nivel nacional, en adquirir una planta de esta magnitud.<\/p>\n\n\n\n<p>\u201cPoder encender juntos esta m\u00e1quina nos llena de emoci\u00f3n, porque es una manera de dignificar y asegurar el derecho a la urbanidad en los barrios m\u00e1s humildes. Esta obra es la muestra que junto a Axel vamos transformando la provincia y tambi\u00e9n Moreno\u201d, expres\u00f3 Mariel Fern\u00e1ndez.<\/p>\n\n\n\n<p>Por su parte, el Gobernador de la Provincia dijo: \u201cCon este papel del Estado en la obra p\u00fablica, los vecinos y vecinas de Moreno no solo podr\u00e1n ahorrar recursos, sino que se le brindar\u00e1 a muchos barrios la posibilidad de salir de una situaci\u00f3n de postergaci\u00f3n\u201d, y agreg\u00f3: \u201cSabemos que falta mucho por hacer, por eso con estas pol\u00edticas estamos dando la certeza de que en el municipio de Moreno se podr\u00e1 seguir llevando dignidad a las y los bonaerenses\u201d.<\/p>\n\n\n\n<p>\u201cHay una decisi\u00f3n pol\u00edtica del Gobierno de la provincia que se refleja en toda la inversi\u00f3n que se destina a realizar obras en los municipios, acompa\u00f1ando as\u00ed a las y los intendentes en la b\u00fasqueda de atender las necesidades de la poblaci\u00f3n\u201d, asegur\u00f3 Magario.<\/p>\n\n\n\n<p>La implementaci\u00f3n de las plantas asf\u00e1lticas municipales es una iniciativa de la intendenta Mariel Fern\u00e1ndez, para que el gobierno local pueda complementar las obras de pavimentaci\u00f3n financiadas por el Gobierno provincial y el Gobierno nacional. De esta forma se genera un aceleramiento notable en las obras y se avanza en el asfalto de calles, una necesidad hist\u00f3rica en el distrito.<\/p>\n\n\n\n<p>Al d\u00eda de hoy ya se asfaltaron m\u00e1s de 730 cuadras con la primera planta municipal, donde tambi\u00e9n se instalan luminarias, se colocan c\u00e1maras de seguridad, se renuevan y embellecen espacios p\u00fablicos como plazas.<\/p>\n\n\n\n<p>Durante la jornada tambi\u00e9n estuvieron presentes la secretaria de Obras y Servicios P\u00fablicos, Mar\u00eda Gim\u00e9nez; la secretaria de Econom\u00eda, Mariela Bien; la presidenta del Honorable Consejo Deliberante, Araceli Bellota; el ministro de Trabajo de la Provincia de Buenos Aires, Walter Correa; autoridades municipales y provinciales.<\/p>\n","protected":false},"excerpt":{"rendered":"<p>La intendenta de Moreno, Mariel Fern\u00e1ndez, junto al gobernador de la Provincia de Buenos Aires, Axel Kicillof, y la vicegobernadora<\/p>\n","protected":false},"author":3,"featured_media":1417,"comment_status":"closed","ping_status":"closed","sticky":false,"template":"","format":"standard","meta":{"colormag_page_container_layout":"default_layout","colormag_page_sidebar_layout":"default_layout","footnotes":""},"categories":[5,14],"tags":[50],"class_list":["post-1416","post","type-post","status-publish","format-standard","has-post-thumbnail","hentry","category-1ra-seccion","category-politica","tag-municipalidad-de-moreno"],"yoast_head":"<!-- This site is optimized with the Yoast SEO plugin v27.4 - https:\/\/yoast.com\/product\/yoast-seo-wordpress\/ -->\n<title>Fern\u00e1ndez, Kicillof y Magario pusieron en marcha la segunda planta asf\u00e1ltica municipal - InfoPBA247<\/title>\n<meta name=\"robots\" content=\"index, follow, max-snippet:-1, max-image-preview:large, max-video-preview:-1\" \/>\n<link rel=\"canonical\" href=\"https:\/\/infopba247.com.ar\/index.php\/2023\/04\/12\/fernandez-kicillof-y-magario-pusieron-en-marcha-la-segunda-planta-asfaltica-municipal\/\" \/>\n<meta property=\"og:locale\" content=\"es_ES\" \/>\n<meta property=\"og:type\" content=\"article\" \/>\n<meta property=\"og:title\" content=\"Fern\u00e1ndez, Kicillof y Magario pusieron en marcha la segunda planta asf\u00e1ltica municipal - InfoPBA247\" \/>\n<meta property=\"og:description\" content=\"La intendenta de Moreno, Mariel Fern\u00e1ndez, junto al gobernador de la Provincia de Buenos Aires, Axel Kicillof, y la vicegobernadora\" \/>\n<meta property=\"og:url\" content=\"https:\/\/infopba247.com.ar\/index.php\/2023\/04\/12\/fernandez-kicillof-y-magario-pusieron-en-marcha-la-segunda-planta-asfaltica-municipal\/\" \/>\n<meta property=\"og:site_name\" content=\"InfoPBA247\" \/>\n<meta property=\"article:publisher\" content=\"https:\/\/www.facebook.com\/InfoPBA\" \/>\n<meta property=\"article:published_time\" content=\"2023-04-12T13:23:00+00:00\" \/>\n<meta property=\"article:modified_time\" content=\"2023-04-17T13:24:58+00:00\" \/>\n<meta property=\"og:image\" content=\"https:\/\/infopba247.com.ar\/wp-content\/uploads\/2023\/04\/MARIEL-AXEL-Y-MAGARIO-1-800x445-1.jpg\" \/>\n\t<meta property=\"og:image:width\" content=\"800\" \/>\n\t<meta property=\"og:image:height\" content=\"445\" \/>\n\t<meta property=\"og:image:type\" content=\"image\/jpeg\" \/>\n<meta name=\"author\" content=\"Editor\" \/>\n<meta name=\"twitter:card\" content=\"summary_large_image\" \/>\n<meta name=\"twitter:label1\" content=\"Escrito por\" \/>\n\t<meta name=\"twitter:data1\" content=\"Editor\" \/>\n\t<meta name=\"twitter:label2\" content=\"Tiempo de lectura\" \/>\n\t<meta name=\"twitter:data2\" content=\"2 minutos\" \/>\n<script type=\"application\/ld+json\" class=\"yoast-schema-graph\">{\"@context\":\"https:\\\/\\\/schema.org\",\"@graph\":[{\"@type\":\"Article\",\"@id\":\"https:\\\/\\\/infopba247.com.ar\\\/index.php\\\/2023\\\/04\\\/12\\\/fernandez-kicillof-y-magario-pusieron-en-marcha-la-segunda-planta-asfaltica-municipal\\\/#article\",\"isPartOf\":{\"@id\":\"https:\\\/\\\/infopba247.com.ar\\\/index.php\\\/2023\\\/04\\\/12\\\/fernandez-kicillof-y-magario-pusieron-en-marcha-la-segunda-planta-asfaltica-municipal\\\/\"},\"author\":{\"name\":\"Editor\",\"@id\":\"https:\\\/\\\/infopba247.com.ar\\\/#\\\/schema\\\/person\\\/4975f1343a413e57bf839b3eed0099f2\"},\"headline\":\"Fern\u00e1ndez, Kicillof y Magario pusieron en marcha la segunda planta asf\u00e1ltica municipal\",\"datePublished\":\"2023-04-12T13:23:00+00:00\",\"dateModified\":\"2023-04-17T13:24:58+00:00\",\"mainEntityOfPage\":{\"@id\":\"https:\\\/\\\/infopba247.com.ar\\\/index.php\\\/2023\\\/04\\\/12\\\/fernandez-kicillof-y-magario-pusieron-en-marcha-la-segunda-planta-asfaltica-municipal\\\/\"},\"wordCount\":499,\"publisher\":{\"@id\":\"https:\\\/\\\/infopba247.com.ar\\\/#organization\"},\"image\":{\"@id\":\"https:\\\/\\\/infopba247.com.ar\\\/index.php\\\/2023\\\/04\\\/12\\\/fernandez-kicillof-y-magario-pusieron-en-marcha-la-segunda-planta-asfaltica-municipal\\\/#primaryimage\"},\"thumbnailUrl\":\"https:\\\/\\\/infopba247.com.ar\\\/wp-content\\\/uploads\\\/2023\\\/04\\\/MARIEL-AXEL-Y-MAGARIO-1-800x445-1.jpg\",\"keywords\":[\"Municipalidad de Moreno\"],\"articleSection\":[\"1ra Secci\u00f3n\",\"Pol\u00edtica\"],\"inLanguage\":\"es\"},{\"@type\":\"WebPage\",\"@id\":\"https:\\\/\\\/infopba247.com.ar\\\/index.php\\\/2023\\\/04\\\/12\\\/fernandez-kicillof-y-magario-pusieron-en-marcha-la-segunda-planta-asfaltica-municipal\\\/\",\"url\":\"https:\\\/\\\/infopba247.com.ar\\\/index.php\\\/2023\\\/04\\\/12\\\/fernandez-kicillof-y-magario-pusieron-en-marcha-la-segunda-planta-asfaltica-municipal\\\/\",\"name\":\"Fern\u00e1ndez, Kicillof y Magario pusieron en marcha la segunda planta asf\u00e1ltica municipal - InfoPBA247\",\"isPartOf\":{\"@id\":\"https:\\\/\\\/infopba247.com.ar\\\/#website\"},\"primaryImageOfPage\":{\"@id\":\"https:\\\/\\\/infopba247.com.ar\\\/index.php\\\/2023\\\/04\\\/12\\\/fernandez-kicillof-y-magario-pusieron-en-marcha-la-segunda-planta-asfaltica-municipal\\\/#primaryimage\"},\"image\":{\"@id\":\"https:\\\/\\\/infopba247.com.ar\\\/index.php\\\/2023\\\/04\\\/12\\\/fernandez-kicillof-y-magario-pusieron-en-marcha-la-segunda-planta-asfaltica-municipal\\\/#primaryimage\"},\"thumbnailUrl\":\"https:\\\/\\\/infopba247.com.ar\\\/wp-content\\\/uploads\\\/2023\\\/04\\\/MARIEL-AXEL-Y-MAGARIO-1-800x445-1.jpg\",\"datePublished\":\"2023-04-12T13:23:00+00:00\",\"dateModified\":\"2023-04-17T13:24:58+00:00\",\"breadcrumb\":{\"@id\":\"https:\\\/\\\/infopba247.com.ar\\\/index.php\\\/2023\\\/04\\\/12\\\/fernandez-kicillof-y-magario-pusieron-en-marcha-la-segunda-planta-asfaltica-municipal\\\/#breadcrumb\"},\"inLanguage\":\"es\",\"potentialAction\":[{\"@type\":\"ReadAction\",\"target\":[\"https:\\\/\\\/infopba247.com.ar\\\/index.php\\\/2023\\\/04\\\/12\\\/fernandez-kicillof-y-magario-pusieron-en-marcha-la-segunda-planta-asfaltica-municipal\\\/\"]}]},{\"@type\":\"ImageObject\",\"inLanguage\":\"es\",\"@id\":\"https:\\\/\\\/infopba247.com.ar\\\/index.php\\\/2023\\\/04\\\/12\\\/fernandez-kicillof-y-magario-pusieron-en-marcha-la-segunda-planta-asfaltica-municipal\\\/#primaryimage\",\"url\":\"https:\\\/\\\/infopba247.com.ar\\\/wp-content\\\/uploads\\\/2023\\\/04\\\/MARIEL-AXEL-Y-MAGARIO-1-800x445-1.jpg\",\"contentUrl\":\"https:\\\/\\\/infopba247.com.ar\\\/wp-content\\\/uploads\\\/2023\\\/04\\\/MARIEL-AXEL-Y-MAGARIO-1-800x445-1.jpg\",\"width\":800,\"height\":445},{\"@type\":\"BreadcrumbList\",\"@id\":\"https:\\\/\\\/infopba247.com.ar\\\/index.php\\\/2023\\\/04\\\/12\\\/fernandez-kicillof-y-magario-pusieron-en-marcha-la-segunda-planta-asfaltica-municipal\\\/#breadcrumb\",\"itemListElement\":[{\"@type\":\"ListItem\",\"position\":1,\"name\":\"Portada\",\"item\":\"https:\\\/\\\/infopba247.com.ar\\\/\"},{\"@type\":\"ListItem\",\"position\":2,\"name\":\"Fern\u00e1ndez, Kicillof y Magario pusieron en marcha la segunda planta asf\u00e1ltica municipal\"}]},{\"@type\":\"WebSite\",\"@id\":\"https:\\\/\\\/infopba247.com.ar\\\/#website\",\"url\":\"https:\\\/\\\/infopba247.com.ar\\\/\",\"name\":\"InfoPBA247\",\"description\":\"Toda la actualidad bonaerense\",\"publisher\":{\"@id\":\"https:\\\/\\\/infopba247.com.ar\\\/#organization\"},\"potentialAction\":[{\"@type\":\"SearchAction\",\"target\":{\"@type\":\"EntryPoint\",\"urlTemplate\":\"https:\\\/\\\/infopba247.com.ar\\\/?s={search_term_string}\"},\"query-input\":{\"@type\":\"PropertyValueSpecification\",\"valueRequired\":true,\"valueName\":\"search_term_string\"}}],\"inLanguage\":\"es\"},{\"@type\":\"Organization\",\"@id\":\"https:\\\/\\\/infopba247.com.ar\\\/#organization\",\"name\":\"InfoPBA247\",\"url\":\"https:\\\/\\\/infopba247.com.ar\\\/\",\"logo\":{\"@type\":\"ImageObject\",\"inLanguage\":\"es\",\"@id\":\"https:\\\/\\\/infopba247.com.ar\\\/#\\\/schema\\\/logo\\\/image\\\/\",\"url\":\"https:\\\/\\\/infopba247.com.ar\\\/wp-content\\\/uploads\\\/2022\\\/03\\\/cropped-InfoPBA247-1.png\",\"contentUrl\":\"https:\\\/\\\/infopba247.com.ar\\\/wp-content\\\/uploads\\\/2022\\\/03\\\/cropped-InfoPBA247-1.png\",\"width\":500,\"height\":122,\"caption\":\"InfoPBA247\"},\"image\":{\"@id\":\"https:\\\/\\\/infopba247.com.ar\\\/#\\\/schema\\\/logo\\\/image\\\/\"},\"sameAs\":[\"https:\\\/\\\/www.facebook.com\\\/InfoPBA\"]},{\"@type\":\"Person\",\"@id\":\"https:\\\/\\\/infopba247.com.ar\\\/#\\\/schema\\\/person\\\/4975f1343a413e57bf839b3eed0099f2\",\"name\":\"Editor\",\"image\":{\"@type\":\"ImageObject\",\"inLanguage\":\"es\",\"@id\":\"https:\\\/\\\/secure.gravatar.com\\\/avatar\\\/d27fe9520667ca53441d36627a1d6b0fa4a813571ec4803687a7a3a7744685ac?s=96&d=mm&r=g\",\"url\":\"https:\\\/\\\/secure.gravatar.com\\\/avatar\\\/d27fe9520667ca53441d36627a1d6b0fa4a813571ec4803687a7a3a7744685ac?s=96&d=mm&r=g\",\"contentUrl\":\"https:\\\/\\\/secure.gravatar.com\\\/avatar\\\/d27fe9520667ca53441d36627a1d6b0fa4a813571ec4803687a7a3a7744685ac?s=96&d=mm&r=g\",\"caption\":\"Editor\"},\"url\":\"https:\\\/\\\/infopba247.com.ar\\\/index.php\\\/author\\\/editor\\\/\"}]}<\/script>\n<!-- \/ Yoast SEO plugin. -->","yoast_head_json":{"title":"Fern\u00e1ndez, Kicillof y Magario pusieron en marcha la segunda planta asf\u00e1ltica municipal - InfoPBA247","robots":{"index":"index","follow":"follow","max-snippet":"max-snippet:-1","max-image-preview":"max-image-preview:large","max-video-preview":"max-video-preview:-1"},"canonical":"https:\/\/infopba247.com.ar\/index.php\/2023\/04\/12\/fernandez-kicillof-y-magario-pusieron-en-marcha-la-segunda-planta-asfaltica-municipal\/","og_locale":"es_ES","og_type":"article","og_title":"Fern\u00e1ndez, Kicillof y Magario pusieron en marcha la segunda planta asf\u00e1ltica municipal - InfoPBA247","og_description":"La intendenta de Moreno, Mariel Fern\u00e1ndez, junto al gobernador de la Provincia de Buenos Aires, Axel Kicillof, y la vicegobernadora","og_url":"https:\/\/infopba247.com.ar\/index.php\/2023\/04\/12\/fernandez-kicillof-y-magario-pusieron-en-marcha-la-segunda-planta-asfaltica-municipal\/","og_site_name":"InfoPBA247","article_publisher":"https:\/\/www.facebook.com\/InfoPBA","article_published_time":"2023-04-12T13:23:00+00:00","article_modified_time":"2023-04-17T13:24:58+00:00","og_image":[{"width":800,"height":445,"url":"https:\/\/infopba247.com.ar\/wp-content\/uploads\/2023\/04\/MARIEL-AXEL-Y-MAGARIO-1-800x445-1.jpg","type":"image\/jpeg"}],"author":"Editor","twitter_card":"summary_large_image","twitter_misc":{"Escrito por":"Editor","Tiempo de lectura":"2 minutos"},"schema":{"@context":"https:\/\/schema.org","@graph":[{"@type":"Article","@id":"https:\/\/infopba247.com.ar\/index.php\/2023\/04\/12\/fernandez-kicillof-y-magario-pusieron-en-marcha-la-segunda-planta-asfaltica-municipal\/#article","isPartOf":{"@id":"https:\/\/infopba247.com.ar\/index.php\/2023\/04\/12\/fernandez-kicillof-y-magario-pusieron-en-marcha-la-segunda-planta-asfaltica-municipal\/"},"author":{"name":"Editor","@id":"https:\/\/infopba247.com.ar\/#\/schema\/person\/4975f1343a413e57bf839b3eed0099f2"},"headline":"Fern\u00e1ndez, Kicillof y Magario pusieron en marcha la segunda planta asf\u00e1ltica municipal","datePublished":"2023-04-12T13:23:00+00:00","dateModified":"2023-04-17T13:24:58+00:00","mainEntityOfPage":{"@id":"https:\/\/infopba247.com.ar\/index.php\/2023\/04\/12\/fernandez-kicillof-y-magario-pusieron-en-marcha-la-segunda-planta-asfaltica-municipal\/"},"wordCount":499,"publisher":{"@id":"https:\/\/infopba247.com.ar\/#organization"},"image":{"@id":"https:\/\/infopba247.com.ar\/index.php\/2023\/04\/12\/fernandez-kicillof-y-magario-pusieron-en-marcha-la-segunda-planta-asfaltica-municipal\/#primaryimage"},"thumbnailUrl":"https:\/\/infopba247.com.ar\/wp-content\/uploads\/2023\/04\/MARIEL-AXEL-Y-MAGARIO-1-800x445-1.jpg","keywords":["Municipalidad de Moreno"],"articleSection":["1ra Secci\u00f3n","Pol\u00edtica"],"inLanguage":"es"},{"@type":"WebPage","@id":"https:\/\/infopba247.com.ar\/index.php\/2023\/04\/12\/fernandez-kicillof-y-magario-pusieron-en-marcha-la-segunda-planta-asfaltica-municipal\/","url":"https:\/\/infopba247.com.ar\/index.php\/2023\/04\/12\/fernandez-kicillof-y-magario-pusieron-en-marcha-la-segunda-planta-asfaltica-municipal\/","name":"Fern\u00e1ndez, Kicillof y Magario pusieron en marcha la segunda planta asf\u00e1ltica municipal - InfoPBA247","isPartOf":{"@id":"https:\/\/infopba247.com.ar\/#website"},"primaryImageOfPage":{"@id":"https:\/\/infopba247.com.ar\/index.php\/2023\/04\/12\/fernandez-kicillof-y-magario-pusieron-en-marcha-la-segunda-planta-asfaltica-municipal\/#primaryimage"},"image":{"@id":"https:\/\/infopba247.com.ar\/index.php\/2023\/04\/12\/fernandez-kicillof-y-magario-pusieron-en-marcha-la-segunda-planta-asfaltica-municipal\/#primaryimage"},"thumbnailUrl":"https:\/\/infopba247.com.ar\/wp-content\/uploads\/2023\/04\/MARIEL-AXEL-Y-MAGARIO-1-800x445-1.jpg","datePublished":"2023-04-12T13:23:00+00:00","dateModified":"2023-04-17T13:24:58+00:00","breadcrumb":{"@id":"https:\/\/infopba247.com.ar\/index.php\/2023\/04\/12\/fernandez-kicillof-y-magario-pusieron-en-marcha-la-segunda-planta-asfaltica-municipal\/#breadcrumb"},"inLanguage":"es","potentialAction":[{"@type":"ReadAction","target":["https:\/\/infopba247.com.ar\/index.php\/2023\/04\/12\/fernandez-kicillof-y-magario-pusieron-en-marcha-la-segunda-planta-asfaltica-municipal\/"]}]},{"@type":"ImageObject","inLanguage":"es","@id":"https:\/\/infopba247.com.ar\/index.php\/2023\/04\/12\/fernandez-kicillof-y-magario-pusieron-en-marcha-la-segunda-planta-asfaltica-municipal\/#primaryimage","url":"https:\/\/infopba247.com.ar\/wp-content\/uploads\/2023\/04\/MARIEL-AXEL-Y-MAGARIO-1-800x445-1.jpg","contentUrl":"https:\/\/infopba247.com.ar\/wp-content\/uploads\/2023\/04\/MARIEL-AXEL-Y-MAGARIO-1-800x445-1.jpg","width":800,"height":445},{"@type":"BreadcrumbList","@id":"https:\/\/infopba247.com.ar\/index.php\/2023\/04\/12\/fernandez-kicillof-y-magario-pusieron-en-marcha-la-segunda-planta-asfaltica-municipal\/#breadcrumb","itemListElement":[{"@type":"ListItem","position":1,"name":"Portada","item":"https:\/\/infopba247.com.ar\/"},{"@type":"ListItem","position":2,"name":"Fern\u00e1ndez, Kicillof y Magario pusieron en marcha la segunda planta asf\u00e1ltica municipal"}]},{"@type":"WebSite","@id":"https:\/\/infopba247.com.ar\/#website","url":"https:\/\/infopba247.com.ar\/","name":"InfoPBA247","description":"Toda la actualidad bonaerense","publisher":{"@id":"https:\/\/infopba247.com.ar\/#organization"},"potentialAction":[{"@type":"SearchAction","target":{"@type":"EntryPoint","urlTemplate":"https:\/\/infopba247.com.ar\/?s={search_term_string}"},"query-input":{"@type":"PropertyValueSpecification","valueRequired":true,"valueName":"search_term_string"}}],"inLanguage":"es"},{"@type":"Organization","@id":"https:\/\/infopba247.com.ar\/#organization","name":"InfoPBA247","url":"https:\/\/infopba247.com.ar\/","logo":{"@type":"ImageObject","inLanguage":"es","@id":"https:\/\/infopba247.com.ar\/#\/schema\/logo\/image\/","url":"https:\/\/infopba247.com.ar\/wp-content\/uploads\/2022\/03\/cropped-InfoPBA247-1.png","contentUrl":"https:\/\/infopba247.com.ar\/wp-content\/uploads\/2022\/03\/cropped-InfoPBA247-1.png","width":500,"height":122,"caption":"InfoPBA247"},"image":{"@id":"https:\/\/infopba247.com.ar\/#\/schema\/logo\/image\/"},"sameAs":["https:\/\/www.facebook.com\/InfoPBA"]},{"@type":"Person","@id":"https:\/\/infopba247.com.ar\/#\/schema\/person\/4975f1343a413e57bf839b3eed0099f2","name":"Editor","image":{"@type":"ImageObject","inLanguage":"es","@id":"https:\/\/secure.gravatar.com\/avatar\/d27fe9520667ca53441d36627a1d6b0fa4a813571ec4803687a7a3a7744685ac?s=96&d=mm&r=g","url":"https:\/\/secure.gravatar.com\/avatar\/d27fe9520667ca53441d36627a1d6b0fa4a813571ec4803687a7a3a7744685ac?s=96&d=mm&r=g","contentUrl":"https:\/\/secure.gravatar.com\/avatar\/d27fe9520667ca53441d36627a1d6b0fa4a813571ec4803687a7a3a7744685ac?s=96&d=mm&r=g","caption":"Editor"},"url":"https:\/\/infopba247.com.ar\/index.php\/author\/editor\/"}]}},"_links":{"self":[{"href":"https:\/\/infopba247.com.ar\/index.php\/wp-json\/wp\/v2\/posts\/1416","targetHints":{"allow":["GET"]}}],"collection":[{"href":"https:\/\/infopba247.com.ar\/index.php\/wp-json\/wp\/v2\/posts"}],"about":[{"href":"https:\/\/infopba247.com.ar\/index.php\/wp-json\/wp\/v2\/types\/post"}],"author":[{"embeddable":true,"href":"https:\/\/infopba247.com.ar\/index.php\/wp-json\/wp\/v2\/users\/3"}],"replies":[{"embeddable":true,"href":"https:\/\/infopba247.com.ar\/index.php\/wp-json\/wp\/v2\/comments?post=1416"}],"version-history":[{"count":1,"href":"https:\/\/infopba247.com.ar\/index.php\/wp-json\/wp\/v2\/posts\/1416\/revisions"}],"predecessor-version":[{"id":1418,"href":"https:\/\/infopba247.com.ar\/index.php\/wp-json\/wp\/v2\/posts\/1416\/revisions\/1418"}],"wp:featuredmedia":[{"embeddable":true,"href":"https:\/\/infopba247.com.ar\/index.php\/wp-json\/wp\/v2\/media\/1417"}],"wp:attachment":[{"href":"https:\/\/infopba247.com.ar\/index.php\/wp-json\/wp\/v2\/media?parent=1416"}],"wp:term":[{"taxonomy":"category","embeddable":true,"href":"https:\/\/infopba247.com.ar\/index.php\/wp-json\/wp\/v2\/categories?post=1416"},{"taxonomy":"post_tag","embeddable":true,"href":"https:\/\/infopba247.com.ar\/index.php\/wp-json\/wp\/v2\/tags?post=1416"}],"curies":[{"name":"wp","href":"https:\/\/api.w.org\/{rel}","templated":true}]}}