{"id":1377,"date":"2023-03-31T09:58:00","date_gmt":"2023-03-31T12:58:00","guid":{"rendered":"https:\/\/infopba247.com.ar\/?p=1377"},"modified":"2023-04-03T11:06:47","modified_gmt":"2023-04-03T14:06:47","slug":"en-mar-chiquita-wado-de-pedro-y-jorge-paredi-inauguraron-homenajes-para-alfonsin-y-kirchner","status":"publish","type":"post","link":"https:\/\/infopba247.com.ar\/index.php\/2023\/03\/31\/en-mar-chiquita-wado-de-pedro-y-jorge-paredi-inauguraron-homenajes-para-alfonsin-y-kirchner\/","title":{"rendered":"En Mar Chiquita, Wado de Pedro y Jorge Paredi inauguraron homenajes para Alfons\u00edn y Kirchner"},"content":{"rendered":"\n<p>El ministro del Interior de la Naci\u00f3n, Eduardo \u201cWado\u201d de Pedro, afirm\u00f3 hoy que \u201clas decisiones que se toman en la Casa Rosada deben llegar a cada barrio y a cada vecino\u201d, al conmemorar los 40 a\u00f1os de democracia initerrumpida en Argentina, junto al intendente de Mar Chiquita, Jorge Paredi.<\/p>\n\n\n\n<p>Paredi y De Pedro llevaron adelante este jueves homenajes a los expresidentes Ra\u00fal Ricardo Alfons\u00edn y N\u00e9stor Kirchner, con la inauguraci\u00f3n de dos obras de arte, en Coronel Vidal y la Ruta 11, respectivamente, se inform\u00f3 en un comunicado.<\/p>\n\n\n\n<p>Al respecto, Paredi manifest\u00f3: \u201cHoy se rinde homenaje a dos grandes expresidentes que tuvo la Rep\u00fablica Argentina, como lo fueron Ra\u00fal Alfons\u00edn en el retorno a la democracia y N\u00e9stor Kirchner, un hombre que nos dej\u00f3 un mar de convicciones\u201d.<\/p>\n\n\n\n<p>A su turno, el ministro de Pedro coment\u00f3: \u201cHoy quiero decirles lo que siento, sintiendo a N\u00e9stor tan cerca. Cuando pensamos en Argentina, en el pueblo, en las familias, en nuestra bandera, se siente orgullo\u201d.<\/p>\n\n\n\n<p>\u201cMuchas veces en la historia hemos sentido verg\u00fcenza de dirigentes que han entregado la soberan\u00eda nacional. N\u00e9stor Kirchner levant\u00f3 estas banderas y se fue poniendo el cuerpo. Las decisiones que se toman en la Casa Rosada deben llegar a cada barrio y a cada vecino, como nos ense\u00f1\u00f3 \u00e9l\u201d, expres\u00f3 el ministro.<\/p>\n\n\n\n<p>Adem\u00e1s, de Pedro manifest\u00f3: \u201cEs un d\u00eda muy especial, venimos de conmemorar un 24 de marzo donde otra vez las familias argentinas, la juventud y muchos sectores recordaron un hecho tr\u00e1gico para la historia Argentina como lo fue la dictadura y se sigue sembrando memoria. Esto tambi\u00e9n tuvo un impacto en la cultura de nuestro pa\u00eds por eso queremos resaltar que hoy se est\u00e9n inaugurando obras art\u00edsticas, en Coronel Vidal en homenaje a Ra\u00fal Alfons\u00edn y en Playa Dorada a N\u00e9stor Kirchner\u201d.<\/p>\n\n\n\n<p>En tanto, Paredi indic\u00f3: \u201cEstamos rindiendo homenaje hoy en Coronel Vidal a un presidente que hizo mucho por la rep\u00fablica Argentina en un momento muy dif\u00edcil de la historia, despu\u00e9s de la dictadura\u201d.<\/p>\n\n\n\n<p>\u201cEra un hombre comprometido con la democracia y con los derechos humanos. Hoy inauguramos una obra art\u00edstica en su honor: a Ra\u00fal Ricardo Alfons\u00edn. Hay que reconocer y homenajear la historia\u201c, resalt\u00f3 el intendente acompa\u00f1ado por el secretario de Municipios, Avelino Zurro.<\/p>\n\n\n\n<p>Y agreg\u00f3 posteriormente: \u201cQu\u00e9 momento tan especial hablar y que a nuestras espaldas est\u00e9 el mejor presidente que tuvo Argentina a lo largo de los 40 a\u00f1os de la democracia, como lo fue N\u00e9stor Kirchner. Fue un grande de la historia y hoy lo homenajeamos en el Partido de Mar Chiquita\u201d.<\/p>\n\n\n\n<p>\u201cLe estamos rindiendo un justo homenaje a este gran hombre, un hombre de acci\u00f3n, de lucha y que nos dej\u00f3 un gran legado. Le quiero agradecer a N\u00e9stor por el mar de convicciones que nos dej\u00f3\u201d, complet\u00f3.<\/p>\n\n\n\n<p>La jornada de homenajes a los expresidentes Alfons\u00edn y Kirchner en conmemoraci\u00f3n a los 40 a\u00f1os de la democracia, comenz\u00f3 en el Parque Municipal La Scaloneta de Coronel Vidal.<\/p>\n\n\n\n<p>All\u00ed, el intendente y el ministro del Interior descubrieron la obra de arte en homenaje a Ra\u00fal Ricardo Alfons\u00edn, quien fue presidente de Argentina entre 1983 y 1989, mandato que al iniciarse puso fin a la dictadura c\u00edvico-militar del pa\u00eds.<\/p>\n\n\n\n<p>Durante el acto, se dio lectura a las palabras que envi\u00f3 C\u00e9sar Martucci, exdiputado nacional y se compartieron saludos de Maxi Abad, presidente de la UCR provincial y de Ricardo Alfons\u00edn, hijo del expresidente.<\/p>\n\n\n\n<p>Luego, Paredi y de Pedro realizaron el respectivo reconocimiento al expresidente N\u00e9stor Kirchner en Playa Dorada, frente al mar en Ruta 11 KM 502, donde se descubri\u00f3 una escultura en su honor.<\/p>\n\n\n\n<p>Las obras de arte, de similares caracter\u00edsticas y realizadas con alrededor de 700 kilos de acero en cada una, fueron imaginadas y materializadas por el artista Sebasti\u00e1n Martino, reconocido por sus esculturas en acero y hormig\u00f3n de Evita (Plaza Evita) y Diego Armando Maradona (Parque \u201cEl Diego\u201d), en Santa Clara del Mar.<\/p>\n\n\n\n<p>Adem\u00e1s, participaron de los actos el intendente interino, Carlos Minnucci; el intendente de Villa Gesell, Gustavo Barrera; el exintendente Alejandro Ruau; los legisladores Cote Rossi y Pablo Obeid; el asesor de Asuntos Municipales de Vialidad Nacional, Marcelo Sosa; delegados municipales; concejales; miembros del gabinete municipal; e instituciones intermedias y organizaciones sociales, entre otros.<\/p>\n","protected":false},"excerpt":{"rendered":"<p>El ministro del Interior de la Naci\u00f3n, Eduardo \u201cWado\u201d de Pedro, afirm\u00f3 hoy que \u201clas decisiones que se toman en<\/p>\n","protected":false},"author":3,"featured_media":1379,"comment_status":"closed","ping_status":"closed","sticky":false,"template":"","format":"standard","meta":{"colormag_page_container_layout":"default_layout","colormag_page_sidebar_layout":"default_layout","footnotes":""},"categories":[9,1,16,14],"tags":[83],"class_list":["post-1377","post","type-post","status-publish","format-standard","has-post-thumbnail","hentry","category-5ta-seccion","category-destacadas","category-interes-general","category-politica","tag-municipalidad-de-mar-chiquita"],"yoast_head":"<!-- This site is optimized with the Yoast SEO plugin v27.4 - https:\/\/yoast.com\/product\/yoast-seo-wordpress\/ -->\n<title>En Mar Chiquita, Wado de Pedro y Jorge Paredi inauguraron homenajes para Alfons\u00edn y Kirchner - InfoPBA247<\/title>\n<meta name=\"robots\" content=\"index, follow, max-snippet:-1, max-image-preview:large, max-video-preview:-1\" \/>\n<link rel=\"canonical\" href=\"https:\/\/infopba247.com.ar\/index.php\/2023\/03\/31\/en-mar-chiquita-wado-de-pedro-y-jorge-paredi-inauguraron-homenajes-para-alfonsin-y-kirchner\/\" \/>\n<meta property=\"og:locale\" content=\"es_ES\" \/>\n<meta property=\"og:type\" content=\"article\" \/>\n<meta property=\"og:title\" content=\"En Mar Chiquita, Wado de Pedro y Jorge Paredi inauguraron homenajes para Alfons\u00edn y Kirchner - InfoPBA247\" \/>\n<meta property=\"og:description\" content=\"El ministro del Interior de la Naci\u00f3n, Eduardo \u201cWado\u201d de Pedro, afirm\u00f3 hoy que \u201clas decisiones que se toman en\" \/>\n<meta property=\"og:url\" content=\"https:\/\/infopba247.com.ar\/index.php\/2023\/03\/31\/en-mar-chiquita-wado-de-pedro-y-jorge-paredi-inauguraron-homenajes-para-alfonsin-y-kirchner\/\" \/>\n<meta property=\"og:site_name\" content=\"InfoPBA247\" \/>\n<meta property=\"article:publisher\" content=\"https:\/\/www.facebook.com\/InfoPBA\" \/>\n<meta property=\"article:published_time\" content=\"2023-03-31T12:58:00+00:00\" \/>\n<meta property=\"article:modified_time\" content=\"2023-04-03T14:06:47+00:00\" \/>\n<meta property=\"og:image\" content=\"https:\/\/infopba247.com.ar\/wp-content\/uploads\/2023\/03\/mar-chiquita-1536x1024-1.jpg\" \/>\n\t<meta property=\"og:image:width\" content=\"1536\" \/>\n\t<meta property=\"og:image:height\" content=\"1024\" \/>\n\t<meta property=\"og:image:type\" content=\"image\/jpeg\" \/>\n<meta name=\"author\" content=\"Editor\" \/>\n<meta name=\"twitter:card\" content=\"summary_large_image\" \/>\n<meta name=\"twitter:label1\" content=\"Escrito por\" \/>\n\t<meta name=\"twitter:data1\" content=\"Editor\" \/>\n\t<meta name=\"twitter:label2\" content=\"Tiempo de lectura\" \/>\n\t<meta name=\"twitter:data2\" content=\"4 minutos\" \/>\n<script type=\"application\/ld+json\" class=\"yoast-schema-graph\">{\"@context\":\"https:\\\/\\\/schema.org\",\"@graph\":[{\"@type\":\"Article\",\"@id\":\"https:\\\/\\\/infopba247.com.ar\\\/index.php\\\/2023\\\/03\\\/31\\\/en-mar-chiquita-wado-de-pedro-y-jorge-paredi-inauguraron-homenajes-para-alfonsin-y-kirchner\\\/#article\",\"isPartOf\":{\"@id\":\"https:\\\/\\\/infopba247.com.ar\\\/index.php\\\/2023\\\/03\\\/31\\\/en-mar-chiquita-wado-de-pedro-y-jorge-paredi-inauguraron-homenajes-para-alfonsin-y-kirchner\\\/\"},\"author\":{\"name\":\"Editor\",\"@id\":\"https:\\\/\\\/infopba247.com.ar\\\/#\\\/schema\\\/person\\\/4975f1343a413e57bf839b3eed0099f2\"},\"headline\":\"En Mar Chiquita, Wado de Pedro y Jorge Paredi inauguraron homenajes para Alfons\u00edn y Kirchner\",\"datePublished\":\"2023-03-31T12:58:00+00:00\",\"dateModified\":\"2023-04-03T14:06:47+00:00\",\"mainEntityOfPage\":{\"@id\":\"https:\\\/\\\/infopba247.com.ar\\\/index.php\\\/2023\\\/03\\\/31\\\/en-mar-chiquita-wado-de-pedro-y-jorge-paredi-inauguraron-homenajes-para-alfonsin-y-kirchner\\\/\"},\"wordCount\":756,\"publisher\":{\"@id\":\"https:\\\/\\\/infopba247.com.ar\\\/#organization\"},\"image\":{\"@id\":\"https:\\\/\\\/infopba247.com.ar\\\/index.php\\\/2023\\\/03\\\/31\\\/en-mar-chiquita-wado-de-pedro-y-jorge-paredi-inauguraron-homenajes-para-alfonsin-y-kirchner\\\/#primaryimage\"},\"thumbnailUrl\":\"https:\\\/\\\/infopba247.com.ar\\\/wp-content\\\/uploads\\\/2023\\\/03\\\/mar-chiquita-1536x1024-1.jpg\",\"keywords\":[\"Municipalidad de Mar Chiquita\"],\"articleSection\":[\"5ta Secci\u00f3n\",\"Destacadas\",\"Inter\u00e9s General\",\"Pol\u00edtica\"],\"inLanguage\":\"es\"},{\"@type\":\"WebPage\",\"@id\":\"https:\\\/\\\/infopba247.com.ar\\\/index.php\\\/2023\\\/03\\\/31\\\/en-mar-chiquita-wado-de-pedro-y-jorge-paredi-inauguraron-homenajes-para-alfonsin-y-kirchner\\\/\",\"url\":\"https:\\\/\\\/infopba247.com.ar\\\/index.php\\\/2023\\\/03\\\/31\\\/en-mar-chiquita-wado-de-pedro-y-jorge-paredi-inauguraron-homenajes-para-alfonsin-y-kirchner\\\/\",\"name\":\"En Mar Chiquita, Wado de Pedro y Jorge Paredi inauguraron homenajes para Alfons\u00edn y Kirchner - InfoPBA247\",\"isPartOf\":{\"@id\":\"https:\\\/\\\/infopba247.com.ar\\\/#website\"},\"primaryImageOfPage\":{\"@id\":\"https:\\\/\\\/infopba247.com.ar\\\/index.php\\\/2023\\\/03\\\/31\\\/en-mar-chiquita-wado-de-pedro-y-jorge-paredi-inauguraron-homenajes-para-alfonsin-y-kirchner\\\/#primaryimage\"},\"image\":{\"@id\":\"https:\\\/\\\/infopba247.com.ar\\\/index.php\\\/2023\\\/03\\\/31\\\/en-mar-chiquita-wado-de-pedro-y-jorge-paredi-inauguraron-homenajes-para-alfonsin-y-kirchner\\\/#primaryimage\"},\"thumbnailUrl\":\"https:\\\/\\\/infopba247.com.ar\\\/wp-content\\\/uploads\\\/2023\\\/03\\\/mar-chiquita-1536x1024-1.jpg\",\"datePublished\":\"2023-03-31T12:58:00+00:00\",\"dateModified\":\"2023-04-03T14:06:47+00:00\",\"breadcrumb\":{\"@id\":\"https:\\\/\\\/infopba247.com.ar\\\/index.php\\\/2023\\\/03\\\/31\\\/en-mar-chiquita-wado-de-pedro-y-jorge-paredi-inauguraron-homenajes-para-alfonsin-y-kirchner\\\/#breadcrumb\"},\"inLanguage\":\"es\",\"potentialAction\":[{\"@type\":\"ReadAction\",\"target\":[\"https:\\\/\\\/infopba247.com.ar\\\/index.php\\\/2023\\\/03\\\/31\\\/en-mar-chiquita-wado-de-pedro-y-jorge-paredi-inauguraron-homenajes-para-alfonsin-y-kirchner\\\/\"]}]},{\"@type\":\"ImageObject\",\"inLanguage\":\"es\",\"@id\":\"https:\\\/\\\/infopba247.com.ar\\\/index.php\\\/2023\\\/03\\\/31\\\/en-mar-chiquita-wado-de-pedro-y-jorge-paredi-inauguraron-homenajes-para-alfonsin-y-kirchner\\\/#primaryimage\",\"url\":\"https:\\\/\\\/infopba247.com.ar\\\/wp-content\\\/uploads\\\/2023\\\/03\\\/mar-chiquita-1536x1024-1.jpg\",\"contentUrl\":\"https:\\\/\\\/infopba247.com.ar\\\/wp-content\\\/uploads\\\/2023\\\/03\\\/mar-chiquita-1536x1024-1.jpg\",\"width\":1536,\"height\":1024},{\"@type\":\"BreadcrumbList\",\"@id\":\"https:\\\/\\\/infopba247.com.ar\\\/index.php\\\/2023\\\/03\\\/31\\\/en-mar-chiquita-wado-de-pedro-y-jorge-paredi-inauguraron-homenajes-para-alfonsin-y-kirchner\\\/#breadcrumb\",\"itemListElement\":[{\"@type\":\"ListItem\",\"position\":1,\"name\":\"Portada\",\"item\":\"https:\\\/\\\/infopba247.com.ar\\\/\"},{\"@type\":\"ListItem\",\"position\":2,\"name\":\"En Mar Chiquita, Wado de Pedro y Jorge Paredi inauguraron homenajes para Alfons\u00edn y Kirchner\"}]},{\"@type\":\"WebSite\",\"@id\":\"https:\\\/\\\/infopba247.com.ar\\\/#website\",\"url\":\"https:\\\/\\\/infopba247.com.ar\\\/\",\"name\":\"InfoPBA247\",\"description\":\"Toda la actualidad bonaerense\",\"publisher\":{\"@id\":\"https:\\\/\\\/infopba247.com.ar\\\/#organization\"},\"potentialAction\":[{\"@type\":\"SearchAction\",\"target\":{\"@type\":\"EntryPoint\",\"urlTemplate\":\"https:\\\/\\\/infopba247.com.ar\\\/?s={search_term_string}\"},\"query-input\":{\"@type\":\"PropertyValueSpecification\",\"valueRequired\":true,\"valueName\":\"search_term_string\"}}],\"inLanguage\":\"es\"},{\"@type\":\"Organization\",\"@id\":\"https:\\\/\\\/infopba247.com.ar\\\/#organization\",\"name\":\"InfoPBA247\",\"url\":\"https:\\\/\\\/infopba247.com.ar\\\/\",\"logo\":{\"@type\":\"ImageObject\",\"inLanguage\":\"es\",\"@id\":\"https:\\\/\\\/infopba247.com.ar\\\/#\\\/schema\\\/logo\\\/image\\\/\",\"url\":\"https:\\\/\\\/infopba247.com.ar\\\/wp-content\\\/uploads\\\/2022\\\/03\\\/cropped-InfoPBA247-1.png\",\"contentUrl\":\"https:\\\/\\\/infopba247.com.ar\\\/wp-content\\\/uploads\\\/2022\\\/03\\\/cropped-InfoPBA247-1.png\",\"width\":500,\"height\":122,\"caption\":\"InfoPBA247\"},\"image\":{\"@id\":\"https:\\\/\\\/infopba247.com.ar\\\/#\\\/schema\\\/logo\\\/image\\\/\"},\"sameAs\":[\"https:\\\/\\\/www.facebook.com\\\/InfoPBA\"]},{\"@type\":\"Person\",\"@id\":\"https:\\\/\\\/infopba247.com.ar\\\/#\\\/schema\\\/person\\\/4975f1343a413e57bf839b3eed0099f2\",\"name\":\"Editor\",\"image\":{\"@type\":\"ImageObject\",\"inLanguage\":\"es\",\"@id\":\"https:\\\/\\\/secure.gravatar.com\\\/avatar\\\/d27fe9520667ca53441d36627a1d6b0fa4a813571ec4803687a7a3a7744685ac?s=96&d=mm&r=g\",\"url\":\"https:\\\/\\\/secure.gravatar.com\\\/avatar\\\/d27fe9520667ca53441d36627a1d6b0fa4a813571ec4803687a7a3a7744685ac?s=96&d=mm&r=g\",\"contentUrl\":\"https:\\\/\\\/secure.gravatar.com\\\/avatar\\\/d27fe9520667ca53441d36627a1d6b0fa4a813571ec4803687a7a3a7744685ac?s=96&d=mm&r=g\",\"caption\":\"Editor\"},\"url\":\"https:\\\/\\\/infopba247.com.ar\\\/index.php\\\/author\\\/editor\\\/\"}]}<\/script>\n<!-- \/ Yoast SEO plugin. -->","yoast_head_json":{"title":"En Mar Chiquita, Wado de Pedro y Jorge Paredi inauguraron homenajes para Alfons\u00edn y Kirchner - InfoPBA247","robots":{"index":"index","follow":"follow","max-snippet":"max-snippet:-1","max-image-preview":"max-image-preview:large","max-video-preview":"max-video-preview:-1"},"canonical":"https:\/\/infopba247.com.ar\/index.php\/2023\/03\/31\/en-mar-chiquita-wado-de-pedro-y-jorge-paredi-inauguraron-homenajes-para-alfonsin-y-kirchner\/","og_locale":"es_ES","og_type":"article","og_title":"En Mar Chiquita, Wado de Pedro y Jorge Paredi inauguraron homenajes para Alfons\u00edn y Kirchner - InfoPBA247","og_description":"El ministro del Interior de la Naci\u00f3n, Eduardo \u201cWado\u201d de Pedro, afirm\u00f3 hoy que \u201clas decisiones que se toman en","og_url":"https:\/\/infopba247.com.ar\/index.php\/2023\/03\/31\/en-mar-chiquita-wado-de-pedro-y-jorge-paredi-inauguraron-homenajes-para-alfonsin-y-kirchner\/","og_site_name":"InfoPBA247","article_publisher":"https:\/\/www.facebook.com\/InfoPBA","article_published_time":"2023-03-31T12:58:00+00:00","article_modified_time":"2023-04-03T14:06:47+00:00","og_image":[{"width":1536,"height":1024,"url":"https:\/\/infopba247.com.ar\/wp-content\/uploads\/2023\/03\/mar-chiquita-1536x1024-1.jpg","type":"image\/jpeg"}],"author":"Editor","twitter_card":"summary_large_image","twitter_misc":{"Escrito por":"Editor","Tiempo de lectura":"4 minutos"},"schema":{"@context":"https:\/\/schema.org","@graph":[{"@type":"Article","@id":"https:\/\/infopba247.com.ar\/index.php\/2023\/03\/31\/en-mar-chiquita-wado-de-pedro-y-jorge-paredi-inauguraron-homenajes-para-alfonsin-y-kirchner\/#article","isPartOf":{"@id":"https:\/\/infopba247.com.ar\/index.php\/2023\/03\/31\/en-mar-chiquita-wado-de-pedro-y-jorge-paredi-inauguraron-homenajes-para-alfonsin-y-kirchner\/"},"author":{"name":"Editor","@id":"https:\/\/infopba247.com.ar\/#\/schema\/person\/4975f1343a413e57bf839b3eed0099f2"},"headline":"En Mar Chiquita, Wado de Pedro y Jorge Paredi inauguraron homenajes para Alfons\u00edn y Kirchner","datePublished":"2023-03-31T12:58:00+00:00","dateModified":"2023-04-03T14:06:47+00:00","mainEntityOfPage":{"@id":"https:\/\/infopba247.com.ar\/index.php\/2023\/03\/31\/en-mar-chiquita-wado-de-pedro-y-jorge-paredi-inauguraron-homenajes-para-alfonsin-y-kirchner\/"},"wordCount":756,"publisher":{"@id":"https:\/\/infopba247.com.ar\/#organization"},"image":{"@id":"https:\/\/infopba247.com.ar\/index.php\/2023\/03\/31\/en-mar-chiquita-wado-de-pedro-y-jorge-paredi-inauguraron-homenajes-para-alfonsin-y-kirchner\/#primaryimage"},"thumbnailUrl":"https:\/\/infopba247.com.ar\/wp-content\/uploads\/2023\/03\/mar-chiquita-1536x1024-1.jpg","keywords":["Municipalidad de Mar Chiquita"],"articleSection":["5ta Secci\u00f3n","Destacadas","Inter\u00e9s General","Pol\u00edtica"],"inLanguage":"es"},{"@type":"WebPage","@id":"https:\/\/infopba247.com.ar\/index.php\/2023\/03\/31\/en-mar-chiquita-wado-de-pedro-y-jorge-paredi-inauguraron-homenajes-para-alfonsin-y-kirchner\/","url":"https:\/\/infopba247.com.ar\/index.php\/2023\/03\/31\/en-mar-chiquita-wado-de-pedro-y-jorge-paredi-inauguraron-homenajes-para-alfonsin-y-kirchner\/","name":"En Mar Chiquita, Wado de Pedro y Jorge Paredi inauguraron homenajes para Alfons\u00edn y Kirchner - InfoPBA247","isPartOf":{"@id":"https:\/\/infopba247.com.ar\/#website"},"primaryImageOfPage":{"@id":"https:\/\/infopba247.com.ar\/index.php\/2023\/03\/31\/en-mar-chiquita-wado-de-pedro-y-jorge-paredi-inauguraron-homenajes-para-alfonsin-y-kirchner\/#primaryimage"},"image":{"@id":"https:\/\/infopba247.com.ar\/index.php\/2023\/03\/31\/en-mar-chiquita-wado-de-pedro-y-jorge-paredi-inauguraron-homenajes-para-alfonsin-y-kirchner\/#primaryimage"},"thumbnailUrl":"https:\/\/infopba247.com.ar\/wp-content\/uploads\/2023\/03\/mar-chiquita-1536x1024-1.jpg","datePublished":"2023-03-31T12:58:00+00:00","dateModified":"2023-04-03T14:06:47+00:00","breadcrumb":{"@id":"https:\/\/infopba247.com.ar\/index.php\/2023\/03\/31\/en-mar-chiquita-wado-de-pedro-y-jorge-paredi-inauguraron-homenajes-para-alfonsin-y-kirchner\/#breadcrumb"},"inLanguage":"es","potentialAction":[{"@type":"ReadAction","target":["https:\/\/infopba247.com.ar\/index.php\/2023\/03\/31\/en-mar-chiquita-wado-de-pedro-y-jorge-paredi-inauguraron-homenajes-para-alfonsin-y-kirchner\/"]}]},{"@type":"ImageObject","inLanguage":"es","@id":"https:\/\/infopba247.com.ar\/index.php\/2023\/03\/31\/en-mar-chiquita-wado-de-pedro-y-jorge-paredi-inauguraron-homenajes-para-alfonsin-y-kirchner\/#primaryimage","url":"https:\/\/infopba247.com.ar\/wp-content\/uploads\/2023\/03\/mar-chiquita-1536x1024-1.jpg","contentUrl":"https:\/\/infopba247.com.ar\/wp-content\/uploads\/2023\/03\/mar-chiquita-1536x1024-1.jpg","width":1536,"height":1024},{"@type":"BreadcrumbList","@id":"https:\/\/infopba247.com.ar\/index.php\/2023\/03\/31\/en-mar-chiquita-wado-de-pedro-y-jorge-paredi-inauguraron-homenajes-para-alfonsin-y-kirchner\/#breadcrumb","itemListElement":[{"@type":"ListItem","position":1,"name":"Portada","item":"https:\/\/infopba247.com.ar\/"},{"@type":"ListItem","position":2,"name":"En Mar Chiquita, Wado de Pedro y Jorge Paredi inauguraron homenajes para Alfons\u00edn y Kirchner"}]},{"@type":"WebSite","@id":"https:\/\/infopba247.com.ar\/#website","url":"https:\/\/infopba247.com.ar\/","name":"InfoPBA247","description":"Toda la actualidad bonaerense","publisher":{"@id":"https:\/\/infopba247.com.ar\/#organization"},"potentialAction":[{"@type":"SearchAction","target":{"@type":"EntryPoint","urlTemplate":"https:\/\/infopba247.com.ar\/?s={search_term_string}"},"query-input":{"@type":"PropertyValueSpecification","valueRequired":true,"valueName":"search_term_string"}}],"inLanguage":"es"},{"@type":"Organization","@id":"https:\/\/infopba247.com.ar\/#organization","name":"InfoPBA247","url":"https:\/\/infopba247.com.ar\/","logo":{"@type":"ImageObject","inLanguage":"es","@id":"https:\/\/infopba247.com.ar\/#\/schema\/logo\/image\/","url":"https:\/\/infopba247.com.ar\/wp-content\/uploads\/2022\/03\/cropped-InfoPBA247-1.png","contentUrl":"https:\/\/infopba247.com.ar\/wp-content\/uploads\/2022\/03\/cropped-InfoPBA247-1.png","width":500,"height":122,"caption":"InfoPBA247"},"image":{"@id":"https:\/\/infopba247.com.ar\/#\/schema\/logo\/image\/"},"sameAs":["https:\/\/www.facebook.com\/InfoPBA"]},{"@type":"Person","@id":"https:\/\/infopba247.com.ar\/#\/schema\/person\/4975f1343a413e57bf839b3eed0099f2","name":"Editor","image":{"@type":"ImageObject","inLanguage":"es","@id":"https:\/\/secure.gravatar.com\/avatar\/d27fe9520667ca53441d36627a1d6b0fa4a813571ec4803687a7a3a7744685ac?s=96&d=mm&r=g","url":"https:\/\/secure.gravatar.com\/avatar\/d27fe9520667ca53441d36627a1d6b0fa4a813571ec4803687a7a3a7744685ac?s=96&d=mm&r=g","contentUrl":"https:\/\/secure.gravatar.com\/avatar\/d27fe9520667ca53441d36627a1d6b0fa4a813571ec4803687a7a3a7744685ac?s=96&d=mm&r=g","caption":"Editor"},"url":"https:\/\/infopba247.com.ar\/index.php\/author\/editor\/"}]}},"_links":{"self":[{"href":"https:\/\/infopba247.com.ar\/index.php\/wp-json\/wp\/v2\/posts\/1377","targetHints":{"allow":["GET"]}}],"collection":[{"href":"https:\/\/infopba247.com.ar\/index.php\/wp-json\/wp\/v2\/posts"}],"about":[{"href":"https:\/\/infopba247.com.ar\/index.php\/wp-json\/wp\/v2\/types\/post"}],"author":[{"embeddable":true,"href":"https:\/\/infopba247.com.ar\/index.php\/wp-json\/wp\/v2\/users\/3"}],"replies":[{"embeddable":true,"href":"https:\/\/infopba247.com.ar\/index.php\/wp-json\/wp\/v2\/comments?post=1377"}],"version-history":[{"count":1,"href":"https:\/\/infopba247.com.ar\/index.php\/wp-json\/wp\/v2\/posts\/1377\/revisions"}],"predecessor-version":[{"id":1378,"href":"https:\/\/infopba247.com.ar\/index.php\/wp-json\/wp\/v2\/posts\/1377\/revisions\/1378"}],"wp:featuredmedia":[{"embeddable":true,"href":"https:\/\/infopba247.com.ar\/index.php\/wp-json\/wp\/v2\/media\/1379"}],"wp:attachment":[{"href":"https:\/\/infopba247.com.ar\/index.php\/wp-json\/wp\/v2\/media?parent=1377"}],"wp:term":[{"taxonomy":"category","embeddable":true,"href":"https:\/\/infopba247.com.ar\/index.php\/wp-json\/wp\/v2\/categories?post=1377"},{"taxonomy":"post_tag","embeddable":true,"href":"https:\/\/infopba247.com.ar\/index.php\/wp-json\/wp\/v2\/tags?post=1377"}],"curies":[{"name":"wp","href":"https:\/\/api.w.org\/{rel}","templated":true}]}}