{"id":1364,"date":"2023-03-31T10:35:00","date_gmt":"2023-03-31T13:35:00","guid":{"rendered":"https:\/\/infopba247.com.ar\/?p=1364"},"modified":"2023-04-03T10:36:33","modified_gmt":"2023-04-03T13:36:33","slug":"el-batman-solidario-de-la-plata-se-despidio-con-una-emotiva-carta-en-redes","status":"publish","type":"post","link":"https:\/\/infopba247.com.ar\/index.php\/2023\/03\/31\/el-batman-solidario-de-la-plata-se-despidio-con-una-emotiva-carta-en-redes\/","title":{"rendered":"el \u201cBatman Solidario\u201d de La Plata se despidi\u00f3 con una emotiva carta en redes"},"content":{"rendered":"\n<p>Tras 10 a\u00f1os de trabajar por su ciudad, el \u201cBatman solidario\u201d de La Plata finalmente colg\u00f3 su traje. Para despedirse, el hombre decidi\u00f3 sacarse su m\u00e1scara, revelar su identidad y brindarle a los vecinos platenses un sucesor suyo.<\/p>\n\n\n\n<p>Durante todo ese tiempo, este h\u00e9roe local realiz\u00f3 un centenar de obras en el Hospital de Ni\u00f1os y en el Alejandro Korn de Melchor Romero. Pero ahora el autor de estas iniciativas tiene nombre y apellido: se trata de Maximiliano Altavista, un docente de 52 a\u00f1os.<\/p>\n\n\n\n<p>El ex Batman vive en el Barrio Aeropuerto, est\u00e1 casado y tiene trillizos adolescentes. \u201cAhora que ya entregu\u00e9 el traje a mi sucesor, me quise mostrar a cara limpia en agradecimiento al cari\u00f1o y respeto que me tuvieron quienes participaron de las obras este tiempo\u201d, asegur\u00f3&nbsp; durante las \u00faltimas horas.<\/p>\n\n\n\n<p>Desde 2013 que ven\u00eda honrando a su ciudad g\u00f3tica. En abril de ese a\u00f1o, comenz\u00f3 su participaci\u00f3n visitando a los pacientes internados en el Hospital de Ni\u00f1os \u201cSor Mar\u00eda Ludovica\u201d, a quienes les regal\u00f3 l\u00e1pices y cuadernos para que pudieran entretenerse durante su estad\u00eda all\u00ed.<\/p>\n\n\n\n<p>Ahora, a partir del pr\u00f3ximo 2 de abril (cuando se cumpla una d\u00e9cada de su primera misi\u00f3n), su lugar ser\u00e1 tomado por otro Bruno D\u00edaz an\u00f3nimo, que se calzar\u00e1 la m\u00e1scara. Seg\u00fan dice, a partir de ahora Altavista ser\u00e1 \u201cun Robin m\u00e1s\u201d.<\/p>\n\n\n\n<p>Batman Solidario de La Plata<\/p>\n\n\n\n<p>La carta emotiva del Batman Solidario de La Plata<\/p>\n\n\n\n<p>\u201cQuerido amigo, me atrevo a llamarte as\u00ed, ya que creo que despu\u00e9s de estos 10 a\u00f1os de permitirme ser vos, dejaste de ser ese personaje de fantas\u00eda admirado, para pasar a ser un verdadero amigo. Guard\u00e9 mi \u00faltimo agradecimiento para vos antes de dejar tu traje, que tan gentil y desinteresadamente me prestaste. Sabes que no te eleg\u00ed por casualidad, sino por sentirme verdaderamente identificado con tu esencia, la cual debo confesarte fue de grande, ya que de chico mi superh\u00e9roe favorito era el Hombre Ara\u00f1a.<\/p>\n\n\n\n<p>El ver tu pel\u00edcula \u201cBatman Inicia\u201d, me hizo entender muchas cosas y a conocerte m\u00e1s en profundidad, como por ejemplo que no ten\u00edas un poder especial, sino que lo que ten\u00edas para defenderte y luchar contra el mal era solo lo que pod\u00edas lograr con sacrificio, conducta y entrenamiento, que estabas convencido que sin justicia nada puede funcionar bien, vi como aunque teniendo la admiraci\u00f3n de muchos, fuiste capaz de detenerte ante la inocencia de un ni\u00f1o golpeado por la vida para regalarle tu insignia, mostraste que por m\u00e1s poderoso que se pueda ser, todos tenemos limitaciones y decisiones para arrepentirse, que la posibilidad que ten\u00edas de disfrutar de todo lo que la riqueza da, val\u00eda la pena dejarlo de lado si se trataba de juntarte con lo poco que quedaba no corrupto en G\u00f3tica para intentar revertir toda la miseria humana que se viv\u00eda all\u00ed \u2026 sinceramente luego que termin\u00f3 la pel\u00edcula, con los ojos llenos de l\u00e1grimas desee que vinieras a este bendito pa\u00eds a hacer lo mismo, porque las similitudes eran tristemente muchas. Fue all\u00ed cuando decid\u00ed ser Batman aqu\u00ed, obviamente no para luchar contra la delincuencia, pero s\u00ed para estar al lado del m\u00e1s d\u00e9bil y abatido en momentos dif\u00edciles. Siendo padre supe de inmediato que el lugar indicado era junto a las familias internadas en el Htal de Ni\u00f1os.<\/p>\n\n\n\n<p>A partir de ese 2 de Abril de 2013, sent\u00ed que Dios no podr\u00eda haberme elegido mejor manera de canalizar mi lado solidario que no sea mediante tu personificaci\u00f3n. A lo largo del camino fui entendiendo todo\u2026 que el poder especial que ten\u00eda este Batman era el de transformar esos momentos duros y desesperantes en el htal, por momentos de alegr\u00eda y emoci\u00f3n; que no pod\u00eda caerme ante cada camita vac\u00eda por partida de \u00e1ngeles; que mucha gente de bien necesitaba confiar y me hab\u00eda elegido para depositarla; que la misi\u00f3n no era solo las visitas al htal sino obras tambi\u00e9n, que \u00e9ste era el alimento m\u00e1s nutritivo para mi ni\u00f1o interior, pero tambi\u00e9n para crecer y ser mejor persona para el adulto que soy.<\/p>\n\n\n\n<p>Se est\u00e1n por cumplir los 10 a\u00f1os en los cuales me compromet\u00ed a vestir tu traje, esto me permiti\u00f3 vivir momentos que jam\u00e1s olvidar\u00e9, conocer personas maravillosas, clarificar lo verdaderamente importante en la vida y por sobre todo no haber pasado por ella sin dejar nada o al menos intentar mejorar algo haciendo el bien. Pero lo cierto es que por supuesto lo volver\u00eda a hacer sin dudarlo siquiera, pero conlleva un desgaste mental, psicol\u00f3gico, emocional y f\u00edsico que requiere de un reemplazo para que todo siga funcionando en su plenitud. Hasta eso sali\u00f3 como desee, lo que generamos en la ciudad era muy grande para que se termine en una persona, por ello quer\u00eda encontrar un sucesor y ser\u00e1 a quien se lo propuse, lo que me da la tranquilidad de tener la certeza que todo seguir\u00e1 funcionando de la misma manera.<\/p>\n\n\n\n<p>Querido amigo, acabo de ponerme tu traje por \u00faltima vez y realizar tambi\u00e9n mi \u00faltima visita al htal, es hora de devolv\u00e9rtelo con la satisfacci\u00f3n de hacerlo de la manera en que me compromet\u00ed el d\u00eda que asum\u00ed vestirlo\u2026 Impoluto por manejarme siempre de una manera transparente y honesta con cada peso que se me confi\u00f3. Pulcro por no haber permitido nunca que se lo ligue a ning\u00fan fanatismo ya sea equipo de f\u00fatbol, partido pol\u00edtico, etc. Intachable por no haber cedido a beneficios personales en nombre del personaje. Solidario por haberme detenido ante cada ni\u00f1o, adulto o periodista que solicit\u00f3 algo que estaba a mi alcance.<\/p>\n\n\n\n<p>Digno por no permanecer en lugares en donde no se valor\u00f3 el esfuerzo que esto demanda. Obstinado por tratar siempre de ser ejemplo antes de exigir, pedir o sugerir algo. Coherente por pensar, decir y hacer en el mismo sentido. Por supuesto que manejarse de esta manera durante 10 a\u00f1os, ocasiona tener que vivir momentos no tan agradables, como por ejemplo tener que reemplazar personas, enfrentarse con firmeza para defender la postura que se cree correcta, denunciar lo que no se hace bien en vez de no involucrarse, soportando por ello hasta una amenaza que desestim\u00e9 y nunca hice p\u00fablica, tener hoy en d\u00eda un dedo de la mano que no tiene la totalidad de su movilidad producto de un accidente sufrido en un trabajo en el Htal, en fin\u2026 solo quiero mencionar esto para que se entienda que obviamente vali\u00f3 la pena haberse manejado as\u00ed y no lo podr\u00eda haber hecho de otra forma, pero que eso tuvo su precio.<\/p>\n\n\n\n<p>Mi \u00faltimo gracias va dirigido a vos mi querido Batman, ha sido para mi un honor y un placer haber vestido tu traje.<\/p>\n\n\n\n<p>Un batiabrazo afectuoso.<\/p>\n\n\n\n<p>Batman Solidario\u201d<\/p>\n","protected":false},"excerpt":{"rendered":"<p>Tras 10 a\u00f1os de trabajar por su ciudad, el \u201cBatman solidario\u201d de La Plata finalmente colg\u00f3 su traje. Para despedirse,<\/p>\n","protected":false},"author":3,"featured_media":1365,"comment_status":"closed","ping_status":"closed","sticky":false,"template":"","format":"standard","meta":{"colormag_page_container_layout":"default_layout","colormag_page_sidebar_layout":"default_layout","footnotes":""},"categories":[12,1,14],"tags":[32],"class_list":["post-1364","post","type-post","status-publish","format-standard","has-post-thumbnail","hentry","category-8va-seccion","category-destacadas","category-politica","tag-municipalidad-de-la-plata"],"yoast_head":"<!-- This site is optimized with the Yoast SEO plugin v27.4 - https:\/\/yoast.com\/product\/yoast-seo-wordpress\/ -->\n<title>el \u201cBatman Solidario\u201d de La Plata se despidi\u00f3 con una emotiva carta en redes - InfoPBA247<\/title>\n<meta name=\"robots\" content=\"index, follow, max-snippet:-1, max-image-preview:large, max-video-preview:-1\" \/>\n<link rel=\"canonical\" href=\"https:\/\/infopba247.com.ar\/index.php\/2023\/03\/31\/el-batman-solidario-de-la-plata-se-despidio-con-una-emotiva-carta-en-redes\/\" \/>\n<meta property=\"og:locale\" content=\"es_ES\" \/>\n<meta property=\"og:type\" content=\"article\" \/>\n<meta property=\"og:title\" content=\"el \u201cBatman Solidario\u201d de La Plata se despidi\u00f3 con una emotiva carta en redes - InfoPBA247\" \/>\n<meta property=\"og:description\" content=\"Tras 10 a\u00f1os de trabajar por su ciudad, el \u201cBatman solidario\u201d de La Plata finalmente colg\u00f3 su traje. Para despedirse,\" \/>\n<meta property=\"og:url\" content=\"https:\/\/infopba247.com.ar\/index.php\/2023\/03\/31\/el-batman-solidario-de-la-plata-se-despidio-con-una-emotiva-carta-en-redes\/\" \/>\n<meta property=\"og:site_name\" content=\"InfoPBA247\" \/>\n<meta property=\"article:publisher\" content=\"https:\/\/www.facebook.com\/InfoPBA\" \/>\n<meta property=\"article:published_time\" content=\"2023-03-31T13:35:00+00:00\" \/>\n<meta property=\"article:modified_time\" content=\"2023-04-03T13:36:33+00:00\" \/>\n<meta property=\"og:image\" content=\"https:\/\/infopba247.com.ar\/wp-content\/uploads\/2023\/04\/batman21.jpg\" \/>\n\t<meta property=\"og:image:width\" content=\"1200\" \/>\n\t<meta property=\"og:image:height\" content=\"800\" \/>\n\t<meta property=\"og:image:type\" content=\"image\/jpeg\" \/>\n<meta name=\"author\" content=\"Editor\" \/>\n<meta name=\"twitter:card\" content=\"summary_large_image\" \/>\n<meta name=\"twitter:label1\" content=\"Escrito por\" \/>\n\t<meta name=\"twitter:data1\" content=\"Editor\" \/>\n\t<meta name=\"twitter:label2\" content=\"Tiempo de lectura\" \/>\n\t<meta name=\"twitter:data2\" content=\"6 minutos\" \/>\n<script type=\"application\/ld+json\" class=\"yoast-schema-graph\">{\"@context\":\"https:\\\/\\\/schema.org\",\"@graph\":[{\"@type\":\"Article\",\"@id\":\"https:\\\/\\\/infopba247.com.ar\\\/index.php\\\/2023\\\/03\\\/31\\\/el-batman-solidario-de-la-plata-se-despidio-con-una-emotiva-carta-en-redes\\\/#article\",\"isPartOf\":{\"@id\":\"https:\\\/\\\/infopba247.com.ar\\\/index.php\\\/2023\\\/03\\\/31\\\/el-batman-solidario-de-la-plata-se-despidio-con-una-emotiva-carta-en-redes\\\/\"},\"author\":{\"name\":\"Editor\",\"@id\":\"https:\\\/\\\/infopba247.com.ar\\\/#\\\/schema\\\/person\\\/4975f1343a413e57bf839b3eed0099f2\"},\"headline\":\"el \u201cBatman Solidario\u201d de La Plata se despidi\u00f3 con una emotiva carta en redes\",\"datePublished\":\"2023-03-31T13:35:00+00:00\",\"dateModified\":\"2023-04-03T13:36:33+00:00\",\"mainEntityOfPage\":{\"@id\":\"https:\\\/\\\/infopba247.com.ar\\\/index.php\\\/2023\\\/03\\\/31\\\/el-batman-solidario-de-la-plata-se-despidio-con-una-emotiva-carta-en-redes\\\/\"},\"wordCount\":1192,\"publisher\":{\"@id\":\"https:\\\/\\\/infopba247.com.ar\\\/#organization\"},\"image\":{\"@id\":\"https:\\\/\\\/infopba247.com.ar\\\/index.php\\\/2023\\\/03\\\/31\\\/el-batman-solidario-de-la-plata-se-despidio-con-una-emotiva-carta-en-redes\\\/#primaryimage\"},\"thumbnailUrl\":\"https:\\\/\\\/infopba247.com.ar\\\/wp-content\\\/uploads\\\/2023\\\/04\\\/batman21.jpg\",\"keywords\":[\"Municipalidad de La Plata\"],\"articleSection\":[\"8va Secci\u00f3n\",\"Destacadas\",\"Pol\u00edtica\"],\"inLanguage\":\"es\"},{\"@type\":\"WebPage\",\"@id\":\"https:\\\/\\\/infopba247.com.ar\\\/index.php\\\/2023\\\/03\\\/31\\\/el-batman-solidario-de-la-plata-se-despidio-con-una-emotiva-carta-en-redes\\\/\",\"url\":\"https:\\\/\\\/infopba247.com.ar\\\/index.php\\\/2023\\\/03\\\/31\\\/el-batman-solidario-de-la-plata-se-despidio-con-una-emotiva-carta-en-redes\\\/\",\"name\":\"el \u201cBatman Solidario\u201d de La Plata se despidi\u00f3 con una emotiva carta en redes - InfoPBA247\",\"isPartOf\":{\"@id\":\"https:\\\/\\\/infopba247.com.ar\\\/#website\"},\"primaryImageOfPage\":{\"@id\":\"https:\\\/\\\/infopba247.com.ar\\\/index.php\\\/2023\\\/03\\\/31\\\/el-batman-solidario-de-la-plata-se-despidio-con-una-emotiva-carta-en-redes\\\/#primaryimage\"},\"image\":{\"@id\":\"https:\\\/\\\/infopba247.com.ar\\\/index.php\\\/2023\\\/03\\\/31\\\/el-batman-solidario-de-la-plata-se-despidio-con-una-emotiva-carta-en-redes\\\/#primaryimage\"},\"thumbnailUrl\":\"https:\\\/\\\/infopba247.com.ar\\\/wp-content\\\/uploads\\\/2023\\\/04\\\/batman21.jpg\",\"datePublished\":\"2023-03-31T13:35:00+00:00\",\"dateModified\":\"2023-04-03T13:36:33+00:00\",\"breadcrumb\":{\"@id\":\"https:\\\/\\\/infopba247.com.ar\\\/index.php\\\/2023\\\/03\\\/31\\\/el-batman-solidario-de-la-plata-se-despidio-con-una-emotiva-carta-en-redes\\\/#breadcrumb\"},\"inLanguage\":\"es\",\"potentialAction\":[{\"@type\":\"ReadAction\",\"target\":[\"https:\\\/\\\/infopba247.com.ar\\\/index.php\\\/2023\\\/03\\\/31\\\/el-batman-solidario-de-la-plata-se-despidio-con-una-emotiva-carta-en-redes\\\/\"]}]},{\"@type\":\"ImageObject\",\"inLanguage\":\"es\",\"@id\":\"https:\\\/\\\/infopba247.com.ar\\\/index.php\\\/2023\\\/03\\\/31\\\/el-batman-solidario-de-la-plata-se-despidio-con-una-emotiva-carta-en-redes\\\/#primaryimage\",\"url\":\"https:\\\/\\\/infopba247.com.ar\\\/wp-content\\\/uploads\\\/2023\\\/04\\\/batman21.jpg\",\"contentUrl\":\"https:\\\/\\\/infopba247.com.ar\\\/wp-content\\\/uploads\\\/2023\\\/04\\\/batman21.jpg\",\"width\":1200,\"height\":800},{\"@type\":\"BreadcrumbList\",\"@id\":\"https:\\\/\\\/infopba247.com.ar\\\/index.php\\\/2023\\\/03\\\/31\\\/el-batman-solidario-de-la-plata-se-despidio-con-una-emotiva-carta-en-redes\\\/#breadcrumb\",\"itemListElement\":[{\"@type\":\"ListItem\",\"position\":1,\"name\":\"Portada\",\"item\":\"https:\\\/\\\/infopba247.com.ar\\\/\"},{\"@type\":\"ListItem\",\"position\":2,\"name\":\"el \u201cBatman Solidario\u201d de La Plata se despidi\u00f3 con una emotiva carta en redes\"}]},{\"@type\":\"WebSite\",\"@id\":\"https:\\\/\\\/infopba247.com.ar\\\/#website\",\"url\":\"https:\\\/\\\/infopba247.com.ar\\\/\",\"name\":\"InfoPBA247\",\"description\":\"Toda la actualidad bonaerense\",\"publisher\":{\"@id\":\"https:\\\/\\\/infopba247.com.ar\\\/#organization\"},\"potentialAction\":[{\"@type\":\"SearchAction\",\"target\":{\"@type\":\"EntryPoint\",\"urlTemplate\":\"https:\\\/\\\/infopba247.com.ar\\\/?s={search_term_string}\"},\"query-input\":{\"@type\":\"PropertyValueSpecification\",\"valueRequired\":true,\"valueName\":\"search_term_string\"}}],\"inLanguage\":\"es\"},{\"@type\":\"Organization\",\"@id\":\"https:\\\/\\\/infopba247.com.ar\\\/#organization\",\"name\":\"InfoPBA247\",\"url\":\"https:\\\/\\\/infopba247.com.ar\\\/\",\"logo\":{\"@type\":\"ImageObject\",\"inLanguage\":\"es\",\"@id\":\"https:\\\/\\\/infopba247.com.ar\\\/#\\\/schema\\\/logo\\\/image\\\/\",\"url\":\"https:\\\/\\\/infopba247.com.ar\\\/wp-content\\\/uploads\\\/2022\\\/03\\\/cropped-InfoPBA247-1.png\",\"contentUrl\":\"https:\\\/\\\/infopba247.com.ar\\\/wp-content\\\/uploads\\\/2022\\\/03\\\/cropped-InfoPBA247-1.png\",\"width\":500,\"height\":122,\"caption\":\"InfoPBA247\"},\"image\":{\"@id\":\"https:\\\/\\\/infopba247.com.ar\\\/#\\\/schema\\\/logo\\\/image\\\/\"},\"sameAs\":[\"https:\\\/\\\/www.facebook.com\\\/InfoPBA\"]},{\"@type\":\"Person\",\"@id\":\"https:\\\/\\\/infopba247.com.ar\\\/#\\\/schema\\\/person\\\/4975f1343a413e57bf839b3eed0099f2\",\"name\":\"Editor\",\"image\":{\"@type\":\"ImageObject\",\"inLanguage\":\"es\",\"@id\":\"https:\\\/\\\/secure.gravatar.com\\\/avatar\\\/d27fe9520667ca53441d36627a1d6b0fa4a813571ec4803687a7a3a7744685ac?s=96&d=mm&r=g\",\"url\":\"https:\\\/\\\/secure.gravatar.com\\\/avatar\\\/d27fe9520667ca53441d36627a1d6b0fa4a813571ec4803687a7a3a7744685ac?s=96&d=mm&r=g\",\"contentUrl\":\"https:\\\/\\\/secure.gravatar.com\\\/avatar\\\/d27fe9520667ca53441d36627a1d6b0fa4a813571ec4803687a7a3a7744685ac?s=96&d=mm&r=g\",\"caption\":\"Editor\"},\"url\":\"https:\\\/\\\/infopba247.com.ar\\\/index.php\\\/author\\\/editor\\\/\"}]}<\/script>\n<!-- \/ Yoast SEO plugin. -->","yoast_head_json":{"title":"el \u201cBatman Solidario\u201d de La Plata se despidi\u00f3 con una emotiva carta en redes - InfoPBA247","robots":{"index":"index","follow":"follow","max-snippet":"max-snippet:-1","max-image-preview":"max-image-preview:large","max-video-preview":"max-video-preview:-1"},"canonical":"https:\/\/infopba247.com.ar\/index.php\/2023\/03\/31\/el-batman-solidario-de-la-plata-se-despidio-con-una-emotiva-carta-en-redes\/","og_locale":"es_ES","og_type":"article","og_title":"el \u201cBatman Solidario\u201d de La Plata se despidi\u00f3 con una emotiva carta en redes - InfoPBA247","og_description":"Tras 10 a\u00f1os de trabajar por su ciudad, el \u201cBatman solidario\u201d de La Plata finalmente colg\u00f3 su traje. Para despedirse,","og_url":"https:\/\/infopba247.com.ar\/index.php\/2023\/03\/31\/el-batman-solidario-de-la-plata-se-despidio-con-una-emotiva-carta-en-redes\/","og_site_name":"InfoPBA247","article_publisher":"https:\/\/www.facebook.com\/InfoPBA","article_published_time":"2023-03-31T13:35:00+00:00","article_modified_time":"2023-04-03T13:36:33+00:00","og_image":[{"width":1200,"height":800,"url":"https:\/\/infopba247.com.ar\/wp-content\/uploads\/2023\/04\/batman21.jpg","type":"image\/jpeg"}],"author":"Editor","twitter_card":"summary_large_image","twitter_misc":{"Escrito por":"Editor","Tiempo de lectura":"6 minutos"},"schema":{"@context":"https:\/\/schema.org","@graph":[{"@type":"Article","@id":"https:\/\/infopba247.com.ar\/index.php\/2023\/03\/31\/el-batman-solidario-de-la-plata-se-despidio-con-una-emotiva-carta-en-redes\/#article","isPartOf":{"@id":"https:\/\/infopba247.com.ar\/index.php\/2023\/03\/31\/el-batman-solidario-de-la-plata-se-despidio-con-una-emotiva-carta-en-redes\/"},"author":{"name":"Editor","@id":"https:\/\/infopba247.com.ar\/#\/schema\/person\/4975f1343a413e57bf839b3eed0099f2"},"headline":"el \u201cBatman Solidario\u201d de La Plata se despidi\u00f3 con una emotiva carta en redes","datePublished":"2023-03-31T13:35:00+00:00","dateModified":"2023-04-03T13:36:33+00:00","mainEntityOfPage":{"@id":"https:\/\/infopba247.com.ar\/index.php\/2023\/03\/31\/el-batman-solidario-de-la-plata-se-despidio-con-una-emotiva-carta-en-redes\/"},"wordCount":1192,"publisher":{"@id":"https:\/\/infopba247.com.ar\/#organization"},"image":{"@id":"https:\/\/infopba247.com.ar\/index.php\/2023\/03\/31\/el-batman-solidario-de-la-plata-se-despidio-con-una-emotiva-carta-en-redes\/#primaryimage"},"thumbnailUrl":"https:\/\/infopba247.com.ar\/wp-content\/uploads\/2023\/04\/batman21.jpg","keywords":["Municipalidad de La Plata"],"articleSection":["8va Secci\u00f3n","Destacadas","Pol\u00edtica"],"inLanguage":"es"},{"@type":"WebPage","@id":"https:\/\/infopba247.com.ar\/index.php\/2023\/03\/31\/el-batman-solidario-de-la-plata-se-despidio-con-una-emotiva-carta-en-redes\/","url":"https:\/\/infopba247.com.ar\/index.php\/2023\/03\/31\/el-batman-solidario-de-la-plata-se-despidio-con-una-emotiva-carta-en-redes\/","name":"el \u201cBatman Solidario\u201d de La Plata se despidi\u00f3 con una emotiva carta en redes - InfoPBA247","isPartOf":{"@id":"https:\/\/infopba247.com.ar\/#website"},"primaryImageOfPage":{"@id":"https:\/\/infopba247.com.ar\/index.php\/2023\/03\/31\/el-batman-solidario-de-la-plata-se-despidio-con-una-emotiva-carta-en-redes\/#primaryimage"},"image":{"@id":"https:\/\/infopba247.com.ar\/index.php\/2023\/03\/31\/el-batman-solidario-de-la-plata-se-despidio-con-una-emotiva-carta-en-redes\/#primaryimage"},"thumbnailUrl":"https:\/\/infopba247.com.ar\/wp-content\/uploads\/2023\/04\/batman21.jpg","datePublished":"2023-03-31T13:35:00+00:00","dateModified":"2023-04-03T13:36:33+00:00","breadcrumb":{"@id":"https:\/\/infopba247.com.ar\/index.php\/2023\/03\/31\/el-batman-solidario-de-la-plata-se-despidio-con-una-emotiva-carta-en-redes\/#breadcrumb"},"inLanguage":"es","potentialAction":[{"@type":"ReadAction","target":["https:\/\/infopba247.com.ar\/index.php\/2023\/03\/31\/el-batman-solidario-de-la-plata-se-despidio-con-una-emotiva-carta-en-redes\/"]}]},{"@type":"ImageObject","inLanguage":"es","@id":"https:\/\/infopba247.com.ar\/index.php\/2023\/03\/31\/el-batman-solidario-de-la-plata-se-despidio-con-una-emotiva-carta-en-redes\/#primaryimage","url":"https:\/\/infopba247.com.ar\/wp-content\/uploads\/2023\/04\/batman21.jpg","contentUrl":"https:\/\/infopba247.com.ar\/wp-content\/uploads\/2023\/04\/batman21.jpg","width":1200,"height":800},{"@type":"BreadcrumbList","@id":"https:\/\/infopba247.com.ar\/index.php\/2023\/03\/31\/el-batman-solidario-de-la-plata-se-despidio-con-una-emotiva-carta-en-redes\/#breadcrumb","itemListElement":[{"@type":"ListItem","position":1,"name":"Portada","item":"https:\/\/infopba247.com.ar\/"},{"@type":"ListItem","position":2,"name":"el \u201cBatman Solidario\u201d de La Plata se despidi\u00f3 con una emotiva carta en redes"}]},{"@type":"WebSite","@id":"https:\/\/infopba247.com.ar\/#website","url":"https:\/\/infopba247.com.ar\/","name":"InfoPBA247","description":"Toda la actualidad bonaerense","publisher":{"@id":"https:\/\/infopba247.com.ar\/#organization"},"potentialAction":[{"@type":"SearchAction","target":{"@type":"EntryPoint","urlTemplate":"https:\/\/infopba247.com.ar\/?s={search_term_string}"},"query-input":{"@type":"PropertyValueSpecification","valueRequired":true,"valueName":"search_term_string"}}],"inLanguage":"es"},{"@type":"Organization","@id":"https:\/\/infopba247.com.ar\/#organization","name":"InfoPBA247","url":"https:\/\/infopba247.com.ar\/","logo":{"@type":"ImageObject","inLanguage":"es","@id":"https:\/\/infopba247.com.ar\/#\/schema\/logo\/image\/","url":"https:\/\/infopba247.com.ar\/wp-content\/uploads\/2022\/03\/cropped-InfoPBA247-1.png","contentUrl":"https:\/\/infopba247.com.ar\/wp-content\/uploads\/2022\/03\/cropped-InfoPBA247-1.png","width":500,"height":122,"caption":"InfoPBA247"},"image":{"@id":"https:\/\/infopba247.com.ar\/#\/schema\/logo\/image\/"},"sameAs":["https:\/\/www.facebook.com\/InfoPBA"]},{"@type":"Person","@id":"https:\/\/infopba247.com.ar\/#\/schema\/person\/4975f1343a413e57bf839b3eed0099f2","name":"Editor","image":{"@type":"ImageObject","inLanguage":"es","@id":"https:\/\/secure.gravatar.com\/avatar\/d27fe9520667ca53441d36627a1d6b0fa4a813571ec4803687a7a3a7744685ac?s=96&d=mm&r=g","url":"https:\/\/secure.gravatar.com\/avatar\/d27fe9520667ca53441d36627a1d6b0fa4a813571ec4803687a7a3a7744685ac?s=96&d=mm&r=g","contentUrl":"https:\/\/secure.gravatar.com\/avatar\/d27fe9520667ca53441d36627a1d6b0fa4a813571ec4803687a7a3a7744685ac?s=96&d=mm&r=g","caption":"Editor"},"url":"https:\/\/infopba247.com.ar\/index.php\/author\/editor\/"}]}},"_links":{"self":[{"href":"https:\/\/infopba247.com.ar\/index.php\/wp-json\/wp\/v2\/posts\/1364","targetHints":{"allow":["GET"]}}],"collection":[{"href":"https:\/\/infopba247.com.ar\/index.php\/wp-json\/wp\/v2\/posts"}],"about":[{"href":"https:\/\/infopba247.com.ar\/index.php\/wp-json\/wp\/v2\/types\/post"}],"author":[{"embeddable":true,"href":"https:\/\/infopba247.com.ar\/index.php\/wp-json\/wp\/v2\/users\/3"}],"replies":[{"embeddable":true,"href":"https:\/\/infopba247.com.ar\/index.php\/wp-json\/wp\/v2\/comments?post=1364"}],"version-history":[{"count":1,"href":"https:\/\/infopba247.com.ar\/index.php\/wp-json\/wp\/v2\/posts\/1364\/revisions"}],"predecessor-version":[{"id":1366,"href":"https:\/\/infopba247.com.ar\/index.php\/wp-json\/wp\/v2\/posts\/1364\/revisions\/1366"}],"wp:featuredmedia":[{"embeddable":true,"href":"https:\/\/infopba247.com.ar\/index.php\/wp-json\/wp\/v2\/media\/1365"}],"wp:attachment":[{"href":"https:\/\/infopba247.com.ar\/index.php\/wp-json\/wp\/v2\/media?parent=1364"}],"wp:term":[{"taxonomy":"category","embeddable":true,"href":"https:\/\/infopba247.com.ar\/index.php\/wp-json\/wp\/v2\/categories?post=1364"},{"taxonomy":"post_tag","embeddable":true,"href":"https:\/\/infopba247.com.ar\/index.php\/wp-json\/wp\/v2\/tags?post=1364"}],"curies":[{"name":"wp","href":"https:\/\/api.w.org\/{rel}","templated":true}]}}