{"id":1343,"date":"2023-03-16T11:44:00","date_gmt":"2023-03-16T14:44:00","guid":{"rendered":"https:\/\/infopba247.com.ar\/?p=1343"},"modified":"2023-03-30T11:46:30","modified_gmt":"2023-03-30T14:46:30","slug":"monte-hermoso-es-definitivamente-propietario-del-centro-cultural","status":"publish","type":"post","link":"https:\/\/infopba247.com.ar\/index.php\/2023\/03\/16\/monte-hermoso-es-definitivamente-propietario-del-centro-cultural\/","title":{"rendered":"Monte Hermoso es definitivamente propietario del Centro Cultural"},"content":{"rendered":"\n<p>El intendente Marcos Fern\u00e1ndez firm\u00f3 la finalizaci\u00f3n del cr\u00e9dito, a trav\u00e9s de Provincia Leasing, para la adquisici\u00f3n del Centro Cultural Monte Hermoso, complejo de 1281 metros cuadrados que permiti\u00f3 dar un salto de calidad tur\u00edstica a nuestra ciudad e imponerse como plaza teatral.<\/p>\n\n\n\n<p>En diciembre de 2008, el ex intendente y actual diputado provincial, Alejandro Dichiara recib\u00eda de manos de Marcelo Dagna, propietario del lugar, la llave simb\u00f3lica y manifestaba que el rescate de este complejo cultural; respond\u00eda a la necesidad de tener \u201cun espacio para que las instituciones y agrupaciones montehermose\u00f1as puedan practicar o mostrar su arte e identidad y tambi\u00e9n para explotar el turismo cultural todo el a\u00f1o\u201d.<\/p>\n\n\n\n<p>En aquella ocasi\u00f3n, la inauguraci\u00f3n fue protagonizada por el productor y presidente de la Asociaci\u00f3n Argentina de Empresarios Teatrales y Musicales, Carlos Rottemberg, quien resalt\u00f3 \u201cla decisi\u00f3n pol\u00edtica de este gobierno por rescatar el complejo cinematogr\u00e1fico y, por ende, la cultura y la comuni\u00f3n que esto provoca en la gente\u201d.<\/p>\n\n\n\n<p>En septiembre de 2011, Dichiarafirm\u00f3 el contrato de locaci\u00f3n con opci\u00f3n de compra bajo la modalidad de contrato de Leasing,con Provincia Leasing S.A., y tras los 121 meses<\/p>\n\n\n\n<p>acordados, el pasado 14 de marzo el actual Jefe Comunal firm\u00f3 la finalizaci\u00f3n del cr\u00e9dito y posesi\u00f3n definitiva de este inmueble ubicado en Av. N\u00e9lida Fossatty 33, ante la presidenta de la entidad Valeria Dallera y el presidente del Banco Provincia, Juan Cuattromo.<\/p>\n\n\n\n<p>\u201cEste espacio surgi\u00f3 con el objetivo de instalar a Monte Hermoso entre los centros tur\u00edsticos nacionales por lo que a los recursos naturales se le fueron sumando diferentes alternativas a lo largo de los a\u00f1os, con la convicci\u00f3n de que el turismo es el motor de la econom\u00eda local y que hacia su desarrollo deben apuntar los esfuerzos\u201d manifest\u00f3 Marcos Fern\u00e1ndez.<\/p>\n\n\n\n<p>\u201cY para concretarlo, no s\u00f3lo se sumaron servicios y se mejor\u00f3 la infraestructura tur\u00edstica, sino tambi\u00e9n se redobl\u00f3 la apuesta en cuanto a alternativas que generen afluencia todo el a\u00f1o como el teatro, donde de la mano del productor Daniel Volpe(recientemente fallecido) se presentaron cientos de obras y otros espect\u00e1culos; adem\u00e1s de ser un espacio para actos, jornadas, ensayo y actuaci\u00f3n de las instituciones, entre tantas otras funcionalidades\u201d.<\/p>\n\n\n\n<p>El Intendente subray\u00f3 adem\u00e1s el rol de Provincia Leasing para los municipios, \u201ca trav\u00e9s del cual se financia tambi\u00e9n maquinaria sumamente necesaria para brindar mejores servicios p\u00fablicos en nuestras comunidades\u201d.<\/p>\n\n\n\n<p>\u201cSabemos que esta herramienta es fundamental para los gobiernos locales y por eso seguimos trabajando con todos los municipios de la provincia, sin distinci\u00f3n del signo pol\u00edtico, tal como nos pidi\u00f3 Axel\u201d, expres\u00f3 Cuattromo. Al mismo tiempo, remarc\u00f3: \u201cNos acompa\u00f1\u00f3, una vez m\u00e1s, la ministra Cristina \u00c1lvarez Rodr\u00edguez; su presencia demuestra el compromiso de la provincia con los vecinos y vecinas de cada uno de los municipios y es en esta l\u00ednea que vamos a seguir trabajando este a\u00f1o\u201d.<\/p>\n","protected":false},"excerpt":{"rendered":"<p>El intendente Marcos Fern\u00e1ndez firm\u00f3 la finalizaci\u00f3n del cr\u00e9dito, a trav\u00e9s de Provincia Leasing, para la adquisici\u00f3n del Centro Cultural<\/p>\n","protected":false},"author":3,"featured_media":1344,"comment_status":"closed","ping_status":"closed","sticky":false,"template":"","format":"standard","meta":{"colormag_page_container_layout":"default_layout","colormag_page_sidebar_layout":"default_layout","footnotes":""},"categories":[10,14],"tags":[44],"class_list":["post-1343","post","type-post","status-publish","format-standard","has-post-thumbnail","hentry","category-6ta-seccion","category-politica","tag-municipalidad-de-monte-hermoso"],"yoast_head":"<!-- This site is optimized with the Yoast SEO plugin v27.4 - https:\/\/yoast.com\/product\/yoast-seo-wordpress\/ -->\n<title>Monte Hermoso es definitivamente propietario del Centro Cultural - InfoPBA247<\/title>\n<meta name=\"robots\" content=\"index, follow, max-snippet:-1, max-image-preview:large, max-video-preview:-1\" \/>\n<link rel=\"canonical\" href=\"https:\/\/infopba247.com.ar\/index.php\/2023\/03\/16\/monte-hermoso-es-definitivamente-propietario-del-centro-cultural\/\" \/>\n<meta property=\"og:locale\" content=\"es_ES\" \/>\n<meta property=\"og:type\" content=\"article\" \/>\n<meta property=\"og:title\" content=\"Monte Hermoso es definitivamente propietario del Centro Cultural - InfoPBA247\" \/>\n<meta property=\"og:description\" content=\"El intendente Marcos Fern\u00e1ndez firm\u00f3 la finalizaci\u00f3n del cr\u00e9dito, a trav\u00e9s de Provincia Leasing, para la adquisici\u00f3n del Centro Cultural\" \/>\n<meta property=\"og:url\" content=\"https:\/\/infopba247.com.ar\/index.php\/2023\/03\/16\/monte-hermoso-es-definitivamente-propietario-del-centro-cultural\/\" \/>\n<meta property=\"og:site_name\" content=\"InfoPBA247\" \/>\n<meta property=\"article:publisher\" content=\"https:\/\/www.facebook.com\/InfoPBA\" \/>\n<meta property=\"article:published_time\" content=\"2023-03-16T14:44:00+00:00\" \/>\n<meta property=\"article:modified_time\" content=\"2023-03-30T14:46:30+00:00\" \/>\n<meta property=\"og:image\" content=\"https:\/\/infopba247.com.ar\/wp-content\/uploads\/2023\/03\/firmacentrocultural2023-scaled.jpg\" \/>\n\t<meta property=\"og:image:width\" content=\"2560\" \/>\n\t<meta property=\"og:image:height\" content=\"1707\" \/>\n\t<meta property=\"og:image:type\" content=\"image\/jpeg\" \/>\n<meta name=\"author\" content=\"Editor\" \/>\n<meta name=\"twitter:card\" content=\"summary_large_image\" \/>\n<meta name=\"twitter:label1\" content=\"Escrito por\" \/>\n\t<meta name=\"twitter:data1\" content=\"Editor\" \/>\n\t<meta name=\"twitter:label2\" content=\"Tiempo de lectura\" \/>\n\t<meta name=\"twitter:data2\" content=\"3 minutos\" \/>\n<script type=\"application\/ld+json\" class=\"yoast-schema-graph\">{\"@context\":\"https:\\\/\\\/schema.org\",\"@graph\":[{\"@type\":\"Article\",\"@id\":\"https:\\\/\\\/infopba247.com.ar\\\/index.php\\\/2023\\\/03\\\/16\\\/monte-hermoso-es-definitivamente-propietario-del-centro-cultural\\\/#article\",\"isPartOf\":{\"@id\":\"https:\\\/\\\/infopba247.com.ar\\\/index.php\\\/2023\\\/03\\\/16\\\/monte-hermoso-es-definitivamente-propietario-del-centro-cultural\\\/\"},\"author\":{\"name\":\"Editor\",\"@id\":\"https:\\\/\\\/infopba247.com.ar\\\/#\\\/schema\\\/person\\\/4975f1343a413e57bf839b3eed0099f2\"},\"headline\":\"Monte Hermoso es definitivamente propietario del Centro Cultural\",\"datePublished\":\"2023-03-16T14:44:00+00:00\",\"dateModified\":\"2023-03-30T14:46:30+00:00\",\"mainEntityOfPage\":{\"@id\":\"https:\\\/\\\/infopba247.com.ar\\\/index.php\\\/2023\\\/03\\\/16\\\/monte-hermoso-es-definitivamente-propietario-del-centro-cultural\\\/\"},\"wordCount\":521,\"publisher\":{\"@id\":\"https:\\\/\\\/infopba247.com.ar\\\/#organization\"},\"image\":{\"@id\":\"https:\\\/\\\/infopba247.com.ar\\\/index.php\\\/2023\\\/03\\\/16\\\/monte-hermoso-es-definitivamente-propietario-del-centro-cultural\\\/#primaryimage\"},\"thumbnailUrl\":\"https:\\\/\\\/infopba247.com.ar\\\/wp-content\\\/uploads\\\/2023\\\/03\\\/firmacentrocultural2023-scaled.jpg\",\"keywords\":[\"Municipalidad de Monte Hermoso\"],\"articleSection\":[\"6ta Secci\u00f3n\",\"Pol\u00edtica\"],\"inLanguage\":\"es\"},{\"@type\":\"WebPage\",\"@id\":\"https:\\\/\\\/infopba247.com.ar\\\/index.php\\\/2023\\\/03\\\/16\\\/monte-hermoso-es-definitivamente-propietario-del-centro-cultural\\\/\",\"url\":\"https:\\\/\\\/infopba247.com.ar\\\/index.php\\\/2023\\\/03\\\/16\\\/monte-hermoso-es-definitivamente-propietario-del-centro-cultural\\\/\",\"name\":\"Monte Hermoso es definitivamente propietario del Centro Cultural - InfoPBA247\",\"isPartOf\":{\"@id\":\"https:\\\/\\\/infopba247.com.ar\\\/#website\"},\"primaryImageOfPage\":{\"@id\":\"https:\\\/\\\/infopba247.com.ar\\\/index.php\\\/2023\\\/03\\\/16\\\/monte-hermoso-es-definitivamente-propietario-del-centro-cultural\\\/#primaryimage\"},\"image\":{\"@id\":\"https:\\\/\\\/infopba247.com.ar\\\/index.php\\\/2023\\\/03\\\/16\\\/monte-hermoso-es-definitivamente-propietario-del-centro-cultural\\\/#primaryimage\"},\"thumbnailUrl\":\"https:\\\/\\\/infopba247.com.ar\\\/wp-content\\\/uploads\\\/2023\\\/03\\\/firmacentrocultural2023-scaled.jpg\",\"datePublished\":\"2023-03-16T14:44:00+00:00\",\"dateModified\":\"2023-03-30T14:46:30+00:00\",\"breadcrumb\":{\"@id\":\"https:\\\/\\\/infopba247.com.ar\\\/index.php\\\/2023\\\/03\\\/16\\\/monte-hermoso-es-definitivamente-propietario-del-centro-cultural\\\/#breadcrumb\"},\"inLanguage\":\"es\",\"potentialAction\":[{\"@type\":\"ReadAction\",\"target\":[\"https:\\\/\\\/infopba247.com.ar\\\/index.php\\\/2023\\\/03\\\/16\\\/monte-hermoso-es-definitivamente-propietario-del-centro-cultural\\\/\"]}]},{\"@type\":\"ImageObject\",\"inLanguage\":\"es\",\"@id\":\"https:\\\/\\\/infopba247.com.ar\\\/index.php\\\/2023\\\/03\\\/16\\\/monte-hermoso-es-definitivamente-propietario-del-centro-cultural\\\/#primaryimage\",\"url\":\"https:\\\/\\\/infopba247.com.ar\\\/wp-content\\\/uploads\\\/2023\\\/03\\\/firmacentrocultural2023-scaled.jpg\",\"contentUrl\":\"https:\\\/\\\/infopba247.com.ar\\\/wp-content\\\/uploads\\\/2023\\\/03\\\/firmacentrocultural2023-scaled.jpg\",\"width\":2560,\"height\":1707},{\"@type\":\"BreadcrumbList\",\"@id\":\"https:\\\/\\\/infopba247.com.ar\\\/index.php\\\/2023\\\/03\\\/16\\\/monte-hermoso-es-definitivamente-propietario-del-centro-cultural\\\/#breadcrumb\",\"itemListElement\":[{\"@type\":\"ListItem\",\"position\":1,\"name\":\"Portada\",\"item\":\"https:\\\/\\\/infopba247.com.ar\\\/\"},{\"@type\":\"ListItem\",\"position\":2,\"name\":\"Monte Hermoso es definitivamente propietario del Centro Cultural\"}]},{\"@type\":\"WebSite\",\"@id\":\"https:\\\/\\\/infopba247.com.ar\\\/#website\",\"url\":\"https:\\\/\\\/infopba247.com.ar\\\/\",\"name\":\"InfoPBA247\",\"description\":\"Toda la actualidad bonaerense\",\"publisher\":{\"@id\":\"https:\\\/\\\/infopba247.com.ar\\\/#organization\"},\"potentialAction\":[{\"@type\":\"SearchAction\",\"target\":{\"@type\":\"EntryPoint\",\"urlTemplate\":\"https:\\\/\\\/infopba247.com.ar\\\/?s={search_term_string}\"},\"query-input\":{\"@type\":\"PropertyValueSpecification\",\"valueRequired\":true,\"valueName\":\"search_term_string\"}}],\"inLanguage\":\"es\"},{\"@type\":\"Organization\",\"@id\":\"https:\\\/\\\/infopba247.com.ar\\\/#organization\",\"name\":\"InfoPBA247\",\"url\":\"https:\\\/\\\/infopba247.com.ar\\\/\",\"logo\":{\"@type\":\"ImageObject\",\"inLanguage\":\"es\",\"@id\":\"https:\\\/\\\/infopba247.com.ar\\\/#\\\/schema\\\/logo\\\/image\\\/\",\"url\":\"https:\\\/\\\/infopba247.com.ar\\\/wp-content\\\/uploads\\\/2022\\\/03\\\/cropped-InfoPBA247-1.png\",\"contentUrl\":\"https:\\\/\\\/infopba247.com.ar\\\/wp-content\\\/uploads\\\/2022\\\/03\\\/cropped-InfoPBA247-1.png\",\"width\":500,\"height\":122,\"caption\":\"InfoPBA247\"},\"image\":{\"@id\":\"https:\\\/\\\/infopba247.com.ar\\\/#\\\/schema\\\/logo\\\/image\\\/\"},\"sameAs\":[\"https:\\\/\\\/www.facebook.com\\\/InfoPBA\"]},{\"@type\":\"Person\",\"@id\":\"https:\\\/\\\/infopba247.com.ar\\\/#\\\/schema\\\/person\\\/4975f1343a413e57bf839b3eed0099f2\",\"name\":\"Editor\",\"image\":{\"@type\":\"ImageObject\",\"inLanguage\":\"es\",\"@id\":\"https:\\\/\\\/secure.gravatar.com\\\/avatar\\\/d27fe9520667ca53441d36627a1d6b0fa4a813571ec4803687a7a3a7744685ac?s=96&d=mm&r=g\",\"url\":\"https:\\\/\\\/secure.gravatar.com\\\/avatar\\\/d27fe9520667ca53441d36627a1d6b0fa4a813571ec4803687a7a3a7744685ac?s=96&d=mm&r=g\",\"contentUrl\":\"https:\\\/\\\/secure.gravatar.com\\\/avatar\\\/d27fe9520667ca53441d36627a1d6b0fa4a813571ec4803687a7a3a7744685ac?s=96&d=mm&r=g\",\"caption\":\"Editor\"},\"url\":\"https:\\\/\\\/infopba247.com.ar\\\/index.php\\\/author\\\/editor\\\/\"}]}<\/script>\n<!-- \/ Yoast SEO plugin. -->","yoast_head_json":{"title":"Monte Hermoso es definitivamente propietario del Centro Cultural - InfoPBA247","robots":{"index":"index","follow":"follow","max-snippet":"max-snippet:-1","max-image-preview":"max-image-preview:large","max-video-preview":"max-video-preview:-1"},"canonical":"https:\/\/infopba247.com.ar\/index.php\/2023\/03\/16\/monte-hermoso-es-definitivamente-propietario-del-centro-cultural\/","og_locale":"es_ES","og_type":"article","og_title":"Monte Hermoso es definitivamente propietario del Centro Cultural - InfoPBA247","og_description":"El intendente Marcos Fern\u00e1ndez firm\u00f3 la finalizaci\u00f3n del cr\u00e9dito, a trav\u00e9s de Provincia Leasing, para la adquisici\u00f3n del Centro Cultural","og_url":"https:\/\/infopba247.com.ar\/index.php\/2023\/03\/16\/monte-hermoso-es-definitivamente-propietario-del-centro-cultural\/","og_site_name":"InfoPBA247","article_publisher":"https:\/\/www.facebook.com\/InfoPBA","article_published_time":"2023-03-16T14:44:00+00:00","article_modified_time":"2023-03-30T14:46:30+00:00","og_image":[{"width":2560,"height":1707,"url":"https:\/\/infopba247.com.ar\/wp-content\/uploads\/2023\/03\/firmacentrocultural2023-scaled.jpg","type":"image\/jpeg"}],"author":"Editor","twitter_card":"summary_large_image","twitter_misc":{"Escrito por":"Editor","Tiempo de lectura":"3 minutos"},"schema":{"@context":"https:\/\/schema.org","@graph":[{"@type":"Article","@id":"https:\/\/infopba247.com.ar\/index.php\/2023\/03\/16\/monte-hermoso-es-definitivamente-propietario-del-centro-cultural\/#article","isPartOf":{"@id":"https:\/\/infopba247.com.ar\/index.php\/2023\/03\/16\/monte-hermoso-es-definitivamente-propietario-del-centro-cultural\/"},"author":{"name":"Editor","@id":"https:\/\/infopba247.com.ar\/#\/schema\/person\/4975f1343a413e57bf839b3eed0099f2"},"headline":"Monte Hermoso es definitivamente propietario del Centro Cultural","datePublished":"2023-03-16T14:44:00+00:00","dateModified":"2023-03-30T14:46:30+00:00","mainEntityOfPage":{"@id":"https:\/\/infopba247.com.ar\/index.php\/2023\/03\/16\/monte-hermoso-es-definitivamente-propietario-del-centro-cultural\/"},"wordCount":521,"publisher":{"@id":"https:\/\/infopba247.com.ar\/#organization"},"image":{"@id":"https:\/\/infopba247.com.ar\/index.php\/2023\/03\/16\/monte-hermoso-es-definitivamente-propietario-del-centro-cultural\/#primaryimage"},"thumbnailUrl":"https:\/\/infopba247.com.ar\/wp-content\/uploads\/2023\/03\/firmacentrocultural2023-scaled.jpg","keywords":["Municipalidad de Monte Hermoso"],"articleSection":["6ta Secci\u00f3n","Pol\u00edtica"],"inLanguage":"es"},{"@type":"WebPage","@id":"https:\/\/infopba247.com.ar\/index.php\/2023\/03\/16\/monte-hermoso-es-definitivamente-propietario-del-centro-cultural\/","url":"https:\/\/infopba247.com.ar\/index.php\/2023\/03\/16\/monte-hermoso-es-definitivamente-propietario-del-centro-cultural\/","name":"Monte Hermoso es definitivamente propietario del Centro Cultural - InfoPBA247","isPartOf":{"@id":"https:\/\/infopba247.com.ar\/#website"},"primaryImageOfPage":{"@id":"https:\/\/infopba247.com.ar\/index.php\/2023\/03\/16\/monte-hermoso-es-definitivamente-propietario-del-centro-cultural\/#primaryimage"},"image":{"@id":"https:\/\/infopba247.com.ar\/index.php\/2023\/03\/16\/monte-hermoso-es-definitivamente-propietario-del-centro-cultural\/#primaryimage"},"thumbnailUrl":"https:\/\/infopba247.com.ar\/wp-content\/uploads\/2023\/03\/firmacentrocultural2023-scaled.jpg","datePublished":"2023-03-16T14:44:00+00:00","dateModified":"2023-03-30T14:46:30+00:00","breadcrumb":{"@id":"https:\/\/infopba247.com.ar\/index.php\/2023\/03\/16\/monte-hermoso-es-definitivamente-propietario-del-centro-cultural\/#breadcrumb"},"inLanguage":"es","potentialAction":[{"@type":"ReadAction","target":["https:\/\/infopba247.com.ar\/index.php\/2023\/03\/16\/monte-hermoso-es-definitivamente-propietario-del-centro-cultural\/"]}]},{"@type":"ImageObject","inLanguage":"es","@id":"https:\/\/infopba247.com.ar\/index.php\/2023\/03\/16\/monte-hermoso-es-definitivamente-propietario-del-centro-cultural\/#primaryimage","url":"https:\/\/infopba247.com.ar\/wp-content\/uploads\/2023\/03\/firmacentrocultural2023-scaled.jpg","contentUrl":"https:\/\/infopba247.com.ar\/wp-content\/uploads\/2023\/03\/firmacentrocultural2023-scaled.jpg","width":2560,"height":1707},{"@type":"BreadcrumbList","@id":"https:\/\/infopba247.com.ar\/index.php\/2023\/03\/16\/monte-hermoso-es-definitivamente-propietario-del-centro-cultural\/#breadcrumb","itemListElement":[{"@type":"ListItem","position":1,"name":"Portada","item":"https:\/\/infopba247.com.ar\/"},{"@type":"ListItem","position":2,"name":"Monte Hermoso es definitivamente propietario del Centro Cultural"}]},{"@type":"WebSite","@id":"https:\/\/infopba247.com.ar\/#website","url":"https:\/\/infopba247.com.ar\/","name":"InfoPBA247","description":"Toda la actualidad bonaerense","publisher":{"@id":"https:\/\/infopba247.com.ar\/#organization"},"potentialAction":[{"@type":"SearchAction","target":{"@type":"EntryPoint","urlTemplate":"https:\/\/infopba247.com.ar\/?s={search_term_string}"},"query-input":{"@type":"PropertyValueSpecification","valueRequired":true,"valueName":"search_term_string"}}],"inLanguage":"es"},{"@type":"Organization","@id":"https:\/\/infopba247.com.ar\/#organization","name":"InfoPBA247","url":"https:\/\/infopba247.com.ar\/","logo":{"@type":"ImageObject","inLanguage":"es","@id":"https:\/\/infopba247.com.ar\/#\/schema\/logo\/image\/","url":"https:\/\/infopba247.com.ar\/wp-content\/uploads\/2022\/03\/cropped-InfoPBA247-1.png","contentUrl":"https:\/\/infopba247.com.ar\/wp-content\/uploads\/2022\/03\/cropped-InfoPBA247-1.png","width":500,"height":122,"caption":"InfoPBA247"},"image":{"@id":"https:\/\/infopba247.com.ar\/#\/schema\/logo\/image\/"},"sameAs":["https:\/\/www.facebook.com\/InfoPBA"]},{"@type":"Person","@id":"https:\/\/infopba247.com.ar\/#\/schema\/person\/4975f1343a413e57bf839b3eed0099f2","name":"Editor","image":{"@type":"ImageObject","inLanguage":"es","@id":"https:\/\/secure.gravatar.com\/avatar\/d27fe9520667ca53441d36627a1d6b0fa4a813571ec4803687a7a3a7744685ac?s=96&d=mm&r=g","url":"https:\/\/secure.gravatar.com\/avatar\/d27fe9520667ca53441d36627a1d6b0fa4a813571ec4803687a7a3a7744685ac?s=96&d=mm&r=g","contentUrl":"https:\/\/secure.gravatar.com\/avatar\/d27fe9520667ca53441d36627a1d6b0fa4a813571ec4803687a7a3a7744685ac?s=96&d=mm&r=g","caption":"Editor"},"url":"https:\/\/infopba247.com.ar\/index.php\/author\/editor\/"}]}},"_links":{"self":[{"href":"https:\/\/infopba247.com.ar\/index.php\/wp-json\/wp\/v2\/posts\/1343","targetHints":{"allow":["GET"]}}],"collection":[{"href":"https:\/\/infopba247.com.ar\/index.php\/wp-json\/wp\/v2\/posts"}],"about":[{"href":"https:\/\/infopba247.com.ar\/index.php\/wp-json\/wp\/v2\/types\/post"}],"author":[{"embeddable":true,"href":"https:\/\/infopba247.com.ar\/index.php\/wp-json\/wp\/v2\/users\/3"}],"replies":[{"embeddable":true,"href":"https:\/\/infopba247.com.ar\/index.php\/wp-json\/wp\/v2\/comments?post=1343"}],"version-history":[{"count":1,"href":"https:\/\/infopba247.com.ar\/index.php\/wp-json\/wp\/v2\/posts\/1343\/revisions"}],"predecessor-version":[{"id":1345,"href":"https:\/\/infopba247.com.ar\/index.php\/wp-json\/wp\/v2\/posts\/1343\/revisions\/1345"}],"wp:featuredmedia":[{"embeddable":true,"href":"https:\/\/infopba247.com.ar\/index.php\/wp-json\/wp\/v2\/media\/1344"}],"wp:attachment":[{"href":"https:\/\/infopba247.com.ar\/index.php\/wp-json\/wp\/v2\/media?parent=1343"}],"wp:term":[{"taxonomy":"category","embeddable":true,"href":"https:\/\/infopba247.com.ar\/index.php\/wp-json\/wp\/v2\/categories?post=1343"},{"taxonomy":"post_tag","embeddable":true,"href":"https:\/\/infopba247.com.ar\/index.php\/wp-json\/wp\/v2\/tags?post=1343"}],"curies":[{"name":"wp","href":"https:\/\/api.w.org\/{rel}","templated":true}]}}