{"id":1248,"date":"2023-02-28T08:19:00","date_gmt":"2023-02-28T11:19:00","guid":{"rendered":"https:\/\/infopba247.com.ar\/?p=1248"},"modified":"2023-03-02T10:20:40","modified_gmt":"2023-03-02T13:20:40","slug":"con-una-gran-asistencia-de-publico-se-desarrollo-el-carnaval-cultural","status":"publish","type":"post","link":"https:\/\/infopba247.com.ar\/index.php\/2023\/02\/28\/con-una-gran-asistencia-de-publico-se-desarrollo-el-carnaval-cultural\/","title":{"rendered":"Con una gran asistencia de p\u00fablico se desarroll\u00f3 el Carnaval Cultural"},"content":{"rendered":"\n<p>Se desarroll\u00f3 el Carnaval Cultural organizado por la Direcci\u00f3n de Cultura, que cont\u00f3 con un gran marco de asistentes y la presencia del intendente Fabi\u00e1n Cagliardi. En esta oportunidad, los espect\u00e1culos fueron aportados por el Instituto Cultural de la provincia de Buenos Aires.&nbsp;<\/p>\n\n\n\n<p>La propuesta, pensada para la familia, tuvo lugar sobre la Avenida Montevideo entre las calles 9 y 14, y ofreci\u00f3 un gran n\u00famero de murgas estilo uruguaya, comparsas, m\u00fasica y espect\u00e1culos art\u00edsticos. El cierre estuvo a cargo de Carinhosos.<\/p>\n\n\n\n<p>Respecto al Carnaval Cultural, el intendente Municipal, Fabi\u00e1n Cagliardi expres\u00f3: \u201cMuchos vecinos de la ciudad pudieron disfrutar de este carnaval, orgullosos de ver las distintas comparsas que nos acompa\u00f1aron durante esta jornada, sobre todo de las locales porque sabemos el trabajo que llevan adelante\u201d.<\/p>\n\n\n\n<p>Por su parte, la directora de Cultura, Eva Piermar\u00eda asegur\u00f3: \u201cestamos recuperando este festejo que en otro momento se hab\u00eda perdido, por lo&nbsp; tanto quiero agradecer a todas las \u00e1reas Municipales que trabajaron para que este Carnaval sea una fiesta al igual que el Instituto Cultural de la provincia de Buenos Aires que colabor\u00f3 con el espect\u00e1culo del cierre\u201d.<\/p>\n\n\n\n<p>Cabe destacar que la jornada cont\u00f3 con la presencia de la Directora de Cultura, Eva Piermaria; la secretaria de Gobierno, Aldana Iovanovich; la subsecretaria de Participaci\u00f3n Ciudadana del Ministerio de Seguridad Provincial, Solange Marcos; el subsecretario de Relaciones con la Comunidad, Juan Pablo Holubyez e integrantes del Ejecutivo Municipal.<\/p>\n","protected":false},"excerpt":{"rendered":"<p>Se desarroll\u00f3 el Carnaval Cultural organizado por la Direcci\u00f3n de Cultura, que cont\u00f3 con un gran marco de asistentes y<\/p>\n","protected":false},"author":3,"featured_media":1249,"comment_status":"open","ping_status":"open","sticky":false,"template":"","format":"standard","meta":{"colormag_page_container_layout":"default_layout","colormag_page_sidebar_layout":"default_layout","footnotes":""},"categories":[7,1,14],"tags":[52],"class_list":["post-1248","post","type-post","status-publish","format-standard","has-post-thumbnail","hentry","category-3ra-seccion","category-destacadas","category-politica","tag-municipalidad-de-berisso"],"yoast_head":"<!-- This site is optimized with the Yoast SEO plugin v27.5 - https:\/\/yoast.com\/product\/yoast-seo-wordpress\/ -->\n<title>Con una gran asistencia de p\u00fablico se desarroll\u00f3 el Carnaval Cultural - InfoPBA247<\/title>\n<meta name=\"robots\" content=\"index, follow, max-snippet:-1, max-image-preview:large, max-video-preview:-1\" \/>\n<link rel=\"canonical\" href=\"https:\/\/infopba247.com.ar\/index.php\/2023\/02\/28\/con-una-gran-asistencia-de-publico-se-desarrollo-el-carnaval-cultural\/\" \/>\n<meta property=\"og:locale\" content=\"es_ES\" \/>\n<meta property=\"og:type\" content=\"article\" \/>\n<meta property=\"og:title\" content=\"Con una gran asistencia de p\u00fablico se desarroll\u00f3 el Carnaval Cultural - InfoPBA247\" \/>\n<meta property=\"og:description\" content=\"Se desarroll\u00f3 el Carnaval Cultural organizado por la Direcci\u00f3n de Cultura, que cont\u00f3 con un gran marco de asistentes y\" \/>\n<meta property=\"og:url\" content=\"https:\/\/infopba247.com.ar\/index.php\/2023\/02\/28\/con-una-gran-asistencia-de-publico-se-desarrollo-el-carnaval-cultural\/\" \/>\n<meta property=\"og:site_name\" content=\"InfoPBA247\" \/>\n<meta property=\"article:publisher\" content=\"https:\/\/www.facebook.com\/InfoPBA\" \/>\n<meta property=\"article:published_time\" content=\"2023-02-28T11:19:00+00:00\" \/>\n<meta property=\"article:modified_time\" content=\"2023-03-02T13:20:40+00:00\" \/>\n<meta property=\"og:image\" content=\"https:\/\/infopba247.com.ar\/wp-content\/uploads\/2023\/03\/carnaval2.jpg\" \/>\n\t<meta property=\"og:image:width\" content=\"800\" \/>\n\t<meta property=\"og:image:height\" content=\"600\" \/>\n\t<meta property=\"og:image:type\" content=\"image\/jpeg\" \/>\n<meta name=\"author\" content=\"Editor\" \/>\n<meta name=\"twitter:card\" content=\"summary_large_image\" \/>\n<meta name=\"twitter:label1\" content=\"Escrito por\" \/>\n\t<meta name=\"twitter:data1\" content=\"Editor\" \/>\n\t<meta name=\"twitter:label2\" content=\"Tiempo de lectura\" \/>\n\t<meta name=\"twitter:data2\" content=\"1 minuto\" \/>\n<script type=\"application\/ld+json\" class=\"yoast-schema-graph\">{\"@context\":\"https:\\\/\\\/schema.org\",\"@graph\":[{\"@type\":\"Article\",\"@id\":\"https:\\\/\\\/infopba247.com.ar\\\/index.php\\\/2023\\\/02\\\/28\\\/con-una-gran-asistencia-de-publico-se-desarrollo-el-carnaval-cultural\\\/#article\",\"isPartOf\":{\"@id\":\"https:\\\/\\\/infopba247.com.ar\\\/index.php\\\/2023\\\/02\\\/28\\\/con-una-gran-asistencia-de-publico-se-desarrollo-el-carnaval-cultural\\\/\"},\"author\":{\"name\":\"Editor\",\"@id\":\"https:\\\/\\\/infopba247.com.ar\\\/#\\\/schema\\\/person\\\/4975f1343a413e57bf839b3eed0099f2\"},\"headline\":\"Con una gran asistencia de p\u00fablico se desarroll\u00f3 el Carnaval Cultural\",\"datePublished\":\"2023-02-28T11:19:00+00:00\",\"dateModified\":\"2023-03-02T13:20:40+00:00\",\"mainEntityOfPage\":{\"@id\":\"https:\\\/\\\/infopba247.com.ar\\\/index.php\\\/2023\\\/02\\\/28\\\/con-una-gran-asistencia-de-publico-se-desarrollo-el-carnaval-cultural\\\/\"},\"wordCount\":259,\"commentCount\":0,\"publisher\":{\"@id\":\"https:\\\/\\\/infopba247.com.ar\\\/#organization\"},\"image\":{\"@id\":\"https:\\\/\\\/infopba247.com.ar\\\/index.php\\\/2023\\\/02\\\/28\\\/con-una-gran-asistencia-de-publico-se-desarrollo-el-carnaval-cultural\\\/#primaryimage\"},\"thumbnailUrl\":\"https:\\\/\\\/infopba247.com.ar\\\/wp-content\\\/uploads\\\/2023\\\/03\\\/carnaval2.jpg\",\"keywords\":[\"Municipalidad de Berisso\"],\"articleSection\":[\"3ra Secci\u00f3n\",\"Destacadas\",\"Pol\u00edtica\"],\"inLanguage\":\"es\",\"potentialAction\":[{\"@type\":\"CommentAction\",\"name\":\"Comment\",\"target\":[\"https:\\\/\\\/infopba247.com.ar\\\/index.php\\\/2023\\\/02\\\/28\\\/con-una-gran-asistencia-de-publico-se-desarrollo-el-carnaval-cultural\\\/#respond\"]}]},{\"@type\":\"WebPage\",\"@id\":\"https:\\\/\\\/infopba247.com.ar\\\/index.php\\\/2023\\\/02\\\/28\\\/con-una-gran-asistencia-de-publico-se-desarrollo-el-carnaval-cultural\\\/\",\"url\":\"https:\\\/\\\/infopba247.com.ar\\\/index.php\\\/2023\\\/02\\\/28\\\/con-una-gran-asistencia-de-publico-se-desarrollo-el-carnaval-cultural\\\/\",\"name\":\"Con una gran asistencia de p\u00fablico se desarroll\u00f3 el Carnaval Cultural - InfoPBA247\",\"isPartOf\":{\"@id\":\"https:\\\/\\\/infopba247.com.ar\\\/#website\"},\"primaryImageOfPage\":{\"@id\":\"https:\\\/\\\/infopba247.com.ar\\\/index.php\\\/2023\\\/02\\\/28\\\/con-una-gran-asistencia-de-publico-se-desarrollo-el-carnaval-cultural\\\/#primaryimage\"},\"image\":{\"@id\":\"https:\\\/\\\/infopba247.com.ar\\\/index.php\\\/2023\\\/02\\\/28\\\/con-una-gran-asistencia-de-publico-se-desarrollo-el-carnaval-cultural\\\/#primaryimage\"},\"thumbnailUrl\":\"https:\\\/\\\/infopba247.com.ar\\\/wp-content\\\/uploads\\\/2023\\\/03\\\/carnaval2.jpg\",\"datePublished\":\"2023-02-28T11:19:00+00:00\",\"dateModified\":\"2023-03-02T13:20:40+00:00\",\"breadcrumb\":{\"@id\":\"https:\\\/\\\/infopba247.com.ar\\\/index.php\\\/2023\\\/02\\\/28\\\/con-una-gran-asistencia-de-publico-se-desarrollo-el-carnaval-cultural\\\/#breadcrumb\"},\"inLanguage\":\"es\",\"potentialAction\":[{\"@type\":\"ReadAction\",\"target\":[\"https:\\\/\\\/infopba247.com.ar\\\/index.php\\\/2023\\\/02\\\/28\\\/con-una-gran-asistencia-de-publico-se-desarrollo-el-carnaval-cultural\\\/\"]}]},{\"@type\":\"ImageObject\",\"inLanguage\":\"es\",\"@id\":\"https:\\\/\\\/infopba247.com.ar\\\/index.php\\\/2023\\\/02\\\/28\\\/con-una-gran-asistencia-de-publico-se-desarrollo-el-carnaval-cultural\\\/#primaryimage\",\"url\":\"https:\\\/\\\/infopba247.com.ar\\\/wp-content\\\/uploads\\\/2023\\\/03\\\/carnaval2.jpg\",\"contentUrl\":\"https:\\\/\\\/infopba247.com.ar\\\/wp-content\\\/uploads\\\/2023\\\/03\\\/carnaval2.jpg\",\"width\":800,\"height\":600},{\"@type\":\"BreadcrumbList\",\"@id\":\"https:\\\/\\\/infopba247.com.ar\\\/index.php\\\/2023\\\/02\\\/28\\\/con-una-gran-asistencia-de-publico-se-desarrollo-el-carnaval-cultural\\\/#breadcrumb\",\"itemListElement\":[{\"@type\":\"ListItem\",\"position\":1,\"name\":\"Portada\",\"item\":\"https:\\\/\\\/infopba247.com.ar\\\/\"},{\"@type\":\"ListItem\",\"position\":2,\"name\":\"Con una gran asistencia de p\u00fablico se desarroll\u00f3 el Carnaval Cultural\"}]},{\"@type\":\"WebSite\",\"@id\":\"https:\\\/\\\/infopba247.com.ar\\\/#website\",\"url\":\"https:\\\/\\\/infopba247.com.ar\\\/\",\"name\":\"InfoPBA247\",\"description\":\"Toda la actualidad bonaerense\",\"publisher\":{\"@id\":\"https:\\\/\\\/infopba247.com.ar\\\/#organization\"},\"potentialAction\":[{\"@type\":\"SearchAction\",\"target\":{\"@type\":\"EntryPoint\",\"urlTemplate\":\"https:\\\/\\\/infopba247.com.ar\\\/?s={search_term_string}\"},\"query-input\":{\"@type\":\"PropertyValueSpecification\",\"valueRequired\":true,\"valueName\":\"search_term_string\"}}],\"inLanguage\":\"es\"},{\"@type\":\"Organization\",\"@id\":\"https:\\\/\\\/infopba247.com.ar\\\/#organization\",\"name\":\"InfoPBA247\",\"url\":\"https:\\\/\\\/infopba247.com.ar\\\/\",\"logo\":{\"@type\":\"ImageObject\",\"inLanguage\":\"es\",\"@id\":\"https:\\\/\\\/infopba247.com.ar\\\/#\\\/schema\\\/logo\\\/image\\\/\",\"url\":\"https:\\\/\\\/infopba247.com.ar\\\/wp-content\\\/uploads\\\/2022\\\/03\\\/cropped-InfoPBA247-1.png\",\"contentUrl\":\"https:\\\/\\\/infopba247.com.ar\\\/wp-content\\\/uploads\\\/2022\\\/03\\\/cropped-InfoPBA247-1.png\",\"width\":500,\"height\":122,\"caption\":\"InfoPBA247\"},\"image\":{\"@id\":\"https:\\\/\\\/infopba247.com.ar\\\/#\\\/schema\\\/logo\\\/image\\\/\"},\"sameAs\":[\"https:\\\/\\\/www.facebook.com\\\/InfoPBA\"]},{\"@type\":\"Person\",\"@id\":\"https:\\\/\\\/infopba247.com.ar\\\/#\\\/schema\\\/person\\\/4975f1343a413e57bf839b3eed0099f2\",\"name\":\"Editor\",\"image\":{\"@type\":\"ImageObject\",\"inLanguage\":\"es\",\"@id\":\"https:\\\/\\\/secure.gravatar.com\\\/avatar\\\/d27fe9520667ca53441d36627a1d6b0fa4a813571ec4803687a7a3a7744685ac?s=96&d=mm&r=g\",\"url\":\"https:\\\/\\\/secure.gravatar.com\\\/avatar\\\/d27fe9520667ca53441d36627a1d6b0fa4a813571ec4803687a7a3a7744685ac?s=96&d=mm&r=g\",\"contentUrl\":\"https:\\\/\\\/secure.gravatar.com\\\/avatar\\\/d27fe9520667ca53441d36627a1d6b0fa4a813571ec4803687a7a3a7744685ac?s=96&d=mm&r=g\",\"caption\":\"Editor\"},\"url\":\"https:\\\/\\\/infopba247.com.ar\\\/index.php\\\/author\\\/editor\\\/\"}]}<\/script>\n<!-- \/ Yoast SEO plugin. -->","yoast_head_json":{"title":"Con una gran asistencia de p\u00fablico se desarroll\u00f3 el Carnaval Cultural - InfoPBA247","robots":{"index":"index","follow":"follow","max-snippet":"max-snippet:-1","max-image-preview":"max-image-preview:large","max-video-preview":"max-video-preview:-1"},"canonical":"https:\/\/infopba247.com.ar\/index.php\/2023\/02\/28\/con-una-gran-asistencia-de-publico-se-desarrollo-el-carnaval-cultural\/","og_locale":"es_ES","og_type":"article","og_title":"Con una gran asistencia de p\u00fablico se desarroll\u00f3 el Carnaval Cultural - InfoPBA247","og_description":"Se desarroll\u00f3 el Carnaval Cultural organizado por la Direcci\u00f3n de Cultura, que cont\u00f3 con un gran marco de asistentes y","og_url":"https:\/\/infopba247.com.ar\/index.php\/2023\/02\/28\/con-una-gran-asistencia-de-publico-se-desarrollo-el-carnaval-cultural\/","og_site_name":"InfoPBA247","article_publisher":"https:\/\/www.facebook.com\/InfoPBA","article_published_time":"2023-02-28T11:19:00+00:00","article_modified_time":"2023-03-02T13:20:40+00:00","og_image":[{"width":800,"height":600,"url":"https:\/\/infopba247.com.ar\/wp-content\/uploads\/2023\/03\/carnaval2.jpg","type":"image\/jpeg"}],"author":"Editor","twitter_card":"summary_large_image","twitter_misc":{"Escrito por":"Editor","Tiempo de lectura":"1 minuto"},"schema":{"@context":"https:\/\/schema.org","@graph":[{"@type":"Article","@id":"https:\/\/infopba247.com.ar\/index.php\/2023\/02\/28\/con-una-gran-asistencia-de-publico-se-desarrollo-el-carnaval-cultural\/#article","isPartOf":{"@id":"https:\/\/infopba247.com.ar\/index.php\/2023\/02\/28\/con-una-gran-asistencia-de-publico-se-desarrollo-el-carnaval-cultural\/"},"author":{"name":"Editor","@id":"https:\/\/infopba247.com.ar\/#\/schema\/person\/4975f1343a413e57bf839b3eed0099f2"},"headline":"Con una gran asistencia de p\u00fablico se desarroll\u00f3 el Carnaval Cultural","datePublished":"2023-02-28T11:19:00+00:00","dateModified":"2023-03-02T13:20:40+00:00","mainEntityOfPage":{"@id":"https:\/\/infopba247.com.ar\/index.php\/2023\/02\/28\/con-una-gran-asistencia-de-publico-se-desarrollo-el-carnaval-cultural\/"},"wordCount":259,"commentCount":0,"publisher":{"@id":"https:\/\/infopba247.com.ar\/#organization"},"image":{"@id":"https:\/\/infopba247.com.ar\/index.php\/2023\/02\/28\/con-una-gran-asistencia-de-publico-se-desarrollo-el-carnaval-cultural\/#primaryimage"},"thumbnailUrl":"https:\/\/infopba247.com.ar\/wp-content\/uploads\/2023\/03\/carnaval2.jpg","keywords":["Municipalidad de Berisso"],"articleSection":["3ra Secci\u00f3n","Destacadas","Pol\u00edtica"],"inLanguage":"es","potentialAction":[{"@type":"CommentAction","name":"Comment","target":["https:\/\/infopba247.com.ar\/index.php\/2023\/02\/28\/con-una-gran-asistencia-de-publico-se-desarrollo-el-carnaval-cultural\/#respond"]}]},{"@type":"WebPage","@id":"https:\/\/infopba247.com.ar\/index.php\/2023\/02\/28\/con-una-gran-asistencia-de-publico-se-desarrollo-el-carnaval-cultural\/","url":"https:\/\/infopba247.com.ar\/index.php\/2023\/02\/28\/con-una-gran-asistencia-de-publico-se-desarrollo-el-carnaval-cultural\/","name":"Con una gran asistencia de p\u00fablico se desarroll\u00f3 el Carnaval Cultural - InfoPBA247","isPartOf":{"@id":"https:\/\/infopba247.com.ar\/#website"},"primaryImageOfPage":{"@id":"https:\/\/infopba247.com.ar\/index.php\/2023\/02\/28\/con-una-gran-asistencia-de-publico-se-desarrollo-el-carnaval-cultural\/#primaryimage"},"image":{"@id":"https:\/\/infopba247.com.ar\/index.php\/2023\/02\/28\/con-una-gran-asistencia-de-publico-se-desarrollo-el-carnaval-cultural\/#primaryimage"},"thumbnailUrl":"https:\/\/infopba247.com.ar\/wp-content\/uploads\/2023\/03\/carnaval2.jpg","datePublished":"2023-02-28T11:19:00+00:00","dateModified":"2023-03-02T13:20:40+00:00","breadcrumb":{"@id":"https:\/\/infopba247.com.ar\/index.php\/2023\/02\/28\/con-una-gran-asistencia-de-publico-se-desarrollo-el-carnaval-cultural\/#breadcrumb"},"inLanguage":"es","potentialAction":[{"@type":"ReadAction","target":["https:\/\/infopba247.com.ar\/index.php\/2023\/02\/28\/con-una-gran-asistencia-de-publico-se-desarrollo-el-carnaval-cultural\/"]}]},{"@type":"ImageObject","inLanguage":"es","@id":"https:\/\/infopba247.com.ar\/index.php\/2023\/02\/28\/con-una-gran-asistencia-de-publico-se-desarrollo-el-carnaval-cultural\/#primaryimage","url":"https:\/\/infopba247.com.ar\/wp-content\/uploads\/2023\/03\/carnaval2.jpg","contentUrl":"https:\/\/infopba247.com.ar\/wp-content\/uploads\/2023\/03\/carnaval2.jpg","width":800,"height":600},{"@type":"BreadcrumbList","@id":"https:\/\/infopba247.com.ar\/index.php\/2023\/02\/28\/con-una-gran-asistencia-de-publico-se-desarrollo-el-carnaval-cultural\/#breadcrumb","itemListElement":[{"@type":"ListItem","position":1,"name":"Portada","item":"https:\/\/infopba247.com.ar\/"},{"@type":"ListItem","position":2,"name":"Con una gran asistencia de p\u00fablico se desarroll\u00f3 el Carnaval Cultural"}]},{"@type":"WebSite","@id":"https:\/\/infopba247.com.ar\/#website","url":"https:\/\/infopba247.com.ar\/","name":"InfoPBA247","description":"Toda la actualidad bonaerense","publisher":{"@id":"https:\/\/infopba247.com.ar\/#organization"},"potentialAction":[{"@type":"SearchAction","target":{"@type":"EntryPoint","urlTemplate":"https:\/\/infopba247.com.ar\/?s={search_term_string}"},"query-input":{"@type":"PropertyValueSpecification","valueRequired":true,"valueName":"search_term_string"}}],"inLanguage":"es"},{"@type":"Organization","@id":"https:\/\/infopba247.com.ar\/#organization","name":"InfoPBA247","url":"https:\/\/infopba247.com.ar\/","logo":{"@type":"ImageObject","inLanguage":"es","@id":"https:\/\/infopba247.com.ar\/#\/schema\/logo\/image\/","url":"https:\/\/infopba247.com.ar\/wp-content\/uploads\/2022\/03\/cropped-InfoPBA247-1.png","contentUrl":"https:\/\/infopba247.com.ar\/wp-content\/uploads\/2022\/03\/cropped-InfoPBA247-1.png","width":500,"height":122,"caption":"InfoPBA247"},"image":{"@id":"https:\/\/infopba247.com.ar\/#\/schema\/logo\/image\/"},"sameAs":["https:\/\/www.facebook.com\/InfoPBA"]},{"@type":"Person","@id":"https:\/\/infopba247.com.ar\/#\/schema\/person\/4975f1343a413e57bf839b3eed0099f2","name":"Editor","image":{"@type":"ImageObject","inLanguage":"es","@id":"https:\/\/secure.gravatar.com\/avatar\/d27fe9520667ca53441d36627a1d6b0fa4a813571ec4803687a7a3a7744685ac?s=96&d=mm&r=g","url":"https:\/\/secure.gravatar.com\/avatar\/d27fe9520667ca53441d36627a1d6b0fa4a813571ec4803687a7a3a7744685ac?s=96&d=mm&r=g","contentUrl":"https:\/\/secure.gravatar.com\/avatar\/d27fe9520667ca53441d36627a1d6b0fa4a813571ec4803687a7a3a7744685ac?s=96&d=mm&r=g","caption":"Editor"},"url":"https:\/\/infopba247.com.ar\/index.php\/author\/editor\/"}]}},"_links":{"self":[{"href":"https:\/\/infopba247.com.ar\/index.php\/wp-json\/wp\/v2\/posts\/1248","targetHints":{"allow":["GET"]}}],"collection":[{"href":"https:\/\/infopba247.com.ar\/index.php\/wp-json\/wp\/v2\/posts"}],"about":[{"href":"https:\/\/infopba247.com.ar\/index.php\/wp-json\/wp\/v2\/types\/post"}],"author":[{"embeddable":true,"href":"https:\/\/infopba247.com.ar\/index.php\/wp-json\/wp\/v2\/users\/3"}],"replies":[{"embeddable":true,"href":"https:\/\/infopba247.com.ar\/index.php\/wp-json\/wp\/v2\/comments?post=1248"}],"version-history":[{"count":1,"href":"https:\/\/infopba247.com.ar\/index.php\/wp-json\/wp\/v2\/posts\/1248\/revisions"}],"predecessor-version":[{"id":1250,"href":"https:\/\/infopba247.com.ar\/index.php\/wp-json\/wp\/v2\/posts\/1248\/revisions\/1250"}],"wp:featuredmedia":[{"embeddable":true,"href":"https:\/\/infopba247.com.ar\/index.php\/wp-json\/wp\/v2\/media\/1249"}],"wp:attachment":[{"href":"https:\/\/infopba247.com.ar\/index.php\/wp-json\/wp\/v2\/media?parent=1248"}],"wp:term":[{"taxonomy":"category","embeddable":true,"href":"https:\/\/infopba247.com.ar\/index.php\/wp-json\/wp\/v2\/categories?post=1248"},{"taxonomy":"post_tag","embeddable":true,"href":"https:\/\/infopba247.com.ar\/index.php\/wp-json\/wp\/v2\/tags?post=1248"}],"curies":[{"name":"wp","href":"https:\/\/api.w.org\/{rel}","templated":true}]}}