{"id":1245,"date":"2023-02-28T08:13:00","date_gmt":"2023-02-28T11:13:00","guid":{"rendered":"https:\/\/infopba247.com.ar\/?p=1245"},"modified":"2023-03-02T10:14:34","modified_gmt":"2023-03-02T13:14:34","slug":"comienza-la-reclamada-obra-para-dotar-de-un-nuevo-acceso-a-sierras-bayas","status":"publish","type":"post","link":"https:\/\/infopba247.com.ar\/index.php\/2023\/02\/28\/comienza-la-reclamada-obra-para-dotar-de-un-nuevo-acceso-a-sierras-bayas\/","title":{"rendered":"Comienza la reclamada obra para dotar de un nuevo acceso a Sierras Bayas"},"content":{"rendered":"\n<p>El concejal y dirigente del Frente de Todos, Maximiliano Wesner, anunci\u00f3 el inminente inicio de la obra de acceso a Sierras Bayas ejecutada por Vialidad Nacional en la Ruta 226. Se trata de una obra muy reclamada que permitir\u00e1 mejorar el tr\u00e1nsito y evitar los graves accidentes que suelen repetirse en el ingreso a dicha localidad.<\/p>\n\n\n\n<p>\u201cHace instantes me comuniqu\u00e9 con autoridades de Vialidad Nacional y me confirmaron que en los pr\u00f3ximos d\u00edas se estar\u00e1 inaugurando el comienzo de obra del acceso a Sierras Bayas\u201c, adelant\u00f3 Maximiliano Wesner.<\/p>\n\n\n\n<p>La empresa&nbsp; que gan\u00f3 la licitaci\u00f3n y est\u00e1 a cargo de los trabajos es PAOLINI HNOS. S.A y el monto de la obra es de casi 670 mil millones de pesos. El plazo estimado para su conclusi\u00f3n es de 18 meses.<\/p>\n\n\n\n<p>La obra de acceso a Sierras Bayas contempla una soluci\u00f3n a distinto nivel para reemplazar la canalizada que actualmente existe en la intersecci\u00f3n. Se plantea como soluci\u00f3n un distribuidor tipo diamante con pesas, en alto nivel.<\/p>\n\n\n\n<p>La obra se emplaza al suroeste del actual camino de acceso a la localidad de Sierras Bayas con el fin de no afectar las edificaciones existentes. La longitud del camino transversal es de 762.42 m y se opt\u00f3 por un puente, que, desde el punto de vista estructural, responde a la tipolog\u00eda de \u201cPuente Viga\u201d, conformado mediante un tramo simplemente apoyado de 31.90 m de longitud.<\/p>\n\n\n\n<p>Las rotondas laterales tendr\u00e1n 50 metros de di\u00e1metro con banquinas internas y externas pavimentadas. Tambi\u00e9n incluye la se\u00f1alizaci\u00f3n vertical y horizontal del sector; y la iluminaci\u00f3n completa del distribuidor.<\/p>\n\n\n\n<p>\u201cEste proyecto vial facilitar\u00e1 el tr\u00e1nsito y la circulaci\u00f3n que existe actualmente de camiones vinculados con nuestra industria y brindar mayor seguridad para los usuarios disminuyendo los \u00edndices de accidentes\u201d, remarc\u00f3 Wesner y destaac\u00f3: \u201cFinalmente se hace realidad una obra que hace mucho los vecinos y las vecinas de Sierras Bayas y toda la regi\u00f3n est\u00e1n esperando\u201c.<\/p>\n","protected":false},"excerpt":{"rendered":"<p>El concejal y dirigente del Frente de Todos, Maximiliano Wesner, anunci\u00f3 el inminente inicio de la obra de acceso a<\/p>\n","protected":false},"author":3,"featured_media":1246,"comment_status":"open","ping_status":"open","sticky":false,"template":"","format":"standard","meta":{"colormag_page_container_layout":"default_layout","colormag_page_sidebar_layout":"default_layout","footnotes":""},"categories":[11,1,14],"tags":[79],"class_list":["post-1245","post","type-post","status-publish","format-standard","has-post-thumbnail","hentry","category-7ma-seccion","category-destacadas","category-politica","tag-municipalidad-de-olavarria"],"yoast_head":"<!-- This site is optimized with the Yoast SEO plugin v27.5 - https:\/\/yoast.com\/product\/yoast-seo-wordpress\/ -->\n<title>Comienza la reclamada obra para dotar de un nuevo acceso a Sierras Bayas - InfoPBA247<\/title>\n<meta name=\"robots\" content=\"index, follow, max-snippet:-1, max-image-preview:large, max-video-preview:-1\" \/>\n<link rel=\"canonical\" href=\"https:\/\/infopba247.com.ar\/index.php\/2023\/02\/28\/comienza-la-reclamada-obra-para-dotar-de-un-nuevo-acceso-a-sierras-bayas\/\" \/>\n<meta property=\"og:locale\" content=\"es_ES\" \/>\n<meta property=\"og:type\" content=\"article\" \/>\n<meta property=\"og:title\" content=\"Comienza la reclamada obra para dotar de un nuevo acceso a Sierras Bayas - InfoPBA247\" \/>\n<meta property=\"og:description\" content=\"El concejal y dirigente del Frente de Todos, Maximiliano Wesner, anunci\u00f3 el inminente inicio de la obra de acceso a\" \/>\n<meta property=\"og:url\" content=\"https:\/\/infopba247.com.ar\/index.php\/2023\/02\/28\/comienza-la-reclamada-obra-para-dotar-de-un-nuevo-acceso-a-sierras-bayas\/\" \/>\n<meta property=\"og:site_name\" content=\"InfoPBA247\" \/>\n<meta property=\"article:publisher\" content=\"https:\/\/www.facebook.com\/InfoPBA\" \/>\n<meta property=\"article:published_time\" content=\"2023-02-28T11:13:00+00:00\" \/>\n<meta property=\"article:modified_time\" content=\"2023-03-02T13:14:34+00:00\" \/>\n<meta property=\"og:image\" content=\"https:\/\/infopba247.com.ar\/wp-content\/uploads\/2023\/03\/Olavarria-obras.jpg\" \/>\n\t<meta property=\"og:image:width\" content=\"1402\" \/>\n\t<meta property=\"og:image:height\" content=\"936\" \/>\n\t<meta property=\"og:image:type\" content=\"image\/jpeg\" \/>\n<meta name=\"author\" content=\"Editor\" \/>\n<meta name=\"twitter:card\" content=\"summary_large_image\" \/>\n<meta name=\"twitter:label1\" content=\"Escrito por\" \/>\n\t<meta name=\"twitter:data1\" content=\"Editor\" \/>\n\t<meta name=\"twitter:label2\" content=\"Tiempo de lectura\" \/>\n\t<meta name=\"twitter:data2\" content=\"2 minutos\" \/>\n<script type=\"application\/ld+json\" class=\"yoast-schema-graph\">{\"@context\":\"https:\\\/\\\/schema.org\",\"@graph\":[{\"@type\":\"Article\",\"@id\":\"https:\\\/\\\/infopba247.com.ar\\\/index.php\\\/2023\\\/02\\\/28\\\/comienza-la-reclamada-obra-para-dotar-de-un-nuevo-acceso-a-sierras-bayas\\\/#article\",\"isPartOf\":{\"@id\":\"https:\\\/\\\/infopba247.com.ar\\\/index.php\\\/2023\\\/02\\\/28\\\/comienza-la-reclamada-obra-para-dotar-de-un-nuevo-acceso-a-sierras-bayas\\\/\"},\"author\":{\"name\":\"Editor\",\"@id\":\"https:\\\/\\\/infopba247.com.ar\\\/#\\\/schema\\\/person\\\/4975f1343a413e57bf839b3eed0099f2\"},\"headline\":\"Comienza la reclamada obra para dotar de un nuevo acceso a Sierras Bayas\",\"datePublished\":\"2023-02-28T11:13:00+00:00\",\"dateModified\":\"2023-03-02T13:14:34+00:00\",\"mainEntityOfPage\":{\"@id\":\"https:\\\/\\\/infopba247.com.ar\\\/index.php\\\/2023\\\/02\\\/28\\\/comienza-la-reclamada-obra-para-dotar-de-un-nuevo-acceso-a-sierras-bayas\\\/\"},\"wordCount\":345,\"commentCount\":0,\"publisher\":{\"@id\":\"https:\\\/\\\/infopba247.com.ar\\\/#organization\"},\"image\":{\"@id\":\"https:\\\/\\\/infopba247.com.ar\\\/index.php\\\/2023\\\/02\\\/28\\\/comienza-la-reclamada-obra-para-dotar-de-un-nuevo-acceso-a-sierras-bayas\\\/#primaryimage\"},\"thumbnailUrl\":\"https:\\\/\\\/infopba247.com.ar\\\/wp-content\\\/uploads\\\/2023\\\/03\\\/Olavarria-obras.jpg\",\"keywords\":[\"Municipalidad de Olavarria\"],\"articleSection\":[\"7ma Secci\u00f3n\",\"Destacadas\",\"Pol\u00edtica\"],\"inLanguage\":\"es\",\"potentialAction\":[{\"@type\":\"CommentAction\",\"name\":\"Comment\",\"target\":[\"https:\\\/\\\/infopba247.com.ar\\\/index.php\\\/2023\\\/02\\\/28\\\/comienza-la-reclamada-obra-para-dotar-de-un-nuevo-acceso-a-sierras-bayas\\\/#respond\"]}]},{\"@type\":\"WebPage\",\"@id\":\"https:\\\/\\\/infopba247.com.ar\\\/index.php\\\/2023\\\/02\\\/28\\\/comienza-la-reclamada-obra-para-dotar-de-un-nuevo-acceso-a-sierras-bayas\\\/\",\"url\":\"https:\\\/\\\/infopba247.com.ar\\\/index.php\\\/2023\\\/02\\\/28\\\/comienza-la-reclamada-obra-para-dotar-de-un-nuevo-acceso-a-sierras-bayas\\\/\",\"name\":\"Comienza la reclamada obra para dotar de un nuevo acceso a Sierras Bayas - InfoPBA247\",\"isPartOf\":{\"@id\":\"https:\\\/\\\/infopba247.com.ar\\\/#website\"},\"primaryImageOfPage\":{\"@id\":\"https:\\\/\\\/infopba247.com.ar\\\/index.php\\\/2023\\\/02\\\/28\\\/comienza-la-reclamada-obra-para-dotar-de-un-nuevo-acceso-a-sierras-bayas\\\/#primaryimage\"},\"image\":{\"@id\":\"https:\\\/\\\/infopba247.com.ar\\\/index.php\\\/2023\\\/02\\\/28\\\/comienza-la-reclamada-obra-para-dotar-de-un-nuevo-acceso-a-sierras-bayas\\\/#primaryimage\"},\"thumbnailUrl\":\"https:\\\/\\\/infopba247.com.ar\\\/wp-content\\\/uploads\\\/2023\\\/03\\\/Olavarria-obras.jpg\",\"datePublished\":\"2023-02-28T11:13:00+00:00\",\"dateModified\":\"2023-03-02T13:14:34+00:00\",\"breadcrumb\":{\"@id\":\"https:\\\/\\\/infopba247.com.ar\\\/index.php\\\/2023\\\/02\\\/28\\\/comienza-la-reclamada-obra-para-dotar-de-un-nuevo-acceso-a-sierras-bayas\\\/#breadcrumb\"},\"inLanguage\":\"es\",\"potentialAction\":[{\"@type\":\"ReadAction\",\"target\":[\"https:\\\/\\\/infopba247.com.ar\\\/index.php\\\/2023\\\/02\\\/28\\\/comienza-la-reclamada-obra-para-dotar-de-un-nuevo-acceso-a-sierras-bayas\\\/\"]}]},{\"@type\":\"ImageObject\",\"inLanguage\":\"es\",\"@id\":\"https:\\\/\\\/infopba247.com.ar\\\/index.php\\\/2023\\\/02\\\/28\\\/comienza-la-reclamada-obra-para-dotar-de-un-nuevo-acceso-a-sierras-bayas\\\/#primaryimage\",\"url\":\"https:\\\/\\\/infopba247.com.ar\\\/wp-content\\\/uploads\\\/2023\\\/03\\\/Olavarria-obras.jpg\",\"contentUrl\":\"https:\\\/\\\/infopba247.com.ar\\\/wp-content\\\/uploads\\\/2023\\\/03\\\/Olavarria-obras.jpg\",\"width\":1402,\"height\":936},{\"@type\":\"BreadcrumbList\",\"@id\":\"https:\\\/\\\/infopba247.com.ar\\\/index.php\\\/2023\\\/02\\\/28\\\/comienza-la-reclamada-obra-para-dotar-de-un-nuevo-acceso-a-sierras-bayas\\\/#breadcrumb\",\"itemListElement\":[{\"@type\":\"ListItem\",\"position\":1,\"name\":\"Portada\",\"item\":\"https:\\\/\\\/infopba247.com.ar\\\/\"},{\"@type\":\"ListItem\",\"position\":2,\"name\":\"Comienza la reclamada obra para dotar de un nuevo acceso a Sierras Bayas\"}]},{\"@type\":\"WebSite\",\"@id\":\"https:\\\/\\\/infopba247.com.ar\\\/#website\",\"url\":\"https:\\\/\\\/infopba247.com.ar\\\/\",\"name\":\"InfoPBA247\",\"description\":\"Toda la actualidad bonaerense\",\"publisher\":{\"@id\":\"https:\\\/\\\/infopba247.com.ar\\\/#organization\"},\"potentialAction\":[{\"@type\":\"SearchAction\",\"target\":{\"@type\":\"EntryPoint\",\"urlTemplate\":\"https:\\\/\\\/infopba247.com.ar\\\/?s={search_term_string}\"},\"query-input\":{\"@type\":\"PropertyValueSpecification\",\"valueRequired\":true,\"valueName\":\"search_term_string\"}}],\"inLanguage\":\"es\"},{\"@type\":\"Organization\",\"@id\":\"https:\\\/\\\/infopba247.com.ar\\\/#organization\",\"name\":\"InfoPBA247\",\"url\":\"https:\\\/\\\/infopba247.com.ar\\\/\",\"logo\":{\"@type\":\"ImageObject\",\"inLanguage\":\"es\",\"@id\":\"https:\\\/\\\/infopba247.com.ar\\\/#\\\/schema\\\/logo\\\/image\\\/\",\"url\":\"https:\\\/\\\/infopba247.com.ar\\\/wp-content\\\/uploads\\\/2022\\\/03\\\/cropped-InfoPBA247-1.png\",\"contentUrl\":\"https:\\\/\\\/infopba247.com.ar\\\/wp-content\\\/uploads\\\/2022\\\/03\\\/cropped-InfoPBA247-1.png\",\"width\":500,\"height\":122,\"caption\":\"InfoPBA247\"},\"image\":{\"@id\":\"https:\\\/\\\/infopba247.com.ar\\\/#\\\/schema\\\/logo\\\/image\\\/\"},\"sameAs\":[\"https:\\\/\\\/www.facebook.com\\\/InfoPBA\"]},{\"@type\":\"Person\",\"@id\":\"https:\\\/\\\/infopba247.com.ar\\\/#\\\/schema\\\/person\\\/4975f1343a413e57bf839b3eed0099f2\",\"name\":\"Editor\",\"image\":{\"@type\":\"ImageObject\",\"inLanguage\":\"es\",\"@id\":\"https:\\\/\\\/secure.gravatar.com\\\/avatar\\\/d27fe9520667ca53441d36627a1d6b0fa4a813571ec4803687a7a3a7744685ac?s=96&d=mm&r=g\",\"url\":\"https:\\\/\\\/secure.gravatar.com\\\/avatar\\\/d27fe9520667ca53441d36627a1d6b0fa4a813571ec4803687a7a3a7744685ac?s=96&d=mm&r=g\",\"contentUrl\":\"https:\\\/\\\/secure.gravatar.com\\\/avatar\\\/d27fe9520667ca53441d36627a1d6b0fa4a813571ec4803687a7a3a7744685ac?s=96&d=mm&r=g\",\"caption\":\"Editor\"},\"url\":\"https:\\\/\\\/infopba247.com.ar\\\/index.php\\\/author\\\/editor\\\/\"}]}<\/script>\n<!-- \/ Yoast SEO plugin. -->","yoast_head_json":{"title":"Comienza la reclamada obra para dotar de un nuevo acceso a Sierras Bayas - InfoPBA247","robots":{"index":"index","follow":"follow","max-snippet":"max-snippet:-1","max-image-preview":"max-image-preview:large","max-video-preview":"max-video-preview:-1"},"canonical":"https:\/\/infopba247.com.ar\/index.php\/2023\/02\/28\/comienza-la-reclamada-obra-para-dotar-de-un-nuevo-acceso-a-sierras-bayas\/","og_locale":"es_ES","og_type":"article","og_title":"Comienza la reclamada obra para dotar de un nuevo acceso a Sierras Bayas - InfoPBA247","og_description":"El concejal y dirigente del Frente de Todos, Maximiliano Wesner, anunci\u00f3 el inminente inicio de la obra de acceso a","og_url":"https:\/\/infopba247.com.ar\/index.php\/2023\/02\/28\/comienza-la-reclamada-obra-para-dotar-de-un-nuevo-acceso-a-sierras-bayas\/","og_site_name":"InfoPBA247","article_publisher":"https:\/\/www.facebook.com\/InfoPBA","article_published_time":"2023-02-28T11:13:00+00:00","article_modified_time":"2023-03-02T13:14:34+00:00","og_image":[{"width":1402,"height":936,"url":"https:\/\/infopba247.com.ar\/wp-content\/uploads\/2023\/03\/Olavarria-obras.jpg","type":"image\/jpeg"}],"author":"Editor","twitter_card":"summary_large_image","twitter_misc":{"Escrito por":"Editor","Tiempo de lectura":"2 minutos"},"schema":{"@context":"https:\/\/schema.org","@graph":[{"@type":"Article","@id":"https:\/\/infopba247.com.ar\/index.php\/2023\/02\/28\/comienza-la-reclamada-obra-para-dotar-de-un-nuevo-acceso-a-sierras-bayas\/#article","isPartOf":{"@id":"https:\/\/infopba247.com.ar\/index.php\/2023\/02\/28\/comienza-la-reclamada-obra-para-dotar-de-un-nuevo-acceso-a-sierras-bayas\/"},"author":{"name":"Editor","@id":"https:\/\/infopba247.com.ar\/#\/schema\/person\/4975f1343a413e57bf839b3eed0099f2"},"headline":"Comienza la reclamada obra para dotar de un nuevo acceso a Sierras Bayas","datePublished":"2023-02-28T11:13:00+00:00","dateModified":"2023-03-02T13:14:34+00:00","mainEntityOfPage":{"@id":"https:\/\/infopba247.com.ar\/index.php\/2023\/02\/28\/comienza-la-reclamada-obra-para-dotar-de-un-nuevo-acceso-a-sierras-bayas\/"},"wordCount":345,"commentCount":0,"publisher":{"@id":"https:\/\/infopba247.com.ar\/#organization"},"image":{"@id":"https:\/\/infopba247.com.ar\/index.php\/2023\/02\/28\/comienza-la-reclamada-obra-para-dotar-de-un-nuevo-acceso-a-sierras-bayas\/#primaryimage"},"thumbnailUrl":"https:\/\/infopba247.com.ar\/wp-content\/uploads\/2023\/03\/Olavarria-obras.jpg","keywords":["Municipalidad de Olavarria"],"articleSection":["7ma Secci\u00f3n","Destacadas","Pol\u00edtica"],"inLanguage":"es","potentialAction":[{"@type":"CommentAction","name":"Comment","target":["https:\/\/infopba247.com.ar\/index.php\/2023\/02\/28\/comienza-la-reclamada-obra-para-dotar-de-un-nuevo-acceso-a-sierras-bayas\/#respond"]}]},{"@type":"WebPage","@id":"https:\/\/infopba247.com.ar\/index.php\/2023\/02\/28\/comienza-la-reclamada-obra-para-dotar-de-un-nuevo-acceso-a-sierras-bayas\/","url":"https:\/\/infopba247.com.ar\/index.php\/2023\/02\/28\/comienza-la-reclamada-obra-para-dotar-de-un-nuevo-acceso-a-sierras-bayas\/","name":"Comienza la reclamada obra para dotar de un nuevo acceso a Sierras Bayas - InfoPBA247","isPartOf":{"@id":"https:\/\/infopba247.com.ar\/#website"},"primaryImageOfPage":{"@id":"https:\/\/infopba247.com.ar\/index.php\/2023\/02\/28\/comienza-la-reclamada-obra-para-dotar-de-un-nuevo-acceso-a-sierras-bayas\/#primaryimage"},"image":{"@id":"https:\/\/infopba247.com.ar\/index.php\/2023\/02\/28\/comienza-la-reclamada-obra-para-dotar-de-un-nuevo-acceso-a-sierras-bayas\/#primaryimage"},"thumbnailUrl":"https:\/\/infopba247.com.ar\/wp-content\/uploads\/2023\/03\/Olavarria-obras.jpg","datePublished":"2023-02-28T11:13:00+00:00","dateModified":"2023-03-02T13:14:34+00:00","breadcrumb":{"@id":"https:\/\/infopba247.com.ar\/index.php\/2023\/02\/28\/comienza-la-reclamada-obra-para-dotar-de-un-nuevo-acceso-a-sierras-bayas\/#breadcrumb"},"inLanguage":"es","potentialAction":[{"@type":"ReadAction","target":["https:\/\/infopba247.com.ar\/index.php\/2023\/02\/28\/comienza-la-reclamada-obra-para-dotar-de-un-nuevo-acceso-a-sierras-bayas\/"]}]},{"@type":"ImageObject","inLanguage":"es","@id":"https:\/\/infopba247.com.ar\/index.php\/2023\/02\/28\/comienza-la-reclamada-obra-para-dotar-de-un-nuevo-acceso-a-sierras-bayas\/#primaryimage","url":"https:\/\/infopba247.com.ar\/wp-content\/uploads\/2023\/03\/Olavarria-obras.jpg","contentUrl":"https:\/\/infopba247.com.ar\/wp-content\/uploads\/2023\/03\/Olavarria-obras.jpg","width":1402,"height":936},{"@type":"BreadcrumbList","@id":"https:\/\/infopba247.com.ar\/index.php\/2023\/02\/28\/comienza-la-reclamada-obra-para-dotar-de-un-nuevo-acceso-a-sierras-bayas\/#breadcrumb","itemListElement":[{"@type":"ListItem","position":1,"name":"Portada","item":"https:\/\/infopba247.com.ar\/"},{"@type":"ListItem","position":2,"name":"Comienza la reclamada obra para dotar de un nuevo acceso a Sierras Bayas"}]},{"@type":"WebSite","@id":"https:\/\/infopba247.com.ar\/#website","url":"https:\/\/infopba247.com.ar\/","name":"InfoPBA247","description":"Toda la actualidad bonaerense","publisher":{"@id":"https:\/\/infopba247.com.ar\/#organization"},"potentialAction":[{"@type":"SearchAction","target":{"@type":"EntryPoint","urlTemplate":"https:\/\/infopba247.com.ar\/?s={search_term_string}"},"query-input":{"@type":"PropertyValueSpecification","valueRequired":true,"valueName":"search_term_string"}}],"inLanguage":"es"},{"@type":"Organization","@id":"https:\/\/infopba247.com.ar\/#organization","name":"InfoPBA247","url":"https:\/\/infopba247.com.ar\/","logo":{"@type":"ImageObject","inLanguage":"es","@id":"https:\/\/infopba247.com.ar\/#\/schema\/logo\/image\/","url":"https:\/\/infopba247.com.ar\/wp-content\/uploads\/2022\/03\/cropped-InfoPBA247-1.png","contentUrl":"https:\/\/infopba247.com.ar\/wp-content\/uploads\/2022\/03\/cropped-InfoPBA247-1.png","width":500,"height":122,"caption":"InfoPBA247"},"image":{"@id":"https:\/\/infopba247.com.ar\/#\/schema\/logo\/image\/"},"sameAs":["https:\/\/www.facebook.com\/InfoPBA"]},{"@type":"Person","@id":"https:\/\/infopba247.com.ar\/#\/schema\/person\/4975f1343a413e57bf839b3eed0099f2","name":"Editor","image":{"@type":"ImageObject","inLanguage":"es","@id":"https:\/\/secure.gravatar.com\/avatar\/d27fe9520667ca53441d36627a1d6b0fa4a813571ec4803687a7a3a7744685ac?s=96&d=mm&r=g","url":"https:\/\/secure.gravatar.com\/avatar\/d27fe9520667ca53441d36627a1d6b0fa4a813571ec4803687a7a3a7744685ac?s=96&d=mm&r=g","contentUrl":"https:\/\/secure.gravatar.com\/avatar\/d27fe9520667ca53441d36627a1d6b0fa4a813571ec4803687a7a3a7744685ac?s=96&d=mm&r=g","caption":"Editor"},"url":"https:\/\/infopba247.com.ar\/index.php\/author\/editor\/"}]}},"_links":{"self":[{"href":"https:\/\/infopba247.com.ar\/index.php\/wp-json\/wp\/v2\/posts\/1245","targetHints":{"allow":["GET"]}}],"collection":[{"href":"https:\/\/infopba247.com.ar\/index.php\/wp-json\/wp\/v2\/posts"}],"about":[{"href":"https:\/\/infopba247.com.ar\/index.php\/wp-json\/wp\/v2\/types\/post"}],"author":[{"embeddable":true,"href":"https:\/\/infopba247.com.ar\/index.php\/wp-json\/wp\/v2\/users\/3"}],"replies":[{"embeddable":true,"href":"https:\/\/infopba247.com.ar\/index.php\/wp-json\/wp\/v2\/comments?post=1245"}],"version-history":[{"count":1,"href":"https:\/\/infopba247.com.ar\/index.php\/wp-json\/wp\/v2\/posts\/1245\/revisions"}],"predecessor-version":[{"id":1247,"href":"https:\/\/infopba247.com.ar\/index.php\/wp-json\/wp\/v2\/posts\/1245\/revisions\/1247"}],"wp:featuredmedia":[{"embeddable":true,"href":"https:\/\/infopba247.com.ar\/index.php\/wp-json\/wp\/v2\/media\/1246"}],"wp:attachment":[{"href":"https:\/\/infopba247.com.ar\/index.php\/wp-json\/wp\/v2\/media?parent=1245"}],"wp:term":[{"taxonomy":"category","embeddable":true,"href":"https:\/\/infopba247.com.ar\/index.php\/wp-json\/wp\/v2\/categories?post=1245"},{"taxonomy":"post_tag","embeddable":true,"href":"https:\/\/infopba247.com.ar\/index.php\/wp-json\/wp\/v2\/tags?post=1245"}],"curies":[{"name":"wp","href":"https:\/\/api.w.org\/{rel}","templated":true}]}}