{"id":124,"date":"2022-03-04T18:21:11","date_gmt":"2022-03-04T18:21:11","guid":{"rendered":"https:\/\/infopba247.com.ar\/?p=124"},"modified":"2022-03-04T18:21:11","modified_gmt":"2022-03-04T18:21:11","slug":"alberto-gelene-firmo-un-importante-convenio-con-el-presidente-del-bapro-para-potenciar-a-los-emprendedores","status":"publish","type":"post","link":"https:\/\/infopba247.com.ar\/index.php\/2022\/03\/04\/alberto-gelene-firmo-un-importante-convenio-con-el-presidente-del-bapro-para-potenciar-a-los-emprendedores\/","title":{"rendered":"Alberto Gelen\u00e9 firm\u00f3 un importante convenio con el presidente del BAPRO para potenciar a los emprendedores"},"content":{"rendered":"\n<p><strong>El intendente Alberto Gelen\u00e9, se reuni\u00f3 en el d\u00eda de ayer con el presidente del Banco de la Provincia de Buenos Aires, Juan Cuattromo. En el encuentro el intendente firm\u00f3 un nuevo convenio por la ampliaci\u00f3n de Microcr\u00e9ditos con tasa subsidiada por el Gobierno Municipal que apuesta a que los emprendedores puedan desarrollar sus proyectos a una tasa muy reducida potenciando su actividad. <\/strong><\/p>\n\n\n\n<p><strong>A trav\u00e9s de este convenio los emprendedores podr\u00e1n acceder a microcr\u00e9ditos de hasta 300 mil pesos.<\/strong><\/p>\n\n\n\n<p>Ya se vienen entregando m\u00e1s de 3 millones de pesos a microemprendimientos florenses beneficiando a muchas familias reinsert\u00e1ndolas en el mercado comercial y laboral.<\/p>\n","protected":false},"excerpt":{"rendered":"<p>El intendente Alberto Gelen\u00e9, se reuni\u00f3 en el d\u00eda de ayer con el presidente del Banco de la Provincia de<\/p>\n","protected":false},"author":2,"featured_media":125,"comment_status":"closed","ping_status":"closed","sticky":false,"template":"","format":"standard","meta":{"colormag_page_container_layout":"default_layout","colormag_page_sidebar_layout":"default_layout","footnotes":""},"categories":[9,16],"tags":[23,24],"class_list":["post-124","post","type-post","status-publish","format-standard","has-post-thumbnail","hentry","category-5ta-seccion","category-interes-general","tag-alberto-gelene","tag-municipalidad-de-las-flores"],"yoast_head":"<!-- This site is optimized with the Yoast SEO plugin v27.5 - https:\/\/yoast.com\/product\/yoast-seo-wordpress\/ -->\n<title>Alberto Gelen\u00e9 firm\u00f3 un importante convenio con el presidente del BAPRO para potenciar a los emprendedores - InfoPBA247<\/title>\n<meta name=\"robots\" content=\"index, follow, max-snippet:-1, max-image-preview:large, max-video-preview:-1\" \/>\n<link rel=\"canonical\" href=\"https:\/\/infopba247.com.ar\/index.php\/2022\/03\/04\/alberto-gelene-firmo-un-importante-convenio-con-el-presidente-del-bapro-para-potenciar-a-los-emprendedores\/\" \/>\n<meta property=\"og:locale\" content=\"es_ES\" \/>\n<meta property=\"og:type\" content=\"article\" \/>\n<meta property=\"og:title\" content=\"Alberto Gelen\u00e9 firm\u00f3 un importante convenio con el presidente del BAPRO para potenciar a los emprendedores - InfoPBA247\" \/>\n<meta property=\"og:description\" content=\"El intendente Alberto Gelen\u00e9, se reuni\u00f3 en el d\u00eda de ayer con el presidente del Banco de la Provincia de\" \/>\n<meta property=\"og:url\" content=\"https:\/\/infopba247.com.ar\/index.php\/2022\/03\/04\/alberto-gelene-firmo-un-importante-convenio-con-el-presidente-del-bapro-para-potenciar-a-los-emprendedores\/\" \/>\n<meta property=\"og:site_name\" content=\"InfoPBA247\" \/>\n<meta property=\"article:publisher\" content=\"https:\/\/www.facebook.com\/InfoPBA\" \/>\n<meta property=\"article:published_time\" content=\"2022-03-04T18:21:11+00:00\" \/>\n<meta property=\"og:image\" content=\"https:\/\/infopba247.com.ar\/wp-content\/uploads\/2022\/03\/Reunion-Banco-Provincia-1.jpg\" \/>\n\t<meta property=\"og:image:width\" content=\"1045\" \/>\n\t<meta property=\"og:image:height\" content=\"768\" \/>\n\t<meta property=\"og:image:type\" content=\"image\/jpeg\" \/>\n<meta name=\"twitter:card\" content=\"summary_large_image\" \/>\n<meta name=\"twitter:label1\" content=\"Escrito por\" \/>\n\t<meta name=\"twitter:data1\" content=\"\" \/>\n\t<meta name=\"twitter:label2\" content=\"Tiempo de lectura\" \/>\n\t<meta name=\"twitter:data2\" content=\"1 minuto\" \/>\n<script type=\"application\/ld+json\" class=\"yoast-schema-graph\">{\"@context\":\"https:\\\/\\\/schema.org\",\"@graph\":[{\"@type\":\"Article\",\"@id\":\"https:\\\/\\\/infopba247.com.ar\\\/index.php\\\/2022\\\/03\\\/04\\\/alberto-gelene-firmo-un-importante-convenio-con-el-presidente-del-bapro-para-potenciar-a-los-emprendedores\\\/#article\",\"isPartOf\":{\"@id\":\"https:\\\/\\\/infopba247.com.ar\\\/index.php\\\/2022\\\/03\\\/04\\\/alberto-gelene-firmo-un-importante-convenio-con-el-presidente-del-bapro-para-potenciar-a-los-emprendedores\\\/\"},\"author\":{\"name\":\"\",\"@id\":\"\"},\"headline\":\"Alberto Gelen\u00e9 firm\u00f3 un importante convenio con el presidente del BAPRO para potenciar a los emprendedores\",\"datePublished\":\"2022-03-04T18:21:11+00:00\",\"mainEntityOfPage\":{\"@id\":\"https:\\\/\\\/infopba247.com.ar\\\/index.php\\\/2022\\\/03\\\/04\\\/alberto-gelene-firmo-un-importante-convenio-con-el-presidente-del-bapro-para-potenciar-a-los-emprendedores\\\/\"},\"wordCount\":125,\"publisher\":{\"@id\":\"https:\\\/\\\/infopba247.com.ar\\\/#organization\"},\"image\":{\"@id\":\"https:\\\/\\\/infopba247.com.ar\\\/index.php\\\/2022\\\/03\\\/04\\\/alberto-gelene-firmo-un-importante-convenio-con-el-presidente-del-bapro-para-potenciar-a-los-emprendedores\\\/#primaryimage\"},\"thumbnailUrl\":\"https:\\\/\\\/infopba247.com.ar\\\/wp-content\\\/uploads\\\/2022\\\/03\\\/Reunion-Banco-Provincia-1.jpg\",\"keywords\":[\"Alberto Gelen\u00e9\",\"Municipalidad de Las Flores\"],\"articleSection\":[\"5ta Secci\u00f3n\",\"Inter\u00e9s General\"],\"inLanguage\":\"es\"},{\"@type\":\"WebPage\",\"@id\":\"https:\\\/\\\/infopba247.com.ar\\\/index.php\\\/2022\\\/03\\\/04\\\/alberto-gelene-firmo-un-importante-convenio-con-el-presidente-del-bapro-para-potenciar-a-los-emprendedores\\\/\",\"url\":\"https:\\\/\\\/infopba247.com.ar\\\/index.php\\\/2022\\\/03\\\/04\\\/alberto-gelene-firmo-un-importante-convenio-con-el-presidente-del-bapro-para-potenciar-a-los-emprendedores\\\/\",\"name\":\"Alberto Gelen\u00e9 firm\u00f3 un importante convenio con el presidente del BAPRO para potenciar a los emprendedores - InfoPBA247\",\"isPartOf\":{\"@id\":\"https:\\\/\\\/infopba247.com.ar\\\/#website\"},\"primaryImageOfPage\":{\"@id\":\"https:\\\/\\\/infopba247.com.ar\\\/index.php\\\/2022\\\/03\\\/04\\\/alberto-gelene-firmo-un-importante-convenio-con-el-presidente-del-bapro-para-potenciar-a-los-emprendedores\\\/#primaryimage\"},\"image\":{\"@id\":\"https:\\\/\\\/infopba247.com.ar\\\/index.php\\\/2022\\\/03\\\/04\\\/alberto-gelene-firmo-un-importante-convenio-con-el-presidente-del-bapro-para-potenciar-a-los-emprendedores\\\/#primaryimage\"},\"thumbnailUrl\":\"https:\\\/\\\/infopba247.com.ar\\\/wp-content\\\/uploads\\\/2022\\\/03\\\/Reunion-Banco-Provincia-1.jpg\",\"datePublished\":\"2022-03-04T18:21:11+00:00\",\"breadcrumb\":{\"@id\":\"https:\\\/\\\/infopba247.com.ar\\\/index.php\\\/2022\\\/03\\\/04\\\/alberto-gelene-firmo-un-importante-convenio-con-el-presidente-del-bapro-para-potenciar-a-los-emprendedores\\\/#breadcrumb\"},\"inLanguage\":\"es\",\"potentialAction\":[{\"@type\":\"ReadAction\",\"target\":[\"https:\\\/\\\/infopba247.com.ar\\\/index.php\\\/2022\\\/03\\\/04\\\/alberto-gelene-firmo-un-importante-convenio-con-el-presidente-del-bapro-para-potenciar-a-los-emprendedores\\\/\"]}]},{\"@type\":\"ImageObject\",\"inLanguage\":\"es\",\"@id\":\"https:\\\/\\\/infopba247.com.ar\\\/index.php\\\/2022\\\/03\\\/04\\\/alberto-gelene-firmo-un-importante-convenio-con-el-presidente-del-bapro-para-potenciar-a-los-emprendedores\\\/#primaryimage\",\"url\":\"https:\\\/\\\/infopba247.com.ar\\\/wp-content\\\/uploads\\\/2022\\\/03\\\/Reunion-Banco-Provincia-1.jpg\",\"contentUrl\":\"https:\\\/\\\/infopba247.com.ar\\\/wp-content\\\/uploads\\\/2022\\\/03\\\/Reunion-Banco-Provincia-1.jpg\",\"width\":1045,\"height\":768},{\"@type\":\"BreadcrumbList\",\"@id\":\"https:\\\/\\\/infopba247.com.ar\\\/index.php\\\/2022\\\/03\\\/04\\\/alberto-gelene-firmo-un-importante-convenio-con-el-presidente-del-bapro-para-potenciar-a-los-emprendedores\\\/#breadcrumb\",\"itemListElement\":[{\"@type\":\"ListItem\",\"position\":1,\"name\":\"Portada\",\"item\":\"https:\\\/\\\/infopba247.com.ar\\\/\"},{\"@type\":\"ListItem\",\"position\":2,\"name\":\"Alberto Gelen\u00e9 firm\u00f3 un importante convenio con el presidente del BAPRO para potenciar a los emprendedores\"}]},{\"@type\":\"WebSite\",\"@id\":\"https:\\\/\\\/infopba247.com.ar\\\/#website\",\"url\":\"https:\\\/\\\/infopba247.com.ar\\\/\",\"name\":\"InfoPBA247\",\"description\":\"Toda la actualidad bonaerense\",\"publisher\":{\"@id\":\"https:\\\/\\\/infopba247.com.ar\\\/#organization\"},\"potentialAction\":[{\"@type\":\"SearchAction\",\"target\":{\"@type\":\"EntryPoint\",\"urlTemplate\":\"https:\\\/\\\/infopba247.com.ar\\\/?s={search_term_string}\"},\"query-input\":{\"@type\":\"PropertyValueSpecification\",\"valueRequired\":true,\"valueName\":\"search_term_string\"}}],\"inLanguage\":\"es\"},{\"@type\":\"Organization\",\"@id\":\"https:\\\/\\\/infopba247.com.ar\\\/#organization\",\"name\":\"InfoPBA247\",\"url\":\"https:\\\/\\\/infopba247.com.ar\\\/\",\"logo\":{\"@type\":\"ImageObject\",\"inLanguage\":\"es\",\"@id\":\"https:\\\/\\\/infopba247.com.ar\\\/#\\\/schema\\\/logo\\\/image\\\/\",\"url\":\"https:\\\/\\\/infopba247.com.ar\\\/wp-content\\\/uploads\\\/2022\\\/03\\\/cropped-InfoPBA247-1.png\",\"contentUrl\":\"https:\\\/\\\/infopba247.com.ar\\\/wp-content\\\/uploads\\\/2022\\\/03\\\/cropped-InfoPBA247-1.png\",\"width\":500,\"height\":122,\"caption\":\"InfoPBA247\"},\"image\":{\"@id\":\"https:\\\/\\\/infopba247.com.ar\\\/#\\\/schema\\\/logo\\\/image\\\/\"},\"sameAs\":[\"https:\\\/\\\/www.facebook.com\\\/InfoPBA\"]},{\"@type\":\"Person\",\"@id\":\"\",\"url\":\"https:\\\/\\\/infopba247.com.ar\\\/index.php\\\/author\\\/\"}]}<\/script>\n<!-- \/ Yoast SEO plugin. -->","yoast_head_json":{"title":"Alberto Gelen\u00e9 firm\u00f3 un importante convenio con el presidente del BAPRO para potenciar a los emprendedores - InfoPBA247","robots":{"index":"index","follow":"follow","max-snippet":"max-snippet:-1","max-image-preview":"max-image-preview:large","max-video-preview":"max-video-preview:-1"},"canonical":"https:\/\/infopba247.com.ar\/index.php\/2022\/03\/04\/alberto-gelene-firmo-un-importante-convenio-con-el-presidente-del-bapro-para-potenciar-a-los-emprendedores\/","og_locale":"es_ES","og_type":"article","og_title":"Alberto Gelen\u00e9 firm\u00f3 un importante convenio con el presidente del BAPRO para potenciar a los emprendedores - InfoPBA247","og_description":"El intendente Alberto Gelen\u00e9, se reuni\u00f3 en el d\u00eda de ayer con el presidente del Banco de la Provincia de","og_url":"https:\/\/infopba247.com.ar\/index.php\/2022\/03\/04\/alberto-gelene-firmo-un-importante-convenio-con-el-presidente-del-bapro-para-potenciar-a-los-emprendedores\/","og_site_name":"InfoPBA247","article_publisher":"https:\/\/www.facebook.com\/InfoPBA","article_published_time":"2022-03-04T18:21:11+00:00","og_image":[{"width":1045,"height":768,"url":"https:\/\/infopba247.com.ar\/wp-content\/uploads\/2022\/03\/Reunion-Banco-Provincia-1.jpg","type":"image\/jpeg"}],"twitter_card":"summary_large_image","twitter_misc":{"Escrito por":"","Tiempo de lectura":"1 minuto"},"schema":{"@context":"https:\/\/schema.org","@graph":[{"@type":"Article","@id":"https:\/\/infopba247.com.ar\/index.php\/2022\/03\/04\/alberto-gelene-firmo-un-importante-convenio-con-el-presidente-del-bapro-para-potenciar-a-los-emprendedores\/#article","isPartOf":{"@id":"https:\/\/infopba247.com.ar\/index.php\/2022\/03\/04\/alberto-gelene-firmo-un-importante-convenio-con-el-presidente-del-bapro-para-potenciar-a-los-emprendedores\/"},"author":{"name":"","@id":""},"headline":"Alberto Gelen\u00e9 firm\u00f3 un importante convenio con el presidente del BAPRO para potenciar a los emprendedores","datePublished":"2022-03-04T18:21:11+00:00","mainEntityOfPage":{"@id":"https:\/\/infopba247.com.ar\/index.php\/2022\/03\/04\/alberto-gelene-firmo-un-importante-convenio-con-el-presidente-del-bapro-para-potenciar-a-los-emprendedores\/"},"wordCount":125,"publisher":{"@id":"https:\/\/infopba247.com.ar\/#organization"},"image":{"@id":"https:\/\/infopba247.com.ar\/index.php\/2022\/03\/04\/alberto-gelene-firmo-un-importante-convenio-con-el-presidente-del-bapro-para-potenciar-a-los-emprendedores\/#primaryimage"},"thumbnailUrl":"https:\/\/infopba247.com.ar\/wp-content\/uploads\/2022\/03\/Reunion-Banco-Provincia-1.jpg","keywords":["Alberto Gelen\u00e9","Municipalidad de Las Flores"],"articleSection":["5ta Secci\u00f3n","Inter\u00e9s General"],"inLanguage":"es"},{"@type":"WebPage","@id":"https:\/\/infopba247.com.ar\/index.php\/2022\/03\/04\/alberto-gelene-firmo-un-importante-convenio-con-el-presidente-del-bapro-para-potenciar-a-los-emprendedores\/","url":"https:\/\/infopba247.com.ar\/index.php\/2022\/03\/04\/alberto-gelene-firmo-un-importante-convenio-con-el-presidente-del-bapro-para-potenciar-a-los-emprendedores\/","name":"Alberto Gelen\u00e9 firm\u00f3 un importante convenio con el presidente del BAPRO para potenciar a los emprendedores - InfoPBA247","isPartOf":{"@id":"https:\/\/infopba247.com.ar\/#website"},"primaryImageOfPage":{"@id":"https:\/\/infopba247.com.ar\/index.php\/2022\/03\/04\/alberto-gelene-firmo-un-importante-convenio-con-el-presidente-del-bapro-para-potenciar-a-los-emprendedores\/#primaryimage"},"image":{"@id":"https:\/\/infopba247.com.ar\/index.php\/2022\/03\/04\/alberto-gelene-firmo-un-importante-convenio-con-el-presidente-del-bapro-para-potenciar-a-los-emprendedores\/#primaryimage"},"thumbnailUrl":"https:\/\/infopba247.com.ar\/wp-content\/uploads\/2022\/03\/Reunion-Banco-Provincia-1.jpg","datePublished":"2022-03-04T18:21:11+00:00","breadcrumb":{"@id":"https:\/\/infopba247.com.ar\/index.php\/2022\/03\/04\/alberto-gelene-firmo-un-importante-convenio-con-el-presidente-del-bapro-para-potenciar-a-los-emprendedores\/#breadcrumb"},"inLanguage":"es","potentialAction":[{"@type":"ReadAction","target":["https:\/\/infopba247.com.ar\/index.php\/2022\/03\/04\/alberto-gelene-firmo-un-importante-convenio-con-el-presidente-del-bapro-para-potenciar-a-los-emprendedores\/"]}]},{"@type":"ImageObject","inLanguage":"es","@id":"https:\/\/infopba247.com.ar\/index.php\/2022\/03\/04\/alberto-gelene-firmo-un-importante-convenio-con-el-presidente-del-bapro-para-potenciar-a-los-emprendedores\/#primaryimage","url":"https:\/\/infopba247.com.ar\/wp-content\/uploads\/2022\/03\/Reunion-Banco-Provincia-1.jpg","contentUrl":"https:\/\/infopba247.com.ar\/wp-content\/uploads\/2022\/03\/Reunion-Banco-Provincia-1.jpg","width":1045,"height":768},{"@type":"BreadcrumbList","@id":"https:\/\/infopba247.com.ar\/index.php\/2022\/03\/04\/alberto-gelene-firmo-un-importante-convenio-con-el-presidente-del-bapro-para-potenciar-a-los-emprendedores\/#breadcrumb","itemListElement":[{"@type":"ListItem","position":1,"name":"Portada","item":"https:\/\/infopba247.com.ar\/"},{"@type":"ListItem","position":2,"name":"Alberto Gelen\u00e9 firm\u00f3 un importante convenio con el presidente del BAPRO para potenciar a los emprendedores"}]},{"@type":"WebSite","@id":"https:\/\/infopba247.com.ar\/#website","url":"https:\/\/infopba247.com.ar\/","name":"InfoPBA247","description":"Toda la actualidad bonaerense","publisher":{"@id":"https:\/\/infopba247.com.ar\/#organization"},"potentialAction":[{"@type":"SearchAction","target":{"@type":"EntryPoint","urlTemplate":"https:\/\/infopba247.com.ar\/?s={search_term_string}"},"query-input":{"@type":"PropertyValueSpecification","valueRequired":true,"valueName":"search_term_string"}}],"inLanguage":"es"},{"@type":"Organization","@id":"https:\/\/infopba247.com.ar\/#organization","name":"InfoPBA247","url":"https:\/\/infopba247.com.ar\/","logo":{"@type":"ImageObject","inLanguage":"es","@id":"https:\/\/infopba247.com.ar\/#\/schema\/logo\/image\/","url":"https:\/\/infopba247.com.ar\/wp-content\/uploads\/2022\/03\/cropped-InfoPBA247-1.png","contentUrl":"https:\/\/infopba247.com.ar\/wp-content\/uploads\/2022\/03\/cropped-InfoPBA247-1.png","width":500,"height":122,"caption":"InfoPBA247"},"image":{"@id":"https:\/\/infopba247.com.ar\/#\/schema\/logo\/image\/"},"sameAs":["https:\/\/www.facebook.com\/InfoPBA"]},{"@type":"Person","@id":"","url":"https:\/\/infopba247.com.ar\/index.php\/author\/"}]}},"_links":{"self":[{"href":"https:\/\/infopba247.com.ar\/index.php\/wp-json\/wp\/v2\/posts\/124","targetHints":{"allow":["GET"]}}],"collection":[{"href":"https:\/\/infopba247.com.ar\/index.php\/wp-json\/wp\/v2\/posts"}],"about":[{"href":"https:\/\/infopba247.com.ar\/index.php\/wp-json\/wp\/v2\/types\/post"}],"author":[{"embeddable":true,"href":"https:\/\/infopba247.com.ar\/index.php\/wp-json\/wp\/v2\/users\/2"}],"replies":[{"embeddable":true,"href":"https:\/\/infopba247.com.ar\/index.php\/wp-json\/wp\/v2\/comments?post=124"}],"version-history":[{"count":1,"href":"https:\/\/infopba247.com.ar\/index.php\/wp-json\/wp\/v2\/posts\/124\/revisions"}],"predecessor-version":[{"id":126,"href":"https:\/\/infopba247.com.ar\/index.php\/wp-json\/wp\/v2\/posts\/124\/revisions\/126"}],"wp:featuredmedia":[{"embeddable":true,"href":"https:\/\/infopba247.com.ar\/index.php\/wp-json\/wp\/v2\/media\/125"}],"wp:attachment":[{"href":"https:\/\/infopba247.com.ar\/index.php\/wp-json\/wp\/v2\/media?parent=124"}],"wp:term":[{"taxonomy":"category","embeddable":true,"href":"https:\/\/infopba247.com.ar\/index.php\/wp-json\/wp\/v2\/categories?post=124"},{"taxonomy":"post_tag","embeddable":true,"href":"https:\/\/infopba247.com.ar\/index.php\/wp-json\/wp\/v2\/tags?post=124"}],"curies":[{"name":"wp","href":"https:\/\/api.w.org\/{rel}","templated":true}]}}