{"id":1191,"date":"2023-02-14T12:53:00","date_gmt":"2023-02-14T15:53:00","guid":{"rendered":"https:\/\/infopba247.com.ar\/?p=1191"},"modified":"2023-02-14T14:54:35","modified_gmt":"2023-02-14T17:54:35","slug":"ultimos-detalles-del-carnaval-de-la-region-2023","status":"publish","type":"post","link":"https:\/\/infopba247.com.ar\/index.php\/2023\/02\/14\/ultimos-detalles-del-carnaval-de-la-region-2023\/","title":{"rendered":"\u00daltimos detalles del carnaval de la regi\u00f3n 2023"},"content":{"rendered":"\n<p>Ya llega el carnaval de la Regi\u00f3n los d\u00edas 19 y 20 de febrero en la ciudad de Ensenada. Como todos los a\u00f1os, el desfile ser\u00e1 sobre calle La Merced, dando inicio en la intersecci\u00f3n de Horacio Cestino y culminando en Presidente Per\u00f3n.<\/p>\n\n\n\n<p>Con entrada totalmente libre y gratuita, se podr\u00e1 disfrutar del paso de 20 comparsas locales que han crecido en cantidad y calidad para ofrecerles a los visitantes un espect\u00e1culo de primer nivel. Esta edici\u00f3n 2023 contar\u00e1 con m\u00e1s de 2000 participantes.<\/p>\n\n\n\n<p>El evento, que dar\u00e1 inicio a las 20hs. y finalizar\u00e1 a las 00hs, siendo uno de los m\u00e1s esperados por miles de vecinos y vecinas de la ciudad y la provincia por el despliegue de color, brillo y alegr\u00eda que se transmite en las dos noches de festejo.<\/p>\n\n\n\n<p>Quienes deseen tomar fotograf\u00edas profesionales o realizar la cobertura para medios de comunicaci\u00f3n no ser\u00e1 necesario acreditarse previamente. Solo se solicitar\u00e1 respetar las indicaciones del personal que estar\u00e1 a cargo de la organizaci\u00f3n. Tambi\u00e9n se recuerda que las calles por donde se desfilar\u00e1 m\u00e1s las aleda\u00f1as estar\u00e1n cerradas al tr\u00e1nsito vehicular por lo que se solicita seguir las recomendaciones de estacionamiento o circulaci\u00f3n de los agentes apostados en dichos lugares.<\/p>\n\n\n\n<p>Con la restauraci\u00f3n de los feriados de carnaval en el a\u00f1o 2011, a trav\u00e9s de la presidencia de Cristina Fern\u00e1ndez de Kirchner, se recuper\u00f3 una de las expresiones culturales m\u00e1s importantes del pa\u00eds. Entendiendo la idea de devolverle la alegr\u00eda a la comunidad, desde hace 11 a\u00f1os, la Municipalidad de Ensenada organiza y trabaja con cada una de las comparsas locales para que el evento crezca a\u00fan m\u00e1s. En ese sentido, tambi\u00e9n se articulan tareas entre todas las \u00e1reas municipales y organismos de seguridad para garantizar el disfrute total del Carnaval de la Regi\u00f3n.<\/p>\n","protected":false},"excerpt":{"rendered":"<p>Ya llega el carnaval de la Regi\u00f3n los d\u00edas 19 y 20 de febrero en la ciudad de Ensenada. Como<\/p>\n","protected":false},"author":3,"featured_media":1192,"comment_status":"open","ping_status":"open","sticky":false,"template":"","format":"standard","meta":{"colormag_page_container_layout":"default_layout","colormag_page_sidebar_layout":"default_layout","footnotes":""},"categories":[7,1,14],"tags":[34],"class_list":["post-1191","post","type-post","status-publish","format-standard","has-post-thumbnail","hentry","category-3ra-seccion","category-destacadas","category-politica","tag-municipalidad-de-ensenada"],"yoast_head":"<!-- This site is optimized with the Yoast SEO plugin v27.5 - https:\/\/yoast.com\/product\/yoast-seo-wordpress\/ -->\n<title>\u00daltimos detalles del carnaval de la regi\u00f3n 2023 - InfoPBA247<\/title>\n<meta name=\"robots\" content=\"index, follow, max-snippet:-1, max-image-preview:large, max-video-preview:-1\" \/>\n<link rel=\"canonical\" href=\"https:\/\/infopba247.com.ar\/index.php\/2023\/02\/14\/ultimos-detalles-del-carnaval-de-la-region-2023\/\" \/>\n<meta property=\"og:locale\" content=\"es_ES\" \/>\n<meta property=\"og:type\" content=\"article\" \/>\n<meta property=\"og:title\" content=\"\u00daltimos detalles del carnaval de la regi\u00f3n 2023 - InfoPBA247\" \/>\n<meta property=\"og:description\" content=\"Ya llega el carnaval de la Regi\u00f3n los d\u00edas 19 y 20 de febrero en la ciudad de Ensenada. Como\" \/>\n<meta property=\"og:url\" content=\"https:\/\/infopba247.com.ar\/index.php\/2023\/02\/14\/ultimos-detalles-del-carnaval-de-la-region-2023\/\" \/>\n<meta property=\"og:site_name\" content=\"InfoPBA247\" \/>\n<meta property=\"article:publisher\" content=\"https:\/\/www.facebook.com\/InfoPBA\" \/>\n<meta property=\"article:published_time\" content=\"2023-02-14T15:53:00+00:00\" \/>\n<meta property=\"article:modified_time\" content=\"2023-02-14T17:54:35+00:00\" \/>\n<meta property=\"og:image\" content=\"https:\/\/infopba247.com.ar\/wp-content\/uploads\/2023\/02\/01-03-2022-Carnaval-Drone-3.jpg\" \/>\n\t<meta property=\"og:image:width\" content=\"1600\" \/>\n\t<meta property=\"og:image:height\" content=\"900\" \/>\n\t<meta property=\"og:image:type\" content=\"image\/jpeg\" \/>\n<meta name=\"author\" content=\"Editor\" \/>\n<meta name=\"twitter:card\" content=\"summary_large_image\" \/>\n<meta name=\"twitter:label1\" content=\"Escrito por\" \/>\n\t<meta name=\"twitter:data1\" content=\"Editor\" \/>\n\t<meta name=\"twitter:label2\" content=\"Tiempo de lectura\" \/>\n\t<meta name=\"twitter:data2\" content=\"2 minutos\" \/>\n<script type=\"application\/ld+json\" class=\"yoast-schema-graph\">{\"@context\":\"https:\\\/\\\/schema.org\",\"@graph\":[{\"@type\":\"Article\",\"@id\":\"https:\\\/\\\/infopba247.com.ar\\\/index.php\\\/2023\\\/02\\\/14\\\/ultimos-detalles-del-carnaval-de-la-region-2023\\\/#article\",\"isPartOf\":{\"@id\":\"https:\\\/\\\/infopba247.com.ar\\\/index.php\\\/2023\\\/02\\\/14\\\/ultimos-detalles-del-carnaval-de-la-region-2023\\\/\"},\"author\":{\"name\":\"Editor\",\"@id\":\"https:\\\/\\\/infopba247.com.ar\\\/#\\\/schema\\\/person\\\/4975f1343a413e57bf839b3eed0099f2\"},\"headline\":\"\u00daltimos detalles del carnaval de la regi\u00f3n 2023\",\"datePublished\":\"2023-02-14T15:53:00+00:00\",\"dateModified\":\"2023-02-14T17:54:35+00:00\",\"mainEntityOfPage\":{\"@id\":\"https:\\\/\\\/infopba247.com.ar\\\/index.php\\\/2023\\\/02\\\/14\\\/ultimos-detalles-del-carnaval-de-la-region-2023\\\/\"},\"wordCount\":328,\"commentCount\":0,\"publisher\":{\"@id\":\"https:\\\/\\\/infopba247.com.ar\\\/#organization\"},\"image\":{\"@id\":\"https:\\\/\\\/infopba247.com.ar\\\/index.php\\\/2023\\\/02\\\/14\\\/ultimos-detalles-del-carnaval-de-la-region-2023\\\/#primaryimage\"},\"thumbnailUrl\":\"https:\\\/\\\/infopba247.com.ar\\\/wp-content\\\/uploads\\\/2023\\\/02\\\/01-03-2022-Carnaval-Drone-3.jpg\",\"keywords\":[\"Municipalidad de Ensenada\"],\"articleSection\":[\"3ra Secci\u00f3n\",\"Destacadas\",\"Pol\u00edtica\"],\"inLanguage\":\"es\",\"potentialAction\":[{\"@type\":\"CommentAction\",\"name\":\"Comment\",\"target\":[\"https:\\\/\\\/infopba247.com.ar\\\/index.php\\\/2023\\\/02\\\/14\\\/ultimos-detalles-del-carnaval-de-la-region-2023\\\/#respond\"]}]},{\"@type\":\"WebPage\",\"@id\":\"https:\\\/\\\/infopba247.com.ar\\\/index.php\\\/2023\\\/02\\\/14\\\/ultimos-detalles-del-carnaval-de-la-region-2023\\\/\",\"url\":\"https:\\\/\\\/infopba247.com.ar\\\/index.php\\\/2023\\\/02\\\/14\\\/ultimos-detalles-del-carnaval-de-la-region-2023\\\/\",\"name\":\"\u00daltimos detalles del carnaval de la regi\u00f3n 2023 - InfoPBA247\",\"isPartOf\":{\"@id\":\"https:\\\/\\\/infopba247.com.ar\\\/#website\"},\"primaryImageOfPage\":{\"@id\":\"https:\\\/\\\/infopba247.com.ar\\\/index.php\\\/2023\\\/02\\\/14\\\/ultimos-detalles-del-carnaval-de-la-region-2023\\\/#primaryimage\"},\"image\":{\"@id\":\"https:\\\/\\\/infopba247.com.ar\\\/index.php\\\/2023\\\/02\\\/14\\\/ultimos-detalles-del-carnaval-de-la-region-2023\\\/#primaryimage\"},\"thumbnailUrl\":\"https:\\\/\\\/infopba247.com.ar\\\/wp-content\\\/uploads\\\/2023\\\/02\\\/01-03-2022-Carnaval-Drone-3.jpg\",\"datePublished\":\"2023-02-14T15:53:00+00:00\",\"dateModified\":\"2023-02-14T17:54:35+00:00\",\"breadcrumb\":{\"@id\":\"https:\\\/\\\/infopba247.com.ar\\\/index.php\\\/2023\\\/02\\\/14\\\/ultimos-detalles-del-carnaval-de-la-region-2023\\\/#breadcrumb\"},\"inLanguage\":\"es\",\"potentialAction\":[{\"@type\":\"ReadAction\",\"target\":[\"https:\\\/\\\/infopba247.com.ar\\\/index.php\\\/2023\\\/02\\\/14\\\/ultimos-detalles-del-carnaval-de-la-region-2023\\\/\"]}]},{\"@type\":\"ImageObject\",\"inLanguage\":\"es\",\"@id\":\"https:\\\/\\\/infopba247.com.ar\\\/index.php\\\/2023\\\/02\\\/14\\\/ultimos-detalles-del-carnaval-de-la-region-2023\\\/#primaryimage\",\"url\":\"https:\\\/\\\/infopba247.com.ar\\\/wp-content\\\/uploads\\\/2023\\\/02\\\/01-03-2022-Carnaval-Drone-3.jpg\",\"contentUrl\":\"https:\\\/\\\/infopba247.com.ar\\\/wp-content\\\/uploads\\\/2023\\\/02\\\/01-03-2022-Carnaval-Drone-3.jpg\",\"width\":1600,\"height\":900},{\"@type\":\"BreadcrumbList\",\"@id\":\"https:\\\/\\\/infopba247.com.ar\\\/index.php\\\/2023\\\/02\\\/14\\\/ultimos-detalles-del-carnaval-de-la-region-2023\\\/#breadcrumb\",\"itemListElement\":[{\"@type\":\"ListItem\",\"position\":1,\"name\":\"Portada\",\"item\":\"https:\\\/\\\/infopba247.com.ar\\\/\"},{\"@type\":\"ListItem\",\"position\":2,\"name\":\"\u00daltimos detalles del carnaval de la regi\u00f3n 2023\"}]},{\"@type\":\"WebSite\",\"@id\":\"https:\\\/\\\/infopba247.com.ar\\\/#website\",\"url\":\"https:\\\/\\\/infopba247.com.ar\\\/\",\"name\":\"InfoPBA247\",\"description\":\"Toda la actualidad bonaerense\",\"publisher\":{\"@id\":\"https:\\\/\\\/infopba247.com.ar\\\/#organization\"},\"potentialAction\":[{\"@type\":\"SearchAction\",\"target\":{\"@type\":\"EntryPoint\",\"urlTemplate\":\"https:\\\/\\\/infopba247.com.ar\\\/?s={search_term_string}\"},\"query-input\":{\"@type\":\"PropertyValueSpecification\",\"valueRequired\":true,\"valueName\":\"search_term_string\"}}],\"inLanguage\":\"es\"},{\"@type\":\"Organization\",\"@id\":\"https:\\\/\\\/infopba247.com.ar\\\/#organization\",\"name\":\"InfoPBA247\",\"url\":\"https:\\\/\\\/infopba247.com.ar\\\/\",\"logo\":{\"@type\":\"ImageObject\",\"inLanguage\":\"es\",\"@id\":\"https:\\\/\\\/infopba247.com.ar\\\/#\\\/schema\\\/logo\\\/image\\\/\",\"url\":\"https:\\\/\\\/infopba247.com.ar\\\/wp-content\\\/uploads\\\/2022\\\/03\\\/cropped-InfoPBA247-1.png\",\"contentUrl\":\"https:\\\/\\\/infopba247.com.ar\\\/wp-content\\\/uploads\\\/2022\\\/03\\\/cropped-InfoPBA247-1.png\",\"width\":500,\"height\":122,\"caption\":\"InfoPBA247\"},\"image\":{\"@id\":\"https:\\\/\\\/infopba247.com.ar\\\/#\\\/schema\\\/logo\\\/image\\\/\"},\"sameAs\":[\"https:\\\/\\\/www.facebook.com\\\/InfoPBA\"]},{\"@type\":\"Person\",\"@id\":\"https:\\\/\\\/infopba247.com.ar\\\/#\\\/schema\\\/person\\\/4975f1343a413e57bf839b3eed0099f2\",\"name\":\"Editor\",\"image\":{\"@type\":\"ImageObject\",\"inLanguage\":\"es\",\"@id\":\"https:\\\/\\\/secure.gravatar.com\\\/avatar\\\/d27fe9520667ca53441d36627a1d6b0fa4a813571ec4803687a7a3a7744685ac?s=96&d=mm&r=g\",\"url\":\"https:\\\/\\\/secure.gravatar.com\\\/avatar\\\/d27fe9520667ca53441d36627a1d6b0fa4a813571ec4803687a7a3a7744685ac?s=96&d=mm&r=g\",\"contentUrl\":\"https:\\\/\\\/secure.gravatar.com\\\/avatar\\\/d27fe9520667ca53441d36627a1d6b0fa4a813571ec4803687a7a3a7744685ac?s=96&d=mm&r=g\",\"caption\":\"Editor\"},\"url\":\"https:\\\/\\\/infopba247.com.ar\\\/index.php\\\/author\\\/editor\\\/\"}]}<\/script>\n<!-- \/ Yoast SEO plugin. -->","yoast_head_json":{"title":"\u00daltimos detalles del carnaval de la regi\u00f3n 2023 - InfoPBA247","robots":{"index":"index","follow":"follow","max-snippet":"max-snippet:-1","max-image-preview":"max-image-preview:large","max-video-preview":"max-video-preview:-1"},"canonical":"https:\/\/infopba247.com.ar\/index.php\/2023\/02\/14\/ultimos-detalles-del-carnaval-de-la-region-2023\/","og_locale":"es_ES","og_type":"article","og_title":"\u00daltimos detalles del carnaval de la regi\u00f3n 2023 - InfoPBA247","og_description":"Ya llega el carnaval de la Regi\u00f3n los d\u00edas 19 y 20 de febrero en la ciudad de Ensenada. Como","og_url":"https:\/\/infopba247.com.ar\/index.php\/2023\/02\/14\/ultimos-detalles-del-carnaval-de-la-region-2023\/","og_site_name":"InfoPBA247","article_publisher":"https:\/\/www.facebook.com\/InfoPBA","article_published_time":"2023-02-14T15:53:00+00:00","article_modified_time":"2023-02-14T17:54:35+00:00","og_image":[{"width":1600,"height":900,"url":"https:\/\/infopba247.com.ar\/wp-content\/uploads\/2023\/02\/01-03-2022-Carnaval-Drone-3.jpg","type":"image\/jpeg"}],"author":"Editor","twitter_card":"summary_large_image","twitter_misc":{"Escrito por":"Editor","Tiempo de lectura":"2 minutos"},"schema":{"@context":"https:\/\/schema.org","@graph":[{"@type":"Article","@id":"https:\/\/infopba247.com.ar\/index.php\/2023\/02\/14\/ultimos-detalles-del-carnaval-de-la-region-2023\/#article","isPartOf":{"@id":"https:\/\/infopba247.com.ar\/index.php\/2023\/02\/14\/ultimos-detalles-del-carnaval-de-la-region-2023\/"},"author":{"name":"Editor","@id":"https:\/\/infopba247.com.ar\/#\/schema\/person\/4975f1343a413e57bf839b3eed0099f2"},"headline":"\u00daltimos detalles del carnaval de la regi\u00f3n 2023","datePublished":"2023-02-14T15:53:00+00:00","dateModified":"2023-02-14T17:54:35+00:00","mainEntityOfPage":{"@id":"https:\/\/infopba247.com.ar\/index.php\/2023\/02\/14\/ultimos-detalles-del-carnaval-de-la-region-2023\/"},"wordCount":328,"commentCount":0,"publisher":{"@id":"https:\/\/infopba247.com.ar\/#organization"},"image":{"@id":"https:\/\/infopba247.com.ar\/index.php\/2023\/02\/14\/ultimos-detalles-del-carnaval-de-la-region-2023\/#primaryimage"},"thumbnailUrl":"https:\/\/infopba247.com.ar\/wp-content\/uploads\/2023\/02\/01-03-2022-Carnaval-Drone-3.jpg","keywords":["Municipalidad de Ensenada"],"articleSection":["3ra Secci\u00f3n","Destacadas","Pol\u00edtica"],"inLanguage":"es","potentialAction":[{"@type":"CommentAction","name":"Comment","target":["https:\/\/infopba247.com.ar\/index.php\/2023\/02\/14\/ultimos-detalles-del-carnaval-de-la-region-2023\/#respond"]}]},{"@type":"WebPage","@id":"https:\/\/infopba247.com.ar\/index.php\/2023\/02\/14\/ultimos-detalles-del-carnaval-de-la-region-2023\/","url":"https:\/\/infopba247.com.ar\/index.php\/2023\/02\/14\/ultimos-detalles-del-carnaval-de-la-region-2023\/","name":"\u00daltimos detalles del carnaval de la regi\u00f3n 2023 - InfoPBA247","isPartOf":{"@id":"https:\/\/infopba247.com.ar\/#website"},"primaryImageOfPage":{"@id":"https:\/\/infopba247.com.ar\/index.php\/2023\/02\/14\/ultimos-detalles-del-carnaval-de-la-region-2023\/#primaryimage"},"image":{"@id":"https:\/\/infopba247.com.ar\/index.php\/2023\/02\/14\/ultimos-detalles-del-carnaval-de-la-region-2023\/#primaryimage"},"thumbnailUrl":"https:\/\/infopba247.com.ar\/wp-content\/uploads\/2023\/02\/01-03-2022-Carnaval-Drone-3.jpg","datePublished":"2023-02-14T15:53:00+00:00","dateModified":"2023-02-14T17:54:35+00:00","breadcrumb":{"@id":"https:\/\/infopba247.com.ar\/index.php\/2023\/02\/14\/ultimos-detalles-del-carnaval-de-la-region-2023\/#breadcrumb"},"inLanguage":"es","potentialAction":[{"@type":"ReadAction","target":["https:\/\/infopba247.com.ar\/index.php\/2023\/02\/14\/ultimos-detalles-del-carnaval-de-la-region-2023\/"]}]},{"@type":"ImageObject","inLanguage":"es","@id":"https:\/\/infopba247.com.ar\/index.php\/2023\/02\/14\/ultimos-detalles-del-carnaval-de-la-region-2023\/#primaryimage","url":"https:\/\/infopba247.com.ar\/wp-content\/uploads\/2023\/02\/01-03-2022-Carnaval-Drone-3.jpg","contentUrl":"https:\/\/infopba247.com.ar\/wp-content\/uploads\/2023\/02\/01-03-2022-Carnaval-Drone-3.jpg","width":1600,"height":900},{"@type":"BreadcrumbList","@id":"https:\/\/infopba247.com.ar\/index.php\/2023\/02\/14\/ultimos-detalles-del-carnaval-de-la-region-2023\/#breadcrumb","itemListElement":[{"@type":"ListItem","position":1,"name":"Portada","item":"https:\/\/infopba247.com.ar\/"},{"@type":"ListItem","position":2,"name":"\u00daltimos detalles del carnaval de la regi\u00f3n 2023"}]},{"@type":"WebSite","@id":"https:\/\/infopba247.com.ar\/#website","url":"https:\/\/infopba247.com.ar\/","name":"InfoPBA247","description":"Toda la actualidad bonaerense","publisher":{"@id":"https:\/\/infopba247.com.ar\/#organization"},"potentialAction":[{"@type":"SearchAction","target":{"@type":"EntryPoint","urlTemplate":"https:\/\/infopba247.com.ar\/?s={search_term_string}"},"query-input":{"@type":"PropertyValueSpecification","valueRequired":true,"valueName":"search_term_string"}}],"inLanguage":"es"},{"@type":"Organization","@id":"https:\/\/infopba247.com.ar\/#organization","name":"InfoPBA247","url":"https:\/\/infopba247.com.ar\/","logo":{"@type":"ImageObject","inLanguage":"es","@id":"https:\/\/infopba247.com.ar\/#\/schema\/logo\/image\/","url":"https:\/\/infopba247.com.ar\/wp-content\/uploads\/2022\/03\/cropped-InfoPBA247-1.png","contentUrl":"https:\/\/infopba247.com.ar\/wp-content\/uploads\/2022\/03\/cropped-InfoPBA247-1.png","width":500,"height":122,"caption":"InfoPBA247"},"image":{"@id":"https:\/\/infopba247.com.ar\/#\/schema\/logo\/image\/"},"sameAs":["https:\/\/www.facebook.com\/InfoPBA"]},{"@type":"Person","@id":"https:\/\/infopba247.com.ar\/#\/schema\/person\/4975f1343a413e57bf839b3eed0099f2","name":"Editor","image":{"@type":"ImageObject","inLanguage":"es","@id":"https:\/\/secure.gravatar.com\/avatar\/d27fe9520667ca53441d36627a1d6b0fa4a813571ec4803687a7a3a7744685ac?s=96&d=mm&r=g","url":"https:\/\/secure.gravatar.com\/avatar\/d27fe9520667ca53441d36627a1d6b0fa4a813571ec4803687a7a3a7744685ac?s=96&d=mm&r=g","contentUrl":"https:\/\/secure.gravatar.com\/avatar\/d27fe9520667ca53441d36627a1d6b0fa4a813571ec4803687a7a3a7744685ac?s=96&d=mm&r=g","caption":"Editor"},"url":"https:\/\/infopba247.com.ar\/index.php\/author\/editor\/"}]}},"_links":{"self":[{"href":"https:\/\/infopba247.com.ar\/index.php\/wp-json\/wp\/v2\/posts\/1191","targetHints":{"allow":["GET"]}}],"collection":[{"href":"https:\/\/infopba247.com.ar\/index.php\/wp-json\/wp\/v2\/posts"}],"about":[{"href":"https:\/\/infopba247.com.ar\/index.php\/wp-json\/wp\/v2\/types\/post"}],"author":[{"embeddable":true,"href":"https:\/\/infopba247.com.ar\/index.php\/wp-json\/wp\/v2\/users\/3"}],"replies":[{"embeddable":true,"href":"https:\/\/infopba247.com.ar\/index.php\/wp-json\/wp\/v2\/comments?post=1191"}],"version-history":[{"count":1,"href":"https:\/\/infopba247.com.ar\/index.php\/wp-json\/wp\/v2\/posts\/1191\/revisions"}],"predecessor-version":[{"id":1193,"href":"https:\/\/infopba247.com.ar\/index.php\/wp-json\/wp\/v2\/posts\/1191\/revisions\/1193"}],"wp:featuredmedia":[{"embeddable":true,"href":"https:\/\/infopba247.com.ar\/index.php\/wp-json\/wp\/v2\/media\/1192"}],"wp:attachment":[{"href":"https:\/\/infopba247.com.ar\/index.php\/wp-json\/wp\/v2\/media?parent=1191"}],"wp:term":[{"taxonomy":"category","embeddable":true,"href":"https:\/\/infopba247.com.ar\/index.php\/wp-json\/wp\/v2\/categories?post=1191"},{"taxonomy":"post_tag","embeddable":true,"href":"https:\/\/infopba247.com.ar\/index.php\/wp-json\/wp\/v2\/tags?post=1191"}],"curies":[{"name":"wp","href":"https:\/\/api.w.org\/{rel}","templated":true}]}}