{"id":1158,"date":"2023-02-01T15:59:00","date_gmt":"2023-02-01T18:59:00","guid":{"rendered":"https:\/\/infopba247.com.ar\/?p=1158"},"modified":"2023-02-02T22:01:11","modified_gmt":"2023-02-03T01:01:11","slug":"fuego-y-humo-se-activaron-algunos-focos-de-incendio-en-la-reserva-de-punta-lara","status":"publish","type":"post","link":"https:\/\/infopba247.com.ar\/index.php\/2023\/02\/01\/fuego-y-humo-se-activaron-algunos-focos-de-incendio-en-la-reserva-de-punta-lara\/","title":{"rendered":"Fuego y humo: se activaron algunos focos de incendio en la Reserva de Punta Lara"},"content":{"rendered":"\n<p>Durante la jornada del martes la Municipalidad de Ensenada reforz\u00f3 las tareas al detectar nuevos focos de incendio en la Reserva de Punta Lara para evitar que las llamas vuelvan a propagarse por todo el predio.<\/p>\n\n\n\n<p>Las autoridades remarcaron que la situaci\u00f3n \u201cno es grave\u201d pero resaltaron que es fundamental trabajar cuanto antes para controlar el siniestro.<\/p>\n\n\n\n<p>En ese marco, voceros de la Secretaria de Seguridad de Ensenada comunicaron que aumentaron las dotaciones de Bomberos.<\/p>\n\n\n\n<p>Consultados sobre los motivos por los cuales se activaron estos focos, explicaron que en varios lugares qued\u00f3 brasa de los incendios que se registraron la semana pasada y \u201cel viento sopl\u00f3 y volvi\u00f3 a prender el fuego\u201d, afirmaron.<\/p>\n\n\n\n<p>\u201cSiempre queda una brasa y el viento sopl\u00f3 fuerte y reaviv\u00f3 las llamas. Eso es lo que pas\u00f3 hoy, no es nada grave pero es fundamental trabajar r\u00e1pido para que el incendio no se propague por el predio\u201d, completaron.<\/p>\n\n\n\n<p>Incendio en la Reserva de Punta Lara: \u201ccon el viento en algunos lugares se reaviv\u00f3 el fuego\u201d<\/p>\n\n\n\n<p>\u201cAyer con el viento en algunos lugares se reaviv\u00f3 el fuego, se ven\u00eda trabajando con focos muy peque\u00f1os, pero el viento hizo que se reaviven muchos focos m\u00e1s, sobre todo cerca de la divisi\u00f3n que hay entre las dos partes de la Reserva, que es el canal de Villa Elisa y el Camino Negro, si cruza hacia el lado de Berazategui ser\u00e1 complicado\u201d, dijo&nbsp; el secretario de Seguridad de Ensenada, Mart\u00edn Slobodian.<\/p>\n\n\n\n<p>Vale destacar que el pasado 26 de enero tambi\u00e9n se registraron incendios en la Reserva de Punta Lara y fueron controlados por bomberos \u201cmediante la utilizaci\u00f3n de camiones, helic\u00f3pteros, aviones hidrantes y la colaboraci\u00f3n del cuerpo de forestales y guardaparques\u201d.<\/p>\n","protected":false},"excerpt":{"rendered":"<p>Durante la jornada del martes la Municipalidad de Ensenada reforz\u00f3 las tareas al detectar nuevos focos de incendio en la<\/p>\n","protected":false},"author":3,"featured_media":1159,"comment_status":"open","ping_status":"open","sticky":false,"template":"","format":"standard","meta":{"colormag_page_container_layout":"default_layout","colormag_page_sidebar_layout":"default_layout","footnotes":""},"categories":[7,1,14],"tags":[34],"class_list":["post-1158","post","type-post","status-publish","format-standard","has-post-thumbnail","hentry","category-3ra-seccion","category-destacadas","category-politica","tag-municipalidad-de-ensenada"],"yoast_head":"<!-- This site is optimized with the Yoast SEO plugin v27.5 - https:\/\/yoast.com\/product\/yoast-seo-wordpress\/ -->\n<title>Fuego y humo: se activaron algunos focos de incendio en la Reserva de Punta Lara - InfoPBA247<\/title>\n<meta name=\"robots\" content=\"index, follow, max-snippet:-1, max-image-preview:large, max-video-preview:-1\" \/>\n<link rel=\"canonical\" href=\"https:\/\/infopba247.com.ar\/index.php\/2023\/02\/01\/fuego-y-humo-se-activaron-algunos-focos-de-incendio-en-la-reserva-de-punta-lara\/\" \/>\n<meta property=\"og:locale\" content=\"es_ES\" \/>\n<meta property=\"og:type\" content=\"article\" \/>\n<meta property=\"og:title\" content=\"Fuego y humo: se activaron algunos focos de incendio en la Reserva de Punta Lara - InfoPBA247\" \/>\n<meta property=\"og:description\" content=\"Durante la jornada del martes la Municipalidad de Ensenada reforz\u00f3 las tareas al detectar nuevos focos de incendio en la\" \/>\n<meta property=\"og:url\" content=\"https:\/\/infopba247.com.ar\/index.php\/2023\/02\/01\/fuego-y-humo-se-activaron-algunos-focos-de-incendio-en-la-reserva-de-punta-lara\/\" \/>\n<meta property=\"og:site_name\" content=\"InfoPBA247\" \/>\n<meta property=\"article:publisher\" content=\"https:\/\/www.facebook.com\/InfoPBA\" \/>\n<meta property=\"article:published_time\" content=\"2023-02-01T18:59:00+00:00\" \/>\n<meta property=\"article:modified_time\" content=\"2023-02-03T01:01:11+00:00\" \/>\n<meta property=\"og:image\" content=\"https:\/\/infopba247.com.ar\/wp-content\/uploads\/2023\/02\/bomberos.jpg\" \/>\n\t<meta property=\"og:image:width\" content=\"1200\" \/>\n\t<meta property=\"og:image:height\" content=\"800\" \/>\n\t<meta property=\"og:image:type\" content=\"image\/jpeg\" \/>\n<meta name=\"author\" content=\"Editor\" \/>\n<meta name=\"twitter:card\" content=\"summary_large_image\" \/>\n<meta name=\"twitter:label1\" content=\"Escrito por\" \/>\n\t<meta name=\"twitter:data1\" content=\"Editor\" \/>\n\t<meta name=\"twitter:label2\" content=\"Tiempo de lectura\" \/>\n\t<meta name=\"twitter:data2\" content=\"1 minuto\" \/>\n<script type=\"application\/ld+json\" class=\"yoast-schema-graph\">{\"@context\":\"https:\\\/\\\/schema.org\",\"@graph\":[{\"@type\":\"Article\",\"@id\":\"https:\\\/\\\/infopba247.com.ar\\\/index.php\\\/2023\\\/02\\\/01\\\/fuego-y-humo-se-activaron-algunos-focos-de-incendio-en-la-reserva-de-punta-lara\\\/#article\",\"isPartOf\":{\"@id\":\"https:\\\/\\\/infopba247.com.ar\\\/index.php\\\/2023\\\/02\\\/01\\\/fuego-y-humo-se-activaron-algunos-focos-de-incendio-en-la-reserva-de-punta-lara\\\/\"},\"author\":{\"name\":\"Editor\",\"@id\":\"https:\\\/\\\/infopba247.com.ar\\\/#\\\/schema\\\/person\\\/4975f1343a413e57bf839b3eed0099f2\"},\"headline\":\"Fuego y humo: se activaron algunos focos de incendio en la Reserva de Punta Lara\",\"datePublished\":\"2023-02-01T18:59:00+00:00\",\"dateModified\":\"2023-02-03T01:01:11+00:00\",\"mainEntityOfPage\":{\"@id\":\"https:\\\/\\\/infopba247.com.ar\\\/index.php\\\/2023\\\/02\\\/01\\\/fuego-y-humo-se-activaron-algunos-focos-de-incendio-en-la-reserva-de-punta-lara\\\/\"},\"wordCount\":307,\"commentCount\":0,\"publisher\":{\"@id\":\"https:\\\/\\\/infopba247.com.ar\\\/#organization\"},\"image\":{\"@id\":\"https:\\\/\\\/infopba247.com.ar\\\/index.php\\\/2023\\\/02\\\/01\\\/fuego-y-humo-se-activaron-algunos-focos-de-incendio-en-la-reserva-de-punta-lara\\\/#primaryimage\"},\"thumbnailUrl\":\"https:\\\/\\\/infopba247.com.ar\\\/wp-content\\\/uploads\\\/2023\\\/02\\\/bomberos.jpg\",\"keywords\":[\"Municipalidad de Ensenada\"],\"articleSection\":[\"3ra Secci\u00f3n\",\"Destacadas\",\"Pol\u00edtica\"],\"inLanguage\":\"es\",\"potentialAction\":[{\"@type\":\"CommentAction\",\"name\":\"Comment\",\"target\":[\"https:\\\/\\\/infopba247.com.ar\\\/index.php\\\/2023\\\/02\\\/01\\\/fuego-y-humo-se-activaron-algunos-focos-de-incendio-en-la-reserva-de-punta-lara\\\/#respond\"]}]},{\"@type\":\"WebPage\",\"@id\":\"https:\\\/\\\/infopba247.com.ar\\\/index.php\\\/2023\\\/02\\\/01\\\/fuego-y-humo-se-activaron-algunos-focos-de-incendio-en-la-reserva-de-punta-lara\\\/\",\"url\":\"https:\\\/\\\/infopba247.com.ar\\\/index.php\\\/2023\\\/02\\\/01\\\/fuego-y-humo-se-activaron-algunos-focos-de-incendio-en-la-reserva-de-punta-lara\\\/\",\"name\":\"Fuego y humo: se activaron algunos focos de incendio en la Reserva de Punta Lara - InfoPBA247\",\"isPartOf\":{\"@id\":\"https:\\\/\\\/infopba247.com.ar\\\/#website\"},\"primaryImageOfPage\":{\"@id\":\"https:\\\/\\\/infopba247.com.ar\\\/index.php\\\/2023\\\/02\\\/01\\\/fuego-y-humo-se-activaron-algunos-focos-de-incendio-en-la-reserva-de-punta-lara\\\/#primaryimage\"},\"image\":{\"@id\":\"https:\\\/\\\/infopba247.com.ar\\\/index.php\\\/2023\\\/02\\\/01\\\/fuego-y-humo-se-activaron-algunos-focos-de-incendio-en-la-reserva-de-punta-lara\\\/#primaryimage\"},\"thumbnailUrl\":\"https:\\\/\\\/infopba247.com.ar\\\/wp-content\\\/uploads\\\/2023\\\/02\\\/bomberos.jpg\",\"datePublished\":\"2023-02-01T18:59:00+00:00\",\"dateModified\":\"2023-02-03T01:01:11+00:00\",\"breadcrumb\":{\"@id\":\"https:\\\/\\\/infopba247.com.ar\\\/index.php\\\/2023\\\/02\\\/01\\\/fuego-y-humo-se-activaron-algunos-focos-de-incendio-en-la-reserva-de-punta-lara\\\/#breadcrumb\"},\"inLanguage\":\"es\",\"potentialAction\":[{\"@type\":\"ReadAction\",\"target\":[\"https:\\\/\\\/infopba247.com.ar\\\/index.php\\\/2023\\\/02\\\/01\\\/fuego-y-humo-se-activaron-algunos-focos-de-incendio-en-la-reserva-de-punta-lara\\\/\"]}]},{\"@type\":\"ImageObject\",\"inLanguage\":\"es\",\"@id\":\"https:\\\/\\\/infopba247.com.ar\\\/index.php\\\/2023\\\/02\\\/01\\\/fuego-y-humo-se-activaron-algunos-focos-de-incendio-en-la-reserva-de-punta-lara\\\/#primaryimage\",\"url\":\"https:\\\/\\\/infopba247.com.ar\\\/wp-content\\\/uploads\\\/2023\\\/02\\\/bomberos.jpg\",\"contentUrl\":\"https:\\\/\\\/infopba247.com.ar\\\/wp-content\\\/uploads\\\/2023\\\/02\\\/bomberos.jpg\",\"width\":1200,\"height\":800},{\"@type\":\"BreadcrumbList\",\"@id\":\"https:\\\/\\\/infopba247.com.ar\\\/index.php\\\/2023\\\/02\\\/01\\\/fuego-y-humo-se-activaron-algunos-focos-de-incendio-en-la-reserva-de-punta-lara\\\/#breadcrumb\",\"itemListElement\":[{\"@type\":\"ListItem\",\"position\":1,\"name\":\"Portada\",\"item\":\"https:\\\/\\\/infopba247.com.ar\\\/\"},{\"@type\":\"ListItem\",\"position\":2,\"name\":\"Fuego y humo: se activaron algunos focos de incendio en la Reserva de Punta Lara\"}]},{\"@type\":\"WebSite\",\"@id\":\"https:\\\/\\\/infopba247.com.ar\\\/#website\",\"url\":\"https:\\\/\\\/infopba247.com.ar\\\/\",\"name\":\"InfoPBA247\",\"description\":\"Toda la actualidad bonaerense\",\"publisher\":{\"@id\":\"https:\\\/\\\/infopba247.com.ar\\\/#organization\"},\"potentialAction\":[{\"@type\":\"SearchAction\",\"target\":{\"@type\":\"EntryPoint\",\"urlTemplate\":\"https:\\\/\\\/infopba247.com.ar\\\/?s={search_term_string}\"},\"query-input\":{\"@type\":\"PropertyValueSpecification\",\"valueRequired\":true,\"valueName\":\"search_term_string\"}}],\"inLanguage\":\"es\"},{\"@type\":\"Organization\",\"@id\":\"https:\\\/\\\/infopba247.com.ar\\\/#organization\",\"name\":\"InfoPBA247\",\"url\":\"https:\\\/\\\/infopba247.com.ar\\\/\",\"logo\":{\"@type\":\"ImageObject\",\"inLanguage\":\"es\",\"@id\":\"https:\\\/\\\/infopba247.com.ar\\\/#\\\/schema\\\/logo\\\/image\\\/\",\"url\":\"https:\\\/\\\/infopba247.com.ar\\\/wp-content\\\/uploads\\\/2022\\\/03\\\/cropped-InfoPBA247-1.png\",\"contentUrl\":\"https:\\\/\\\/infopba247.com.ar\\\/wp-content\\\/uploads\\\/2022\\\/03\\\/cropped-InfoPBA247-1.png\",\"width\":500,\"height\":122,\"caption\":\"InfoPBA247\"},\"image\":{\"@id\":\"https:\\\/\\\/infopba247.com.ar\\\/#\\\/schema\\\/logo\\\/image\\\/\"},\"sameAs\":[\"https:\\\/\\\/www.facebook.com\\\/InfoPBA\"]},{\"@type\":\"Person\",\"@id\":\"https:\\\/\\\/infopba247.com.ar\\\/#\\\/schema\\\/person\\\/4975f1343a413e57bf839b3eed0099f2\",\"name\":\"Editor\",\"image\":{\"@type\":\"ImageObject\",\"inLanguage\":\"es\",\"@id\":\"https:\\\/\\\/secure.gravatar.com\\\/avatar\\\/d27fe9520667ca53441d36627a1d6b0fa4a813571ec4803687a7a3a7744685ac?s=96&d=mm&r=g\",\"url\":\"https:\\\/\\\/secure.gravatar.com\\\/avatar\\\/d27fe9520667ca53441d36627a1d6b0fa4a813571ec4803687a7a3a7744685ac?s=96&d=mm&r=g\",\"contentUrl\":\"https:\\\/\\\/secure.gravatar.com\\\/avatar\\\/d27fe9520667ca53441d36627a1d6b0fa4a813571ec4803687a7a3a7744685ac?s=96&d=mm&r=g\",\"caption\":\"Editor\"},\"url\":\"https:\\\/\\\/infopba247.com.ar\\\/index.php\\\/author\\\/editor\\\/\"}]}<\/script>\n<!-- \/ Yoast SEO plugin. -->","yoast_head_json":{"title":"Fuego y humo: se activaron algunos focos de incendio en la Reserva de Punta Lara - InfoPBA247","robots":{"index":"index","follow":"follow","max-snippet":"max-snippet:-1","max-image-preview":"max-image-preview:large","max-video-preview":"max-video-preview:-1"},"canonical":"https:\/\/infopba247.com.ar\/index.php\/2023\/02\/01\/fuego-y-humo-se-activaron-algunos-focos-de-incendio-en-la-reserva-de-punta-lara\/","og_locale":"es_ES","og_type":"article","og_title":"Fuego y humo: se activaron algunos focos de incendio en la Reserva de Punta Lara - InfoPBA247","og_description":"Durante la jornada del martes la Municipalidad de Ensenada reforz\u00f3 las tareas al detectar nuevos focos de incendio en la","og_url":"https:\/\/infopba247.com.ar\/index.php\/2023\/02\/01\/fuego-y-humo-se-activaron-algunos-focos-de-incendio-en-la-reserva-de-punta-lara\/","og_site_name":"InfoPBA247","article_publisher":"https:\/\/www.facebook.com\/InfoPBA","article_published_time":"2023-02-01T18:59:00+00:00","article_modified_time":"2023-02-03T01:01:11+00:00","og_image":[{"width":1200,"height":800,"url":"https:\/\/infopba247.com.ar\/wp-content\/uploads\/2023\/02\/bomberos.jpg","type":"image\/jpeg"}],"author":"Editor","twitter_card":"summary_large_image","twitter_misc":{"Escrito por":"Editor","Tiempo de lectura":"1 minuto"},"schema":{"@context":"https:\/\/schema.org","@graph":[{"@type":"Article","@id":"https:\/\/infopba247.com.ar\/index.php\/2023\/02\/01\/fuego-y-humo-se-activaron-algunos-focos-de-incendio-en-la-reserva-de-punta-lara\/#article","isPartOf":{"@id":"https:\/\/infopba247.com.ar\/index.php\/2023\/02\/01\/fuego-y-humo-se-activaron-algunos-focos-de-incendio-en-la-reserva-de-punta-lara\/"},"author":{"name":"Editor","@id":"https:\/\/infopba247.com.ar\/#\/schema\/person\/4975f1343a413e57bf839b3eed0099f2"},"headline":"Fuego y humo: se activaron algunos focos de incendio en la Reserva de Punta Lara","datePublished":"2023-02-01T18:59:00+00:00","dateModified":"2023-02-03T01:01:11+00:00","mainEntityOfPage":{"@id":"https:\/\/infopba247.com.ar\/index.php\/2023\/02\/01\/fuego-y-humo-se-activaron-algunos-focos-de-incendio-en-la-reserva-de-punta-lara\/"},"wordCount":307,"commentCount":0,"publisher":{"@id":"https:\/\/infopba247.com.ar\/#organization"},"image":{"@id":"https:\/\/infopba247.com.ar\/index.php\/2023\/02\/01\/fuego-y-humo-se-activaron-algunos-focos-de-incendio-en-la-reserva-de-punta-lara\/#primaryimage"},"thumbnailUrl":"https:\/\/infopba247.com.ar\/wp-content\/uploads\/2023\/02\/bomberos.jpg","keywords":["Municipalidad de Ensenada"],"articleSection":["3ra Secci\u00f3n","Destacadas","Pol\u00edtica"],"inLanguage":"es","potentialAction":[{"@type":"CommentAction","name":"Comment","target":["https:\/\/infopba247.com.ar\/index.php\/2023\/02\/01\/fuego-y-humo-se-activaron-algunos-focos-de-incendio-en-la-reserva-de-punta-lara\/#respond"]}]},{"@type":"WebPage","@id":"https:\/\/infopba247.com.ar\/index.php\/2023\/02\/01\/fuego-y-humo-se-activaron-algunos-focos-de-incendio-en-la-reserva-de-punta-lara\/","url":"https:\/\/infopba247.com.ar\/index.php\/2023\/02\/01\/fuego-y-humo-se-activaron-algunos-focos-de-incendio-en-la-reserva-de-punta-lara\/","name":"Fuego y humo: se activaron algunos focos de incendio en la Reserva de Punta Lara - InfoPBA247","isPartOf":{"@id":"https:\/\/infopba247.com.ar\/#website"},"primaryImageOfPage":{"@id":"https:\/\/infopba247.com.ar\/index.php\/2023\/02\/01\/fuego-y-humo-se-activaron-algunos-focos-de-incendio-en-la-reserva-de-punta-lara\/#primaryimage"},"image":{"@id":"https:\/\/infopba247.com.ar\/index.php\/2023\/02\/01\/fuego-y-humo-se-activaron-algunos-focos-de-incendio-en-la-reserva-de-punta-lara\/#primaryimage"},"thumbnailUrl":"https:\/\/infopba247.com.ar\/wp-content\/uploads\/2023\/02\/bomberos.jpg","datePublished":"2023-02-01T18:59:00+00:00","dateModified":"2023-02-03T01:01:11+00:00","breadcrumb":{"@id":"https:\/\/infopba247.com.ar\/index.php\/2023\/02\/01\/fuego-y-humo-se-activaron-algunos-focos-de-incendio-en-la-reserva-de-punta-lara\/#breadcrumb"},"inLanguage":"es","potentialAction":[{"@type":"ReadAction","target":["https:\/\/infopba247.com.ar\/index.php\/2023\/02\/01\/fuego-y-humo-se-activaron-algunos-focos-de-incendio-en-la-reserva-de-punta-lara\/"]}]},{"@type":"ImageObject","inLanguage":"es","@id":"https:\/\/infopba247.com.ar\/index.php\/2023\/02\/01\/fuego-y-humo-se-activaron-algunos-focos-de-incendio-en-la-reserva-de-punta-lara\/#primaryimage","url":"https:\/\/infopba247.com.ar\/wp-content\/uploads\/2023\/02\/bomberos.jpg","contentUrl":"https:\/\/infopba247.com.ar\/wp-content\/uploads\/2023\/02\/bomberos.jpg","width":1200,"height":800},{"@type":"BreadcrumbList","@id":"https:\/\/infopba247.com.ar\/index.php\/2023\/02\/01\/fuego-y-humo-se-activaron-algunos-focos-de-incendio-en-la-reserva-de-punta-lara\/#breadcrumb","itemListElement":[{"@type":"ListItem","position":1,"name":"Portada","item":"https:\/\/infopba247.com.ar\/"},{"@type":"ListItem","position":2,"name":"Fuego y humo: se activaron algunos focos de incendio en la Reserva de Punta Lara"}]},{"@type":"WebSite","@id":"https:\/\/infopba247.com.ar\/#website","url":"https:\/\/infopba247.com.ar\/","name":"InfoPBA247","description":"Toda la actualidad bonaerense","publisher":{"@id":"https:\/\/infopba247.com.ar\/#organization"},"potentialAction":[{"@type":"SearchAction","target":{"@type":"EntryPoint","urlTemplate":"https:\/\/infopba247.com.ar\/?s={search_term_string}"},"query-input":{"@type":"PropertyValueSpecification","valueRequired":true,"valueName":"search_term_string"}}],"inLanguage":"es"},{"@type":"Organization","@id":"https:\/\/infopba247.com.ar\/#organization","name":"InfoPBA247","url":"https:\/\/infopba247.com.ar\/","logo":{"@type":"ImageObject","inLanguage":"es","@id":"https:\/\/infopba247.com.ar\/#\/schema\/logo\/image\/","url":"https:\/\/infopba247.com.ar\/wp-content\/uploads\/2022\/03\/cropped-InfoPBA247-1.png","contentUrl":"https:\/\/infopba247.com.ar\/wp-content\/uploads\/2022\/03\/cropped-InfoPBA247-1.png","width":500,"height":122,"caption":"InfoPBA247"},"image":{"@id":"https:\/\/infopba247.com.ar\/#\/schema\/logo\/image\/"},"sameAs":["https:\/\/www.facebook.com\/InfoPBA"]},{"@type":"Person","@id":"https:\/\/infopba247.com.ar\/#\/schema\/person\/4975f1343a413e57bf839b3eed0099f2","name":"Editor","image":{"@type":"ImageObject","inLanguage":"es","@id":"https:\/\/secure.gravatar.com\/avatar\/d27fe9520667ca53441d36627a1d6b0fa4a813571ec4803687a7a3a7744685ac?s=96&d=mm&r=g","url":"https:\/\/secure.gravatar.com\/avatar\/d27fe9520667ca53441d36627a1d6b0fa4a813571ec4803687a7a3a7744685ac?s=96&d=mm&r=g","contentUrl":"https:\/\/secure.gravatar.com\/avatar\/d27fe9520667ca53441d36627a1d6b0fa4a813571ec4803687a7a3a7744685ac?s=96&d=mm&r=g","caption":"Editor"},"url":"https:\/\/infopba247.com.ar\/index.php\/author\/editor\/"}]}},"_links":{"self":[{"href":"https:\/\/infopba247.com.ar\/index.php\/wp-json\/wp\/v2\/posts\/1158","targetHints":{"allow":["GET"]}}],"collection":[{"href":"https:\/\/infopba247.com.ar\/index.php\/wp-json\/wp\/v2\/posts"}],"about":[{"href":"https:\/\/infopba247.com.ar\/index.php\/wp-json\/wp\/v2\/types\/post"}],"author":[{"embeddable":true,"href":"https:\/\/infopba247.com.ar\/index.php\/wp-json\/wp\/v2\/users\/3"}],"replies":[{"embeddable":true,"href":"https:\/\/infopba247.com.ar\/index.php\/wp-json\/wp\/v2\/comments?post=1158"}],"version-history":[{"count":1,"href":"https:\/\/infopba247.com.ar\/index.php\/wp-json\/wp\/v2\/posts\/1158\/revisions"}],"predecessor-version":[{"id":1160,"href":"https:\/\/infopba247.com.ar\/index.php\/wp-json\/wp\/v2\/posts\/1158\/revisions\/1160"}],"wp:featuredmedia":[{"embeddable":true,"href":"https:\/\/infopba247.com.ar\/index.php\/wp-json\/wp\/v2\/media\/1159"}],"wp:attachment":[{"href":"https:\/\/infopba247.com.ar\/index.php\/wp-json\/wp\/v2\/media?parent=1158"}],"wp:term":[{"taxonomy":"category","embeddable":true,"href":"https:\/\/infopba247.com.ar\/index.php\/wp-json\/wp\/v2\/categories?post=1158"},{"taxonomy":"post_tag","embeddable":true,"href":"https:\/\/infopba247.com.ar\/index.php\/wp-json\/wp\/v2\/tags?post=1158"}],"curies":[{"name":"wp","href":"https:\/\/api.w.org\/{rel}","templated":true}]}}