{"id":113,"date":"2022-03-04T18:06:33","date_gmt":"2022-03-04T18:06:33","guid":{"rendered":"https:\/\/infopba247.com.ar\/?p=113"},"modified":"2022-03-04T18:17:46","modified_gmt":"2022-03-04T18:17:46","slug":"la-ministra-de-ambiente-daniela-vilar-junto-a-juan-ustarroz-encabezaron-un-encuentro-con-intendentes-en-mercedes","status":"publish","type":"post","link":"https:\/\/infopba247.com.ar\/index.php\/2022\/03\/04\/la-ministra-de-ambiente-daniela-vilar-junto-a-juan-ustarroz-encabezaron-un-encuentro-con-intendentes-en-mercedes\/","title":{"rendered":"La ministra de Ambiente Daniela Vilar junto a Juan Ustarroz, encabezaron un encuentro con intendentes en Mercedes"},"content":{"rendered":"\n<p><strong>La ministra de Ambiente de la Provincia de Buenos Aires, Daniela Vilar, particip\u00f3 de un encuentro con intendentes de la regi\u00f3n noreste en Mercedes. En el marco de la reuni\u00f3n, se dio inicio a un proceso de trabajo entre las autoridades y equipos t\u00e9cnicos municipales junto al Ministerio para poder elaborar un diagn\u00f3stico de las problem\u00e1ticas ambientales que afectan a la regi\u00f3n.<\/strong><\/p>\n\n\n\n<p>Uno de los ejes centrales que se propone la gesti\u00f3n de Vilar es el trabajo conjunto con los municipios. En este sentido, la ministra se\u00f1al\u00f3: \u201cla idea de este encuentro era ponernos a disposici\u00f3n y abrir este espacio de escucha. El Gobernador Axel Kicillof decidi\u00f3 crear este ministerio para jerarquizar la tem\u00e1tica ambiental y generar impactos concretos en cada territorio. Eso solo puede lograrse brindando herramientas a los municipios\u201d.<\/p>\n\n\n\n<p><strong>\u201cPara nosotros es muy positivo que la ministra se proponga la escucha activa, conocer las demandas de cada uno de los territorios y comunidades. Es fundamental avanzar en un diagn\u00f3stico participativo y la creaci\u00f3n de pol\u00edticas p\u00fablicas como Estado, sociedad, en comunidad\u201d, expres\u00f3 en tanto Juan Ustarroz, intendente de Mercedes.<\/strong><\/p>\n\n\n\n<p>A partir de la articulaci\u00f3n con los jefes comunales y la elaboraci\u00f3n del diagn\u00f3stico, se prev\u00e9 un proceso de dise\u00f1o e implementaci\u00f3n de pol\u00edticas ambientales que den respuestas a las problem\u00e1ticas que se presenten, ya que tal como asegur\u00f3 Vilar, \u201cson los gobiernos locales los que est\u00e1n en contacto permanente con las comunidades y saben de forma directa sus necesidades y preocupaciones. Ah\u00ed es donde se da la ejecuci\u00f3n de la pol\u00edtica p\u00fablica, por lo tanto, la transformaci\u00f3n de la vida, de la gente, de los pueblos\u201d.<\/p>\n\n\n\n<p><strong>Luego de la jornada, los equipos t\u00e9cnicos de los municipios y del Ministerio visitaron la Reserva Natural Arroyo Balta. All\u00ed realizaron una recorrida por el arroyo, el bosque de galer\u00eda y las lagunas artificiales que conforman este espacio natural a\u00fan en formaci\u00f3n. Adem\u00e1s, inauguraron el acceso que dar\u00e1 la bienvenida a turistas, vecinos y vecinas, para que puedan disfrutar, al aire libre, de este atractivo natural.<\/strong><\/p>\n\n\n\n<p>Del encuentro participaron los intendentes Juan Ustarroz (Mercedes), Leonardo Botto (Luj\u00e1n), Iv\u00e1n Villagr\u00e1n (Carmen de Areco), Javier Osuna (Las Heras), Facundo Diz (Navarro), Miguel Gesualdi (San Andr\u00e9s de Giles), Mauro Garc\u00eda (General Rodr\u00edguez), Hern\u00e1n Ralinqueo (25 de Mayo), y el equipo del intendente Ricardo Curutchet (Marcos Paz).<\/p>\n\n\n\n<p>Asimismo, estuvieron presentes el subsecretario de Asuntos Municipales de la provincia de Buenos Aires, Santiago R\u00e9vora; la subsecretaria de Residuos S\u00f3lidos Urbanos y Econom\u00eda Circular del Ministerio, Jackie Flores; Tamara Basteiro, Mat\u00edas Fernandez, Hernan Hougassian, Silvia R\u00e9vora y Juan Cruz Mend\u00eda del equipo de Ambiente.<\/p>\n","protected":false},"excerpt":{"rendered":"<p>La ministra de Ambiente de la Provincia de Buenos Aires, Daniela Vilar, particip\u00f3 de un encuentro con intendentes de la<\/p>\n","protected":false},"author":2,"featured_media":114,"comment_status":"closed","ping_status":"closed","sticky":false,"template":"","format":"standard","meta":{"colormag_page_container_layout":"default_layout","colormag_page_sidebar_layout":"default_layout","footnotes":""},"categories":[5,1,14],"tags":[21,22],"class_list":["post-113","post","type-post","status-publish","format-standard","has-post-thumbnail","hentry","category-1ra-seccion","category-destacadas","category-politica","tag-daniela-vilar","tag-municipalidad-de-mercedes"],"yoast_head":"<!-- This site is optimized with the Yoast SEO plugin v27.4 - https:\/\/yoast.com\/product\/yoast-seo-wordpress\/ -->\n<title>La ministra de Ambiente Daniela Vilar junto a Juan Ustarroz, encabezaron un encuentro con intendentes en Mercedes - InfoPBA247<\/title>\n<meta name=\"robots\" content=\"index, follow, max-snippet:-1, max-image-preview:large, max-video-preview:-1\" \/>\n<link rel=\"canonical\" href=\"https:\/\/infopba247.com.ar\/index.php\/2022\/03\/04\/la-ministra-de-ambiente-daniela-vilar-junto-a-juan-ustarroz-encabezaron-un-encuentro-con-intendentes-en-mercedes\/\" \/>\n<meta property=\"og:locale\" content=\"es_ES\" \/>\n<meta property=\"og:type\" content=\"article\" \/>\n<meta property=\"og:title\" content=\"La ministra de Ambiente Daniela Vilar junto a Juan Ustarroz, encabezaron un encuentro con intendentes en Mercedes - InfoPBA247\" \/>\n<meta property=\"og:description\" content=\"La ministra de Ambiente de la Provincia de Buenos Aires, Daniela Vilar, particip\u00f3 de un encuentro con intendentes de la\" \/>\n<meta property=\"og:url\" content=\"https:\/\/infopba247.com.ar\/index.php\/2022\/03\/04\/la-ministra-de-ambiente-daniela-vilar-junto-a-juan-ustarroz-encabezaron-un-encuentro-con-intendentes-en-mercedes\/\" \/>\n<meta property=\"og:site_name\" content=\"InfoPBA247\" \/>\n<meta property=\"article:publisher\" content=\"https:\/\/www.facebook.com\/InfoPBA\" \/>\n<meta property=\"article:published_time\" content=\"2022-03-04T18:06:33+00:00\" \/>\n<meta property=\"article:modified_time\" content=\"2022-03-04T18:17:46+00:00\" \/>\n<meta property=\"og:image\" content=\"https:\/\/infopba247.com.ar\/wp-content\/uploads\/2022\/03\/WhatsApp-Image-2022-02-09-at-21.26.14.jpeg\" \/>\n\t<meta property=\"og:image:width\" content=\"1024\" \/>\n\t<meta property=\"og:image:height\" content=\"682\" \/>\n\t<meta property=\"og:image:type\" content=\"image\/jpeg\" \/>\n<meta name=\"twitter:card\" content=\"summary_large_image\" \/>\n<meta name=\"twitter:label1\" content=\"Escrito por\" \/>\n\t<meta name=\"twitter:data1\" content=\"\" \/>\n\t<meta name=\"twitter:label2\" content=\"Tiempo de lectura\" \/>\n\t<meta name=\"twitter:data2\" content=\"2 minutos\" \/>\n<script type=\"application\/ld+json\" class=\"yoast-schema-graph\">{\"@context\":\"https:\\\/\\\/schema.org\",\"@graph\":[{\"@type\":\"Article\",\"@id\":\"https:\\\/\\\/infopba247.com.ar\\\/index.php\\\/2022\\\/03\\\/04\\\/la-ministra-de-ambiente-daniela-vilar-junto-a-juan-ustarroz-encabezaron-un-encuentro-con-intendentes-en-mercedes\\\/#article\",\"isPartOf\":{\"@id\":\"https:\\\/\\\/infopba247.com.ar\\\/index.php\\\/2022\\\/03\\\/04\\\/la-ministra-de-ambiente-daniela-vilar-junto-a-juan-ustarroz-encabezaron-un-encuentro-con-intendentes-en-mercedes\\\/\"},\"author\":{\"name\":\"\",\"@id\":\"\"},\"headline\":\"La ministra de Ambiente Daniela Vilar junto a Juan Ustarroz, encabezaron un encuentro con intendentes en Mercedes\",\"datePublished\":\"2022-03-04T18:06:33+00:00\",\"dateModified\":\"2022-03-04T18:17:46+00:00\",\"mainEntityOfPage\":{\"@id\":\"https:\\\/\\\/infopba247.com.ar\\\/index.php\\\/2022\\\/03\\\/04\\\/la-ministra-de-ambiente-daniela-vilar-junto-a-juan-ustarroz-encabezaron-un-encuentro-con-intendentes-en-mercedes\\\/\"},\"wordCount\":486,\"publisher\":{\"@id\":\"https:\\\/\\\/infopba247.com.ar\\\/#organization\"},\"image\":{\"@id\":\"https:\\\/\\\/infopba247.com.ar\\\/index.php\\\/2022\\\/03\\\/04\\\/la-ministra-de-ambiente-daniela-vilar-junto-a-juan-ustarroz-encabezaron-un-encuentro-con-intendentes-en-mercedes\\\/#primaryimage\"},\"thumbnailUrl\":\"https:\\\/\\\/infopba247.com.ar\\\/wp-content\\\/uploads\\\/2022\\\/03\\\/WhatsApp-Image-2022-02-09-at-21.26.14.jpeg\",\"keywords\":[\"Daniela Vilar\",\"Municipalidad de Mercedes\"],\"articleSection\":[\"1ra Secci\u00f3n\",\"Destacadas\",\"Pol\u00edtica\"],\"inLanguage\":\"es\"},{\"@type\":\"WebPage\",\"@id\":\"https:\\\/\\\/infopba247.com.ar\\\/index.php\\\/2022\\\/03\\\/04\\\/la-ministra-de-ambiente-daniela-vilar-junto-a-juan-ustarroz-encabezaron-un-encuentro-con-intendentes-en-mercedes\\\/\",\"url\":\"https:\\\/\\\/infopba247.com.ar\\\/index.php\\\/2022\\\/03\\\/04\\\/la-ministra-de-ambiente-daniela-vilar-junto-a-juan-ustarroz-encabezaron-un-encuentro-con-intendentes-en-mercedes\\\/\",\"name\":\"La ministra de Ambiente Daniela Vilar junto a Juan Ustarroz, encabezaron un encuentro con intendentes en Mercedes - InfoPBA247\",\"isPartOf\":{\"@id\":\"https:\\\/\\\/infopba247.com.ar\\\/#website\"},\"primaryImageOfPage\":{\"@id\":\"https:\\\/\\\/infopba247.com.ar\\\/index.php\\\/2022\\\/03\\\/04\\\/la-ministra-de-ambiente-daniela-vilar-junto-a-juan-ustarroz-encabezaron-un-encuentro-con-intendentes-en-mercedes\\\/#primaryimage\"},\"image\":{\"@id\":\"https:\\\/\\\/infopba247.com.ar\\\/index.php\\\/2022\\\/03\\\/04\\\/la-ministra-de-ambiente-daniela-vilar-junto-a-juan-ustarroz-encabezaron-un-encuentro-con-intendentes-en-mercedes\\\/#primaryimage\"},\"thumbnailUrl\":\"https:\\\/\\\/infopba247.com.ar\\\/wp-content\\\/uploads\\\/2022\\\/03\\\/WhatsApp-Image-2022-02-09-at-21.26.14.jpeg\",\"datePublished\":\"2022-03-04T18:06:33+00:00\",\"dateModified\":\"2022-03-04T18:17:46+00:00\",\"breadcrumb\":{\"@id\":\"https:\\\/\\\/infopba247.com.ar\\\/index.php\\\/2022\\\/03\\\/04\\\/la-ministra-de-ambiente-daniela-vilar-junto-a-juan-ustarroz-encabezaron-un-encuentro-con-intendentes-en-mercedes\\\/#breadcrumb\"},\"inLanguage\":\"es\",\"potentialAction\":[{\"@type\":\"ReadAction\",\"target\":[\"https:\\\/\\\/infopba247.com.ar\\\/index.php\\\/2022\\\/03\\\/04\\\/la-ministra-de-ambiente-daniela-vilar-junto-a-juan-ustarroz-encabezaron-un-encuentro-con-intendentes-en-mercedes\\\/\"]}]},{\"@type\":\"ImageObject\",\"inLanguage\":\"es\",\"@id\":\"https:\\\/\\\/infopba247.com.ar\\\/index.php\\\/2022\\\/03\\\/04\\\/la-ministra-de-ambiente-daniela-vilar-junto-a-juan-ustarroz-encabezaron-un-encuentro-con-intendentes-en-mercedes\\\/#primaryimage\",\"url\":\"https:\\\/\\\/infopba247.com.ar\\\/wp-content\\\/uploads\\\/2022\\\/03\\\/WhatsApp-Image-2022-02-09-at-21.26.14.jpeg\",\"contentUrl\":\"https:\\\/\\\/infopba247.com.ar\\\/wp-content\\\/uploads\\\/2022\\\/03\\\/WhatsApp-Image-2022-02-09-at-21.26.14.jpeg\",\"width\":1024,\"height\":682},{\"@type\":\"BreadcrumbList\",\"@id\":\"https:\\\/\\\/infopba247.com.ar\\\/index.php\\\/2022\\\/03\\\/04\\\/la-ministra-de-ambiente-daniela-vilar-junto-a-juan-ustarroz-encabezaron-un-encuentro-con-intendentes-en-mercedes\\\/#breadcrumb\",\"itemListElement\":[{\"@type\":\"ListItem\",\"position\":1,\"name\":\"Portada\",\"item\":\"https:\\\/\\\/infopba247.com.ar\\\/\"},{\"@type\":\"ListItem\",\"position\":2,\"name\":\"La ministra de Ambiente Daniela Vilar junto a Juan Ustarroz, encabezaron un encuentro con intendentes en Mercedes\"}]},{\"@type\":\"WebSite\",\"@id\":\"https:\\\/\\\/infopba247.com.ar\\\/#website\",\"url\":\"https:\\\/\\\/infopba247.com.ar\\\/\",\"name\":\"InfoPBA247\",\"description\":\"Toda la actualidad bonaerense\",\"publisher\":{\"@id\":\"https:\\\/\\\/infopba247.com.ar\\\/#organization\"},\"potentialAction\":[{\"@type\":\"SearchAction\",\"target\":{\"@type\":\"EntryPoint\",\"urlTemplate\":\"https:\\\/\\\/infopba247.com.ar\\\/?s={search_term_string}\"},\"query-input\":{\"@type\":\"PropertyValueSpecification\",\"valueRequired\":true,\"valueName\":\"search_term_string\"}}],\"inLanguage\":\"es\"},{\"@type\":\"Organization\",\"@id\":\"https:\\\/\\\/infopba247.com.ar\\\/#organization\",\"name\":\"InfoPBA247\",\"url\":\"https:\\\/\\\/infopba247.com.ar\\\/\",\"logo\":{\"@type\":\"ImageObject\",\"inLanguage\":\"es\",\"@id\":\"https:\\\/\\\/infopba247.com.ar\\\/#\\\/schema\\\/logo\\\/image\\\/\",\"url\":\"https:\\\/\\\/infopba247.com.ar\\\/wp-content\\\/uploads\\\/2022\\\/03\\\/cropped-InfoPBA247-1.png\",\"contentUrl\":\"https:\\\/\\\/infopba247.com.ar\\\/wp-content\\\/uploads\\\/2022\\\/03\\\/cropped-InfoPBA247-1.png\",\"width\":500,\"height\":122,\"caption\":\"InfoPBA247\"},\"image\":{\"@id\":\"https:\\\/\\\/infopba247.com.ar\\\/#\\\/schema\\\/logo\\\/image\\\/\"},\"sameAs\":[\"https:\\\/\\\/www.facebook.com\\\/InfoPBA\"]},{\"@type\":\"Person\",\"@id\":\"\",\"url\":\"https:\\\/\\\/infopba247.com.ar\\\/index.php\\\/author\\\/\"}]}<\/script>\n<!-- \/ Yoast SEO plugin. -->","yoast_head_json":{"title":"La ministra de Ambiente Daniela Vilar junto a Juan Ustarroz, encabezaron un encuentro con intendentes en Mercedes - InfoPBA247","robots":{"index":"index","follow":"follow","max-snippet":"max-snippet:-1","max-image-preview":"max-image-preview:large","max-video-preview":"max-video-preview:-1"},"canonical":"https:\/\/infopba247.com.ar\/index.php\/2022\/03\/04\/la-ministra-de-ambiente-daniela-vilar-junto-a-juan-ustarroz-encabezaron-un-encuentro-con-intendentes-en-mercedes\/","og_locale":"es_ES","og_type":"article","og_title":"La ministra de Ambiente Daniela Vilar junto a Juan Ustarroz, encabezaron un encuentro con intendentes en Mercedes - InfoPBA247","og_description":"La ministra de Ambiente de la Provincia de Buenos Aires, Daniela Vilar, particip\u00f3 de un encuentro con intendentes de la","og_url":"https:\/\/infopba247.com.ar\/index.php\/2022\/03\/04\/la-ministra-de-ambiente-daniela-vilar-junto-a-juan-ustarroz-encabezaron-un-encuentro-con-intendentes-en-mercedes\/","og_site_name":"InfoPBA247","article_publisher":"https:\/\/www.facebook.com\/InfoPBA","article_published_time":"2022-03-04T18:06:33+00:00","article_modified_time":"2022-03-04T18:17:46+00:00","og_image":[{"width":1024,"height":682,"url":"https:\/\/infopba247.com.ar\/wp-content\/uploads\/2022\/03\/WhatsApp-Image-2022-02-09-at-21.26.14.jpeg","type":"image\/jpeg"}],"twitter_card":"summary_large_image","twitter_misc":{"Escrito por":"","Tiempo de lectura":"2 minutos"},"schema":{"@context":"https:\/\/schema.org","@graph":[{"@type":"Article","@id":"https:\/\/infopba247.com.ar\/index.php\/2022\/03\/04\/la-ministra-de-ambiente-daniela-vilar-junto-a-juan-ustarroz-encabezaron-un-encuentro-con-intendentes-en-mercedes\/#article","isPartOf":{"@id":"https:\/\/infopba247.com.ar\/index.php\/2022\/03\/04\/la-ministra-de-ambiente-daniela-vilar-junto-a-juan-ustarroz-encabezaron-un-encuentro-con-intendentes-en-mercedes\/"},"author":{"name":"","@id":""},"headline":"La ministra de Ambiente Daniela Vilar junto a Juan Ustarroz, encabezaron un encuentro con intendentes en Mercedes","datePublished":"2022-03-04T18:06:33+00:00","dateModified":"2022-03-04T18:17:46+00:00","mainEntityOfPage":{"@id":"https:\/\/infopba247.com.ar\/index.php\/2022\/03\/04\/la-ministra-de-ambiente-daniela-vilar-junto-a-juan-ustarroz-encabezaron-un-encuentro-con-intendentes-en-mercedes\/"},"wordCount":486,"publisher":{"@id":"https:\/\/infopba247.com.ar\/#organization"},"image":{"@id":"https:\/\/infopba247.com.ar\/index.php\/2022\/03\/04\/la-ministra-de-ambiente-daniela-vilar-junto-a-juan-ustarroz-encabezaron-un-encuentro-con-intendentes-en-mercedes\/#primaryimage"},"thumbnailUrl":"https:\/\/infopba247.com.ar\/wp-content\/uploads\/2022\/03\/WhatsApp-Image-2022-02-09-at-21.26.14.jpeg","keywords":["Daniela Vilar","Municipalidad de Mercedes"],"articleSection":["1ra Secci\u00f3n","Destacadas","Pol\u00edtica"],"inLanguage":"es"},{"@type":"WebPage","@id":"https:\/\/infopba247.com.ar\/index.php\/2022\/03\/04\/la-ministra-de-ambiente-daniela-vilar-junto-a-juan-ustarroz-encabezaron-un-encuentro-con-intendentes-en-mercedes\/","url":"https:\/\/infopba247.com.ar\/index.php\/2022\/03\/04\/la-ministra-de-ambiente-daniela-vilar-junto-a-juan-ustarroz-encabezaron-un-encuentro-con-intendentes-en-mercedes\/","name":"La ministra de Ambiente Daniela Vilar junto a Juan Ustarroz, encabezaron un encuentro con intendentes en Mercedes - InfoPBA247","isPartOf":{"@id":"https:\/\/infopba247.com.ar\/#website"},"primaryImageOfPage":{"@id":"https:\/\/infopba247.com.ar\/index.php\/2022\/03\/04\/la-ministra-de-ambiente-daniela-vilar-junto-a-juan-ustarroz-encabezaron-un-encuentro-con-intendentes-en-mercedes\/#primaryimage"},"image":{"@id":"https:\/\/infopba247.com.ar\/index.php\/2022\/03\/04\/la-ministra-de-ambiente-daniela-vilar-junto-a-juan-ustarroz-encabezaron-un-encuentro-con-intendentes-en-mercedes\/#primaryimage"},"thumbnailUrl":"https:\/\/infopba247.com.ar\/wp-content\/uploads\/2022\/03\/WhatsApp-Image-2022-02-09-at-21.26.14.jpeg","datePublished":"2022-03-04T18:06:33+00:00","dateModified":"2022-03-04T18:17:46+00:00","breadcrumb":{"@id":"https:\/\/infopba247.com.ar\/index.php\/2022\/03\/04\/la-ministra-de-ambiente-daniela-vilar-junto-a-juan-ustarroz-encabezaron-un-encuentro-con-intendentes-en-mercedes\/#breadcrumb"},"inLanguage":"es","potentialAction":[{"@type":"ReadAction","target":["https:\/\/infopba247.com.ar\/index.php\/2022\/03\/04\/la-ministra-de-ambiente-daniela-vilar-junto-a-juan-ustarroz-encabezaron-un-encuentro-con-intendentes-en-mercedes\/"]}]},{"@type":"ImageObject","inLanguage":"es","@id":"https:\/\/infopba247.com.ar\/index.php\/2022\/03\/04\/la-ministra-de-ambiente-daniela-vilar-junto-a-juan-ustarroz-encabezaron-un-encuentro-con-intendentes-en-mercedes\/#primaryimage","url":"https:\/\/infopba247.com.ar\/wp-content\/uploads\/2022\/03\/WhatsApp-Image-2022-02-09-at-21.26.14.jpeg","contentUrl":"https:\/\/infopba247.com.ar\/wp-content\/uploads\/2022\/03\/WhatsApp-Image-2022-02-09-at-21.26.14.jpeg","width":1024,"height":682},{"@type":"BreadcrumbList","@id":"https:\/\/infopba247.com.ar\/index.php\/2022\/03\/04\/la-ministra-de-ambiente-daniela-vilar-junto-a-juan-ustarroz-encabezaron-un-encuentro-con-intendentes-en-mercedes\/#breadcrumb","itemListElement":[{"@type":"ListItem","position":1,"name":"Portada","item":"https:\/\/infopba247.com.ar\/"},{"@type":"ListItem","position":2,"name":"La ministra de Ambiente Daniela Vilar junto a Juan Ustarroz, encabezaron un encuentro con intendentes en Mercedes"}]},{"@type":"WebSite","@id":"https:\/\/infopba247.com.ar\/#website","url":"https:\/\/infopba247.com.ar\/","name":"InfoPBA247","description":"Toda la actualidad bonaerense","publisher":{"@id":"https:\/\/infopba247.com.ar\/#organization"},"potentialAction":[{"@type":"SearchAction","target":{"@type":"EntryPoint","urlTemplate":"https:\/\/infopba247.com.ar\/?s={search_term_string}"},"query-input":{"@type":"PropertyValueSpecification","valueRequired":true,"valueName":"search_term_string"}}],"inLanguage":"es"},{"@type":"Organization","@id":"https:\/\/infopba247.com.ar\/#organization","name":"InfoPBA247","url":"https:\/\/infopba247.com.ar\/","logo":{"@type":"ImageObject","inLanguage":"es","@id":"https:\/\/infopba247.com.ar\/#\/schema\/logo\/image\/","url":"https:\/\/infopba247.com.ar\/wp-content\/uploads\/2022\/03\/cropped-InfoPBA247-1.png","contentUrl":"https:\/\/infopba247.com.ar\/wp-content\/uploads\/2022\/03\/cropped-InfoPBA247-1.png","width":500,"height":122,"caption":"InfoPBA247"},"image":{"@id":"https:\/\/infopba247.com.ar\/#\/schema\/logo\/image\/"},"sameAs":["https:\/\/www.facebook.com\/InfoPBA"]},{"@type":"Person","@id":"","url":"https:\/\/infopba247.com.ar\/index.php\/author\/"}]}},"_links":{"self":[{"href":"https:\/\/infopba247.com.ar\/index.php\/wp-json\/wp\/v2\/posts\/113","targetHints":{"allow":["GET"]}}],"collection":[{"href":"https:\/\/infopba247.com.ar\/index.php\/wp-json\/wp\/v2\/posts"}],"about":[{"href":"https:\/\/infopba247.com.ar\/index.php\/wp-json\/wp\/v2\/types\/post"}],"author":[{"embeddable":true,"href":"https:\/\/infopba247.com.ar\/index.php\/wp-json\/wp\/v2\/users\/2"}],"replies":[{"embeddable":true,"href":"https:\/\/infopba247.com.ar\/index.php\/wp-json\/wp\/v2\/comments?post=113"}],"version-history":[{"count":1,"href":"https:\/\/infopba247.com.ar\/index.php\/wp-json\/wp\/v2\/posts\/113\/revisions"}],"predecessor-version":[{"id":115,"href":"https:\/\/infopba247.com.ar\/index.php\/wp-json\/wp\/v2\/posts\/113\/revisions\/115"}],"wp:featuredmedia":[{"embeddable":true,"href":"https:\/\/infopba247.com.ar\/index.php\/wp-json\/wp\/v2\/media\/114"}],"wp:attachment":[{"href":"https:\/\/infopba247.com.ar\/index.php\/wp-json\/wp\/v2\/media?parent=113"}],"wp:term":[{"taxonomy":"category","embeddable":true,"href":"https:\/\/infopba247.com.ar\/index.php\/wp-json\/wp\/v2\/categories?post=113"},{"taxonomy":"post_tag","embeddable":true,"href":"https:\/\/infopba247.com.ar\/index.php\/wp-json\/wp\/v2\/tags?post=113"}],"curies":[{"name":"wp","href":"https:\/\/api.w.org\/{rel}","templated":true}]}}