{"id":1126,"date":"2023-01-23T13:21:00","date_gmt":"2023-01-23T16:21:00","guid":{"rendered":"https:\/\/infopba247.com.ar\/?p=1126"},"modified":"2023-02-01T13:24:02","modified_gmt":"2023-02-01T16:24:02","slug":"mariel-fernandez-recorrio-las-obras-del-barrio-altos-de-la-reja","status":"publish","type":"post","link":"https:\/\/infopba247.com.ar\/index.php\/2023\/01\/23\/mariel-fernandez-recorrio-las-obras-del-barrio-altos-de-la-reja\/","title":{"rendered":"Mariel Fern\u00e1ndez recorri\u00f3 las obras del barrio altos de La Reja"},"content":{"rendered":"\n<p>La intendenta municipal, Mariel Fern\u00e1ndez, recorri\u00f3 la nueva obra de la calle Pilcomayo, del barrio Altos de La Reja, que cuenta con 800 nuevos metros de asfalto realizado por la planta asf\u00e1ltica municipal, que le permite al Municipio producir m\u00e1s de 5 cuadras por d\u00eda y poner en valor cada barrio de Moreno.<\/p>\n\n\n\n<p>Este nuevo asfalto realizado por el Municipio de Moreno permite mejorar el acceso del transporte p\u00fablico y vehicular garantizando una mejora en la calidad de vida de las vecinas y vecinos.<\/p>\n\n\n\n<p>La intendenta de Moreno tambi\u00e9n recorri\u00f3 la obra de lo que ser\u00e1 la nueva plaza Colombres, de Altos de La Reja. Este trabajo que comenz\u00f3 con la limpieza del basural, hoy ya se encuentra en marcha con la creaci\u00f3n de nuevas veredas y plataformas para la colocaci\u00f3n de mesas bancos, y juegos. Este trabajo tambi\u00e9n contempla la colocaci\u00f3n de nuevas luminarias LED.<\/p>\n\n\n\n<p>\u201cAgradezco a las vecinas y vecinos, por el recibimiento. Quiero que sepan que estos son mis momentos de felicidad, porque uno quiere siempre a su barrio y el mejoramiento de su h\u00e1bitat es muy importante\u201d, expres\u00f3 Mariel Fern\u00e1ndez.<\/p>\n\n\n\n<p>Por su parte, Lorena, vecina del barrio Altos de La Reja, comparti\u00f3: \u201cAc\u00e1 en el barrio estamos muy contentos con la colocaci\u00f3n del asfalto. En mi caso, esto me beneficia un mont\u00f3n porque tengo a mi hija en silla de ruedas y como estaba la calle antes, llevarla hasta la salita era un sacrificio. Pero ahora ya no, porque podemos salir con la silla sin problemas\u201d.<\/p>\n\n\n\n<p>De esta manera, la gesti\u00f3n municipal trabaja para darle a las vecinas y vecinos morenenses un lugar seguro, digno y de calidad para vivir.<\/p>\n","protected":false},"excerpt":{"rendered":"<p>La intendenta municipal, Mariel Fern\u00e1ndez, recorri\u00f3 la nueva obra de la calle Pilcomayo, del barrio Altos de La Reja, que<\/p>\n","protected":false},"author":3,"featured_media":1127,"comment_status":"open","ping_status":"open","sticky":false,"template":"","format":"standard","meta":{"colormag_page_container_layout":"default_layout","colormag_page_sidebar_layout":"default_layout","footnotes":""},"categories":[5],"tags":[50],"class_list":["post-1126","post","type-post","status-publish","format-standard","has-post-thumbnail","hentry","category-1ra-seccion","tag-municipalidad-de-moreno"],"yoast_head":"<!-- This site is optimized with the Yoast SEO plugin v27.4 - https:\/\/yoast.com\/product\/yoast-seo-wordpress\/ -->\n<title>Mariel Fern\u00e1ndez recorri\u00f3 las obras del barrio altos de La Reja - InfoPBA247<\/title>\n<meta name=\"robots\" content=\"index, follow, max-snippet:-1, max-image-preview:large, max-video-preview:-1\" \/>\n<link rel=\"canonical\" href=\"https:\/\/infopba247.com.ar\/index.php\/2023\/01\/23\/mariel-fernandez-recorrio-las-obras-del-barrio-altos-de-la-reja\/\" \/>\n<meta property=\"og:locale\" content=\"es_ES\" \/>\n<meta property=\"og:type\" content=\"article\" \/>\n<meta property=\"og:title\" content=\"Mariel Fern\u00e1ndez recorri\u00f3 las obras del barrio altos de La Reja - InfoPBA247\" \/>\n<meta property=\"og:description\" content=\"La intendenta municipal, Mariel Fern\u00e1ndez, recorri\u00f3 la nueva obra de la calle Pilcomayo, del barrio Altos de La Reja, que\" \/>\n<meta property=\"og:url\" content=\"https:\/\/infopba247.com.ar\/index.php\/2023\/01\/23\/mariel-fernandez-recorrio-las-obras-del-barrio-altos-de-la-reja\/\" \/>\n<meta property=\"og:site_name\" content=\"InfoPBA247\" \/>\n<meta property=\"article:publisher\" content=\"https:\/\/www.facebook.com\/InfoPBA\" \/>\n<meta property=\"article:published_time\" content=\"2023-01-23T16:21:00+00:00\" \/>\n<meta property=\"article:modified_time\" content=\"2023-02-01T16:24:02+00:00\" \/>\n<meta property=\"og:image\" content=\"https:\/\/infopba247.com.ar\/wp-content\/uploads\/2023\/02\/03-2.jpeg\" \/>\n\t<meta property=\"og:image:width\" content=\"1280\" \/>\n\t<meta property=\"og:image:height\" content=\"853\" \/>\n\t<meta property=\"og:image:type\" content=\"image\/jpeg\" \/>\n<meta name=\"author\" content=\"Editor\" \/>\n<meta name=\"twitter:card\" content=\"summary_large_image\" \/>\n<meta name=\"twitter:label1\" content=\"Escrito por\" \/>\n\t<meta name=\"twitter:data1\" content=\"Editor\" \/>\n\t<meta name=\"twitter:label2\" content=\"Tiempo de lectura\" \/>\n\t<meta name=\"twitter:data2\" content=\"1 minuto\" \/>\n<script type=\"application\/ld+json\" class=\"yoast-schema-graph\">{\"@context\":\"https:\\\/\\\/schema.org\",\"@graph\":[{\"@type\":\"Article\",\"@id\":\"https:\\\/\\\/infopba247.com.ar\\\/index.php\\\/2023\\\/01\\\/23\\\/mariel-fernandez-recorrio-las-obras-del-barrio-altos-de-la-reja\\\/#article\",\"isPartOf\":{\"@id\":\"https:\\\/\\\/infopba247.com.ar\\\/index.php\\\/2023\\\/01\\\/23\\\/mariel-fernandez-recorrio-las-obras-del-barrio-altos-de-la-reja\\\/\"},\"author\":{\"name\":\"Editor\",\"@id\":\"https:\\\/\\\/infopba247.com.ar\\\/#\\\/schema\\\/person\\\/4975f1343a413e57bf839b3eed0099f2\"},\"headline\":\"Mariel Fern\u00e1ndez recorri\u00f3 las obras del barrio altos de La Reja\",\"datePublished\":\"2023-01-23T16:21:00+00:00\",\"dateModified\":\"2023-02-01T16:24:02+00:00\",\"mainEntityOfPage\":{\"@id\":\"https:\\\/\\\/infopba247.com.ar\\\/index.php\\\/2023\\\/01\\\/23\\\/mariel-fernandez-recorrio-las-obras-del-barrio-altos-de-la-reja\\\/\"},\"wordCount\":299,\"commentCount\":0,\"publisher\":{\"@id\":\"https:\\\/\\\/infopba247.com.ar\\\/#organization\"},\"image\":{\"@id\":\"https:\\\/\\\/infopba247.com.ar\\\/index.php\\\/2023\\\/01\\\/23\\\/mariel-fernandez-recorrio-las-obras-del-barrio-altos-de-la-reja\\\/#primaryimage\"},\"thumbnailUrl\":\"https:\\\/\\\/infopba247.com.ar\\\/wp-content\\\/uploads\\\/2023\\\/02\\\/03-2.jpeg\",\"keywords\":[\"Municipalidad de Moreno\"],\"articleSection\":[\"1ra Secci\u00f3n\"],\"inLanguage\":\"es\",\"potentialAction\":[{\"@type\":\"CommentAction\",\"name\":\"Comment\",\"target\":[\"https:\\\/\\\/infopba247.com.ar\\\/index.php\\\/2023\\\/01\\\/23\\\/mariel-fernandez-recorrio-las-obras-del-barrio-altos-de-la-reja\\\/#respond\"]}]},{\"@type\":\"WebPage\",\"@id\":\"https:\\\/\\\/infopba247.com.ar\\\/index.php\\\/2023\\\/01\\\/23\\\/mariel-fernandez-recorrio-las-obras-del-barrio-altos-de-la-reja\\\/\",\"url\":\"https:\\\/\\\/infopba247.com.ar\\\/index.php\\\/2023\\\/01\\\/23\\\/mariel-fernandez-recorrio-las-obras-del-barrio-altos-de-la-reja\\\/\",\"name\":\"Mariel Fern\u00e1ndez recorri\u00f3 las obras del barrio altos de La Reja - InfoPBA247\",\"isPartOf\":{\"@id\":\"https:\\\/\\\/infopba247.com.ar\\\/#website\"},\"primaryImageOfPage\":{\"@id\":\"https:\\\/\\\/infopba247.com.ar\\\/index.php\\\/2023\\\/01\\\/23\\\/mariel-fernandez-recorrio-las-obras-del-barrio-altos-de-la-reja\\\/#primaryimage\"},\"image\":{\"@id\":\"https:\\\/\\\/infopba247.com.ar\\\/index.php\\\/2023\\\/01\\\/23\\\/mariel-fernandez-recorrio-las-obras-del-barrio-altos-de-la-reja\\\/#primaryimage\"},\"thumbnailUrl\":\"https:\\\/\\\/infopba247.com.ar\\\/wp-content\\\/uploads\\\/2023\\\/02\\\/03-2.jpeg\",\"datePublished\":\"2023-01-23T16:21:00+00:00\",\"dateModified\":\"2023-02-01T16:24:02+00:00\",\"breadcrumb\":{\"@id\":\"https:\\\/\\\/infopba247.com.ar\\\/index.php\\\/2023\\\/01\\\/23\\\/mariel-fernandez-recorrio-las-obras-del-barrio-altos-de-la-reja\\\/#breadcrumb\"},\"inLanguage\":\"es\",\"potentialAction\":[{\"@type\":\"ReadAction\",\"target\":[\"https:\\\/\\\/infopba247.com.ar\\\/index.php\\\/2023\\\/01\\\/23\\\/mariel-fernandez-recorrio-las-obras-del-barrio-altos-de-la-reja\\\/\"]}]},{\"@type\":\"ImageObject\",\"inLanguage\":\"es\",\"@id\":\"https:\\\/\\\/infopba247.com.ar\\\/index.php\\\/2023\\\/01\\\/23\\\/mariel-fernandez-recorrio-las-obras-del-barrio-altos-de-la-reja\\\/#primaryimage\",\"url\":\"https:\\\/\\\/infopba247.com.ar\\\/wp-content\\\/uploads\\\/2023\\\/02\\\/03-2.jpeg\",\"contentUrl\":\"https:\\\/\\\/infopba247.com.ar\\\/wp-content\\\/uploads\\\/2023\\\/02\\\/03-2.jpeg\",\"width\":1280,\"height\":853},{\"@type\":\"BreadcrumbList\",\"@id\":\"https:\\\/\\\/infopba247.com.ar\\\/index.php\\\/2023\\\/01\\\/23\\\/mariel-fernandez-recorrio-las-obras-del-barrio-altos-de-la-reja\\\/#breadcrumb\",\"itemListElement\":[{\"@type\":\"ListItem\",\"position\":1,\"name\":\"Portada\",\"item\":\"https:\\\/\\\/infopba247.com.ar\\\/\"},{\"@type\":\"ListItem\",\"position\":2,\"name\":\"Mariel Fern\u00e1ndez recorri\u00f3 las obras del barrio altos de La Reja\"}]},{\"@type\":\"WebSite\",\"@id\":\"https:\\\/\\\/infopba247.com.ar\\\/#website\",\"url\":\"https:\\\/\\\/infopba247.com.ar\\\/\",\"name\":\"InfoPBA247\",\"description\":\"Toda la actualidad bonaerense\",\"publisher\":{\"@id\":\"https:\\\/\\\/infopba247.com.ar\\\/#organization\"},\"potentialAction\":[{\"@type\":\"SearchAction\",\"target\":{\"@type\":\"EntryPoint\",\"urlTemplate\":\"https:\\\/\\\/infopba247.com.ar\\\/?s={search_term_string}\"},\"query-input\":{\"@type\":\"PropertyValueSpecification\",\"valueRequired\":true,\"valueName\":\"search_term_string\"}}],\"inLanguage\":\"es\"},{\"@type\":\"Organization\",\"@id\":\"https:\\\/\\\/infopba247.com.ar\\\/#organization\",\"name\":\"InfoPBA247\",\"url\":\"https:\\\/\\\/infopba247.com.ar\\\/\",\"logo\":{\"@type\":\"ImageObject\",\"inLanguage\":\"es\",\"@id\":\"https:\\\/\\\/infopba247.com.ar\\\/#\\\/schema\\\/logo\\\/image\\\/\",\"url\":\"https:\\\/\\\/infopba247.com.ar\\\/wp-content\\\/uploads\\\/2022\\\/03\\\/cropped-InfoPBA247-1.png\",\"contentUrl\":\"https:\\\/\\\/infopba247.com.ar\\\/wp-content\\\/uploads\\\/2022\\\/03\\\/cropped-InfoPBA247-1.png\",\"width\":500,\"height\":122,\"caption\":\"InfoPBA247\"},\"image\":{\"@id\":\"https:\\\/\\\/infopba247.com.ar\\\/#\\\/schema\\\/logo\\\/image\\\/\"},\"sameAs\":[\"https:\\\/\\\/www.facebook.com\\\/InfoPBA\"]},{\"@type\":\"Person\",\"@id\":\"https:\\\/\\\/infopba247.com.ar\\\/#\\\/schema\\\/person\\\/4975f1343a413e57bf839b3eed0099f2\",\"name\":\"Editor\",\"image\":{\"@type\":\"ImageObject\",\"inLanguage\":\"es\",\"@id\":\"https:\\\/\\\/secure.gravatar.com\\\/avatar\\\/d27fe9520667ca53441d36627a1d6b0fa4a813571ec4803687a7a3a7744685ac?s=96&d=mm&r=g\",\"url\":\"https:\\\/\\\/secure.gravatar.com\\\/avatar\\\/d27fe9520667ca53441d36627a1d6b0fa4a813571ec4803687a7a3a7744685ac?s=96&d=mm&r=g\",\"contentUrl\":\"https:\\\/\\\/secure.gravatar.com\\\/avatar\\\/d27fe9520667ca53441d36627a1d6b0fa4a813571ec4803687a7a3a7744685ac?s=96&d=mm&r=g\",\"caption\":\"Editor\"},\"url\":\"https:\\\/\\\/infopba247.com.ar\\\/index.php\\\/author\\\/editor\\\/\"}]}<\/script>\n<!-- \/ Yoast SEO plugin. -->","yoast_head_json":{"title":"Mariel Fern\u00e1ndez recorri\u00f3 las obras del barrio altos de La Reja - InfoPBA247","robots":{"index":"index","follow":"follow","max-snippet":"max-snippet:-1","max-image-preview":"max-image-preview:large","max-video-preview":"max-video-preview:-1"},"canonical":"https:\/\/infopba247.com.ar\/index.php\/2023\/01\/23\/mariel-fernandez-recorrio-las-obras-del-barrio-altos-de-la-reja\/","og_locale":"es_ES","og_type":"article","og_title":"Mariel Fern\u00e1ndez recorri\u00f3 las obras del barrio altos de La Reja - InfoPBA247","og_description":"La intendenta municipal, Mariel Fern\u00e1ndez, recorri\u00f3 la nueva obra de la calle Pilcomayo, del barrio Altos de La Reja, que","og_url":"https:\/\/infopba247.com.ar\/index.php\/2023\/01\/23\/mariel-fernandez-recorrio-las-obras-del-barrio-altos-de-la-reja\/","og_site_name":"InfoPBA247","article_publisher":"https:\/\/www.facebook.com\/InfoPBA","article_published_time":"2023-01-23T16:21:00+00:00","article_modified_time":"2023-02-01T16:24:02+00:00","og_image":[{"width":1280,"height":853,"url":"https:\/\/infopba247.com.ar\/wp-content\/uploads\/2023\/02\/03-2.jpeg","type":"image\/jpeg"}],"author":"Editor","twitter_card":"summary_large_image","twitter_misc":{"Escrito por":"Editor","Tiempo de lectura":"1 minuto"},"schema":{"@context":"https:\/\/schema.org","@graph":[{"@type":"Article","@id":"https:\/\/infopba247.com.ar\/index.php\/2023\/01\/23\/mariel-fernandez-recorrio-las-obras-del-barrio-altos-de-la-reja\/#article","isPartOf":{"@id":"https:\/\/infopba247.com.ar\/index.php\/2023\/01\/23\/mariel-fernandez-recorrio-las-obras-del-barrio-altos-de-la-reja\/"},"author":{"name":"Editor","@id":"https:\/\/infopba247.com.ar\/#\/schema\/person\/4975f1343a413e57bf839b3eed0099f2"},"headline":"Mariel Fern\u00e1ndez recorri\u00f3 las obras del barrio altos de La Reja","datePublished":"2023-01-23T16:21:00+00:00","dateModified":"2023-02-01T16:24:02+00:00","mainEntityOfPage":{"@id":"https:\/\/infopba247.com.ar\/index.php\/2023\/01\/23\/mariel-fernandez-recorrio-las-obras-del-barrio-altos-de-la-reja\/"},"wordCount":299,"commentCount":0,"publisher":{"@id":"https:\/\/infopba247.com.ar\/#organization"},"image":{"@id":"https:\/\/infopba247.com.ar\/index.php\/2023\/01\/23\/mariel-fernandez-recorrio-las-obras-del-barrio-altos-de-la-reja\/#primaryimage"},"thumbnailUrl":"https:\/\/infopba247.com.ar\/wp-content\/uploads\/2023\/02\/03-2.jpeg","keywords":["Municipalidad de Moreno"],"articleSection":["1ra Secci\u00f3n"],"inLanguage":"es","potentialAction":[{"@type":"CommentAction","name":"Comment","target":["https:\/\/infopba247.com.ar\/index.php\/2023\/01\/23\/mariel-fernandez-recorrio-las-obras-del-barrio-altos-de-la-reja\/#respond"]}]},{"@type":"WebPage","@id":"https:\/\/infopba247.com.ar\/index.php\/2023\/01\/23\/mariel-fernandez-recorrio-las-obras-del-barrio-altos-de-la-reja\/","url":"https:\/\/infopba247.com.ar\/index.php\/2023\/01\/23\/mariel-fernandez-recorrio-las-obras-del-barrio-altos-de-la-reja\/","name":"Mariel Fern\u00e1ndez recorri\u00f3 las obras del barrio altos de La Reja - InfoPBA247","isPartOf":{"@id":"https:\/\/infopba247.com.ar\/#website"},"primaryImageOfPage":{"@id":"https:\/\/infopba247.com.ar\/index.php\/2023\/01\/23\/mariel-fernandez-recorrio-las-obras-del-barrio-altos-de-la-reja\/#primaryimage"},"image":{"@id":"https:\/\/infopba247.com.ar\/index.php\/2023\/01\/23\/mariel-fernandez-recorrio-las-obras-del-barrio-altos-de-la-reja\/#primaryimage"},"thumbnailUrl":"https:\/\/infopba247.com.ar\/wp-content\/uploads\/2023\/02\/03-2.jpeg","datePublished":"2023-01-23T16:21:00+00:00","dateModified":"2023-02-01T16:24:02+00:00","breadcrumb":{"@id":"https:\/\/infopba247.com.ar\/index.php\/2023\/01\/23\/mariel-fernandez-recorrio-las-obras-del-barrio-altos-de-la-reja\/#breadcrumb"},"inLanguage":"es","potentialAction":[{"@type":"ReadAction","target":["https:\/\/infopba247.com.ar\/index.php\/2023\/01\/23\/mariel-fernandez-recorrio-las-obras-del-barrio-altos-de-la-reja\/"]}]},{"@type":"ImageObject","inLanguage":"es","@id":"https:\/\/infopba247.com.ar\/index.php\/2023\/01\/23\/mariel-fernandez-recorrio-las-obras-del-barrio-altos-de-la-reja\/#primaryimage","url":"https:\/\/infopba247.com.ar\/wp-content\/uploads\/2023\/02\/03-2.jpeg","contentUrl":"https:\/\/infopba247.com.ar\/wp-content\/uploads\/2023\/02\/03-2.jpeg","width":1280,"height":853},{"@type":"BreadcrumbList","@id":"https:\/\/infopba247.com.ar\/index.php\/2023\/01\/23\/mariel-fernandez-recorrio-las-obras-del-barrio-altos-de-la-reja\/#breadcrumb","itemListElement":[{"@type":"ListItem","position":1,"name":"Portada","item":"https:\/\/infopba247.com.ar\/"},{"@type":"ListItem","position":2,"name":"Mariel Fern\u00e1ndez recorri\u00f3 las obras del barrio altos de La Reja"}]},{"@type":"WebSite","@id":"https:\/\/infopba247.com.ar\/#website","url":"https:\/\/infopba247.com.ar\/","name":"InfoPBA247","description":"Toda la actualidad bonaerense","publisher":{"@id":"https:\/\/infopba247.com.ar\/#organization"},"potentialAction":[{"@type":"SearchAction","target":{"@type":"EntryPoint","urlTemplate":"https:\/\/infopba247.com.ar\/?s={search_term_string}"},"query-input":{"@type":"PropertyValueSpecification","valueRequired":true,"valueName":"search_term_string"}}],"inLanguage":"es"},{"@type":"Organization","@id":"https:\/\/infopba247.com.ar\/#organization","name":"InfoPBA247","url":"https:\/\/infopba247.com.ar\/","logo":{"@type":"ImageObject","inLanguage":"es","@id":"https:\/\/infopba247.com.ar\/#\/schema\/logo\/image\/","url":"https:\/\/infopba247.com.ar\/wp-content\/uploads\/2022\/03\/cropped-InfoPBA247-1.png","contentUrl":"https:\/\/infopba247.com.ar\/wp-content\/uploads\/2022\/03\/cropped-InfoPBA247-1.png","width":500,"height":122,"caption":"InfoPBA247"},"image":{"@id":"https:\/\/infopba247.com.ar\/#\/schema\/logo\/image\/"},"sameAs":["https:\/\/www.facebook.com\/InfoPBA"]},{"@type":"Person","@id":"https:\/\/infopba247.com.ar\/#\/schema\/person\/4975f1343a413e57bf839b3eed0099f2","name":"Editor","image":{"@type":"ImageObject","inLanguage":"es","@id":"https:\/\/secure.gravatar.com\/avatar\/d27fe9520667ca53441d36627a1d6b0fa4a813571ec4803687a7a3a7744685ac?s=96&d=mm&r=g","url":"https:\/\/secure.gravatar.com\/avatar\/d27fe9520667ca53441d36627a1d6b0fa4a813571ec4803687a7a3a7744685ac?s=96&d=mm&r=g","contentUrl":"https:\/\/secure.gravatar.com\/avatar\/d27fe9520667ca53441d36627a1d6b0fa4a813571ec4803687a7a3a7744685ac?s=96&d=mm&r=g","caption":"Editor"},"url":"https:\/\/infopba247.com.ar\/index.php\/author\/editor\/"}]}},"_links":{"self":[{"href":"https:\/\/infopba247.com.ar\/index.php\/wp-json\/wp\/v2\/posts\/1126","targetHints":{"allow":["GET"]}}],"collection":[{"href":"https:\/\/infopba247.com.ar\/index.php\/wp-json\/wp\/v2\/posts"}],"about":[{"href":"https:\/\/infopba247.com.ar\/index.php\/wp-json\/wp\/v2\/types\/post"}],"author":[{"embeddable":true,"href":"https:\/\/infopba247.com.ar\/index.php\/wp-json\/wp\/v2\/users\/3"}],"replies":[{"embeddable":true,"href":"https:\/\/infopba247.com.ar\/index.php\/wp-json\/wp\/v2\/comments?post=1126"}],"version-history":[{"count":1,"href":"https:\/\/infopba247.com.ar\/index.php\/wp-json\/wp\/v2\/posts\/1126\/revisions"}],"predecessor-version":[{"id":1128,"href":"https:\/\/infopba247.com.ar\/index.php\/wp-json\/wp\/v2\/posts\/1126\/revisions\/1128"}],"wp:featuredmedia":[{"embeddable":true,"href":"https:\/\/infopba247.com.ar\/index.php\/wp-json\/wp\/v2\/media\/1127"}],"wp:attachment":[{"href":"https:\/\/infopba247.com.ar\/index.php\/wp-json\/wp\/v2\/media?parent=1126"}],"wp:term":[{"taxonomy":"category","embeddable":true,"href":"https:\/\/infopba247.com.ar\/index.php\/wp-json\/wp\/v2\/categories?post=1126"},{"taxonomy":"post_tag","embeddable":true,"href":"https:\/\/infopba247.com.ar\/index.php\/wp-json\/wp\/v2\/tags?post=1126"}],"curies":[{"name":"wp","href":"https:\/\/api.w.org\/{rel}","templated":true}]}}