{"id":1091,"date":"2023-01-13T14:26:00","date_gmt":"2023-01-13T17:26:00","guid":{"rendered":"https:\/\/infopba247.com.ar\/?p=1091"},"modified":"2023-01-16T14:27:15","modified_gmt":"2023-01-16T17:27:15","slug":"olavarria-luego-del-atrincheramiento-el-fdt-reclamo-que-avance-la-investigacion-de-la-causa-terrenos","status":"publish","type":"post","link":"https:\/\/infopba247.com.ar\/index.php\/2023\/01\/13\/olavarria-luego-del-atrincheramiento-el-fdt-reclamo-que-avance-la-investigacion-de-la-causa-terrenos\/","title":{"rendered":"Olavarr\u00eda: luego del atrincheramiento, el FdT reclam\u00f3 que avance la investigaci\u00f3n de la \u201ccausa terrenos\u201d"},"content":{"rendered":"\n<p>Luego del atrincheramiento de uno de los imputados en la causa por la venta trucha de terrenos que implica a varios funcionarios municipales, el bloque de concejales del Frente de Todos (FDT) de Olavarr\u00eda public\u00f3 un comunicado con el t\u00edtulo \u201cCausa terrenos: silencios que aturden y una justicia que no da respuestas\u201d.<\/p>\n\n\n\n<p>Este lunes, Claudio Peralta se atrincher\u00f3 en un kiosco y amenaz\u00f3 con suicidarse. El hombre de 32 a\u00f1os acusado de vender unos 100 terrenos sin papeles en vinculaci\u00f3n con dirigentes municipales exig\u00eda hablar con la fiscal que investiga la causa terrenos Paula Serrano y el intendente Ezequiel Galli. Ninguno de los dos se acerc\u00f3 al comercio y Peralta termin\u00f3 desistiendo de su actitud.<\/p>\n\n\n\n<p>Mientras tanto la causa est\u00e1 paralizada y ni siquiera el propio Peralta fue llamado a declarar. Desde el Frente de Todos reclamaron que avance la investigaci\u00f3n judicial. El comunicado de los concejales del FdT:<\/p>\n\n\n\n<p>Causa terrenos: silencios que aturden y una justicia que no da respuestas<br>Lamentamos los hechos de violencia institucional acaecidos en el d\u00eda de ayer, una situaci\u00f3n de extrema gravedad.<\/p>\n\n\n\n<p>Solicitamos al Fiscal General Dr. Marcelo Sobrino que con la misma premura que impuls\u00f3 la investigaci\u00f3n de los hechos represivos, exija celeridad a la fiscal Dra. Paula Serrano que instruye la causa de los terrenos, que hace un a\u00f1o no registra avances.<\/p>\n\n\n\n<p>\u00bfC\u00f3mo puede ser que una causa que tiene denuncias del a\u00f1o 2019, en la justicia hay un centenar de vecinos de Olavarr\u00eda perjudicados, duerma el sue\u00f1o de los justos?<\/p>\n\n\n\n<p>Hace un a\u00f1o exactamente nuestro interbloque de concejales ped\u00eda una sesi\u00f3n especial para investigar la venta ilegal de terrenos que ven\u00eda produciendo en Olavarr\u00eda desde el a\u00f1o 2019.<\/p>\n\n\n\n<p>Hasta el momento existen m\u00e1s de 20 denuncias en la causa de la que surge que hubo m\u00e1s de 100 terrenos p\u00fablicos y privados vendidos con documentaci\u00f3n ap\u00f3crifa, con firmas de distintos profesionales de la ciudad.<\/p>\n\n\n\n<p>Se estima que delito permiti\u00f3 una recaudaci\u00f3n de m\u00e1s de 100 millones de pesos. Una operaci\u00f3n que s\u00f3lo puede haberse desarrollado con el accionar coordinado de varios participantes.<\/p>\n\n\n\n<p>Claudio Peralta es uno de los 5 imputados de la causa, el principal involucrado de estos hechos. No olvidemos que Peralta ha manifestado y los denunciantes han ratificado, que \u00e9l era referente o comunmente llamado puntero del intendente.<\/p>\n\n\n\n<p>Hasta la fecha siendo imputado no se le ha tomado declaraci\u00f3n y pide p\u00fablicamente que lo escuchen. Durante los recientes hechos en d\u00f3nde amenazaba con suicidarse, solicit\u00f3 la presencia del Intendente Galli, de la fiscal y de medios de comunicaci\u00f3n para \u201caclarar la situaci\u00f3n\u201d.<\/p>\n\n\n\n<p>Peralta nunca fue llamado a declarar, y durante el d\u00eda de hoy mediante su familia denunci\u00f3 que le \u201csoltaron las manos sus ex-socios y su abogado\u201d.<\/p>\n\n\n\n<p>\u201cNo podemos permitir que la impunidad se imponga sobre la verdad, que un delito millonario se le atribuya s\u00f3lo a un joven que claramente nunca podr\u00eda haber actuado en solidad.<\/p>\n\n\n\n<p>A un a\u00f1o de las primeras denuncias p\u00fablicas la comunidad merece que se esclarezca este hist\u00f3rico hecho de corrupci\u00f3n.<\/p>\n\n\n\n<p>Interbloque de concejales y concejalas del Frente de Todos Olavarr\u00eda<\/p>\n","protected":false},"excerpt":{"rendered":"<p>Luego del atrincheramiento de uno de los imputados en la causa por la venta trucha de terrenos que implica a<\/p>\n","protected":false},"author":3,"featured_media":1092,"comment_status":"closed","ping_status":"closed","sticky":false,"template":"","format":"standard","meta":{"colormag_page_container_layout":"default_layout","colormag_page_sidebar_layout":"default_layout","footnotes":""},"categories":[11,1,14],"tags":[],"class_list":["post-1091","post","type-post","status-publish","format-standard","has-post-thumbnail","hentry","category-7ma-seccion","category-destacadas","category-politica"],"yoast_head":"<!-- This site is optimized with the Yoast SEO plugin v27.4 - https:\/\/yoast.com\/product\/yoast-seo-wordpress\/ -->\n<title>Olavarr\u00eda: luego del atrincheramiento, el FdT reclam\u00f3 que avance la investigaci\u00f3n de la \u201ccausa terrenos\u201d - InfoPBA247<\/title>\n<meta name=\"robots\" content=\"index, follow, max-snippet:-1, max-image-preview:large, max-video-preview:-1\" \/>\n<link rel=\"canonical\" href=\"https:\/\/infopba247.com.ar\/index.php\/2023\/01\/13\/olavarria-luego-del-atrincheramiento-el-fdt-reclamo-que-avance-la-investigacion-de-la-causa-terrenos\/\" \/>\n<meta property=\"og:locale\" content=\"es_ES\" \/>\n<meta property=\"og:type\" content=\"article\" \/>\n<meta property=\"og:title\" content=\"Olavarr\u00eda: luego del atrincheramiento, el FdT reclam\u00f3 que avance la investigaci\u00f3n de la \u201ccausa terrenos\u201d - InfoPBA247\" \/>\n<meta property=\"og:description\" content=\"Luego del atrincheramiento de uno de los imputados en la causa por la venta trucha de terrenos que implica a\" \/>\n<meta property=\"og:url\" content=\"https:\/\/infopba247.com.ar\/index.php\/2023\/01\/13\/olavarria-luego-del-atrincheramiento-el-fdt-reclamo-que-avance-la-investigacion-de-la-causa-terrenos\/\" \/>\n<meta property=\"og:site_name\" content=\"InfoPBA247\" \/>\n<meta property=\"article:publisher\" content=\"https:\/\/www.facebook.com\/InfoPBA\" \/>\n<meta property=\"article:published_time\" content=\"2023-01-13T17:26:00+00:00\" \/>\n<meta property=\"article:modified_time\" content=\"2023-01-16T17:27:15+00:00\" \/>\n<meta property=\"og:image\" content=\"https:\/\/infopba247.com.ar\/wp-content\/uploads\/2023\/01\/concejales-fdt.jpg\" \/>\n\t<meta property=\"og:image:width\" content=\"1200\" \/>\n\t<meta property=\"og:image:height\" content=\"685\" \/>\n\t<meta property=\"og:image:type\" content=\"image\/jpeg\" \/>\n<meta name=\"author\" content=\"Editor\" \/>\n<meta name=\"twitter:card\" content=\"summary_large_image\" \/>\n<meta name=\"twitter:label1\" content=\"Escrito por\" \/>\n\t<meta name=\"twitter:data1\" content=\"Editor\" \/>\n\t<meta name=\"twitter:label2\" content=\"Tiempo de lectura\" \/>\n\t<meta name=\"twitter:data2\" content=\"3 minutos\" \/>\n<script type=\"application\/ld+json\" class=\"yoast-schema-graph\">{\"@context\":\"https:\\\/\\\/schema.org\",\"@graph\":[{\"@type\":\"Article\",\"@id\":\"https:\\\/\\\/infopba247.com.ar\\\/index.php\\\/2023\\\/01\\\/13\\\/olavarria-luego-del-atrincheramiento-el-fdt-reclamo-que-avance-la-investigacion-de-la-causa-terrenos\\\/#article\",\"isPartOf\":{\"@id\":\"https:\\\/\\\/infopba247.com.ar\\\/index.php\\\/2023\\\/01\\\/13\\\/olavarria-luego-del-atrincheramiento-el-fdt-reclamo-que-avance-la-investigacion-de-la-causa-terrenos\\\/\"},\"author\":{\"name\":\"Editor\",\"@id\":\"https:\\\/\\\/infopba247.com.ar\\\/#\\\/schema\\\/person\\\/4975f1343a413e57bf839b3eed0099f2\"},\"headline\":\"Olavarr\u00eda: luego del atrincheramiento, el FdT reclam\u00f3 que avance la investigaci\u00f3n de la \u201ccausa terrenos\u201d\",\"datePublished\":\"2023-01-13T17:26:00+00:00\",\"dateModified\":\"2023-01-16T17:27:15+00:00\",\"mainEntityOfPage\":{\"@id\":\"https:\\\/\\\/infopba247.com.ar\\\/index.php\\\/2023\\\/01\\\/13\\\/olavarria-luego-del-atrincheramiento-el-fdt-reclamo-que-avance-la-investigacion-de-la-causa-terrenos\\\/\"},\"wordCount\":558,\"publisher\":{\"@id\":\"https:\\\/\\\/infopba247.com.ar\\\/#organization\"},\"image\":{\"@id\":\"https:\\\/\\\/infopba247.com.ar\\\/index.php\\\/2023\\\/01\\\/13\\\/olavarria-luego-del-atrincheramiento-el-fdt-reclamo-que-avance-la-investigacion-de-la-causa-terrenos\\\/#primaryimage\"},\"thumbnailUrl\":\"https:\\\/\\\/infopba247.com.ar\\\/wp-content\\\/uploads\\\/2023\\\/01\\\/concejales-fdt.jpg\",\"articleSection\":[\"7ma Secci\u00f3n\",\"Destacadas\",\"Pol\u00edtica\"],\"inLanguage\":\"es\"},{\"@type\":\"WebPage\",\"@id\":\"https:\\\/\\\/infopba247.com.ar\\\/index.php\\\/2023\\\/01\\\/13\\\/olavarria-luego-del-atrincheramiento-el-fdt-reclamo-que-avance-la-investigacion-de-la-causa-terrenos\\\/\",\"url\":\"https:\\\/\\\/infopba247.com.ar\\\/index.php\\\/2023\\\/01\\\/13\\\/olavarria-luego-del-atrincheramiento-el-fdt-reclamo-que-avance-la-investigacion-de-la-causa-terrenos\\\/\",\"name\":\"Olavarr\u00eda: luego del atrincheramiento, el FdT reclam\u00f3 que avance la investigaci\u00f3n de la \u201ccausa terrenos\u201d - InfoPBA247\",\"isPartOf\":{\"@id\":\"https:\\\/\\\/infopba247.com.ar\\\/#website\"},\"primaryImageOfPage\":{\"@id\":\"https:\\\/\\\/infopba247.com.ar\\\/index.php\\\/2023\\\/01\\\/13\\\/olavarria-luego-del-atrincheramiento-el-fdt-reclamo-que-avance-la-investigacion-de-la-causa-terrenos\\\/#primaryimage\"},\"image\":{\"@id\":\"https:\\\/\\\/infopba247.com.ar\\\/index.php\\\/2023\\\/01\\\/13\\\/olavarria-luego-del-atrincheramiento-el-fdt-reclamo-que-avance-la-investigacion-de-la-causa-terrenos\\\/#primaryimage\"},\"thumbnailUrl\":\"https:\\\/\\\/infopba247.com.ar\\\/wp-content\\\/uploads\\\/2023\\\/01\\\/concejales-fdt.jpg\",\"datePublished\":\"2023-01-13T17:26:00+00:00\",\"dateModified\":\"2023-01-16T17:27:15+00:00\",\"breadcrumb\":{\"@id\":\"https:\\\/\\\/infopba247.com.ar\\\/index.php\\\/2023\\\/01\\\/13\\\/olavarria-luego-del-atrincheramiento-el-fdt-reclamo-que-avance-la-investigacion-de-la-causa-terrenos\\\/#breadcrumb\"},\"inLanguage\":\"es\",\"potentialAction\":[{\"@type\":\"ReadAction\",\"target\":[\"https:\\\/\\\/infopba247.com.ar\\\/index.php\\\/2023\\\/01\\\/13\\\/olavarria-luego-del-atrincheramiento-el-fdt-reclamo-que-avance-la-investigacion-de-la-causa-terrenos\\\/\"]}]},{\"@type\":\"ImageObject\",\"inLanguage\":\"es\",\"@id\":\"https:\\\/\\\/infopba247.com.ar\\\/index.php\\\/2023\\\/01\\\/13\\\/olavarria-luego-del-atrincheramiento-el-fdt-reclamo-que-avance-la-investigacion-de-la-causa-terrenos\\\/#primaryimage\",\"url\":\"https:\\\/\\\/infopba247.com.ar\\\/wp-content\\\/uploads\\\/2023\\\/01\\\/concejales-fdt.jpg\",\"contentUrl\":\"https:\\\/\\\/infopba247.com.ar\\\/wp-content\\\/uploads\\\/2023\\\/01\\\/concejales-fdt.jpg\",\"width\":1200,\"height\":685},{\"@type\":\"BreadcrumbList\",\"@id\":\"https:\\\/\\\/infopba247.com.ar\\\/index.php\\\/2023\\\/01\\\/13\\\/olavarria-luego-del-atrincheramiento-el-fdt-reclamo-que-avance-la-investigacion-de-la-causa-terrenos\\\/#breadcrumb\",\"itemListElement\":[{\"@type\":\"ListItem\",\"position\":1,\"name\":\"Portada\",\"item\":\"https:\\\/\\\/infopba247.com.ar\\\/\"},{\"@type\":\"ListItem\",\"position\":2,\"name\":\"Olavarr\u00eda: luego del atrincheramiento, el FdT reclam\u00f3 que avance la investigaci\u00f3n de la \u201ccausa terrenos\u201d\"}]},{\"@type\":\"WebSite\",\"@id\":\"https:\\\/\\\/infopba247.com.ar\\\/#website\",\"url\":\"https:\\\/\\\/infopba247.com.ar\\\/\",\"name\":\"InfoPBA247\",\"description\":\"Toda la actualidad bonaerense\",\"publisher\":{\"@id\":\"https:\\\/\\\/infopba247.com.ar\\\/#organization\"},\"potentialAction\":[{\"@type\":\"SearchAction\",\"target\":{\"@type\":\"EntryPoint\",\"urlTemplate\":\"https:\\\/\\\/infopba247.com.ar\\\/?s={search_term_string}\"},\"query-input\":{\"@type\":\"PropertyValueSpecification\",\"valueRequired\":true,\"valueName\":\"search_term_string\"}}],\"inLanguage\":\"es\"},{\"@type\":\"Organization\",\"@id\":\"https:\\\/\\\/infopba247.com.ar\\\/#organization\",\"name\":\"InfoPBA247\",\"url\":\"https:\\\/\\\/infopba247.com.ar\\\/\",\"logo\":{\"@type\":\"ImageObject\",\"inLanguage\":\"es\",\"@id\":\"https:\\\/\\\/infopba247.com.ar\\\/#\\\/schema\\\/logo\\\/image\\\/\",\"url\":\"https:\\\/\\\/infopba247.com.ar\\\/wp-content\\\/uploads\\\/2022\\\/03\\\/cropped-InfoPBA247-1.png\",\"contentUrl\":\"https:\\\/\\\/infopba247.com.ar\\\/wp-content\\\/uploads\\\/2022\\\/03\\\/cropped-InfoPBA247-1.png\",\"width\":500,\"height\":122,\"caption\":\"InfoPBA247\"},\"image\":{\"@id\":\"https:\\\/\\\/infopba247.com.ar\\\/#\\\/schema\\\/logo\\\/image\\\/\"},\"sameAs\":[\"https:\\\/\\\/www.facebook.com\\\/InfoPBA\"]},{\"@type\":\"Person\",\"@id\":\"https:\\\/\\\/infopba247.com.ar\\\/#\\\/schema\\\/person\\\/4975f1343a413e57bf839b3eed0099f2\",\"name\":\"Editor\",\"image\":{\"@type\":\"ImageObject\",\"inLanguage\":\"es\",\"@id\":\"https:\\\/\\\/secure.gravatar.com\\\/avatar\\\/d27fe9520667ca53441d36627a1d6b0fa4a813571ec4803687a7a3a7744685ac?s=96&d=mm&r=g\",\"url\":\"https:\\\/\\\/secure.gravatar.com\\\/avatar\\\/d27fe9520667ca53441d36627a1d6b0fa4a813571ec4803687a7a3a7744685ac?s=96&d=mm&r=g\",\"contentUrl\":\"https:\\\/\\\/secure.gravatar.com\\\/avatar\\\/d27fe9520667ca53441d36627a1d6b0fa4a813571ec4803687a7a3a7744685ac?s=96&d=mm&r=g\",\"caption\":\"Editor\"},\"url\":\"https:\\\/\\\/infopba247.com.ar\\\/index.php\\\/author\\\/editor\\\/\"}]}<\/script>\n<!-- \/ Yoast SEO plugin. -->","yoast_head_json":{"title":"Olavarr\u00eda: luego del atrincheramiento, el FdT reclam\u00f3 que avance la investigaci\u00f3n de la \u201ccausa terrenos\u201d - InfoPBA247","robots":{"index":"index","follow":"follow","max-snippet":"max-snippet:-1","max-image-preview":"max-image-preview:large","max-video-preview":"max-video-preview:-1"},"canonical":"https:\/\/infopba247.com.ar\/index.php\/2023\/01\/13\/olavarria-luego-del-atrincheramiento-el-fdt-reclamo-que-avance-la-investigacion-de-la-causa-terrenos\/","og_locale":"es_ES","og_type":"article","og_title":"Olavarr\u00eda: luego del atrincheramiento, el FdT reclam\u00f3 que avance la investigaci\u00f3n de la \u201ccausa terrenos\u201d - InfoPBA247","og_description":"Luego del atrincheramiento de uno de los imputados en la causa por la venta trucha de terrenos que implica a","og_url":"https:\/\/infopba247.com.ar\/index.php\/2023\/01\/13\/olavarria-luego-del-atrincheramiento-el-fdt-reclamo-que-avance-la-investigacion-de-la-causa-terrenos\/","og_site_name":"InfoPBA247","article_publisher":"https:\/\/www.facebook.com\/InfoPBA","article_published_time":"2023-01-13T17:26:00+00:00","article_modified_time":"2023-01-16T17:27:15+00:00","og_image":[{"width":1200,"height":685,"url":"https:\/\/infopba247.com.ar\/wp-content\/uploads\/2023\/01\/concejales-fdt.jpg","type":"image\/jpeg"}],"author":"Editor","twitter_card":"summary_large_image","twitter_misc":{"Escrito por":"Editor","Tiempo de lectura":"3 minutos"},"schema":{"@context":"https:\/\/schema.org","@graph":[{"@type":"Article","@id":"https:\/\/infopba247.com.ar\/index.php\/2023\/01\/13\/olavarria-luego-del-atrincheramiento-el-fdt-reclamo-que-avance-la-investigacion-de-la-causa-terrenos\/#article","isPartOf":{"@id":"https:\/\/infopba247.com.ar\/index.php\/2023\/01\/13\/olavarria-luego-del-atrincheramiento-el-fdt-reclamo-que-avance-la-investigacion-de-la-causa-terrenos\/"},"author":{"name":"Editor","@id":"https:\/\/infopba247.com.ar\/#\/schema\/person\/4975f1343a413e57bf839b3eed0099f2"},"headline":"Olavarr\u00eda: luego del atrincheramiento, el FdT reclam\u00f3 que avance la investigaci\u00f3n de la \u201ccausa terrenos\u201d","datePublished":"2023-01-13T17:26:00+00:00","dateModified":"2023-01-16T17:27:15+00:00","mainEntityOfPage":{"@id":"https:\/\/infopba247.com.ar\/index.php\/2023\/01\/13\/olavarria-luego-del-atrincheramiento-el-fdt-reclamo-que-avance-la-investigacion-de-la-causa-terrenos\/"},"wordCount":558,"publisher":{"@id":"https:\/\/infopba247.com.ar\/#organization"},"image":{"@id":"https:\/\/infopba247.com.ar\/index.php\/2023\/01\/13\/olavarria-luego-del-atrincheramiento-el-fdt-reclamo-que-avance-la-investigacion-de-la-causa-terrenos\/#primaryimage"},"thumbnailUrl":"https:\/\/infopba247.com.ar\/wp-content\/uploads\/2023\/01\/concejales-fdt.jpg","articleSection":["7ma Secci\u00f3n","Destacadas","Pol\u00edtica"],"inLanguage":"es"},{"@type":"WebPage","@id":"https:\/\/infopba247.com.ar\/index.php\/2023\/01\/13\/olavarria-luego-del-atrincheramiento-el-fdt-reclamo-que-avance-la-investigacion-de-la-causa-terrenos\/","url":"https:\/\/infopba247.com.ar\/index.php\/2023\/01\/13\/olavarria-luego-del-atrincheramiento-el-fdt-reclamo-que-avance-la-investigacion-de-la-causa-terrenos\/","name":"Olavarr\u00eda: luego del atrincheramiento, el FdT reclam\u00f3 que avance la investigaci\u00f3n de la \u201ccausa terrenos\u201d - InfoPBA247","isPartOf":{"@id":"https:\/\/infopba247.com.ar\/#website"},"primaryImageOfPage":{"@id":"https:\/\/infopba247.com.ar\/index.php\/2023\/01\/13\/olavarria-luego-del-atrincheramiento-el-fdt-reclamo-que-avance-la-investigacion-de-la-causa-terrenos\/#primaryimage"},"image":{"@id":"https:\/\/infopba247.com.ar\/index.php\/2023\/01\/13\/olavarria-luego-del-atrincheramiento-el-fdt-reclamo-que-avance-la-investigacion-de-la-causa-terrenos\/#primaryimage"},"thumbnailUrl":"https:\/\/infopba247.com.ar\/wp-content\/uploads\/2023\/01\/concejales-fdt.jpg","datePublished":"2023-01-13T17:26:00+00:00","dateModified":"2023-01-16T17:27:15+00:00","breadcrumb":{"@id":"https:\/\/infopba247.com.ar\/index.php\/2023\/01\/13\/olavarria-luego-del-atrincheramiento-el-fdt-reclamo-que-avance-la-investigacion-de-la-causa-terrenos\/#breadcrumb"},"inLanguage":"es","potentialAction":[{"@type":"ReadAction","target":["https:\/\/infopba247.com.ar\/index.php\/2023\/01\/13\/olavarria-luego-del-atrincheramiento-el-fdt-reclamo-que-avance-la-investigacion-de-la-causa-terrenos\/"]}]},{"@type":"ImageObject","inLanguage":"es","@id":"https:\/\/infopba247.com.ar\/index.php\/2023\/01\/13\/olavarria-luego-del-atrincheramiento-el-fdt-reclamo-que-avance-la-investigacion-de-la-causa-terrenos\/#primaryimage","url":"https:\/\/infopba247.com.ar\/wp-content\/uploads\/2023\/01\/concejales-fdt.jpg","contentUrl":"https:\/\/infopba247.com.ar\/wp-content\/uploads\/2023\/01\/concejales-fdt.jpg","width":1200,"height":685},{"@type":"BreadcrumbList","@id":"https:\/\/infopba247.com.ar\/index.php\/2023\/01\/13\/olavarria-luego-del-atrincheramiento-el-fdt-reclamo-que-avance-la-investigacion-de-la-causa-terrenos\/#breadcrumb","itemListElement":[{"@type":"ListItem","position":1,"name":"Portada","item":"https:\/\/infopba247.com.ar\/"},{"@type":"ListItem","position":2,"name":"Olavarr\u00eda: luego del atrincheramiento, el FdT reclam\u00f3 que avance la investigaci\u00f3n de la \u201ccausa terrenos\u201d"}]},{"@type":"WebSite","@id":"https:\/\/infopba247.com.ar\/#website","url":"https:\/\/infopba247.com.ar\/","name":"InfoPBA247","description":"Toda la actualidad bonaerense","publisher":{"@id":"https:\/\/infopba247.com.ar\/#organization"},"potentialAction":[{"@type":"SearchAction","target":{"@type":"EntryPoint","urlTemplate":"https:\/\/infopba247.com.ar\/?s={search_term_string}"},"query-input":{"@type":"PropertyValueSpecification","valueRequired":true,"valueName":"search_term_string"}}],"inLanguage":"es"},{"@type":"Organization","@id":"https:\/\/infopba247.com.ar\/#organization","name":"InfoPBA247","url":"https:\/\/infopba247.com.ar\/","logo":{"@type":"ImageObject","inLanguage":"es","@id":"https:\/\/infopba247.com.ar\/#\/schema\/logo\/image\/","url":"https:\/\/infopba247.com.ar\/wp-content\/uploads\/2022\/03\/cropped-InfoPBA247-1.png","contentUrl":"https:\/\/infopba247.com.ar\/wp-content\/uploads\/2022\/03\/cropped-InfoPBA247-1.png","width":500,"height":122,"caption":"InfoPBA247"},"image":{"@id":"https:\/\/infopba247.com.ar\/#\/schema\/logo\/image\/"},"sameAs":["https:\/\/www.facebook.com\/InfoPBA"]},{"@type":"Person","@id":"https:\/\/infopba247.com.ar\/#\/schema\/person\/4975f1343a413e57bf839b3eed0099f2","name":"Editor","image":{"@type":"ImageObject","inLanguage":"es","@id":"https:\/\/secure.gravatar.com\/avatar\/d27fe9520667ca53441d36627a1d6b0fa4a813571ec4803687a7a3a7744685ac?s=96&d=mm&r=g","url":"https:\/\/secure.gravatar.com\/avatar\/d27fe9520667ca53441d36627a1d6b0fa4a813571ec4803687a7a3a7744685ac?s=96&d=mm&r=g","contentUrl":"https:\/\/secure.gravatar.com\/avatar\/d27fe9520667ca53441d36627a1d6b0fa4a813571ec4803687a7a3a7744685ac?s=96&d=mm&r=g","caption":"Editor"},"url":"https:\/\/infopba247.com.ar\/index.php\/author\/editor\/"}]}},"_links":{"self":[{"href":"https:\/\/infopba247.com.ar\/index.php\/wp-json\/wp\/v2\/posts\/1091","targetHints":{"allow":["GET"]}}],"collection":[{"href":"https:\/\/infopba247.com.ar\/index.php\/wp-json\/wp\/v2\/posts"}],"about":[{"href":"https:\/\/infopba247.com.ar\/index.php\/wp-json\/wp\/v2\/types\/post"}],"author":[{"embeddable":true,"href":"https:\/\/infopba247.com.ar\/index.php\/wp-json\/wp\/v2\/users\/3"}],"replies":[{"embeddable":true,"href":"https:\/\/infopba247.com.ar\/index.php\/wp-json\/wp\/v2\/comments?post=1091"}],"version-history":[{"count":1,"href":"https:\/\/infopba247.com.ar\/index.php\/wp-json\/wp\/v2\/posts\/1091\/revisions"}],"predecessor-version":[{"id":1093,"href":"https:\/\/infopba247.com.ar\/index.php\/wp-json\/wp\/v2\/posts\/1091\/revisions\/1093"}],"wp:featuredmedia":[{"embeddable":true,"href":"https:\/\/infopba247.com.ar\/index.php\/wp-json\/wp\/v2\/media\/1092"}],"wp:attachment":[{"href":"https:\/\/infopba247.com.ar\/index.php\/wp-json\/wp\/v2\/media?parent=1091"}],"wp:term":[{"taxonomy":"category","embeddable":true,"href":"https:\/\/infopba247.com.ar\/index.php\/wp-json\/wp\/v2\/categories?post=1091"},{"taxonomy":"post_tag","embeddable":true,"href":"https:\/\/infopba247.com.ar\/index.php\/wp-json\/wp\/v2\/tags?post=1091"}],"curies":[{"name":"wp","href":"https:\/\/api.w.org\/{rel}","templated":true}]}}