{"id":1057,"date":"2023-01-03T15:57:42","date_gmt":"2023-01-03T18:57:42","guid":{"rendered":"https:\/\/infopba247.com.ar\/?p=1057"},"modified":"2023-01-03T16:11:12","modified_gmt":"2023-01-03T19:11:12","slug":"comenzo-la-temporada-de-verano-en-la-reserva-natural-municipal-los-robles","status":"publish","type":"post","link":"https:\/\/infopba247.com.ar\/index.php\/2023\/01\/03\/comenzo-la-temporada-de-verano-en-la-reserva-natural-municipal-los-robles\/","title":{"rendered":"Comenz\u00f3 la temporada de verano en la reserva natural municipal Los Robles"},"content":{"rendered":"\n<p>El espacio cuenta con caba\u00f1as, posadas, pileta, quinchos, sector gastron\u00f3mico, estacionamiento cuidado, SUM, Centro de Interpretaci\u00f3n y diversas actividades deportivas, l\u00fadicas y educativas para toda la familia<\/p>\n\n\n\n<p>Con el objetivo de promover el turismo para que las y los vecinos morenenses, y de zonas aleda\u00f1as disfruten sus vacaciones de manera segura, el Municipio invita a distenderse y a recorrer la reserva \u201cLos Robles\u201d, ubicada en la localidad de La Reja.<\/p>\n\n\n\n<p>El espacio municipal cuenta con quinchos, estacionamiento cuidado, SUM, Centro de Interpretaci\u00f3n y diversas actividades deportivas, l\u00fadicas y educativas para toda la familia. Tambi\u00e9n posee caba\u00f1as y posadas con acceso exclusivo a la pileta. Dichas posadas est\u00e1n adaptadas para personas con movilidad reducida y tienen ba\u00f1o privado, agua caliente, aire acondicionado, kitchenette, heladera frigobar y en el exterior dispone de mesas y parrillas.<\/p>\n\n\n\n<p>La \u00faltima atracci\u00f3n que se suma a las actividades que se ofrecen en el lugar es el \u201cVuelo en globo\u201d, que parte de la Plaza Favaloro y consta de un recorrido en globo aerost\u00e1tico que permite&nbsp; apreciar el paisaje desde la altura. Convirti\u00e9ndose as\u00ed en una experiencia de aventura y naturaleza ideal para grandes, chicos y chicas.<\/p>\n\n\n\n<p>En tanto, el nuevo Centro de Interpretaci\u00f3n, muestra los tres ambientes con los que cuenta el \u00e1rea natural y las especies que lo habitan. Adem\u00e1s posee una sala sensorial, adaptada para personas con discapacidad y un laboratorio con central meteorol\u00f3gica. En el laboratorio los y las visitantes de la reserva podr\u00e1n experimentar y conocer m\u00e1s acerca del reino de los hongos que habitan la reserva.<\/p>\n\n\n\n<p>A su vez, tambi\u00e9n se puede disfrutar de los senderos de la Reserva que se ampliaron de 8 km. a 25 km. de extensi\u00f3n, lo que le permite a las personas conocer y conectar con la naturaleza del \u00e1rea. Donde cada fin de semana grandes cantidades de grupos de ciclistas disfrutan del recorrido de la bicisenda y se realizan las caminatas \u201cBa\u00f1o de bosque\u201d, una experiencia que busca conectar todos los sentidos en el bosque. Tambi\u00e9n hay senderos que unen la reserva con el lago San Francisco, donde al llegar se puede disfrutar del Paseo Costero y la contemplaci\u00f3n de las aves del lugar.<\/p>\n\n\n\n<p>Tambi\u00e9n se encuentra a disposici\u00f3n la nueva plaza h\u00fameda, preparada y dise\u00f1ada para que los ni\u00f1os y ni\u00f1as jueguen con agua y las familias puedan disfrutar de forma segura durante los d\u00edas de verano.<\/p>\n","protected":false},"excerpt":{"rendered":"<p>El espacio cuenta con caba\u00f1as, posadas, pileta, quinchos, sector gastron\u00f3mico, estacionamiento cuidado, SUM, Centro de Interpretaci\u00f3n y diversas actividades deportivas,<\/p>\n","protected":false},"author":3,"featured_media":1068,"comment_status":"open","ping_status":"open","sticky":false,"template":"","format":"standard","meta":{"colormag_page_container_layout":"default_layout","colormag_page_sidebar_layout":"default_layout","footnotes":""},"categories":[15],"tags":[50],"class_list":["post-1057","post","type-post","status-publish","format-standard","has-post-thumbnail","hentry","category-turismo-y-cultura","tag-municipalidad-de-moreno"],"yoast_head":"<!-- This site is optimized with the Yoast SEO plugin v27.4 - https:\/\/yoast.com\/product\/yoast-seo-wordpress\/ -->\n<title>Comenz\u00f3 la temporada de verano en la reserva natural municipal Los Robles - InfoPBA247<\/title>\n<meta name=\"robots\" content=\"index, follow, max-snippet:-1, max-image-preview:large, max-video-preview:-1\" \/>\n<link rel=\"canonical\" href=\"https:\/\/infopba247.com.ar\/index.php\/2023\/01\/03\/comenzo-la-temporada-de-verano-en-la-reserva-natural-municipal-los-robles\/\" \/>\n<meta property=\"og:locale\" content=\"es_ES\" \/>\n<meta property=\"og:type\" content=\"article\" \/>\n<meta property=\"og:title\" content=\"Comenz\u00f3 la temporada de verano en la reserva natural municipal Los Robles - InfoPBA247\" \/>\n<meta property=\"og:description\" content=\"El espacio cuenta con caba\u00f1as, posadas, pileta, quinchos, sector gastron\u00f3mico, estacionamiento cuidado, SUM, Centro de Interpretaci\u00f3n y diversas actividades deportivas,\" \/>\n<meta property=\"og:url\" content=\"https:\/\/infopba247.com.ar\/index.php\/2023\/01\/03\/comenzo-la-temporada-de-verano-en-la-reserva-natural-municipal-los-robles\/\" \/>\n<meta property=\"og:site_name\" content=\"InfoPBA247\" \/>\n<meta property=\"article:publisher\" content=\"https:\/\/www.facebook.com\/InfoPBA\" \/>\n<meta property=\"article:published_time\" content=\"2023-01-03T18:57:42+00:00\" \/>\n<meta property=\"article:modified_time\" content=\"2023-01-03T19:11:12+00:00\" \/>\n<meta property=\"og:image\" content=\"https:\/\/infopba247.com.ar\/wp-content\/uploads\/2023\/01\/INAUGURACION-TEMPORADA-VERANO-2023111-scaled.jpg\" \/>\n\t<meta property=\"og:image:width\" content=\"2560\" \/>\n\t<meta property=\"og:image:height\" content=\"1708\" \/>\n\t<meta property=\"og:image:type\" content=\"image\/jpeg\" \/>\n<meta name=\"author\" content=\"Editor\" \/>\n<meta name=\"twitter:card\" content=\"summary_large_image\" \/>\n<meta name=\"twitter:label1\" content=\"Escrito por\" \/>\n\t<meta name=\"twitter:data1\" content=\"Editor\" \/>\n\t<meta name=\"twitter:label2\" content=\"Tiempo de lectura\" \/>\n\t<meta name=\"twitter:data2\" content=\"2 minutos\" \/>\n<script type=\"application\/ld+json\" class=\"yoast-schema-graph\">{\"@context\":\"https:\\\/\\\/schema.org\",\"@graph\":[{\"@type\":\"Article\",\"@id\":\"https:\\\/\\\/infopba247.com.ar\\\/index.php\\\/2023\\\/01\\\/03\\\/comenzo-la-temporada-de-verano-en-la-reserva-natural-municipal-los-robles\\\/#article\",\"isPartOf\":{\"@id\":\"https:\\\/\\\/infopba247.com.ar\\\/index.php\\\/2023\\\/01\\\/03\\\/comenzo-la-temporada-de-verano-en-la-reserva-natural-municipal-los-robles\\\/\"},\"author\":{\"name\":\"Editor\",\"@id\":\"https:\\\/\\\/infopba247.com.ar\\\/#\\\/schema\\\/person\\\/4975f1343a413e57bf839b3eed0099f2\"},\"headline\":\"Comenz\u00f3 la temporada de verano en la reserva natural municipal Los Robles\",\"datePublished\":\"2023-01-03T18:57:42+00:00\",\"dateModified\":\"2023-01-03T19:11:12+00:00\",\"mainEntityOfPage\":{\"@id\":\"https:\\\/\\\/infopba247.com.ar\\\/index.php\\\/2023\\\/01\\\/03\\\/comenzo-la-temporada-de-verano-en-la-reserva-natural-municipal-los-robles\\\/\"},\"wordCount\":435,\"commentCount\":0,\"publisher\":{\"@id\":\"https:\\\/\\\/infopba247.com.ar\\\/#organization\"},\"image\":{\"@id\":\"https:\\\/\\\/infopba247.com.ar\\\/index.php\\\/2023\\\/01\\\/03\\\/comenzo-la-temporada-de-verano-en-la-reserva-natural-municipal-los-robles\\\/#primaryimage\"},\"thumbnailUrl\":\"https:\\\/\\\/infopba247.com.ar\\\/wp-content\\\/uploads\\\/2023\\\/01\\\/INAUGURACION-TEMPORADA-VERANO-2023111-scaled.jpg\",\"keywords\":[\"Municipalidad de Moreno\"],\"articleSection\":[\"Turismo y Cultura\"],\"inLanguage\":\"es\",\"potentialAction\":[{\"@type\":\"CommentAction\",\"name\":\"Comment\",\"target\":[\"https:\\\/\\\/infopba247.com.ar\\\/index.php\\\/2023\\\/01\\\/03\\\/comenzo-la-temporada-de-verano-en-la-reserva-natural-municipal-los-robles\\\/#respond\"]}]},{\"@type\":\"WebPage\",\"@id\":\"https:\\\/\\\/infopba247.com.ar\\\/index.php\\\/2023\\\/01\\\/03\\\/comenzo-la-temporada-de-verano-en-la-reserva-natural-municipal-los-robles\\\/\",\"url\":\"https:\\\/\\\/infopba247.com.ar\\\/index.php\\\/2023\\\/01\\\/03\\\/comenzo-la-temporada-de-verano-en-la-reserva-natural-municipal-los-robles\\\/\",\"name\":\"Comenz\u00f3 la temporada de verano en la reserva natural municipal Los Robles - InfoPBA247\",\"isPartOf\":{\"@id\":\"https:\\\/\\\/infopba247.com.ar\\\/#website\"},\"primaryImageOfPage\":{\"@id\":\"https:\\\/\\\/infopba247.com.ar\\\/index.php\\\/2023\\\/01\\\/03\\\/comenzo-la-temporada-de-verano-en-la-reserva-natural-municipal-los-robles\\\/#primaryimage\"},\"image\":{\"@id\":\"https:\\\/\\\/infopba247.com.ar\\\/index.php\\\/2023\\\/01\\\/03\\\/comenzo-la-temporada-de-verano-en-la-reserva-natural-municipal-los-robles\\\/#primaryimage\"},\"thumbnailUrl\":\"https:\\\/\\\/infopba247.com.ar\\\/wp-content\\\/uploads\\\/2023\\\/01\\\/INAUGURACION-TEMPORADA-VERANO-2023111-scaled.jpg\",\"datePublished\":\"2023-01-03T18:57:42+00:00\",\"dateModified\":\"2023-01-03T19:11:12+00:00\",\"breadcrumb\":{\"@id\":\"https:\\\/\\\/infopba247.com.ar\\\/index.php\\\/2023\\\/01\\\/03\\\/comenzo-la-temporada-de-verano-en-la-reserva-natural-municipal-los-robles\\\/#breadcrumb\"},\"inLanguage\":\"es\",\"potentialAction\":[{\"@type\":\"ReadAction\",\"target\":[\"https:\\\/\\\/infopba247.com.ar\\\/index.php\\\/2023\\\/01\\\/03\\\/comenzo-la-temporada-de-verano-en-la-reserva-natural-municipal-los-robles\\\/\"]}]},{\"@type\":\"ImageObject\",\"inLanguage\":\"es\",\"@id\":\"https:\\\/\\\/infopba247.com.ar\\\/index.php\\\/2023\\\/01\\\/03\\\/comenzo-la-temporada-de-verano-en-la-reserva-natural-municipal-los-robles\\\/#primaryimage\",\"url\":\"https:\\\/\\\/infopba247.com.ar\\\/wp-content\\\/uploads\\\/2023\\\/01\\\/INAUGURACION-TEMPORADA-VERANO-2023111-scaled.jpg\",\"contentUrl\":\"https:\\\/\\\/infopba247.com.ar\\\/wp-content\\\/uploads\\\/2023\\\/01\\\/INAUGURACION-TEMPORADA-VERANO-2023111-scaled.jpg\",\"width\":2560,\"height\":1708},{\"@type\":\"BreadcrumbList\",\"@id\":\"https:\\\/\\\/infopba247.com.ar\\\/index.php\\\/2023\\\/01\\\/03\\\/comenzo-la-temporada-de-verano-en-la-reserva-natural-municipal-los-robles\\\/#breadcrumb\",\"itemListElement\":[{\"@type\":\"ListItem\",\"position\":1,\"name\":\"Portada\",\"item\":\"https:\\\/\\\/infopba247.com.ar\\\/\"},{\"@type\":\"ListItem\",\"position\":2,\"name\":\"Comenz\u00f3 la temporada de verano en la reserva natural municipal Los Robles\"}]},{\"@type\":\"WebSite\",\"@id\":\"https:\\\/\\\/infopba247.com.ar\\\/#website\",\"url\":\"https:\\\/\\\/infopba247.com.ar\\\/\",\"name\":\"InfoPBA247\",\"description\":\"Toda la actualidad bonaerense\",\"publisher\":{\"@id\":\"https:\\\/\\\/infopba247.com.ar\\\/#organization\"},\"potentialAction\":[{\"@type\":\"SearchAction\",\"target\":{\"@type\":\"EntryPoint\",\"urlTemplate\":\"https:\\\/\\\/infopba247.com.ar\\\/?s={search_term_string}\"},\"query-input\":{\"@type\":\"PropertyValueSpecification\",\"valueRequired\":true,\"valueName\":\"search_term_string\"}}],\"inLanguage\":\"es\"},{\"@type\":\"Organization\",\"@id\":\"https:\\\/\\\/infopba247.com.ar\\\/#organization\",\"name\":\"InfoPBA247\",\"url\":\"https:\\\/\\\/infopba247.com.ar\\\/\",\"logo\":{\"@type\":\"ImageObject\",\"inLanguage\":\"es\",\"@id\":\"https:\\\/\\\/infopba247.com.ar\\\/#\\\/schema\\\/logo\\\/image\\\/\",\"url\":\"https:\\\/\\\/infopba247.com.ar\\\/wp-content\\\/uploads\\\/2022\\\/03\\\/cropped-InfoPBA247-1.png\",\"contentUrl\":\"https:\\\/\\\/infopba247.com.ar\\\/wp-content\\\/uploads\\\/2022\\\/03\\\/cropped-InfoPBA247-1.png\",\"width\":500,\"height\":122,\"caption\":\"InfoPBA247\"},\"image\":{\"@id\":\"https:\\\/\\\/infopba247.com.ar\\\/#\\\/schema\\\/logo\\\/image\\\/\"},\"sameAs\":[\"https:\\\/\\\/www.facebook.com\\\/InfoPBA\"]},{\"@type\":\"Person\",\"@id\":\"https:\\\/\\\/infopba247.com.ar\\\/#\\\/schema\\\/person\\\/4975f1343a413e57bf839b3eed0099f2\",\"name\":\"Editor\",\"image\":{\"@type\":\"ImageObject\",\"inLanguage\":\"es\",\"@id\":\"https:\\\/\\\/secure.gravatar.com\\\/avatar\\\/d27fe9520667ca53441d36627a1d6b0fa4a813571ec4803687a7a3a7744685ac?s=96&d=mm&r=g\",\"url\":\"https:\\\/\\\/secure.gravatar.com\\\/avatar\\\/d27fe9520667ca53441d36627a1d6b0fa4a813571ec4803687a7a3a7744685ac?s=96&d=mm&r=g\",\"contentUrl\":\"https:\\\/\\\/secure.gravatar.com\\\/avatar\\\/d27fe9520667ca53441d36627a1d6b0fa4a813571ec4803687a7a3a7744685ac?s=96&d=mm&r=g\",\"caption\":\"Editor\"},\"url\":\"https:\\\/\\\/infopba247.com.ar\\\/index.php\\\/author\\\/editor\\\/\"}]}<\/script>\n<!-- \/ Yoast SEO plugin. -->","yoast_head_json":{"title":"Comenz\u00f3 la temporada de verano en la reserva natural municipal Los Robles - InfoPBA247","robots":{"index":"index","follow":"follow","max-snippet":"max-snippet:-1","max-image-preview":"max-image-preview:large","max-video-preview":"max-video-preview:-1"},"canonical":"https:\/\/infopba247.com.ar\/index.php\/2023\/01\/03\/comenzo-la-temporada-de-verano-en-la-reserva-natural-municipal-los-robles\/","og_locale":"es_ES","og_type":"article","og_title":"Comenz\u00f3 la temporada de verano en la reserva natural municipal Los Robles - InfoPBA247","og_description":"El espacio cuenta con caba\u00f1as, posadas, pileta, quinchos, sector gastron\u00f3mico, estacionamiento cuidado, SUM, Centro de Interpretaci\u00f3n y diversas actividades deportivas,","og_url":"https:\/\/infopba247.com.ar\/index.php\/2023\/01\/03\/comenzo-la-temporada-de-verano-en-la-reserva-natural-municipal-los-robles\/","og_site_name":"InfoPBA247","article_publisher":"https:\/\/www.facebook.com\/InfoPBA","article_published_time":"2023-01-03T18:57:42+00:00","article_modified_time":"2023-01-03T19:11:12+00:00","og_image":[{"width":2560,"height":1708,"url":"https:\/\/infopba247.com.ar\/wp-content\/uploads\/2023\/01\/INAUGURACION-TEMPORADA-VERANO-2023111-scaled.jpg","type":"image\/jpeg"}],"author":"Editor","twitter_card":"summary_large_image","twitter_misc":{"Escrito por":"Editor","Tiempo de lectura":"2 minutos"},"schema":{"@context":"https:\/\/schema.org","@graph":[{"@type":"Article","@id":"https:\/\/infopba247.com.ar\/index.php\/2023\/01\/03\/comenzo-la-temporada-de-verano-en-la-reserva-natural-municipal-los-robles\/#article","isPartOf":{"@id":"https:\/\/infopba247.com.ar\/index.php\/2023\/01\/03\/comenzo-la-temporada-de-verano-en-la-reserva-natural-municipal-los-robles\/"},"author":{"name":"Editor","@id":"https:\/\/infopba247.com.ar\/#\/schema\/person\/4975f1343a413e57bf839b3eed0099f2"},"headline":"Comenz\u00f3 la temporada de verano en la reserva natural municipal Los Robles","datePublished":"2023-01-03T18:57:42+00:00","dateModified":"2023-01-03T19:11:12+00:00","mainEntityOfPage":{"@id":"https:\/\/infopba247.com.ar\/index.php\/2023\/01\/03\/comenzo-la-temporada-de-verano-en-la-reserva-natural-municipal-los-robles\/"},"wordCount":435,"commentCount":0,"publisher":{"@id":"https:\/\/infopba247.com.ar\/#organization"},"image":{"@id":"https:\/\/infopba247.com.ar\/index.php\/2023\/01\/03\/comenzo-la-temporada-de-verano-en-la-reserva-natural-municipal-los-robles\/#primaryimage"},"thumbnailUrl":"https:\/\/infopba247.com.ar\/wp-content\/uploads\/2023\/01\/INAUGURACION-TEMPORADA-VERANO-2023111-scaled.jpg","keywords":["Municipalidad de Moreno"],"articleSection":["Turismo y Cultura"],"inLanguage":"es","potentialAction":[{"@type":"CommentAction","name":"Comment","target":["https:\/\/infopba247.com.ar\/index.php\/2023\/01\/03\/comenzo-la-temporada-de-verano-en-la-reserva-natural-municipal-los-robles\/#respond"]}]},{"@type":"WebPage","@id":"https:\/\/infopba247.com.ar\/index.php\/2023\/01\/03\/comenzo-la-temporada-de-verano-en-la-reserva-natural-municipal-los-robles\/","url":"https:\/\/infopba247.com.ar\/index.php\/2023\/01\/03\/comenzo-la-temporada-de-verano-en-la-reserva-natural-municipal-los-robles\/","name":"Comenz\u00f3 la temporada de verano en la reserva natural municipal Los Robles - InfoPBA247","isPartOf":{"@id":"https:\/\/infopba247.com.ar\/#website"},"primaryImageOfPage":{"@id":"https:\/\/infopba247.com.ar\/index.php\/2023\/01\/03\/comenzo-la-temporada-de-verano-en-la-reserva-natural-municipal-los-robles\/#primaryimage"},"image":{"@id":"https:\/\/infopba247.com.ar\/index.php\/2023\/01\/03\/comenzo-la-temporada-de-verano-en-la-reserva-natural-municipal-los-robles\/#primaryimage"},"thumbnailUrl":"https:\/\/infopba247.com.ar\/wp-content\/uploads\/2023\/01\/INAUGURACION-TEMPORADA-VERANO-2023111-scaled.jpg","datePublished":"2023-01-03T18:57:42+00:00","dateModified":"2023-01-03T19:11:12+00:00","breadcrumb":{"@id":"https:\/\/infopba247.com.ar\/index.php\/2023\/01\/03\/comenzo-la-temporada-de-verano-en-la-reserva-natural-municipal-los-robles\/#breadcrumb"},"inLanguage":"es","potentialAction":[{"@type":"ReadAction","target":["https:\/\/infopba247.com.ar\/index.php\/2023\/01\/03\/comenzo-la-temporada-de-verano-en-la-reserva-natural-municipal-los-robles\/"]}]},{"@type":"ImageObject","inLanguage":"es","@id":"https:\/\/infopba247.com.ar\/index.php\/2023\/01\/03\/comenzo-la-temporada-de-verano-en-la-reserva-natural-municipal-los-robles\/#primaryimage","url":"https:\/\/infopba247.com.ar\/wp-content\/uploads\/2023\/01\/INAUGURACION-TEMPORADA-VERANO-2023111-scaled.jpg","contentUrl":"https:\/\/infopba247.com.ar\/wp-content\/uploads\/2023\/01\/INAUGURACION-TEMPORADA-VERANO-2023111-scaled.jpg","width":2560,"height":1708},{"@type":"BreadcrumbList","@id":"https:\/\/infopba247.com.ar\/index.php\/2023\/01\/03\/comenzo-la-temporada-de-verano-en-la-reserva-natural-municipal-los-robles\/#breadcrumb","itemListElement":[{"@type":"ListItem","position":1,"name":"Portada","item":"https:\/\/infopba247.com.ar\/"},{"@type":"ListItem","position":2,"name":"Comenz\u00f3 la temporada de verano en la reserva natural municipal Los Robles"}]},{"@type":"WebSite","@id":"https:\/\/infopba247.com.ar\/#website","url":"https:\/\/infopba247.com.ar\/","name":"InfoPBA247","description":"Toda la actualidad bonaerense","publisher":{"@id":"https:\/\/infopba247.com.ar\/#organization"},"potentialAction":[{"@type":"SearchAction","target":{"@type":"EntryPoint","urlTemplate":"https:\/\/infopba247.com.ar\/?s={search_term_string}"},"query-input":{"@type":"PropertyValueSpecification","valueRequired":true,"valueName":"search_term_string"}}],"inLanguage":"es"},{"@type":"Organization","@id":"https:\/\/infopba247.com.ar\/#organization","name":"InfoPBA247","url":"https:\/\/infopba247.com.ar\/","logo":{"@type":"ImageObject","inLanguage":"es","@id":"https:\/\/infopba247.com.ar\/#\/schema\/logo\/image\/","url":"https:\/\/infopba247.com.ar\/wp-content\/uploads\/2022\/03\/cropped-InfoPBA247-1.png","contentUrl":"https:\/\/infopba247.com.ar\/wp-content\/uploads\/2022\/03\/cropped-InfoPBA247-1.png","width":500,"height":122,"caption":"InfoPBA247"},"image":{"@id":"https:\/\/infopba247.com.ar\/#\/schema\/logo\/image\/"},"sameAs":["https:\/\/www.facebook.com\/InfoPBA"]},{"@type":"Person","@id":"https:\/\/infopba247.com.ar\/#\/schema\/person\/4975f1343a413e57bf839b3eed0099f2","name":"Editor","image":{"@type":"ImageObject","inLanguage":"es","@id":"https:\/\/secure.gravatar.com\/avatar\/d27fe9520667ca53441d36627a1d6b0fa4a813571ec4803687a7a3a7744685ac?s=96&d=mm&r=g","url":"https:\/\/secure.gravatar.com\/avatar\/d27fe9520667ca53441d36627a1d6b0fa4a813571ec4803687a7a3a7744685ac?s=96&d=mm&r=g","contentUrl":"https:\/\/secure.gravatar.com\/avatar\/d27fe9520667ca53441d36627a1d6b0fa4a813571ec4803687a7a3a7744685ac?s=96&d=mm&r=g","caption":"Editor"},"url":"https:\/\/infopba247.com.ar\/index.php\/author\/editor\/"}]}},"_links":{"self":[{"href":"https:\/\/infopba247.com.ar\/index.php\/wp-json\/wp\/v2\/posts\/1057","targetHints":{"allow":["GET"]}}],"collection":[{"href":"https:\/\/infopba247.com.ar\/index.php\/wp-json\/wp\/v2\/posts"}],"about":[{"href":"https:\/\/infopba247.com.ar\/index.php\/wp-json\/wp\/v2\/types\/post"}],"author":[{"embeddable":true,"href":"https:\/\/infopba247.com.ar\/index.php\/wp-json\/wp\/v2\/users\/3"}],"replies":[{"embeddable":true,"href":"https:\/\/infopba247.com.ar\/index.php\/wp-json\/wp\/v2\/comments?post=1057"}],"version-history":[{"count":1,"href":"https:\/\/infopba247.com.ar\/index.php\/wp-json\/wp\/v2\/posts\/1057\/revisions"}],"predecessor-version":[{"id":1058,"href":"https:\/\/infopba247.com.ar\/index.php\/wp-json\/wp\/v2\/posts\/1057\/revisions\/1058"}],"wp:featuredmedia":[{"embeddable":true,"href":"https:\/\/infopba247.com.ar\/index.php\/wp-json\/wp\/v2\/media\/1068"}],"wp:attachment":[{"href":"https:\/\/infopba247.com.ar\/index.php\/wp-json\/wp\/v2\/media?parent=1057"}],"wp:term":[{"taxonomy":"category","embeddable":true,"href":"https:\/\/infopba247.com.ar\/index.php\/wp-json\/wp\/v2\/categories?post=1057"},{"taxonomy":"post_tag","embeddable":true,"href":"https:\/\/infopba247.com.ar\/index.php\/wp-json\/wp\/v2\/tags?post=1057"}],"curies":[{"name":"wp","href":"https:\/\/api.w.org\/{rel}","templated":true}]}}