{"id":10506,"date":"2026-09-04T15:40:17","date_gmt":"2026-09-04T18:40:17","guid":{"rendered":"https:\/\/infopba247.com.ar\/?p=10506"},"modified":"2026-09-04T15:40:18","modified_gmt":"2026-09-04T18:40:18","slug":"trabajo-conjunto-para-fortalecer-la-prevencion-y-asistencia-a-las-adolescencias-en-el-marco-de-la-32-fiesta-de-la-primavera","status":"publish","type":"post","link":"https:\/\/infopba247.com.ar\/index.php\/2026\/09\/04\/trabajo-conjunto-para-fortalecer-la-prevencion-y-asistencia-a-las-adolescencias-en-el-marco-de-la-32-fiesta-de-la-primavera\/","title":{"rendered":"Trabajo conjunto para fortalecer la prevenci\u00f3n y asistencia a las adolescencias en el marco de la 32\u00b0 Fiesta de la Primavera"},"content":{"rendered":"\n<p class=\"wp-block-paragraph\">De cara a la 32\u00b0 Fiesta Nacional de la Primavera que se celebrar\u00e1 desde el viernes 18 al domingo 20 de septiembre, tuvo lugar en el Centro de Convenciones una reuni\u00f3n interdisciplinaria con referentes de las distintas \u00e1reas abocadas a la organizaci\u00f3n, prevenci\u00f3n y coordinaci\u00f3n de acciones ante situaciones que involucren adolescentes, en particular teniendo en cuenta que la edad promedio de las y los asistentes es de 15 a\u00f1os.<\/p>\n\n\n\n<p class=\"wp-block-paragraph\">Previo al evento que involucra a cientos de j\u00f3venes, y como ante cada edici\u00f3n, se trabaja coordinadamente para reforzar y garantizar la seguridad de los menores mediante la prevenci\u00f3n y regularizaci\u00f3n de controles en playa y v\u00eda p\u00fablica; adem\u00e1s repasar los protocolos a seguir en caso de ser necesario.<\/p>\n\n\n\n<p class=\"wp-block-paragraph\">Encabezada por los secretarios de Seguridad Ciudadana, Fernando Vera; de Turismo, Franco Gentili; de Desarrollo Humano y Social, Pablo Poliotti;&nbsp; de Salud, Adri\u00e1n Ruiz y de Gobierno, Ramiro Busca; la reuni\u00f3n cont\u00f3 con referentes de \u00e1reas espec\u00edficas como Servicio Local, la Subsecretar\u00eda de la Mujer, G\u00e9nero y Diversidades, Protecci\u00f3n Civil, Monitoreo, Hospital y el equipo de Primera Infancia, Ni\u00f1ez y Adolescencia.<br>Tambi\u00e9n estuvieron presentes los Jefes de la Polic\u00eda Comunal, de la Comisar\u00eda de la Mujer, de Bomberos Voluntarios y del Hogar Convivencial Petorutti, entre otros.<\/p>\n\n\n\n<p class=\"wp-block-paragraph\">\u00abEstas reuniones pre primavera nos permiten prepararnos con la mirada puesta en protecci\u00f3n de las y los adolescentes y coordinar la log\u00edstica entre todas las \u00e1reas para garantizar respuestas de acci\u00f3n ante cualquier eventualidad\u00bb,&nbsp;manifest\u00f3 Fernando Vera.<\/p>\n\n\n\n<p class=\"wp-block-paragraph\">\u201cLa edad promedio de las y los asistentes nos habla de la confianza que las familias depositan en Monte Hermoso, aunque como siempre, insistimos en la importancia del acompa\u00f1amiento por parte de los adultos. Es uno de los eventos m\u00e1s masivos y trabajamos para no dejar nada al azar\u201d, a\u00f1adi\u00f3.<\/p>\n\n\n\n<p class=\"wp-block-paragraph\">Esta nueva edici\u00f3n vuelve a concentrar los espect\u00e1culos en la Plaza Parque con el Patio Gastron\u00f3mico, DJ\u00b4s, y la m\u00fasica en vivo de bandas regionales, de Cruzando el Charco el d\u00eda s\u00e1bado y el cierre del domingo a cargo de Guasones.<\/p>\n","protected":false},"excerpt":{"rendered":"<p>De cara a la 32\u00b0 Fiesta Nacional de la Primavera que se celebrar\u00e1 desde el viernes 18 al domingo 20<\/p>\n","protected":false},"author":3,"featured_media":10498,"comment_status":"open","ping_status":"open","sticky":false,"template":"","format":"standard","meta":{"colormag_page_container_layout":"default_layout","colormag_page_sidebar_layout":"default_layout","footnotes":""},"categories":[10,1,14],"tags":[],"class_list":["post-10506","post","type-post","status-publish","format-standard","has-post-thumbnail","hentry","category-6ta-seccion","category-destacadas","category-politica"],"yoast_head":"<!-- This site is optimized with the Yoast SEO plugin v28.4 - https:\/\/yoast.com\/product\/yoast-seo-wordpress\/ -->\n<title>Trabajo conjunto para fortalecer la prevenci\u00f3n y asistencia a las adolescencias en el marco de la 32\u00b0 Fiesta de la Primavera - InfoPBA247<\/title>\n<meta name=\"robots\" content=\"index, follow, max-snippet:-1, max-image-preview:large, max-video-preview:-1\" \/>\n<link rel=\"canonical\" href=\"https:\/\/infopba247.com.ar\/index.php\/2026\/09\/04\/trabajo-conjunto-para-fortalecer-la-prevencion-y-asistencia-a-las-adolescencias-en-el-marco-de-la-32-fiesta-de-la-primavera\/\" \/>\n<meta property=\"og:locale\" content=\"es_ES\" \/>\n<meta property=\"og:type\" content=\"article\" \/>\n<meta property=\"og:title\" content=\"Trabajo conjunto para fortalecer la prevenci\u00f3n y asistencia a las adolescencias en el marco de la 32\u00b0 Fiesta de la Primavera - InfoPBA247\" \/>\n<meta property=\"og:description\" content=\"De cara a la 32\u00b0 Fiesta Nacional de la Primavera que se celebrar\u00e1 desde el viernes 18 al domingo 20\" \/>\n<meta property=\"og:url\" content=\"https:\/\/infopba247.com.ar\/index.php\/2026\/09\/04\/trabajo-conjunto-para-fortalecer-la-prevencion-y-asistencia-a-las-adolescencias-en-el-marco-de-la-32-fiesta-de-la-primavera\/\" \/>\n<meta property=\"og:site_name\" content=\"InfoPBA247\" \/>\n<meta property=\"article:publisher\" content=\"https:\/\/www.facebook.com\/InfoPBA\" \/>\n<meta property=\"article:published_time\" content=\"2026-09-04T18:40:17+00:00\" \/>\n<meta property=\"article:modified_time\" content=\"2026-09-04T18:40:18+00:00\" \/>\n<meta property=\"og:image\" content=\"https:\/\/infopba247.com.ar\/wp-content\/uploads\/2026\/09\/WhatsApp-Image-2026-09-01-at-12.46.36-PM-1-800x445-1.png\" \/>\n\t<meta property=\"og:image:width\" content=\"800\" \/>\n\t<meta property=\"og:image:height\" content=\"445\" \/>\n\t<meta property=\"og:image:type\" content=\"image\/png\" \/>\n<meta name=\"author\" content=\"Editor\" \/>\n<meta name=\"twitter:card\" content=\"summary_large_image\" \/>\n<meta name=\"twitter:label1\" content=\"Escrito por\" \/>\n\t<meta name=\"twitter:data1\" content=\"Editor\" \/>\n\t<meta name=\"twitter:label2\" content=\"Tiempo de lectura\" \/>\n\t<meta name=\"twitter:data2\" content=\"2 minutos\" \/>\n<script type=\"application\/ld+json\" class=\"yoast-schema-graph\">{\"@context\":\"https:\\\/\\\/schema.org\",\"@graph\":[{\"@type\":\"Article\",\"@id\":\"https:\\\/\\\/infopba247.com.ar\\\/index.php\\\/2026\\\/09\\\/04\\\/trabajo-conjunto-para-fortalecer-la-prevencion-y-asistencia-a-las-adolescencias-en-el-marco-de-la-32-fiesta-de-la-primavera\\\/#article\",\"isPartOf\":{\"@id\":\"https:\\\/\\\/infopba247.com.ar\\\/index.php\\\/2026\\\/09\\\/04\\\/trabajo-conjunto-para-fortalecer-la-prevencion-y-asistencia-a-las-adolescencias-en-el-marco-de-la-32-fiesta-de-la-primavera\\\/\"},\"author\":{\"name\":\"Editor\",\"@id\":\"https:\\\/\\\/infopba247.com.ar\\\/#\\\/schema\\\/person\\\/4975f1343a413e57bf839b3eed0099f2\"},\"headline\":\"Trabajo conjunto para fortalecer la prevenci\u00f3n y asistencia a las adolescencias en el marco de la 32\u00b0 Fiesta de la Primavera\",\"datePublished\":\"2026-09-04T18:40:17+00:00\",\"dateModified\":\"2026-09-04T18:40:18+00:00\",\"mainEntityOfPage\":{\"@id\":\"https:\\\/\\\/infopba247.com.ar\\\/index.php\\\/2026\\\/09\\\/04\\\/trabajo-conjunto-para-fortalecer-la-prevencion-y-asistencia-a-las-adolescencias-en-el-marco-de-la-32-fiesta-de-la-primavera\\\/\"},\"wordCount\":387,\"commentCount\":0,\"publisher\":{\"@id\":\"https:\\\/\\\/infopba247.com.ar\\\/#organization\"},\"image\":{\"@id\":\"https:\\\/\\\/infopba247.com.ar\\\/index.php\\\/2026\\\/09\\\/04\\\/trabajo-conjunto-para-fortalecer-la-prevencion-y-asistencia-a-las-adolescencias-en-el-marco-de-la-32-fiesta-de-la-primavera\\\/#primaryimage\"},\"thumbnailUrl\":\"https:\\\/\\\/infopba247.com.ar\\\/wp-content\\\/uploads\\\/2026\\\/09\\\/WhatsApp-Image-2026-09-01-at-12.46.36-PM-1-800x445-1.png\",\"articleSection\":[\"6ta Secci\u00f3n\",\"Destacadas\",\"Pol\u00edtica\"],\"inLanguage\":\"es\",\"potentialAction\":[{\"@type\":\"CommentAction\",\"name\":\"Comment\",\"target\":[\"https:\\\/\\\/infopba247.com.ar\\\/index.php\\\/2026\\\/09\\\/04\\\/trabajo-conjunto-para-fortalecer-la-prevencion-y-asistencia-a-las-adolescencias-en-el-marco-de-la-32-fiesta-de-la-primavera\\\/#respond\"]}]},{\"@type\":\"WebPage\",\"@id\":\"https:\\\/\\\/infopba247.com.ar\\\/index.php\\\/2026\\\/09\\\/04\\\/trabajo-conjunto-para-fortalecer-la-prevencion-y-asistencia-a-las-adolescencias-en-el-marco-de-la-32-fiesta-de-la-primavera\\\/\",\"url\":\"https:\\\/\\\/infopba247.com.ar\\\/index.php\\\/2026\\\/09\\\/04\\\/trabajo-conjunto-para-fortalecer-la-prevencion-y-asistencia-a-las-adolescencias-en-el-marco-de-la-32-fiesta-de-la-primavera\\\/\",\"name\":\"Trabajo conjunto para fortalecer la prevenci\u00f3n y asistencia a las adolescencias en el marco de la 32\u00b0 Fiesta de la Primavera - InfoPBA247\",\"isPartOf\":{\"@id\":\"https:\\\/\\\/infopba247.com.ar\\\/#website\"},\"primaryImageOfPage\":{\"@id\":\"https:\\\/\\\/infopba247.com.ar\\\/index.php\\\/2026\\\/09\\\/04\\\/trabajo-conjunto-para-fortalecer-la-prevencion-y-asistencia-a-las-adolescencias-en-el-marco-de-la-32-fiesta-de-la-primavera\\\/#primaryimage\"},\"image\":{\"@id\":\"https:\\\/\\\/infopba247.com.ar\\\/index.php\\\/2026\\\/09\\\/04\\\/trabajo-conjunto-para-fortalecer-la-prevencion-y-asistencia-a-las-adolescencias-en-el-marco-de-la-32-fiesta-de-la-primavera\\\/#primaryimage\"},\"thumbnailUrl\":\"https:\\\/\\\/infopba247.com.ar\\\/wp-content\\\/uploads\\\/2026\\\/09\\\/WhatsApp-Image-2026-09-01-at-12.46.36-PM-1-800x445-1.png\",\"datePublished\":\"2026-09-04T18:40:17+00:00\",\"dateModified\":\"2026-09-04T18:40:18+00:00\",\"breadcrumb\":{\"@id\":\"https:\\\/\\\/infopba247.com.ar\\\/index.php\\\/2026\\\/09\\\/04\\\/trabajo-conjunto-para-fortalecer-la-prevencion-y-asistencia-a-las-adolescencias-en-el-marco-de-la-32-fiesta-de-la-primavera\\\/#breadcrumb\"},\"inLanguage\":\"es\",\"potentialAction\":[{\"@type\":\"ReadAction\",\"target\":[\"https:\\\/\\\/infopba247.com.ar\\\/index.php\\\/2026\\\/09\\\/04\\\/trabajo-conjunto-para-fortalecer-la-prevencion-y-asistencia-a-las-adolescencias-en-el-marco-de-la-32-fiesta-de-la-primavera\\\/\"]}]},{\"@type\":\"ImageObject\",\"inLanguage\":\"es\",\"@id\":\"https:\\\/\\\/infopba247.com.ar\\\/index.php\\\/2026\\\/09\\\/04\\\/trabajo-conjunto-para-fortalecer-la-prevencion-y-asistencia-a-las-adolescencias-en-el-marco-de-la-32-fiesta-de-la-primavera\\\/#primaryimage\",\"url\":\"https:\\\/\\\/infopba247.com.ar\\\/wp-content\\\/uploads\\\/2026\\\/09\\\/WhatsApp-Image-2026-09-01-at-12.46.36-PM-1-800x445-1.png\",\"contentUrl\":\"https:\\\/\\\/infopba247.com.ar\\\/wp-content\\\/uploads\\\/2026\\\/09\\\/WhatsApp-Image-2026-09-01-at-12.46.36-PM-1-800x445-1.png\",\"width\":800,\"height\":445},{\"@type\":\"BreadcrumbList\",\"@id\":\"https:\\\/\\\/infopba247.com.ar\\\/index.php\\\/2026\\\/09\\\/04\\\/trabajo-conjunto-para-fortalecer-la-prevencion-y-asistencia-a-las-adolescencias-en-el-marco-de-la-32-fiesta-de-la-primavera\\\/#breadcrumb\",\"itemListElement\":[{\"@type\":\"ListItem\",\"position\":1,\"name\":\"Portada\",\"item\":\"https:\\\/\\\/infopba247.com.ar\\\/\"},{\"@type\":\"ListItem\",\"position\":2,\"name\":\"Trabajo conjunto para fortalecer la prevenci\u00f3n y asistencia a las adolescencias en el marco de la 32\u00b0 Fiesta de la Primavera\"}]},{\"@type\":\"WebSite\",\"@id\":\"https:\\\/\\\/infopba247.com.ar\\\/#website\",\"url\":\"https:\\\/\\\/infopba247.com.ar\\\/\",\"name\":\"InfoPBA247\",\"description\":\"Toda la actualidad bonaerense\",\"publisher\":{\"@id\":\"https:\\\/\\\/infopba247.com.ar\\\/#organization\"},\"potentialAction\":[{\"@type\":\"SearchAction\",\"target\":{\"@type\":\"EntryPoint\",\"urlTemplate\":\"https:\\\/\\\/infopba247.com.ar\\\/?s={search_term_string}\"},\"query-input\":{\"@type\":\"PropertyValueSpecification\",\"valueRequired\":true,\"valueName\":\"search_term_string\"}}],\"inLanguage\":\"es\"},{\"@type\":\"Organization\",\"@id\":\"https:\\\/\\\/infopba247.com.ar\\\/#organization\",\"name\":\"InfoPBA247\",\"url\":\"https:\\\/\\\/infopba247.com.ar\\\/\",\"logo\":{\"@type\":\"ImageObject\",\"inLanguage\":\"es\",\"@id\":\"https:\\\/\\\/infopba247.com.ar\\\/#\\\/schema\\\/logo\\\/image\\\/\",\"url\":\"https:\\\/\\\/infopba247.com.ar\\\/wp-content\\\/uploads\\\/2022\\\/03\\\/cropped-InfoPBA247-1.png\",\"contentUrl\":\"https:\\\/\\\/infopba247.com.ar\\\/wp-content\\\/uploads\\\/2022\\\/03\\\/cropped-InfoPBA247-1.png\",\"width\":500,\"height\":122,\"caption\":\"InfoPBA247\"},\"image\":{\"@id\":\"https:\\\/\\\/infopba247.com.ar\\\/#\\\/schema\\\/logo\\\/image\\\/\"},\"sameAs\":[\"https:\\\/\\\/www.facebook.com\\\/InfoPBA\"]},{\"@type\":\"Person\",\"@id\":\"https:\\\/\\\/infopba247.com.ar\\\/#\\\/schema\\\/person\\\/4975f1343a413e57bf839b3eed0099f2\",\"name\":\"Editor\",\"image\":{\"@type\":\"ImageObject\",\"inLanguage\":\"es\",\"@id\":\"https:\\\/\\\/secure.gravatar.com\\\/avatar\\\/d27fe9520667ca53441d36627a1d6b0fa4a813571ec4803687a7a3a7744685ac?s=96&d=mm&r=g\",\"url\":\"https:\\\/\\\/secure.gravatar.com\\\/avatar\\\/d27fe9520667ca53441d36627a1d6b0fa4a813571ec4803687a7a3a7744685ac?s=96&d=mm&r=g\",\"contentUrl\":\"https:\\\/\\\/secure.gravatar.com\\\/avatar\\\/d27fe9520667ca53441d36627a1d6b0fa4a813571ec4803687a7a3a7744685ac?s=96&d=mm&r=g\",\"caption\":\"Editor\"},\"url\":\"https:\\\/\\\/infopba247.com.ar\\\/index.php\\\/author\\\/editor\\\/\"}]}<\/script>\n<!-- \/ Yoast SEO plugin. -->","yoast_head_json":{"title":"Trabajo conjunto para fortalecer la prevenci\u00f3n y asistencia a las adolescencias en el marco de la 32\u00b0 Fiesta de la Primavera - InfoPBA247","robots":{"index":"index","follow":"follow","max-snippet":"max-snippet:-1","max-image-preview":"max-image-preview:large","max-video-preview":"max-video-preview:-1"},"canonical":"https:\/\/infopba247.com.ar\/index.php\/2026\/09\/04\/trabajo-conjunto-para-fortalecer-la-prevencion-y-asistencia-a-las-adolescencias-en-el-marco-de-la-32-fiesta-de-la-primavera\/","og_locale":"es_ES","og_type":"article","og_title":"Trabajo conjunto para fortalecer la prevenci\u00f3n y asistencia a las adolescencias en el marco de la 32\u00b0 Fiesta de la Primavera - InfoPBA247","og_description":"De cara a la 32\u00b0 Fiesta Nacional de la Primavera que se celebrar\u00e1 desde el viernes 18 al domingo 20","og_url":"https:\/\/infopba247.com.ar\/index.php\/2026\/09\/04\/trabajo-conjunto-para-fortalecer-la-prevencion-y-asistencia-a-las-adolescencias-en-el-marco-de-la-32-fiesta-de-la-primavera\/","og_site_name":"InfoPBA247","article_publisher":"https:\/\/www.facebook.com\/InfoPBA","article_published_time":"2026-09-04T18:40:17+00:00","article_modified_time":"2026-09-04T18:40:18+00:00","og_image":[{"width":800,"height":445,"url":"https:\/\/infopba247.com.ar\/wp-content\/uploads\/2026\/09\/WhatsApp-Image-2026-09-01-at-12.46.36-PM-1-800x445-1.png","type":"image\/png"}],"author":"Editor","twitter_card":"summary_large_image","twitter_misc":{"Escrito por":"Editor","Tiempo de lectura":"2 minutos"},"schema":{"@context":"https:\/\/schema.org","@graph":[{"@type":"Article","@id":"https:\/\/infopba247.com.ar\/index.php\/2026\/09\/04\/trabajo-conjunto-para-fortalecer-la-prevencion-y-asistencia-a-las-adolescencias-en-el-marco-de-la-32-fiesta-de-la-primavera\/#article","isPartOf":{"@id":"https:\/\/infopba247.com.ar\/index.php\/2026\/09\/04\/trabajo-conjunto-para-fortalecer-la-prevencion-y-asistencia-a-las-adolescencias-en-el-marco-de-la-32-fiesta-de-la-primavera\/"},"author":{"name":"Editor","@id":"https:\/\/infopba247.com.ar\/#\/schema\/person\/4975f1343a413e57bf839b3eed0099f2"},"headline":"Trabajo conjunto para fortalecer la prevenci\u00f3n y asistencia a las adolescencias en el marco de la 32\u00b0 Fiesta de la Primavera","datePublished":"2026-09-04T18:40:17+00:00","dateModified":"2026-09-04T18:40:18+00:00","mainEntityOfPage":{"@id":"https:\/\/infopba247.com.ar\/index.php\/2026\/09\/04\/trabajo-conjunto-para-fortalecer-la-prevencion-y-asistencia-a-las-adolescencias-en-el-marco-de-la-32-fiesta-de-la-primavera\/"},"wordCount":387,"commentCount":0,"publisher":{"@id":"https:\/\/infopba247.com.ar\/#organization"},"image":{"@id":"https:\/\/infopba247.com.ar\/index.php\/2026\/09\/04\/trabajo-conjunto-para-fortalecer-la-prevencion-y-asistencia-a-las-adolescencias-en-el-marco-de-la-32-fiesta-de-la-primavera\/#primaryimage"},"thumbnailUrl":"https:\/\/infopba247.com.ar\/wp-content\/uploads\/2026\/09\/WhatsApp-Image-2026-09-01-at-12.46.36-PM-1-800x445-1.png","articleSection":["6ta Secci\u00f3n","Destacadas","Pol\u00edtica"],"inLanguage":"es","potentialAction":[{"@type":"CommentAction","name":"Comment","target":["https:\/\/infopba247.com.ar\/index.php\/2026\/09\/04\/trabajo-conjunto-para-fortalecer-la-prevencion-y-asistencia-a-las-adolescencias-en-el-marco-de-la-32-fiesta-de-la-primavera\/#respond"]}]},{"@type":"WebPage","@id":"https:\/\/infopba247.com.ar\/index.php\/2026\/09\/04\/trabajo-conjunto-para-fortalecer-la-prevencion-y-asistencia-a-las-adolescencias-en-el-marco-de-la-32-fiesta-de-la-primavera\/","url":"https:\/\/infopba247.com.ar\/index.php\/2026\/09\/04\/trabajo-conjunto-para-fortalecer-la-prevencion-y-asistencia-a-las-adolescencias-en-el-marco-de-la-32-fiesta-de-la-primavera\/","name":"Trabajo conjunto para fortalecer la prevenci\u00f3n y asistencia a las adolescencias en el marco de la 32\u00b0 Fiesta de la Primavera - InfoPBA247","isPartOf":{"@id":"https:\/\/infopba247.com.ar\/#website"},"primaryImageOfPage":{"@id":"https:\/\/infopba247.com.ar\/index.php\/2026\/09\/04\/trabajo-conjunto-para-fortalecer-la-prevencion-y-asistencia-a-las-adolescencias-en-el-marco-de-la-32-fiesta-de-la-primavera\/#primaryimage"},"image":{"@id":"https:\/\/infopba247.com.ar\/index.php\/2026\/09\/04\/trabajo-conjunto-para-fortalecer-la-prevencion-y-asistencia-a-las-adolescencias-en-el-marco-de-la-32-fiesta-de-la-primavera\/#primaryimage"},"thumbnailUrl":"https:\/\/infopba247.com.ar\/wp-content\/uploads\/2026\/09\/WhatsApp-Image-2026-09-01-at-12.46.36-PM-1-800x445-1.png","datePublished":"2026-09-04T18:40:17+00:00","dateModified":"2026-09-04T18:40:18+00:00","breadcrumb":{"@id":"https:\/\/infopba247.com.ar\/index.php\/2026\/09\/04\/trabajo-conjunto-para-fortalecer-la-prevencion-y-asistencia-a-las-adolescencias-en-el-marco-de-la-32-fiesta-de-la-primavera\/#breadcrumb"},"inLanguage":"es","potentialAction":[{"@type":"ReadAction","target":["https:\/\/infopba247.com.ar\/index.php\/2026\/09\/04\/trabajo-conjunto-para-fortalecer-la-prevencion-y-asistencia-a-las-adolescencias-en-el-marco-de-la-32-fiesta-de-la-primavera\/"]}]},{"@type":"ImageObject","inLanguage":"es","@id":"https:\/\/infopba247.com.ar\/index.php\/2026\/09\/04\/trabajo-conjunto-para-fortalecer-la-prevencion-y-asistencia-a-las-adolescencias-en-el-marco-de-la-32-fiesta-de-la-primavera\/#primaryimage","url":"https:\/\/infopba247.com.ar\/wp-content\/uploads\/2026\/09\/WhatsApp-Image-2026-09-01-at-12.46.36-PM-1-800x445-1.png","contentUrl":"https:\/\/infopba247.com.ar\/wp-content\/uploads\/2026\/09\/WhatsApp-Image-2026-09-01-at-12.46.36-PM-1-800x445-1.png","width":800,"height":445},{"@type":"BreadcrumbList","@id":"https:\/\/infopba247.com.ar\/index.php\/2026\/09\/04\/trabajo-conjunto-para-fortalecer-la-prevencion-y-asistencia-a-las-adolescencias-en-el-marco-de-la-32-fiesta-de-la-primavera\/#breadcrumb","itemListElement":[{"@type":"ListItem","position":1,"name":"Portada","item":"https:\/\/infopba247.com.ar\/"},{"@type":"ListItem","position":2,"name":"Trabajo conjunto para fortalecer la prevenci\u00f3n y asistencia a las adolescencias en el marco de la 32\u00b0 Fiesta de la Primavera"}]},{"@type":"WebSite","@id":"https:\/\/infopba247.com.ar\/#website","url":"https:\/\/infopba247.com.ar\/","name":"InfoPBA247","description":"Toda la actualidad bonaerense","publisher":{"@id":"https:\/\/infopba247.com.ar\/#organization"},"potentialAction":[{"@type":"SearchAction","target":{"@type":"EntryPoint","urlTemplate":"https:\/\/infopba247.com.ar\/?s={search_term_string}"},"query-input":{"@type":"PropertyValueSpecification","valueRequired":true,"valueName":"search_term_string"}}],"inLanguage":"es"},{"@type":"Organization","@id":"https:\/\/infopba247.com.ar\/#organization","name":"InfoPBA247","url":"https:\/\/infopba247.com.ar\/","logo":{"@type":"ImageObject","inLanguage":"es","@id":"https:\/\/infopba247.com.ar\/#\/schema\/logo\/image\/","url":"https:\/\/infopba247.com.ar\/wp-content\/uploads\/2022\/03\/cropped-InfoPBA247-1.png","contentUrl":"https:\/\/infopba247.com.ar\/wp-content\/uploads\/2022\/03\/cropped-InfoPBA247-1.png","width":500,"height":122,"caption":"InfoPBA247"},"image":{"@id":"https:\/\/infopba247.com.ar\/#\/schema\/logo\/image\/"},"sameAs":["https:\/\/www.facebook.com\/InfoPBA"]},{"@type":"Person","@id":"https:\/\/infopba247.com.ar\/#\/schema\/person\/4975f1343a413e57bf839b3eed0099f2","name":"Editor","image":{"@type":"ImageObject","inLanguage":"es","@id":"https:\/\/secure.gravatar.com\/avatar\/d27fe9520667ca53441d36627a1d6b0fa4a813571ec4803687a7a3a7744685ac?s=96&d=mm&r=g","url":"https:\/\/secure.gravatar.com\/avatar\/d27fe9520667ca53441d36627a1d6b0fa4a813571ec4803687a7a3a7744685ac?s=96&d=mm&r=g","contentUrl":"https:\/\/secure.gravatar.com\/avatar\/d27fe9520667ca53441d36627a1d6b0fa4a813571ec4803687a7a3a7744685ac?s=96&d=mm&r=g","caption":"Editor"},"url":"https:\/\/infopba247.com.ar\/index.php\/author\/editor\/"}]}},"_links":{"self":[{"href":"https:\/\/infopba247.com.ar\/index.php\/wp-json\/wp\/v2\/posts\/10506","targetHints":{"allow":["GET"]}}],"collection":[{"href":"https:\/\/infopba247.com.ar\/index.php\/wp-json\/wp\/v2\/posts"}],"about":[{"href":"https:\/\/infopba247.com.ar\/index.php\/wp-json\/wp\/v2\/types\/post"}],"author":[{"embeddable":true,"href":"https:\/\/infopba247.com.ar\/index.php\/wp-json\/wp\/v2\/users\/3"}],"replies":[{"embeddable":true,"href":"https:\/\/infopba247.com.ar\/index.php\/wp-json\/wp\/v2\/comments?post=10506"}],"version-history":[{"count":1,"href":"https:\/\/infopba247.com.ar\/index.php\/wp-json\/wp\/v2\/posts\/10506\/revisions"}],"predecessor-version":[{"id":10507,"href":"https:\/\/infopba247.com.ar\/index.php\/wp-json\/wp\/v2\/posts\/10506\/revisions\/10507"}],"wp:featuredmedia":[{"embeddable":true,"href":"https:\/\/infopba247.com.ar\/index.php\/wp-json\/wp\/v2\/media\/10498"}],"wp:attachment":[{"href":"https:\/\/infopba247.com.ar\/index.php\/wp-json\/wp\/v2\/media?parent=10506"}],"wp:term":[{"taxonomy":"category","embeddable":true,"href":"https:\/\/infopba247.com.ar\/index.php\/wp-json\/wp\/v2\/categories?post=10506"},{"taxonomy":"post_tag","embeddable":true,"href":"https:\/\/infopba247.com.ar\/index.php\/wp-json\/wp\/v2\/tags?post=10506"}],"curies":[{"name":"wp","href":"https:\/\/api.w.org\/{rel}","templated":true}]}}