{"id":10494,"date":"2026-09-03T14:32:00","date_gmt":"2026-09-03T17:32:00","guid":{"rendered":"https:\/\/infopba247.com.ar\/?p=10494"},"modified":"2026-09-03T15:42:47","modified_gmt":"2026-09-03T18:42:47","slug":"alak-recorrio-la-puesta-en-valor-de-la-casa-del-nino-de-melchor-romero","status":"publish","type":"post","link":"https:\/\/infopba247.com.ar\/index.php\/2026\/09\/03\/alak-recorrio-la-puesta-en-valor-de-la-casa-del-nino-de-melchor-romero\/","title":{"rendered":"Alak recorri\u00f3 la puesta en valor de la Casa del Ni\u00f1o de Melchor Romero"},"content":{"rendered":"\n<p class=\"wp-block-paragraph\">Las obras incluyeron la renovaci\u00f3n de cinco aulas, la cocina y el comedor, adem\u00e1s de la construcci\u00f3n de un espacio propio para la direcci\u00f3n y la biblioteca.<\/p>\n\n\n\n<p class=\"wp-block-paragraph\">El intendente de La Plata, Julio Alak, supervis\u00f3 la puesta en valor de la Casa del Ni\u00f1o de Melchor Romero, enmarcada en el plan Escuelas en Obra articulado con el Gobierno bonaerense.<\/p>\n\n\n\n<p class=\"wp-block-paragraph\">\u201cQueremos que nuestros chicos puedan aprender, jugar y compartir en espacios cuidados, seguros y en buenas condiciones. Esta obra forma parte del compromiso que asumimos de recuperar y poner en valor los establecimientos educativos de la ciudad\u201d, destac\u00f3 Alak.<\/p>\n\n\n\n<p class=\"wp-block-paragraph\">Durante la recorrida, el jefe comunal comparti\u00f3 actividades socioeducativas con ni\u00f1os y ni\u00f1as de entre 1 y 12 a\u00f1os, que participaron de propuestas de collage y cocina. Adem\u00e1s, los chicos le entregaron obsequios realizados por ellos mismos.<\/p>\n\n\n\n<p class=\"wp-block-paragraph\">La intervenci\u00f3n en el establecimiento de 169 y 521 contempl\u00f3 la remodelaci\u00f3n integral de sus espacios: se renovaron completamente cinco aulas, el sector de la cocina, el comedor y los sanitarios. Adem\u00e1s, se construy\u00f3 una nueva oficina para la direcci\u00f3n \u2014sector con el que anteriormente no contaba la instituci\u00f3n\u2014 y se gener\u00f3 un espacio destinado a la biblioteca.<\/p>\n\n\n\n<p class=\"wp-block-paragraph\">Con una matr\u00edcula de 164 ni\u00f1os y ni\u00f1as, el espacio de Melchor Romero ofrece talleres de diversas disciplinas y proyectos tem\u00e1ticos. Asimismo, articula con las instituciones Divina Gracia, Escuela Primaria N\u00b0 39 y Escuela Primaria N\u00b0 41.<\/p>\n\n\n\n<p class=\"wp-block-paragraph\">Participaron de la recorrida Paula Lambertini, secretaria de Educaci\u00f3n de la Municipalidad; Yamila Olariaga, subsecretaria de Educaci\u00f3n e Innovaci\u00f3n; e Iv\u00e1n Maidana, presidente del Consejo Escolar, entre otras autoridades.<\/p>\n","protected":false},"excerpt":{"rendered":"<p>Las obras incluyeron la renovaci\u00f3n de cinco aulas, la cocina y el comedor, adem\u00e1s de la construcci\u00f3n de un espacio<\/p>\n","protected":false},"author":3,"featured_media":10490,"comment_status":"open","ping_status":"open","sticky":false,"template":"","format":"standard","meta":{"colormag_page_container_layout":"default_layout","colormag_page_sidebar_layout":"default_layout","footnotes":""},"categories":[12,1,14],"tags":[],"class_list":["post-10494","post","type-post","status-publish","format-standard","has-post-thumbnail","hentry","category-8va-seccion","category-destacadas","category-politica"],"yoast_head":"<!-- This site is optimized with the Yoast SEO plugin v28.4 - https:\/\/yoast.com\/product\/yoast-seo-wordpress\/ -->\n<title>Alak recorri\u00f3 la puesta en valor de la Casa del Ni\u00f1o de Melchor Romero - InfoPBA247<\/title>\n<meta name=\"robots\" content=\"index, follow, max-snippet:-1, max-image-preview:large, max-video-preview:-1\" \/>\n<link rel=\"canonical\" href=\"https:\/\/infopba247.com.ar\/index.php\/2026\/09\/03\/alak-recorrio-la-puesta-en-valor-de-la-casa-del-nino-de-melchor-romero\/\" \/>\n<meta property=\"og:locale\" content=\"es_ES\" \/>\n<meta property=\"og:type\" content=\"article\" \/>\n<meta property=\"og:title\" content=\"Alak recorri\u00f3 la puesta en valor de la Casa del Ni\u00f1o de Melchor Romero - InfoPBA247\" \/>\n<meta property=\"og:description\" content=\"Las obras incluyeron la renovaci\u00f3n de cinco aulas, la cocina y el comedor, adem\u00e1s de la construcci\u00f3n de un espacio\" \/>\n<meta property=\"og:url\" content=\"https:\/\/infopba247.com.ar\/index.php\/2026\/09\/03\/alak-recorrio-la-puesta-en-valor-de-la-casa-del-nino-de-melchor-romero\/\" \/>\n<meta property=\"og:site_name\" content=\"InfoPBA247\" \/>\n<meta property=\"article:publisher\" content=\"https:\/\/www.facebook.com\/InfoPBA\" \/>\n<meta property=\"article:published_time\" content=\"2026-09-03T17:32:00+00:00\" \/>\n<meta property=\"article:modified_time\" content=\"2026-09-03T18:42:47+00:00\" \/>\n<meta property=\"og:image\" content=\"https:\/\/infopba247.com.ar\/wp-content\/uploads\/2026\/09\/unnamed-2026-09-03T151254.460.jpg\" \/>\n\t<meta property=\"og:image:width\" content=\"1600\" \/>\n\t<meta property=\"og:image:height\" content=\"1066\" \/>\n\t<meta property=\"og:image:type\" content=\"image\/jpeg\" \/>\n<meta name=\"author\" content=\"Editor\" \/>\n<meta name=\"twitter:card\" content=\"summary_large_image\" \/>\n<meta name=\"twitter:label1\" content=\"Escrito por\" \/>\n\t<meta name=\"twitter:data1\" content=\"Editor\" \/>\n\t<meta name=\"twitter:label2\" content=\"Tiempo de lectura\" \/>\n\t<meta name=\"twitter:data2\" content=\"2 minutos\" \/>\n<script type=\"application\/ld+json\" class=\"yoast-schema-graph\">{\"@context\":\"https:\\\/\\\/schema.org\",\"@graph\":[{\"@type\":\"Article\",\"@id\":\"https:\\\/\\\/infopba247.com.ar\\\/index.php\\\/2026\\\/09\\\/03\\\/alak-recorrio-la-puesta-en-valor-de-la-casa-del-nino-de-melchor-romero\\\/#article\",\"isPartOf\":{\"@id\":\"https:\\\/\\\/infopba247.com.ar\\\/index.php\\\/2026\\\/09\\\/03\\\/alak-recorrio-la-puesta-en-valor-de-la-casa-del-nino-de-melchor-romero\\\/\"},\"author\":{\"name\":\"Editor\",\"@id\":\"https:\\\/\\\/infopba247.com.ar\\\/#\\\/schema\\\/person\\\/4975f1343a413e57bf839b3eed0099f2\"},\"headline\":\"Alak recorri\u00f3 la puesta en valor de la Casa del Ni\u00f1o de Melchor Romero\",\"datePublished\":\"2026-09-03T17:32:00+00:00\",\"dateModified\":\"2026-09-03T18:42:47+00:00\",\"mainEntityOfPage\":{\"@id\":\"https:\\\/\\\/infopba247.com.ar\\\/index.php\\\/2026\\\/09\\\/03\\\/alak-recorrio-la-puesta-en-valor-de-la-casa-del-nino-de-melchor-romero\\\/\"},\"wordCount\":289,\"commentCount\":0,\"publisher\":{\"@id\":\"https:\\\/\\\/infopba247.com.ar\\\/#organization\"},\"image\":{\"@id\":\"https:\\\/\\\/infopba247.com.ar\\\/index.php\\\/2026\\\/09\\\/03\\\/alak-recorrio-la-puesta-en-valor-de-la-casa-del-nino-de-melchor-romero\\\/#primaryimage\"},\"thumbnailUrl\":\"https:\\\/\\\/infopba247.com.ar\\\/wp-content\\\/uploads\\\/2026\\\/09\\\/unnamed-2026-09-03T151254.460.jpg\",\"articleSection\":[\"8va Secci\u00f3n\",\"Destacadas\",\"Pol\u00edtica\"],\"inLanguage\":\"es\",\"potentialAction\":[{\"@type\":\"CommentAction\",\"name\":\"Comment\",\"target\":[\"https:\\\/\\\/infopba247.com.ar\\\/index.php\\\/2026\\\/09\\\/03\\\/alak-recorrio-la-puesta-en-valor-de-la-casa-del-nino-de-melchor-romero\\\/#respond\"]}]},{\"@type\":\"WebPage\",\"@id\":\"https:\\\/\\\/infopba247.com.ar\\\/index.php\\\/2026\\\/09\\\/03\\\/alak-recorrio-la-puesta-en-valor-de-la-casa-del-nino-de-melchor-romero\\\/\",\"url\":\"https:\\\/\\\/infopba247.com.ar\\\/index.php\\\/2026\\\/09\\\/03\\\/alak-recorrio-la-puesta-en-valor-de-la-casa-del-nino-de-melchor-romero\\\/\",\"name\":\"Alak recorri\u00f3 la puesta en valor de la Casa del Ni\u00f1o de Melchor Romero - InfoPBA247\",\"isPartOf\":{\"@id\":\"https:\\\/\\\/infopba247.com.ar\\\/#website\"},\"primaryImageOfPage\":{\"@id\":\"https:\\\/\\\/infopba247.com.ar\\\/index.php\\\/2026\\\/09\\\/03\\\/alak-recorrio-la-puesta-en-valor-de-la-casa-del-nino-de-melchor-romero\\\/#primaryimage\"},\"image\":{\"@id\":\"https:\\\/\\\/infopba247.com.ar\\\/index.php\\\/2026\\\/09\\\/03\\\/alak-recorrio-la-puesta-en-valor-de-la-casa-del-nino-de-melchor-romero\\\/#primaryimage\"},\"thumbnailUrl\":\"https:\\\/\\\/infopba247.com.ar\\\/wp-content\\\/uploads\\\/2026\\\/09\\\/unnamed-2026-09-03T151254.460.jpg\",\"datePublished\":\"2026-09-03T17:32:00+00:00\",\"dateModified\":\"2026-09-03T18:42:47+00:00\",\"breadcrumb\":{\"@id\":\"https:\\\/\\\/infopba247.com.ar\\\/index.php\\\/2026\\\/09\\\/03\\\/alak-recorrio-la-puesta-en-valor-de-la-casa-del-nino-de-melchor-romero\\\/#breadcrumb\"},\"inLanguage\":\"es\",\"potentialAction\":[{\"@type\":\"ReadAction\",\"target\":[\"https:\\\/\\\/infopba247.com.ar\\\/index.php\\\/2026\\\/09\\\/03\\\/alak-recorrio-la-puesta-en-valor-de-la-casa-del-nino-de-melchor-romero\\\/\"]}]},{\"@type\":\"ImageObject\",\"inLanguage\":\"es\",\"@id\":\"https:\\\/\\\/infopba247.com.ar\\\/index.php\\\/2026\\\/09\\\/03\\\/alak-recorrio-la-puesta-en-valor-de-la-casa-del-nino-de-melchor-romero\\\/#primaryimage\",\"url\":\"https:\\\/\\\/infopba247.com.ar\\\/wp-content\\\/uploads\\\/2026\\\/09\\\/unnamed-2026-09-03T151254.460.jpg\",\"contentUrl\":\"https:\\\/\\\/infopba247.com.ar\\\/wp-content\\\/uploads\\\/2026\\\/09\\\/unnamed-2026-09-03T151254.460.jpg\",\"width\":1600,\"height\":1066},{\"@type\":\"BreadcrumbList\",\"@id\":\"https:\\\/\\\/infopba247.com.ar\\\/index.php\\\/2026\\\/09\\\/03\\\/alak-recorrio-la-puesta-en-valor-de-la-casa-del-nino-de-melchor-romero\\\/#breadcrumb\",\"itemListElement\":[{\"@type\":\"ListItem\",\"position\":1,\"name\":\"Portada\",\"item\":\"https:\\\/\\\/infopba247.com.ar\\\/\"},{\"@type\":\"ListItem\",\"position\":2,\"name\":\"Alak recorri\u00f3 la puesta en valor de la Casa del Ni\u00f1o de Melchor Romero\"}]},{\"@type\":\"WebSite\",\"@id\":\"https:\\\/\\\/infopba247.com.ar\\\/#website\",\"url\":\"https:\\\/\\\/infopba247.com.ar\\\/\",\"name\":\"InfoPBA247\",\"description\":\"Toda la actualidad bonaerense\",\"publisher\":{\"@id\":\"https:\\\/\\\/infopba247.com.ar\\\/#organization\"},\"potentialAction\":[{\"@type\":\"SearchAction\",\"target\":{\"@type\":\"EntryPoint\",\"urlTemplate\":\"https:\\\/\\\/infopba247.com.ar\\\/?s={search_term_string}\"},\"query-input\":{\"@type\":\"PropertyValueSpecification\",\"valueRequired\":true,\"valueName\":\"search_term_string\"}}],\"inLanguage\":\"es\"},{\"@type\":\"Organization\",\"@id\":\"https:\\\/\\\/infopba247.com.ar\\\/#organization\",\"name\":\"InfoPBA247\",\"url\":\"https:\\\/\\\/infopba247.com.ar\\\/\",\"logo\":{\"@type\":\"ImageObject\",\"inLanguage\":\"es\",\"@id\":\"https:\\\/\\\/infopba247.com.ar\\\/#\\\/schema\\\/logo\\\/image\\\/\",\"url\":\"https:\\\/\\\/infopba247.com.ar\\\/wp-content\\\/uploads\\\/2022\\\/03\\\/cropped-InfoPBA247-1.png\",\"contentUrl\":\"https:\\\/\\\/infopba247.com.ar\\\/wp-content\\\/uploads\\\/2022\\\/03\\\/cropped-InfoPBA247-1.png\",\"width\":500,\"height\":122,\"caption\":\"InfoPBA247\"},\"image\":{\"@id\":\"https:\\\/\\\/infopba247.com.ar\\\/#\\\/schema\\\/logo\\\/image\\\/\"},\"sameAs\":[\"https:\\\/\\\/www.facebook.com\\\/InfoPBA\"]},{\"@type\":\"Person\",\"@id\":\"https:\\\/\\\/infopba247.com.ar\\\/#\\\/schema\\\/person\\\/4975f1343a413e57bf839b3eed0099f2\",\"name\":\"Editor\",\"image\":{\"@type\":\"ImageObject\",\"inLanguage\":\"es\",\"@id\":\"https:\\\/\\\/secure.gravatar.com\\\/avatar\\\/d27fe9520667ca53441d36627a1d6b0fa4a813571ec4803687a7a3a7744685ac?s=96&d=mm&r=g\",\"url\":\"https:\\\/\\\/secure.gravatar.com\\\/avatar\\\/d27fe9520667ca53441d36627a1d6b0fa4a813571ec4803687a7a3a7744685ac?s=96&d=mm&r=g\",\"contentUrl\":\"https:\\\/\\\/secure.gravatar.com\\\/avatar\\\/d27fe9520667ca53441d36627a1d6b0fa4a813571ec4803687a7a3a7744685ac?s=96&d=mm&r=g\",\"caption\":\"Editor\"},\"url\":\"https:\\\/\\\/infopba247.com.ar\\\/index.php\\\/author\\\/editor\\\/\"}]}<\/script>\n<!-- \/ Yoast SEO plugin. -->","yoast_head_json":{"title":"Alak recorri\u00f3 la puesta en valor de la Casa del Ni\u00f1o de Melchor Romero - InfoPBA247","robots":{"index":"index","follow":"follow","max-snippet":"max-snippet:-1","max-image-preview":"max-image-preview:large","max-video-preview":"max-video-preview:-1"},"canonical":"https:\/\/infopba247.com.ar\/index.php\/2026\/09\/03\/alak-recorrio-la-puesta-en-valor-de-la-casa-del-nino-de-melchor-romero\/","og_locale":"es_ES","og_type":"article","og_title":"Alak recorri\u00f3 la puesta en valor de la Casa del Ni\u00f1o de Melchor Romero - InfoPBA247","og_description":"Las obras incluyeron la renovaci\u00f3n de cinco aulas, la cocina y el comedor, adem\u00e1s de la construcci\u00f3n de un espacio","og_url":"https:\/\/infopba247.com.ar\/index.php\/2026\/09\/03\/alak-recorrio-la-puesta-en-valor-de-la-casa-del-nino-de-melchor-romero\/","og_site_name":"InfoPBA247","article_publisher":"https:\/\/www.facebook.com\/InfoPBA","article_published_time":"2026-09-03T17:32:00+00:00","article_modified_time":"2026-09-03T18:42:47+00:00","og_image":[{"width":1600,"height":1066,"url":"https:\/\/infopba247.com.ar\/wp-content\/uploads\/2026\/09\/unnamed-2026-09-03T151254.460.jpg","type":"image\/jpeg"}],"author":"Editor","twitter_card":"summary_large_image","twitter_misc":{"Escrito por":"Editor","Tiempo de lectura":"2 minutos"},"schema":{"@context":"https:\/\/schema.org","@graph":[{"@type":"Article","@id":"https:\/\/infopba247.com.ar\/index.php\/2026\/09\/03\/alak-recorrio-la-puesta-en-valor-de-la-casa-del-nino-de-melchor-romero\/#article","isPartOf":{"@id":"https:\/\/infopba247.com.ar\/index.php\/2026\/09\/03\/alak-recorrio-la-puesta-en-valor-de-la-casa-del-nino-de-melchor-romero\/"},"author":{"name":"Editor","@id":"https:\/\/infopba247.com.ar\/#\/schema\/person\/4975f1343a413e57bf839b3eed0099f2"},"headline":"Alak recorri\u00f3 la puesta en valor de la Casa del Ni\u00f1o de Melchor Romero","datePublished":"2026-09-03T17:32:00+00:00","dateModified":"2026-09-03T18:42:47+00:00","mainEntityOfPage":{"@id":"https:\/\/infopba247.com.ar\/index.php\/2026\/09\/03\/alak-recorrio-la-puesta-en-valor-de-la-casa-del-nino-de-melchor-romero\/"},"wordCount":289,"commentCount":0,"publisher":{"@id":"https:\/\/infopba247.com.ar\/#organization"},"image":{"@id":"https:\/\/infopba247.com.ar\/index.php\/2026\/09\/03\/alak-recorrio-la-puesta-en-valor-de-la-casa-del-nino-de-melchor-romero\/#primaryimage"},"thumbnailUrl":"https:\/\/infopba247.com.ar\/wp-content\/uploads\/2026\/09\/unnamed-2026-09-03T151254.460.jpg","articleSection":["8va Secci\u00f3n","Destacadas","Pol\u00edtica"],"inLanguage":"es","potentialAction":[{"@type":"CommentAction","name":"Comment","target":["https:\/\/infopba247.com.ar\/index.php\/2026\/09\/03\/alak-recorrio-la-puesta-en-valor-de-la-casa-del-nino-de-melchor-romero\/#respond"]}]},{"@type":"WebPage","@id":"https:\/\/infopba247.com.ar\/index.php\/2026\/09\/03\/alak-recorrio-la-puesta-en-valor-de-la-casa-del-nino-de-melchor-romero\/","url":"https:\/\/infopba247.com.ar\/index.php\/2026\/09\/03\/alak-recorrio-la-puesta-en-valor-de-la-casa-del-nino-de-melchor-romero\/","name":"Alak recorri\u00f3 la puesta en valor de la Casa del Ni\u00f1o de Melchor Romero - InfoPBA247","isPartOf":{"@id":"https:\/\/infopba247.com.ar\/#website"},"primaryImageOfPage":{"@id":"https:\/\/infopba247.com.ar\/index.php\/2026\/09\/03\/alak-recorrio-la-puesta-en-valor-de-la-casa-del-nino-de-melchor-romero\/#primaryimage"},"image":{"@id":"https:\/\/infopba247.com.ar\/index.php\/2026\/09\/03\/alak-recorrio-la-puesta-en-valor-de-la-casa-del-nino-de-melchor-romero\/#primaryimage"},"thumbnailUrl":"https:\/\/infopba247.com.ar\/wp-content\/uploads\/2026\/09\/unnamed-2026-09-03T151254.460.jpg","datePublished":"2026-09-03T17:32:00+00:00","dateModified":"2026-09-03T18:42:47+00:00","breadcrumb":{"@id":"https:\/\/infopba247.com.ar\/index.php\/2026\/09\/03\/alak-recorrio-la-puesta-en-valor-de-la-casa-del-nino-de-melchor-romero\/#breadcrumb"},"inLanguage":"es","potentialAction":[{"@type":"ReadAction","target":["https:\/\/infopba247.com.ar\/index.php\/2026\/09\/03\/alak-recorrio-la-puesta-en-valor-de-la-casa-del-nino-de-melchor-romero\/"]}]},{"@type":"ImageObject","inLanguage":"es","@id":"https:\/\/infopba247.com.ar\/index.php\/2026\/09\/03\/alak-recorrio-la-puesta-en-valor-de-la-casa-del-nino-de-melchor-romero\/#primaryimage","url":"https:\/\/infopba247.com.ar\/wp-content\/uploads\/2026\/09\/unnamed-2026-09-03T151254.460.jpg","contentUrl":"https:\/\/infopba247.com.ar\/wp-content\/uploads\/2026\/09\/unnamed-2026-09-03T151254.460.jpg","width":1600,"height":1066},{"@type":"BreadcrumbList","@id":"https:\/\/infopba247.com.ar\/index.php\/2026\/09\/03\/alak-recorrio-la-puesta-en-valor-de-la-casa-del-nino-de-melchor-romero\/#breadcrumb","itemListElement":[{"@type":"ListItem","position":1,"name":"Portada","item":"https:\/\/infopba247.com.ar\/"},{"@type":"ListItem","position":2,"name":"Alak recorri\u00f3 la puesta en valor de la Casa del Ni\u00f1o de Melchor Romero"}]},{"@type":"WebSite","@id":"https:\/\/infopba247.com.ar\/#website","url":"https:\/\/infopba247.com.ar\/","name":"InfoPBA247","description":"Toda la actualidad bonaerense","publisher":{"@id":"https:\/\/infopba247.com.ar\/#organization"},"potentialAction":[{"@type":"SearchAction","target":{"@type":"EntryPoint","urlTemplate":"https:\/\/infopba247.com.ar\/?s={search_term_string}"},"query-input":{"@type":"PropertyValueSpecification","valueRequired":true,"valueName":"search_term_string"}}],"inLanguage":"es"},{"@type":"Organization","@id":"https:\/\/infopba247.com.ar\/#organization","name":"InfoPBA247","url":"https:\/\/infopba247.com.ar\/","logo":{"@type":"ImageObject","inLanguage":"es","@id":"https:\/\/infopba247.com.ar\/#\/schema\/logo\/image\/","url":"https:\/\/infopba247.com.ar\/wp-content\/uploads\/2022\/03\/cropped-InfoPBA247-1.png","contentUrl":"https:\/\/infopba247.com.ar\/wp-content\/uploads\/2022\/03\/cropped-InfoPBA247-1.png","width":500,"height":122,"caption":"InfoPBA247"},"image":{"@id":"https:\/\/infopba247.com.ar\/#\/schema\/logo\/image\/"},"sameAs":["https:\/\/www.facebook.com\/InfoPBA"]},{"@type":"Person","@id":"https:\/\/infopba247.com.ar\/#\/schema\/person\/4975f1343a413e57bf839b3eed0099f2","name":"Editor","image":{"@type":"ImageObject","inLanguage":"es","@id":"https:\/\/secure.gravatar.com\/avatar\/d27fe9520667ca53441d36627a1d6b0fa4a813571ec4803687a7a3a7744685ac?s=96&d=mm&r=g","url":"https:\/\/secure.gravatar.com\/avatar\/d27fe9520667ca53441d36627a1d6b0fa4a813571ec4803687a7a3a7744685ac?s=96&d=mm&r=g","contentUrl":"https:\/\/secure.gravatar.com\/avatar\/d27fe9520667ca53441d36627a1d6b0fa4a813571ec4803687a7a3a7744685ac?s=96&d=mm&r=g","caption":"Editor"},"url":"https:\/\/infopba247.com.ar\/index.php\/author\/editor\/"}]}},"_links":{"self":[{"href":"https:\/\/infopba247.com.ar\/index.php\/wp-json\/wp\/v2\/posts\/10494","targetHints":{"allow":["GET"]}}],"collection":[{"href":"https:\/\/infopba247.com.ar\/index.php\/wp-json\/wp\/v2\/posts"}],"about":[{"href":"https:\/\/infopba247.com.ar\/index.php\/wp-json\/wp\/v2\/types\/post"}],"author":[{"embeddable":true,"href":"https:\/\/infopba247.com.ar\/index.php\/wp-json\/wp\/v2\/users\/3"}],"replies":[{"embeddable":true,"href":"https:\/\/infopba247.com.ar\/index.php\/wp-json\/wp\/v2\/comments?post=10494"}],"version-history":[{"count":1,"href":"https:\/\/infopba247.com.ar\/index.php\/wp-json\/wp\/v2\/posts\/10494\/revisions"}],"predecessor-version":[{"id":10495,"href":"https:\/\/infopba247.com.ar\/index.php\/wp-json\/wp\/v2\/posts\/10494\/revisions\/10495"}],"wp:featuredmedia":[{"embeddable":true,"href":"https:\/\/infopba247.com.ar\/index.php\/wp-json\/wp\/v2\/media\/10490"}],"wp:attachment":[{"href":"https:\/\/infopba247.com.ar\/index.php\/wp-json\/wp\/v2\/media?parent=10494"}],"wp:term":[{"taxonomy":"category","embeddable":true,"href":"https:\/\/infopba247.com.ar\/index.php\/wp-json\/wp\/v2\/categories?post=10494"},{"taxonomy":"post_tag","embeddable":true,"href":"https:\/\/infopba247.com.ar\/index.php\/wp-json\/wp\/v2\/tags?post=10494"}],"curies":[{"name":"wp","href":"https:\/\/api.w.org\/{rel}","templated":true}]}}