{"id":10492,"date":"2026-09-03T13:31:00","date_gmt":"2026-09-03T16:31:00","guid":{"rendered":"https:\/\/infopba247.com.ar\/?p=10492"},"modified":"2026-09-03T15:32:22","modified_gmt":"2026-09-03T18:32:22","slug":"dialogo-sobre-salud-mental-violencias-y-discursos-de-odio","status":"publish","type":"post","link":"https:\/\/infopba247.com.ar\/index.php\/2026\/09\/03\/dialogo-sobre-salud-mental-violencias-y-discursos-de-odio\/","title":{"rendered":"Di\u00e1logo sobre salud mental, violencias y discursos de odio"},"content":{"rendered":"\n<p class=\"wp-block-paragraph\">El Ministerio de Mujeres y Diversidad invita a participar del encuentro \u201cSalud mental, violencia, discursos de odio y formas de vida contempor\u00e1neas: un di\u00e1logo entre pol\u00edticas p\u00fablicas y psicoan\u00e1lisis\u201d que se realizar\u00e1 el lunes 14 de septiembre, a las 15 hs. en la Casa de la Provincia de Buenos Aires, ubicada en Av. Callao 237, Ciudad Aut\u00f3noma de Buenos Aires.<\/p>\n\n\n\n<p class=\"wp-block-paragraph\">El encuentro contar\u00e1 con la presencia de la ministra Estela D\u00edaz; la subsecretaria de Pol\u00edticas de G\u00e9nero y Diversidad Sexual, Sabrina Cartabia; la subsecretaria de Salud Mental, Consumos Problem\u00e1ticos y Violencias en el \u00c1mbito de la Salud del Ministerio de Salud bonaerense, Julieta Calmels; y la psicoanalista chilena Constanza Michelson.<\/p>\n\n\n\n<p class=\"wp-block-paragraph\">La propuesta se inscribe en las acciones de la provincia de Buenos Aires orientadas a generar espacios de intercambio con referentes vinculados a las tem\u00e1ticas de salud mental, g\u00e9nero y diversidad sexual.<\/p>\n\n\n\n<p class=\"wp-block-paragraph\">A partir de la pregunta \u00bfC\u00f3mo pensar la violencia para no quedar atrapados en su repetici\u00f3n?, se buscar\u00e1 poner en conversaci\u00f3n los aportes del psicoan\u00e1lisis con la experiencia de las pol\u00edticas p\u00fablicas y el trabajo cotidiano en territorio.<\/p>\n\n\n\n<p class=\"wp-block-paragraph\">En su trabajo, Michelson plantea que la violencia tambi\u00e9n constituye un problema de lenguaje: la dificultad de encontrar palabras para pensar aquello que sucede puede llevar a reproducirlo a trav\u00e9s de f\u00f3rmulas y sentidos cristalizados. Esta mirada permitir\u00e1 abrir una conversaci\u00f3n sobre los desaf\u00edos que atraviesan las pol\u00edticas p\u00fablicas de g\u00e9nero y la necesidad de revisar los discursos instalados para seguir generando estrategias que transformen esas realidades.<\/p>\n\n\n\n<p class=\"wp-block-paragraph\">La actividad est\u00e1 destinada a personas que formen parte de espacios acad\u00e9micos, integrantes de la funci\u00f3n p\u00fablica y p\u00fablico en general interesado en las problem\u00e1ticas vinculadas con las violencias de g\u00e9nero, los discursos sociales, la salud mental y las formas de convivencia contempor\u00e1neas.<\/p>\n","protected":false},"excerpt":{"rendered":"<p>El Ministerio de Mujeres y Diversidad invita a participar del encuentro \u201cSalud mental, violencia, discursos de odio y formas de<\/p>\n","protected":false},"author":3,"featured_media":10489,"comment_status":"open","ping_status":"open","sticky":false,"template":"","format":"standard","meta":{"colormag_page_container_layout":"default_layout","colormag_page_sidebar_layout":"default_layout","footnotes":""},"categories":[1],"tags":[],"class_list":["post-10492","post","type-post","status-publish","format-standard","has-post-thumbnail","hentry","category-destacadas"],"yoast_head":"<!-- This site is optimized with the Yoast SEO plugin v28.4 - https:\/\/yoast.com\/product\/yoast-seo-wordpress\/ -->\n<title>Di\u00e1logo sobre salud mental, violencias y discursos de odio - InfoPBA247<\/title>\n<meta name=\"robots\" content=\"index, follow, max-snippet:-1, max-image-preview:large, max-video-preview:-1\" \/>\n<link rel=\"canonical\" href=\"https:\/\/infopba247.com.ar\/index.php\/2026\/09\/03\/dialogo-sobre-salud-mental-violencias-y-discursos-de-odio\/\" \/>\n<meta property=\"og:locale\" content=\"es_ES\" \/>\n<meta property=\"og:type\" content=\"article\" \/>\n<meta property=\"og:title\" content=\"Di\u00e1logo sobre salud mental, violencias y discursos de odio - InfoPBA247\" \/>\n<meta property=\"og:description\" content=\"El Ministerio de Mujeres y Diversidad invita a participar del encuentro \u201cSalud mental, violencia, discursos de odio y formas de\" \/>\n<meta property=\"og:url\" content=\"https:\/\/infopba247.com.ar\/index.php\/2026\/09\/03\/dialogo-sobre-salud-mental-violencias-y-discursos-de-odio\/\" \/>\n<meta property=\"og:site_name\" content=\"InfoPBA247\" \/>\n<meta property=\"article:publisher\" content=\"https:\/\/www.facebook.com\/InfoPBA\" \/>\n<meta property=\"article:published_time\" content=\"2026-09-03T16:31:00+00:00\" \/>\n<meta property=\"article:modified_time\" content=\"2026-09-03T18:32:22+00:00\" \/>\n<meta property=\"og:image\" content=\"https:\/\/infopba247.com.ar\/wp-content\/uploads\/2026\/09\/unnamed-2026-09-03T152153.846.jpg\" \/>\n\t<meta property=\"og:image:width\" content=\"1125\" \/>\n\t<meta property=\"og:image:height\" content=\"1500\" \/>\n\t<meta property=\"og:image:type\" content=\"image\/jpeg\" \/>\n<meta name=\"author\" content=\"Editor\" \/>\n<meta name=\"twitter:card\" content=\"summary_large_image\" \/>\n<meta name=\"twitter:label1\" content=\"Escrito por\" \/>\n\t<meta name=\"twitter:data1\" content=\"Editor\" \/>\n\t<meta name=\"twitter:label2\" content=\"Tiempo de lectura\" \/>\n\t<meta name=\"twitter:data2\" content=\"2 minutos\" \/>\n<script type=\"application\/ld+json\" class=\"yoast-schema-graph\">{\"@context\":\"https:\\\/\\\/schema.org\",\"@graph\":[{\"@type\":\"Article\",\"@id\":\"https:\\\/\\\/infopba247.com.ar\\\/index.php\\\/2026\\\/09\\\/03\\\/dialogo-sobre-salud-mental-violencias-y-discursos-de-odio\\\/#article\",\"isPartOf\":{\"@id\":\"https:\\\/\\\/infopba247.com.ar\\\/index.php\\\/2026\\\/09\\\/03\\\/dialogo-sobre-salud-mental-violencias-y-discursos-de-odio\\\/\"},\"author\":{\"name\":\"Editor\",\"@id\":\"https:\\\/\\\/infopba247.com.ar\\\/#\\\/schema\\\/person\\\/4975f1343a413e57bf839b3eed0099f2\"},\"headline\":\"Di\u00e1logo sobre salud mental, violencias y discursos de odio\",\"datePublished\":\"2026-09-03T16:31:00+00:00\",\"dateModified\":\"2026-09-03T18:32:22+00:00\",\"mainEntityOfPage\":{\"@id\":\"https:\\\/\\\/infopba247.com.ar\\\/index.php\\\/2026\\\/09\\\/03\\\/dialogo-sobre-salud-mental-violencias-y-discursos-de-odio\\\/\"},\"wordCount\":330,\"commentCount\":0,\"publisher\":{\"@id\":\"https:\\\/\\\/infopba247.com.ar\\\/#organization\"},\"image\":{\"@id\":\"https:\\\/\\\/infopba247.com.ar\\\/index.php\\\/2026\\\/09\\\/03\\\/dialogo-sobre-salud-mental-violencias-y-discursos-de-odio\\\/#primaryimage\"},\"thumbnailUrl\":\"https:\\\/\\\/infopba247.com.ar\\\/wp-content\\\/uploads\\\/2026\\\/09\\\/unnamed-2026-09-03T152153.846.jpg\",\"articleSection\":[\"Destacadas\"],\"inLanguage\":\"es\",\"potentialAction\":[{\"@type\":\"CommentAction\",\"name\":\"Comment\",\"target\":[\"https:\\\/\\\/infopba247.com.ar\\\/index.php\\\/2026\\\/09\\\/03\\\/dialogo-sobre-salud-mental-violencias-y-discursos-de-odio\\\/#respond\"]}]},{\"@type\":\"WebPage\",\"@id\":\"https:\\\/\\\/infopba247.com.ar\\\/index.php\\\/2026\\\/09\\\/03\\\/dialogo-sobre-salud-mental-violencias-y-discursos-de-odio\\\/\",\"url\":\"https:\\\/\\\/infopba247.com.ar\\\/index.php\\\/2026\\\/09\\\/03\\\/dialogo-sobre-salud-mental-violencias-y-discursos-de-odio\\\/\",\"name\":\"Di\u00e1logo sobre salud mental, violencias y discursos de odio - InfoPBA247\",\"isPartOf\":{\"@id\":\"https:\\\/\\\/infopba247.com.ar\\\/#website\"},\"primaryImageOfPage\":{\"@id\":\"https:\\\/\\\/infopba247.com.ar\\\/index.php\\\/2026\\\/09\\\/03\\\/dialogo-sobre-salud-mental-violencias-y-discursos-de-odio\\\/#primaryimage\"},\"image\":{\"@id\":\"https:\\\/\\\/infopba247.com.ar\\\/index.php\\\/2026\\\/09\\\/03\\\/dialogo-sobre-salud-mental-violencias-y-discursos-de-odio\\\/#primaryimage\"},\"thumbnailUrl\":\"https:\\\/\\\/infopba247.com.ar\\\/wp-content\\\/uploads\\\/2026\\\/09\\\/unnamed-2026-09-03T152153.846.jpg\",\"datePublished\":\"2026-09-03T16:31:00+00:00\",\"dateModified\":\"2026-09-03T18:32:22+00:00\",\"breadcrumb\":{\"@id\":\"https:\\\/\\\/infopba247.com.ar\\\/index.php\\\/2026\\\/09\\\/03\\\/dialogo-sobre-salud-mental-violencias-y-discursos-de-odio\\\/#breadcrumb\"},\"inLanguage\":\"es\",\"potentialAction\":[{\"@type\":\"ReadAction\",\"target\":[\"https:\\\/\\\/infopba247.com.ar\\\/index.php\\\/2026\\\/09\\\/03\\\/dialogo-sobre-salud-mental-violencias-y-discursos-de-odio\\\/\"]}]},{\"@type\":\"ImageObject\",\"inLanguage\":\"es\",\"@id\":\"https:\\\/\\\/infopba247.com.ar\\\/index.php\\\/2026\\\/09\\\/03\\\/dialogo-sobre-salud-mental-violencias-y-discursos-de-odio\\\/#primaryimage\",\"url\":\"https:\\\/\\\/infopba247.com.ar\\\/wp-content\\\/uploads\\\/2026\\\/09\\\/unnamed-2026-09-03T152153.846.jpg\",\"contentUrl\":\"https:\\\/\\\/infopba247.com.ar\\\/wp-content\\\/uploads\\\/2026\\\/09\\\/unnamed-2026-09-03T152153.846.jpg\",\"width\":1125,\"height\":1500},{\"@type\":\"BreadcrumbList\",\"@id\":\"https:\\\/\\\/infopba247.com.ar\\\/index.php\\\/2026\\\/09\\\/03\\\/dialogo-sobre-salud-mental-violencias-y-discursos-de-odio\\\/#breadcrumb\",\"itemListElement\":[{\"@type\":\"ListItem\",\"position\":1,\"name\":\"Portada\",\"item\":\"https:\\\/\\\/infopba247.com.ar\\\/\"},{\"@type\":\"ListItem\",\"position\":2,\"name\":\"Di\u00e1logo sobre salud mental, violencias y discursos de odio\"}]},{\"@type\":\"WebSite\",\"@id\":\"https:\\\/\\\/infopba247.com.ar\\\/#website\",\"url\":\"https:\\\/\\\/infopba247.com.ar\\\/\",\"name\":\"InfoPBA247\",\"description\":\"Toda la actualidad bonaerense\",\"publisher\":{\"@id\":\"https:\\\/\\\/infopba247.com.ar\\\/#organization\"},\"potentialAction\":[{\"@type\":\"SearchAction\",\"target\":{\"@type\":\"EntryPoint\",\"urlTemplate\":\"https:\\\/\\\/infopba247.com.ar\\\/?s={search_term_string}\"},\"query-input\":{\"@type\":\"PropertyValueSpecification\",\"valueRequired\":true,\"valueName\":\"search_term_string\"}}],\"inLanguage\":\"es\"},{\"@type\":\"Organization\",\"@id\":\"https:\\\/\\\/infopba247.com.ar\\\/#organization\",\"name\":\"InfoPBA247\",\"url\":\"https:\\\/\\\/infopba247.com.ar\\\/\",\"logo\":{\"@type\":\"ImageObject\",\"inLanguage\":\"es\",\"@id\":\"https:\\\/\\\/infopba247.com.ar\\\/#\\\/schema\\\/logo\\\/image\\\/\",\"url\":\"https:\\\/\\\/infopba247.com.ar\\\/wp-content\\\/uploads\\\/2022\\\/03\\\/cropped-InfoPBA247-1.png\",\"contentUrl\":\"https:\\\/\\\/infopba247.com.ar\\\/wp-content\\\/uploads\\\/2022\\\/03\\\/cropped-InfoPBA247-1.png\",\"width\":500,\"height\":122,\"caption\":\"InfoPBA247\"},\"image\":{\"@id\":\"https:\\\/\\\/infopba247.com.ar\\\/#\\\/schema\\\/logo\\\/image\\\/\"},\"sameAs\":[\"https:\\\/\\\/www.facebook.com\\\/InfoPBA\"]},{\"@type\":\"Person\",\"@id\":\"https:\\\/\\\/infopba247.com.ar\\\/#\\\/schema\\\/person\\\/4975f1343a413e57bf839b3eed0099f2\",\"name\":\"Editor\",\"image\":{\"@type\":\"ImageObject\",\"inLanguage\":\"es\",\"@id\":\"https:\\\/\\\/secure.gravatar.com\\\/avatar\\\/d27fe9520667ca53441d36627a1d6b0fa4a813571ec4803687a7a3a7744685ac?s=96&d=mm&r=g\",\"url\":\"https:\\\/\\\/secure.gravatar.com\\\/avatar\\\/d27fe9520667ca53441d36627a1d6b0fa4a813571ec4803687a7a3a7744685ac?s=96&d=mm&r=g\",\"contentUrl\":\"https:\\\/\\\/secure.gravatar.com\\\/avatar\\\/d27fe9520667ca53441d36627a1d6b0fa4a813571ec4803687a7a3a7744685ac?s=96&d=mm&r=g\",\"caption\":\"Editor\"},\"url\":\"https:\\\/\\\/infopba247.com.ar\\\/index.php\\\/author\\\/editor\\\/\"}]}<\/script>\n<!-- \/ Yoast SEO plugin. -->","yoast_head_json":{"title":"Di\u00e1logo sobre salud mental, violencias y discursos de odio - InfoPBA247","robots":{"index":"index","follow":"follow","max-snippet":"max-snippet:-1","max-image-preview":"max-image-preview:large","max-video-preview":"max-video-preview:-1"},"canonical":"https:\/\/infopba247.com.ar\/index.php\/2026\/09\/03\/dialogo-sobre-salud-mental-violencias-y-discursos-de-odio\/","og_locale":"es_ES","og_type":"article","og_title":"Di\u00e1logo sobre salud mental, violencias y discursos de odio - InfoPBA247","og_description":"El Ministerio de Mujeres y Diversidad invita a participar del encuentro \u201cSalud mental, violencia, discursos de odio y formas de","og_url":"https:\/\/infopba247.com.ar\/index.php\/2026\/09\/03\/dialogo-sobre-salud-mental-violencias-y-discursos-de-odio\/","og_site_name":"InfoPBA247","article_publisher":"https:\/\/www.facebook.com\/InfoPBA","article_published_time":"2026-09-03T16:31:00+00:00","article_modified_time":"2026-09-03T18:32:22+00:00","og_image":[{"width":1125,"height":1500,"url":"https:\/\/infopba247.com.ar\/wp-content\/uploads\/2026\/09\/unnamed-2026-09-03T152153.846.jpg","type":"image\/jpeg"}],"author":"Editor","twitter_card":"summary_large_image","twitter_misc":{"Escrito por":"Editor","Tiempo de lectura":"2 minutos"},"schema":{"@context":"https:\/\/schema.org","@graph":[{"@type":"Article","@id":"https:\/\/infopba247.com.ar\/index.php\/2026\/09\/03\/dialogo-sobre-salud-mental-violencias-y-discursos-de-odio\/#article","isPartOf":{"@id":"https:\/\/infopba247.com.ar\/index.php\/2026\/09\/03\/dialogo-sobre-salud-mental-violencias-y-discursos-de-odio\/"},"author":{"name":"Editor","@id":"https:\/\/infopba247.com.ar\/#\/schema\/person\/4975f1343a413e57bf839b3eed0099f2"},"headline":"Di\u00e1logo sobre salud mental, violencias y discursos de odio","datePublished":"2026-09-03T16:31:00+00:00","dateModified":"2026-09-03T18:32:22+00:00","mainEntityOfPage":{"@id":"https:\/\/infopba247.com.ar\/index.php\/2026\/09\/03\/dialogo-sobre-salud-mental-violencias-y-discursos-de-odio\/"},"wordCount":330,"commentCount":0,"publisher":{"@id":"https:\/\/infopba247.com.ar\/#organization"},"image":{"@id":"https:\/\/infopba247.com.ar\/index.php\/2026\/09\/03\/dialogo-sobre-salud-mental-violencias-y-discursos-de-odio\/#primaryimage"},"thumbnailUrl":"https:\/\/infopba247.com.ar\/wp-content\/uploads\/2026\/09\/unnamed-2026-09-03T152153.846.jpg","articleSection":["Destacadas"],"inLanguage":"es","potentialAction":[{"@type":"CommentAction","name":"Comment","target":["https:\/\/infopba247.com.ar\/index.php\/2026\/09\/03\/dialogo-sobre-salud-mental-violencias-y-discursos-de-odio\/#respond"]}]},{"@type":"WebPage","@id":"https:\/\/infopba247.com.ar\/index.php\/2026\/09\/03\/dialogo-sobre-salud-mental-violencias-y-discursos-de-odio\/","url":"https:\/\/infopba247.com.ar\/index.php\/2026\/09\/03\/dialogo-sobre-salud-mental-violencias-y-discursos-de-odio\/","name":"Di\u00e1logo sobre salud mental, violencias y discursos de odio - InfoPBA247","isPartOf":{"@id":"https:\/\/infopba247.com.ar\/#website"},"primaryImageOfPage":{"@id":"https:\/\/infopba247.com.ar\/index.php\/2026\/09\/03\/dialogo-sobre-salud-mental-violencias-y-discursos-de-odio\/#primaryimage"},"image":{"@id":"https:\/\/infopba247.com.ar\/index.php\/2026\/09\/03\/dialogo-sobre-salud-mental-violencias-y-discursos-de-odio\/#primaryimage"},"thumbnailUrl":"https:\/\/infopba247.com.ar\/wp-content\/uploads\/2026\/09\/unnamed-2026-09-03T152153.846.jpg","datePublished":"2026-09-03T16:31:00+00:00","dateModified":"2026-09-03T18:32:22+00:00","breadcrumb":{"@id":"https:\/\/infopba247.com.ar\/index.php\/2026\/09\/03\/dialogo-sobre-salud-mental-violencias-y-discursos-de-odio\/#breadcrumb"},"inLanguage":"es","potentialAction":[{"@type":"ReadAction","target":["https:\/\/infopba247.com.ar\/index.php\/2026\/09\/03\/dialogo-sobre-salud-mental-violencias-y-discursos-de-odio\/"]}]},{"@type":"ImageObject","inLanguage":"es","@id":"https:\/\/infopba247.com.ar\/index.php\/2026\/09\/03\/dialogo-sobre-salud-mental-violencias-y-discursos-de-odio\/#primaryimage","url":"https:\/\/infopba247.com.ar\/wp-content\/uploads\/2026\/09\/unnamed-2026-09-03T152153.846.jpg","contentUrl":"https:\/\/infopba247.com.ar\/wp-content\/uploads\/2026\/09\/unnamed-2026-09-03T152153.846.jpg","width":1125,"height":1500},{"@type":"BreadcrumbList","@id":"https:\/\/infopba247.com.ar\/index.php\/2026\/09\/03\/dialogo-sobre-salud-mental-violencias-y-discursos-de-odio\/#breadcrumb","itemListElement":[{"@type":"ListItem","position":1,"name":"Portada","item":"https:\/\/infopba247.com.ar\/"},{"@type":"ListItem","position":2,"name":"Di\u00e1logo sobre salud mental, violencias y discursos de odio"}]},{"@type":"WebSite","@id":"https:\/\/infopba247.com.ar\/#website","url":"https:\/\/infopba247.com.ar\/","name":"InfoPBA247","description":"Toda la actualidad bonaerense","publisher":{"@id":"https:\/\/infopba247.com.ar\/#organization"},"potentialAction":[{"@type":"SearchAction","target":{"@type":"EntryPoint","urlTemplate":"https:\/\/infopba247.com.ar\/?s={search_term_string}"},"query-input":{"@type":"PropertyValueSpecification","valueRequired":true,"valueName":"search_term_string"}}],"inLanguage":"es"},{"@type":"Organization","@id":"https:\/\/infopba247.com.ar\/#organization","name":"InfoPBA247","url":"https:\/\/infopba247.com.ar\/","logo":{"@type":"ImageObject","inLanguage":"es","@id":"https:\/\/infopba247.com.ar\/#\/schema\/logo\/image\/","url":"https:\/\/infopba247.com.ar\/wp-content\/uploads\/2022\/03\/cropped-InfoPBA247-1.png","contentUrl":"https:\/\/infopba247.com.ar\/wp-content\/uploads\/2022\/03\/cropped-InfoPBA247-1.png","width":500,"height":122,"caption":"InfoPBA247"},"image":{"@id":"https:\/\/infopba247.com.ar\/#\/schema\/logo\/image\/"},"sameAs":["https:\/\/www.facebook.com\/InfoPBA"]},{"@type":"Person","@id":"https:\/\/infopba247.com.ar\/#\/schema\/person\/4975f1343a413e57bf839b3eed0099f2","name":"Editor","image":{"@type":"ImageObject","inLanguage":"es","@id":"https:\/\/secure.gravatar.com\/avatar\/d27fe9520667ca53441d36627a1d6b0fa4a813571ec4803687a7a3a7744685ac?s=96&d=mm&r=g","url":"https:\/\/secure.gravatar.com\/avatar\/d27fe9520667ca53441d36627a1d6b0fa4a813571ec4803687a7a3a7744685ac?s=96&d=mm&r=g","contentUrl":"https:\/\/secure.gravatar.com\/avatar\/d27fe9520667ca53441d36627a1d6b0fa4a813571ec4803687a7a3a7744685ac?s=96&d=mm&r=g","caption":"Editor"},"url":"https:\/\/infopba247.com.ar\/index.php\/author\/editor\/"}]}},"_links":{"self":[{"href":"https:\/\/infopba247.com.ar\/index.php\/wp-json\/wp\/v2\/posts\/10492","targetHints":{"allow":["GET"]}}],"collection":[{"href":"https:\/\/infopba247.com.ar\/index.php\/wp-json\/wp\/v2\/posts"}],"about":[{"href":"https:\/\/infopba247.com.ar\/index.php\/wp-json\/wp\/v2\/types\/post"}],"author":[{"embeddable":true,"href":"https:\/\/infopba247.com.ar\/index.php\/wp-json\/wp\/v2\/users\/3"}],"replies":[{"embeddable":true,"href":"https:\/\/infopba247.com.ar\/index.php\/wp-json\/wp\/v2\/comments?post=10492"}],"version-history":[{"count":1,"href":"https:\/\/infopba247.com.ar\/index.php\/wp-json\/wp\/v2\/posts\/10492\/revisions"}],"predecessor-version":[{"id":10493,"href":"https:\/\/infopba247.com.ar\/index.php\/wp-json\/wp\/v2\/posts\/10492\/revisions\/10493"}],"wp:featuredmedia":[{"embeddable":true,"href":"https:\/\/infopba247.com.ar\/index.php\/wp-json\/wp\/v2\/media\/10489"}],"wp:attachment":[{"href":"https:\/\/infopba247.com.ar\/index.php\/wp-json\/wp\/v2\/media?parent=10492"}],"wp:term":[{"taxonomy":"category","embeddable":true,"href":"https:\/\/infopba247.com.ar\/index.php\/wp-json\/wp\/v2\/categories?post=10492"},{"taxonomy":"post_tag","embeddable":true,"href":"https:\/\/infopba247.com.ar\/index.php\/wp-json\/wp\/v2\/tags?post=10492"}],"curies":[{"name":"wp","href":"https:\/\/api.w.org\/{rel}","templated":true}]}}