{"id":10478,"date":"2026-09-02T13:51:32","date_gmt":"2026-09-02T16:51:32","guid":{"rendered":"https:\/\/infopba247.com.ar\/?p=10478"},"modified":"2026-09-02T15:09:43","modified_gmt":"2026-09-02T18:09:43","slug":"el-colegio-de-abogados-de-la-plata-celebro-el-dia-de-la-abogacia-y-renovo-su-compromiso-con-la-comunidad-profesional","status":"publish","type":"post","link":"https:\/\/infopba247.com.ar\/index.php\/2026\/09\/02\/el-colegio-de-abogados-de-la-plata-celebro-el-dia-de-la-abogacia-y-renovo-su-compromiso-con-la-comunidad-profesional\/","title":{"rendered":"El Colegio de Abogados de La Plata celebr\u00f3 el D\u00eda de la Abogac\u00eda y renov\u00f3 su compromiso con la comunidad profesional"},"content":{"rendered":"\n<p class=\"wp-block-paragraph\">Durante el encuentro, la instituci\u00f3n reafirm\u00f3 la escucha, la cercan\u00eda y la participaci\u00f3n como ejes de una gesti\u00f3n orientada a dar respuesta a las necesidades de la matr\u00edcula.<\/p>\n\n\n\n<p class=\"wp-block-paragraph\">El Colegio de la Abogac\u00eda de La Plata (CALP) celebr\u00f3 hoy el D\u00eda de la Abogac\u00eda con un emotivo acto en el Sal\u00f3n de Actos de la instituci\u00f3n, que re\u00fane a 10.585 matriculados y matriculadas y se posiciona como uno de los colegios m\u00e1s grandes del pa\u00eds, con una densidad de m\u00e1s de siete profesionales por cada mil habitantes.<\/p>\n\n\n\n<p class=\"wp-block-paragraph\">La jornada convoc\u00f3 a colegas de la regi\u00f3n y cont\u00f3 con la presencia del intendente de La Plata, Julio Alak; la ministra de la Suprema Corte de Justicia bonaerense, Hilda Kogan; y el fiscal de Estado, Hern\u00e1n G\u00f3mez. Adem\u00e1s, participaron titulares de los organismos de la Constituci\u00f3n, magistrados y magistradas del Poder Judicial, rectores y decanos de universidades y presidentes de distintos colegios profesionales, entre otras autoridades.<\/p>\n\n\n\n<p class=\"wp-block-paragraph\">El encuentro comenz\u00f3 con la interpretaci\u00f3n del Himno Nacional Argentino. A continuaci\u00f3n, Julio Alak, quien es matriculado de la instituci\u00f3n desde 1983, destac\u00f3: \u201cEstamos honrados de esta profesi\u00f3n y del Colegio de la Abogac\u00eda de La Plata, una instituci\u00f3n ejemplar en la provincia de Buenos Aires que expresa el esp\u00edritu de nuestra ciudad y ha logrado una convocatoria muy amplia, con representaci\u00f3n de todos los sectores de la abogac\u00eda platense\u201d.<\/p>\n\n\n\n<p class=\"wp-block-paragraph\">\u00abEn esta fecha conmemoramos tambi\u00e9n el aniversario de Alberdi y es una buena ocasi\u00f3n para anunciar que vamos a trabajar para que el a\u00f1o pr\u00f3ximo tengamos una estatua en su homenaje en ciudad de La Plata, por ser el padre de la Constituci\u00f3n y por haber trabajado profundamente por la uni\u00f3n de los argentinos\u00bb.<\/p>\n\n\n\n<p class=\"wp-block-paragraph\">Acto seguido, la presidenta del CALP, Marina Mongiardino, subray\u00f3 tres ejes que gu\u00edan la gesti\u00f3n \u2014escucha, cercan\u00eda y participaci\u00f3n\u2014 y puso especial \u00e9nfasis en la ampliaci\u00f3n de los servicios de la sede central, que desde el 24 de agosto funcionan de 8:30 a 18 horas.<\/p>\n\n\n\n<p class=\"wp-block-paragraph\">Tambi\u00e9n resalt\u00f3 que este martes se inaugurar\u00e1n dos salas de audiencias virtuales en la Biblioteca; el mi\u00e9rcoles, la nueva Sala de Profesionales en la sede penal; y el jueves, el edificio Anexo, donde se realizaron mejoras para el mejor aprovechamiento de sus instalaciones.<\/p>\n\n\n\n<p class=\"wp-block-paragraph\">Asimismo, valor\u00f3 que en materia institucional se profundizaron las pol\u00edticas de transparencia y participaci\u00f3n a trav\u00e9s de la transmisi\u00f3n de sesiones y asambleas, la difusi\u00f3n de los informes de Tesorer\u00eda y la incorporaci\u00f3n del Presupuesto Participativo de Gesti\u00f3n. Adem\u00e1s, comenz\u00f3 un proceso de modernizaci\u00f3n del sistema interno para avanzar hacia la autogesti\u00f3n digital de tr\u00e1mites y servicios, se sum\u00f3 un beneficio de financiaci\u00f3n con el Banco Provincia y se anunci\u00f3 un convenio con ARBA para desarrollar actividades de capacitaci\u00f3n y asistencia t\u00e9cnica.<\/p>\n\n\n\n<p class=\"wp-block-paragraph\">Finalmente, destac\u00f3 que se fortaleci\u00f3 la formaci\u00f3n continua mediante actividades acad\u00e9micas, diplomaturas, cursos de iniciaci\u00f3n profesional y capacitaciones destinadas especialmente a la abogac\u00eda joven y novel, junto con el trabajo de \u00e1reas, comisiones, observatorios e institutos. En ese marco, tambi\u00e9n anunci\u00f3 el lanzamiento de la Revista Jur\u00eddica del Colegio de la Abogac\u00eda de La Plata, concebida como un espacio para compartir doctrina y reflexiones jur\u00eddicas, debatir temas vinculados con la pr\u00e1ctica profesional y visibilizar el trabajo de la comunidad.<\/p>\n\n\n\n<p class=\"wp-block-paragraph\">\u201cSer abogada o abogado es asumir una responsabilidad. Una responsabilidad con la ley y con la justicia. Pero, sobre todo, es asumir una responsabilidad con las personas que conf\u00edan en nosotros cuando necesitan defender un derecho, resolver un conflicto o encontrar una respuesta\u201d, expres\u00f3 Mongiardino, y agreg\u00f3: \u201cNuestra profesi\u00f3n est\u00e1 presente en los momentos m\u00e1s importantes de la vida de una persona. Y esa cercan\u00eda nos exige formaci\u00f3n, compromiso, escucha y una profunda vocaci\u00f3n de servicio\u201d.<\/p>\n\n\n\n<p class=\"wp-block-paragraph\">RECONOCIMIENTOS<\/p>\n\n\n\n<p class=\"wp-block-paragraph\">Durante el acto, Kogan dirigi\u00f3 unas palabras a los presentes y recibi\u00f3 un reconocimiento de manos de Mongiardino y de la vicepresidenta del CALP, Josefina Sannen Mazzucco.<\/p>\n\n\n\n<p class=\"wp-block-paragraph\">La ceremonia tambi\u00e9n incluy\u00f3 un homenaje a los excombatientes de Malvinas matriculados en la instituci\u00f3n, por su compromiso y entrega en defensa de la soberan\u00eda; y a quienes se desempe\u00f1aron como presidentes del CALP, en reconocimiento a su trayectoria y aporte al crecimiento y fortalecimiento del Colegio.<\/p>\n\n\n\n<p class=\"wp-block-paragraph\">Asimismo, fue distinguido el presidente de la Abogac\u00eda Joven y Novel, Mart\u00edn Ertola, por su designaci\u00f3n como vicepresidente de la Comisi\u00f3n de la Abogac\u00eda Joven y Novel del Colegio de Abogados de la Provincia de Buenos Aires. La placa fue entregada por Mazzucco, quien fue la primera mujer del CALP en presidir dicha comisi\u00f3n.<\/p>\n\n\n\n<p class=\"wp-block-paragraph\">A continuaci\u00f3n, el Colegio reconoci\u00f3 a quienes cumplieron 50 a\u00f1os de ejercicio profesional, a quienes este a\u00f1o culminaron su vida profesional activa, a las autoridades de la Comisi\u00f3n del Interior y a los nuevos colegas que prestaron juramento entre septiembre de 2025 y agosto de 2026. Estos \u00faltimos recibieron la distinci\u00f3n \u201cAsdr\u00fabal Su\u00e1rez\u201d, instituida en memoria del primer abogado matriculado en el Colegio.<\/p>\n\n\n\n<p class=\"wp-block-paragraph\">Finalmente, se entregaron los diplomas de designaci\u00f3n a los delegados y delegadas del CALP ante el Colegio de Abogados de la Provincia de Buenos Aires y ante la Federaci\u00f3n Argentina de Colegios de Abogados, en reconocimiento a su compromiso y representaci\u00f3n institucional.<\/p>\n\n\n\n<p class=\"wp-block-paragraph\">AUTORIDADES PRESENTES<\/p>\n\n\n\n<p class=\"wp-block-paragraph\">Estuvieron presentes durante el acto Hern\u00e1n Rodolfo G\u00f3mez, fiscal de Estado de la Provincia de Buenos Aires; Carlos Baleztena, de la Contadur\u00eda General de la Provincia de Buenos Aires; el director ejecutivo de la Agencia de Recaudaci\u00f3n de la Provincia, Cristian Girard; el asesor General de Gobierno de la Provincia, Santiago P\u00e9rez Teruel; el rector de la Universidad de Lomas de Zamora, Diego Molea, junto a la decana de su Facultad de Derecho, Mar\u00eda Fernanda V\u00e1zquez y el decano de su Facultad de Derecho y Ciencias Pol\u00edticas, Domingo Sixto Miguel Gonzales And\u00eda; y el exdecano de la Facultad de Ciencias Jur\u00eddicas y Sociales de la Universidad Nacional de La Plata, Miguel Berri.<\/p>\n\n\n\n<p class=\"wp-block-paragraph\">Tambi\u00e9n asistieron la subsecretaria de Transparencia Institucional de la Provincia de Buenos Aires y consejera de la Magistratura provincial, Dra. Ana Laura Ramos, quien adem\u00e1s es la directora del \u00c1rea Acad\u00e9mica del CALP; el coordinador de la Oficina de Presidencia de la Suprema Corte de Justicia de la Provincia de Buenos Aires, Am\u00f3s Arturo Grajales; la intendenta de Ca\u00f1uelas, Marisa Fassi; el subdirector de Acciones Territoriales y Servicios de ese organismo, Gaspar Spiritoso; el presidente del Instituto Provincial de Loter\u00eda y Casinos, Gonzalo Atanasof; y el subsecretario de Justicia del Ministerio de Justicia y Derechos Humanos bonaerense, Inti Perez Aznar.<\/p>\n\n\n\n<p class=\"wp-block-paragraph\">Por otro lado, estuvieron presentes autoridades de la C\u00e1mara Federal de Apelaciones de La Plata: el presidente de la Sala I, Roberto Lemos Arias, Roberto Lemos Arias; el vicepresidente segundo, Laureano Duran; el presidente de la Sala II, Jorge Eduardo Di Lorenzo; y el juez de la Sala III, Emilio Santiago Faggi.<\/p>\n\n\n\n<p class=\"wp-block-paragraph\">Asimismo, participaron el presidente del Tribunal Fiscal de la Provincia de Buenos Aires, Marcelo Giampaoli; el vocal de 1\u00aa de la Sala I, \u00c1ngel Carlos Carballal; el vocal de 4\u00aa de la Sala II, Federico Carozzi; la vocal de 5\u00aa de la Sala II, Virginia Mar\u00eda Garc\u00eda; y la vocal de 7\u00aa de la Sala III, Mariana Rodr\u00edguez.<\/p>\n\n\n\n<p class=\"wp-block-paragraph\">Tambi\u00e9n la presidenta de la Sala II, Mar\u00eda Florencia Budi\u00f1o; el presidente de la Sala III, V\u00edctor Horacio Violini; y el presidente de la Sala V, Manuel Alberto Bouchoux.<\/p>\n\n\n\n<p class=\"wp-block-paragraph\">Por otra parte, asistieron la vocal de la Sala I de la C\u00e1mara de Apelaci\u00f3n y Garant\u00edas en lo Penal de La Plata, Mar\u00eda Sof\u00eda Rezz\u00f3nico Bernad; la vicepresidenta de la Sala II, Miriam Patricia Ermili; el vocal de la Sala II, Pablo Gamboa; el presidente de la Sala III, Fernando Jorge Mateos; el vicepresidente de la Sala III, Alejandro Gustavo Villordo; el vocal de la Sala III, Juan Alberto Benavides; el presidente de la Sala IV, Carlos Ariel Arg\u00fcero; la vicepresidenta de la Sala IV, Carina Ver\u00f3nica Gil; y el vocal de la Sala IV, Ernesto Juli\u00e1n Ferreira.<\/p>\n\n\n\n<p class=\"wp-block-paragraph\">Asimismo, estuvieron presentes el vicepresidente del Tribunal Criminal N\u00b0 1 de La Plata, Lorenzo Ramiro Fern\u00e1ndez; el vicepresidente del Tribunal Criminal N\u00b0 3, Santiago Paolini; la presidenta del Tribunal Criminal N\u00b0 4, Carolina Crispiani; y el vicepresidente del Tribunal Criminal N\u00b0 4, Emir Alfredo Caputo T\u00e1rtara.<\/p>\n\n\n\n<p class=\"wp-block-paragraph\">Adem\u00e1s, participaron la camarista de la Sala II de la C\u00e1mara de Apelaci\u00f3n en lo Contencioso Administrativo de La Plata, Mar\u00eda Ventura Mart\u00ednez; el vicepresidente de la Sala I, Gustavo Daniel Spacarotel, y el vicepresidente de la Sala II, Ger\u00f3nimo Arias.<\/p>\n\n\n\n<p class=\"wp-block-paragraph\">Por otro lado, participaron la jueza de la Sala I de la C\u00e1mara de Apelaci\u00f3n en lo Civil y Comercial N\u00b0 1, Adriana Beatriz Montoto; el juez de la Sala III de la C\u00e1mara de Apelaci\u00f3n en lo Civil y Comercial N\u00b0 1, Juan Manuel Hitters; y la jueza de la Sala III de la C\u00e1mara de Apelaci\u00f3n en lo Civil y Comercial N\u00b0 2 de La Plata, Laura Marta Larumbe.<\/p>\n\n\n\n<p class=\"wp-block-paragraph\">Asimismo, participaron el presidente del Tribunal de Trabajo N\u00b0 2, Carlos Mariano N\u00fa\u00f1ez; el vocal del Tribunal de Trabajo N\u00b0 2, Federico Javier Escobares; la presidenta del Tribunal de Trabajo N\u00b0 3, Soledad Moreyra; la vocal del Tribunal de Trabajo N\u00b0 3, Sof\u00eda Mar\u00eda Silva Pelossi; la presidenta del Tribunal de Trabajo N\u00b0 4, Vanesa Prado; la presidenta del Tribunal de Trabajo N\u00b0 5, Mariela Elvira Sosa; y el vicepresidente del Tribunal de Trabajo N\u00b0 5, Fabio Alberto Arechabala.<\/p>\n\n\n\n<p class=\"wp-block-paragraph\">Adem\u00e1s, estuvieron durante el acto el juez del Juzgado de Garant\u00edas N\u00b0 4, Juan Pablo Masi; la jueza del Juzgado de Garant\u00edas del Joven N\u00b0 1, Mar\u00eda Jos\u00e9 Lescano; y el juez del Juzgado en lo Correccional N\u00b0 1, Patricio Marcelo Gandulfo.<\/p>\n\n\n\n<p class=\"wp-block-paragraph\">Por otro lado, asistieron el juez del Juzgado en lo Contencioso Administrativo N\u00b0 2, Mariano Mart\u00edn Camilo L\u00f3pez; y la jueza del Juzgado en lo Contencioso Administrativo N\u00b0 3, G\u00fcendalina Sessarego.<\/p>\n\n\n\n<p class=\"wp-block-paragraph\">Asimismo, participaron el fiscal general del Departamento Judicial La Plata, H\u00e9ctor Ernesto Vogliolo; el defensor general del Departamento Judicial La Plata, Omar Ozafrain; la fiscal ante el Tribunal de Casaci\u00f3n Penal de la Provincia de Buenos Aires, Daniela Elizabeth Bersi; el agente fiscal de la Unidad Funcional de Instrucci\u00f3n y Juicio N\u00b0 9, Juan Pablo Iaccarino Taiana; la agente fiscal de la Unidad Funcional de Instrucci\u00f3n y Juicio N\u00b0 17, Mar\u00eda Eugenia Di Lorenzo; y el agente fiscal de la Unidad Funcional de Instrucci\u00f3n y Juicio N\u00b0 6, \u00c1rea Instrucci\u00f3n, Patricio Ignacio Jorge Barraza.<\/p>\n\n\n\n<p class=\"wp-block-paragraph\">Tambi\u00e9n el agente fiscal de la Unidad Funcional de Instrucci\u00f3n y Juicio N\u00b0 13, \u00c1rea de Juicio-Violencia de G\u00e9nero, Lucas Rodr\u00edguez Domski; la agente fiscal de la Unidad Funcional de Instrucci\u00f3n y Juicio N\u00b0 3, \u00c1rea Instrucci\u00f3n del Fuero de Responsabilidad Juvenil, Carmen Viviana Ibarra; y la agente fiscal de la Unidad Funcional de Instrucci\u00f3n y Juicio N\u00b0 4, \u00c1rea Instrucci\u00f3n del Fuero de Responsabilidad Juvenil, Ana Mar\u00eda Rubio.<\/p>\n\n\n\n<p class=\"wp-block-paragraph\">Adem\u00e1s, participaron la defensora a cargo de la Unidad Funcional de Defensa Civil N\u00b0 9 de La Plata, Gabriela Fernanda Rua; la defensora a cargo de la Unidad Funcional de Defensa Penal N\u00b0 6 de La Plata, Ver\u00f3nica Garganta; la defensora a cargo de la Unidad Funcional de Defensa Penal N\u00b0 14 de La Plata, Mar\u00eda Raquel Ponzinibbio; la defensora a cargo de la Unidad Funcional de Defensa Penal N\u00b0 16 de La Plata, Mar\u00eda L\u00eda Domecq; y la defensora a cargo de la Unidad Funcional de Defensa Penal N\u00b0 20 de La Plata, Mar\u00eda Elia Klappenbach.<\/p>\n\n\n\n<p class=\"wp-block-paragraph\">A su vez, estuvieron el presidente de la Federaci\u00f3n de Entidades Universitarias Profesionales de la Provincia de Buenos Aires, Daniel Delpino; el presidente del Colegio de Arquitectura y Urbanismo de la Provincia de Buenos Aires \u2013 Distrito 1, jurisdicci\u00f3n La Plata, Germ\u00e1n Zuloaga; la presidenta del Colegio de Escribanos, delegaci\u00f3n La Plata, Mar\u00eda del Rosario Berterretche Mateos; la presidenta del Colegio de Fonoaudi\u00f3logos de la Provincia de Buenos Aires, Regi\u00f3n La Plata, Mar\u00eda de los \u00c1ngeles Argenti; y el presidente de la Caja de la Abogac\u00eda de la Provincia de Buenos Aires, Ariel Leonardo Vaccaro.<\/p>\n\n\n\n<p class=\"wp-block-paragraph\">Finalmente, participaron del acto el presidente del Concejo Deliberante de la Municipalidad de La Plata, Marcelo Galland; y los concejales Juan Manuel Granillo, Nicol\u00e1s Morzone e Iv\u00e1n Zanetto.<\/p>\n","protected":false},"excerpt":{"rendered":"<p>Durante el encuentro, la instituci\u00f3n reafirm\u00f3 la escucha, la cercan\u00eda y la participaci\u00f3n como ejes de una gesti\u00f3n orientada a<\/p>\n","protected":false},"author":3,"featured_media":10479,"comment_status":"closed","ping_status":"closed","sticky":false,"template":"","format":"standard","meta":{"colormag_page_container_layout":"default_layout","colormag_page_sidebar_layout":"default_layout","footnotes":""},"categories":[12,1,14],"tags":[],"class_list":["post-10478","post","type-post","status-publish","format-standard","has-post-thumbnail","hentry","category-8va-seccion","category-destacadas","category-politica"],"yoast_head":"<!-- This site is optimized with the Yoast SEO plugin v28.4 - https:\/\/yoast.com\/product\/yoast-seo-wordpress\/ -->\n<title>El Colegio de Abogados de La Plata celebr\u00f3 el D\u00eda de la Abogac\u00eda y renov\u00f3 su compromiso con la comunidad profesional - InfoPBA247<\/title>\n<meta name=\"robots\" content=\"index, follow, max-snippet:-1, max-image-preview:large, max-video-preview:-1\" \/>\n<link rel=\"canonical\" href=\"https:\/\/infopba247.com.ar\/index.php\/2026\/09\/02\/el-colegio-de-abogados-de-la-plata-celebro-el-dia-de-la-abogacia-y-renovo-su-compromiso-con-la-comunidad-profesional\/\" \/>\n<meta property=\"og:locale\" content=\"es_ES\" \/>\n<meta property=\"og:type\" content=\"article\" \/>\n<meta property=\"og:title\" content=\"El Colegio de Abogados de La Plata celebr\u00f3 el D\u00eda de la Abogac\u00eda y renov\u00f3 su compromiso con la comunidad profesional - InfoPBA247\" \/>\n<meta property=\"og:description\" content=\"Durante el encuentro, la instituci\u00f3n reafirm\u00f3 la escucha, la cercan\u00eda y la participaci\u00f3n como ejes de una gesti\u00f3n orientada a\" \/>\n<meta property=\"og:url\" content=\"https:\/\/infopba247.com.ar\/index.php\/2026\/09\/02\/el-colegio-de-abogados-de-la-plata-celebro-el-dia-de-la-abogacia-y-renovo-su-compromiso-con-la-comunidad-profesional\/\" \/>\n<meta property=\"og:site_name\" content=\"InfoPBA247\" \/>\n<meta property=\"article:publisher\" content=\"https:\/\/www.facebook.com\/InfoPBA\" \/>\n<meta property=\"article:published_time\" content=\"2026-09-02T16:51:32+00:00\" \/>\n<meta property=\"article:modified_time\" content=\"2026-09-02T18:09:43+00:00\" \/>\n<meta property=\"og:image\" content=\"https:\/\/infopba247.com.ar\/wp-content\/uploads\/2026\/09\/WhatsApp-Image-2026-09-01-at-11.38.49.jpeg\" \/>\n\t<meta property=\"og:image:width\" content=\"1280\" \/>\n\t<meta property=\"og:image:height\" content=\"852\" \/>\n\t<meta property=\"og:image:type\" content=\"image\/jpeg\" \/>\n<meta name=\"author\" content=\"Editor\" \/>\n<meta name=\"twitter:card\" content=\"summary_large_image\" \/>\n<meta name=\"twitter:label1\" content=\"Escrito por\" \/>\n\t<meta name=\"twitter:data1\" content=\"Editor\" \/>\n\t<meta name=\"twitter:label2\" content=\"Tiempo de lectura\" \/>\n\t<meta name=\"twitter:data2\" content=\"10 minutos\" \/>\n<script type=\"application\/ld+json\" class=\"yoast-schema-graph\">{\"@context\":\"https:\\\/\\\/schema.org\",\"@graph\":[{\"@type\":\"Article\",\"@id\":\"https:\\\/\\\/infopba247.com.ar\\\/index.php\\\/2026\\\/09\\\/02\\\/el-colegio-de-abogados-de-la-plata-celebro-el-dia-de-la-abogacia-y-renovo-su-compromiso-con-la-comunidad-profesional\\\/#article\",\"isPartOf\":{\"@id\":\"https:\\\/\\\/infopba247.com.ar\\\/index.php\\\/2026\\\/09\\\/02\\\/el-colegio-de-abogados-de-la-plata-celebro-el-dia-de-la-abogacia-y-renovo-su-compromiso-con-la-comunidad-profesional\\\/\"},\"author\":{\"name\":\"Editor\",\"@id\":\"https:\\\/\\\/infopba247.com.ar\\\/#\\\/schema\\\/person\\\/4975f1343a413e57bf839b3eed0099f2\"},\"headline\":\"El Colegio de Abogados de La Plata celebr\u00f3 el D\u00eda de la Abogac\u00eda y renov\u00f3 su compromiso con la comunidad profesional\",\"datePublished\":\"2026-09-02T16:51:32+00:00\",\"dateModified\":\"2026-09-02T18:09:43+00:00\",\"mainEntityOfPage\":{\"@id\":\"https:\\\/\\\/infopba247.com.ar\\\/index.php\\\/2026\\\/09\\\/02\\\/el-colegio-de-abogados-de-la-plata-celebro-el-dia-de-la-abogacia-y-renovo-su-compromiso-con-la-comunidad-profesional\\\/\"},\"wordCount\":2143,\"publisher\":{\"@id\":\"https:\\\/\\\/infopba247.com.ar\\\/#organization\"},\"image\":{\"@id\":\"https:\\\/\\\/infopba247.com.ar\\\/index.php\\\/2026\\\/09\\\/02\\\/el-colegio-de-abogados-de-la-plata-celebro-el-dia-de-la-abogacia-y-renovo-su-compromiso-con-la-comunidad-profesional\\\/#primaryimage\"},\"thumbnailUrl\":\"https:\\\/\\\/infopba247.com.ar\\\/wp-content\\\/uploads\\\/2026\\\/09\\\/WhatsApp-Image-2026-09-01-at-11.38.49.jpeg\",\"articleSection\":[\"8va Secci\u00f3n\",\"Destacadas\",\"Pol\u00edtica\"],\"inLanguage\":\"es\"},{\"@type\":\"WebPage\",\"@id\":\"https:\\\/\\\/infopba247.com.ar\\\/index.php\\\/2026\\\/09\\\/02\\\/el-colegio-de-abogados-de-la-plata-celebro-el-dia-de-la-abogacia-y-renovo-su-compromiso-con-la-comunidad-profesional\\\/\",\"url\":\"https:\\\/\\\/infopba247.com.ar\\\/index.php\\\/2026\\\/09\\\/02\\\/el-colegio-de-abogados-de-la-plata-celebro-el-dia-de-la-abogacia-y-renovo-su-compromiso-con-la-comunidad-profesional\\\/\",\"name\":\"El Colegio de Abogados de La Plata celebr\u00f3 el D\u00eda de la Abogac\u00eda y renov\u00f3 su compromiso con la comunidad profesional - InfoPBA247\",\"isPartOf\":{\"@id\":\"https:\\\/\\\/infopba247.com.ar\\\/#website\"},\"primaryImageOfPage\":{\"@id\":\"https:\\\/\\\/infopba247.com.ar\\\/index.php\\\/2026\\\/09\\\/02\\\/el-colegio-de-abogados-de-la-plata-celebro-el-dia-de-la-abogacia-y-renovo-su-compromiso-con-la-comunidad-profesional\\\/#primaryimage\"},\"image\":{\"@id\":\"https:\\\/\\\/infopba247.com.ar\\\/index.php\\\/2026\\\/09\\\/02\\\/el-colegio-de-abogados-de-la-plata-celebro-el-dia-de-la-abogacia-y-renovo-su-compromiso-con-la-comunidad-profesional\\\/#primaryimage\"},\"thumbnailUrl\":\"https:\\\/\\\/infopba247.com.ar\\\/wp-content\\\/uploads\\\/2026\\\/09\\\/WhatsApp-Image-2026-09-01-at-11.38.49.jpeg\",\"datePublished\":\"2026-09-02T16:51:32+00:00\",\"dateModified\":\"2026-09-02T18:09:43+00:00\",\"breadcrumb\":{\"@id\":\"https:\\\/\\\/infopba247.com.ar\\\/index.php\\\/2026\\\/09\\\/02\\\/el-colegio-de-abogados-de-la-plata-celebro-el-dia-de-la-abogacia-y-renovo-su-compromiso-con-la-comunidad-profesional\\\/#breadcrumb\"},\"inLanguage\":\"es\",\"potentialAction\":[{\"@type\":\"ReadAction\",\"target\":[\"https:\\\/\\\/infopba247.com.ar\\\/index.php\\\/2026\\\/09\\\/02\\\/el-colegio-de-abogados-de-la-plata-celebro-el-dia-de-la-abogacia-y-renovo-su-compromiso-con-la-comunidad-profesional\\\/\"]}]},{\"@type\":\"ImageObject\",\"inLanguage\":\"es\",\"@id\":\"https:\\\/\\\/infopba247.com.ar\\\/index.php\\\/2026\\\/09\\\/02\\\/el-colegio-de-abogados-de-la-plata-celebro-el-dia-de-la-abogacia-y-renovo-su-compromiso-con-la-comunidad-profesional\\\/#primaryimage\",\"url\":\"https:\\\/\\\/infopba247.com.ar\\\/wp-content\\\/uploads\\\/2026\\\/09\\\/WhatsApp-Image-2026-09-01-at-11.38.49.jpeg\",\"contentUrl\":\"https:\\\/\\\/infopba247.com.ar\\\/wp-content\\\/uploads\\\/2026\\\/09\\\/WhatsApp-Image-2026-09-01-at-11.38.49.jpeg\",\"width\":1280,\"height\":852},{\"@type\":\"BreadcrumbList\",\"@id\":\"https:\\\/\\\/infopba247.com.ar\\\/index.php\\\/2026\\\/09\\\/02\\\/el-colegio-de-abogados-de-la-plata-celebro-el-dia-de-la-abogacia-y-renovo-su-compromiso-con-la-comunidad-profesional\\\/#breadcrumb\",\"itemListElement\":[{\"@type\":\"ListItem\",\"position\":1,\"name\":\"Portada\",\"item\":\"https:\\\/\\\/infopba247.com.ar\\\/\"},{\"@type\":\"ListItem\",\"position\":2,\"name\":\"El Colegio de Abogados de La Plata celebr\u00f3 el D\u00eda de la Abogac\u00eda y renov\u00f3 su compromiso con la comunidad profesional\"}]},{\"@type\":\"WebSite\",\"@id\":\"https:\\\/\\\/infopba247.com.ar\\\/#website\",\"url\":\"https:\\\/\\\/infopba247.com.ar\\\/\",\"name\":\"InfoPBA247\",\"description\":\"Toda la actualidad bonaerense\",\"publisher\":{\"@id\":\"https:\\\/\\\/infopba247.com.ar\\\/#organization\"},\"potentialAction\":[{\"@type\":\"SearchAction\",\"target\":{\"@type\":\"EntryPoint\",\"urlTemplate\":\"https:\\\/\\\/infopba247.com.ar\\\/?s={search_term_string}\"},\"query-input\":{\"@type\":\"PropertyValueSpecification\",\"valueRequired\":true,\"valueName\":\"search_term_string\"}}],\"inLanguage\":\"es\"},{\"@type\":\"Organization\",\"@id\":\"https:\\\/\\\/infopba247.com.ar\\\/#organization\",\"name\":\"InfoPBA247\",\"url\":\"https:\\\/\\\/infopba247.com.ar\\\/\",\"logo\":{\"@type\":\"ImageObject\",\"inLanguage\":\"es\",\"@id\":\"https:\\\/\\\/infopba247.com.ar\\\/#\\\/schema\\\/logo\\\/image\\\/\",\"url\":\"https:\\\/\\\/infopba247.com.ar\\\/wp-content\\\/uploads\\\/2022\\\/03\\\/cropped-InfoPBA247-1.png\",\"contentUrl\":\"https:\\\/\\\/infopba247.com.ar\\\/wp-content\\\/uploads\\\/2022\\\/03\\\/cropped-InfoPBA247-1.png\",\"width\":500,\"height\":122,\"caption\":\"InfoPBA247\"},\"image\":{\"@id\":\"https:\\\/\\\/infopba247.com.ar\\\/#\\\/schema\\\/logo\\\/image\\\/\"},\"sameAs\":[\"https:\\\/\\\/www.facebook.com\\\/InfoPBA\"]},{\"@type\":\"Person\",\"@id\":\"https:\\\/\\\/infopba247.com.ar\\\/#\\\/schema\\\/person\\\/4975f1343a413e57bf839b3eed0099f2\",\"name\":\"Editor\",\"image\":{\"@type\":\"ImageObject\",\"inLanguage\":\"es\",\"@id\":\"https:\\\/\\\/secure.gravatar.com\\\/avatar\\\/d27fe9520667ca53441d36627a1d6b0fa4a813571ec4803687a7a3a7744685ac?s=96&d=mm&r=g\",\"url\":\"https:\\\/\\\/secure.gravatar.com\\\/avatar\\\/d27fe9520667ca53441d36627a1d6b0fa4a813571ec4803687a7a3a7744685ac?s=96&d=mm&r=g\",\"contentUrl\":\"https:\\\/\\\/secure.gravatar.com\\\/avatar\\\/d27fe9520667ca53441d36627a1d6b0fa4a813571ec4803687a7a3a7744685ac?s=96&d=mm&r=g\",\"caption\":\"Editor\"},\"url\":\"https:\\\/\\\/infopba247.com.ar\\\/index.php\\\/author\\\/editor\\\/\"}]}<\/script>\n<!-- \/ Yoast SEO plugin. -->","yoast_head_json":{"title":"El Colegio de Abogados de La Plata celebr\u00f3 el D\u00eda de la Abogac\u00eda y renov\u00f3 su compromiso con la comunidad profesional - InfoPBA247","robots":{"index":"index","follow":"follow","max-snippet":"max-snippet:-1","max-image-preview":"max-image-preview:large","max-video-preview":"max-video-preview:-1"},"canonical":"https:\/\/infopba247.com.ar\/index.php\/2026\/09\/02\/el-colegio-de-abogados-de-la-plata-celebro-el-dia-de-la-abogacia-y-renovo-su-compromiso-con-la-comunidad-profesional\/","og_locale":"es_ES","og_type":"article","og_title":"El Colegio de Abogados de La Plata celebr\u00f3 el D\u00eda de la Abogac\u00eda y renov\u00f3 su compromiso con la comunidad profesional - InfoPBA247","og_description":"Durante el encuentro, la instituci\u00f3n reafirm\u00f3 la escucha, la cercan\u00eda y la participaci\u00f3n como ejes de una gesti\u00f3n orientada a","og_url":"https:\/\/infopba247.com.ar\/index.php\/2026\/09\/02\/el-colegio-de-abogados-de-la-plata-celebro-el-dia-de-la-abogacia-y-renovo-su-compromiso-con-la-comunidad-profesional\/","og_site_name":"InfoPBA247","article_publisher":"https:\/\/www.facebook.com\/InfoPBA","article_published_time":"2026-09-02T16:51:32+00:00","article_modified_time":"2026-09-02T18:09:43+00:00","og_image":[{"width":1280,"height":852,"url":"https:\/\/infopba247.com.ar\/wp-content\/uploads\/2026\/09\/WhatsApp-Image-2026-09-01-at-11.38.49.jpeg","type":"image\/jpeg"}],"author":"Editor","twitter_card":"summary_large_image","twitter_misc":{"Escrito por":"Editor","Tiempo de lectura":"10 minutos"},"schema":{"@context":"https:\/\/schema.org","@graph":[{"@type":"Article","@id":"https:\/\/infopba247.com.ar\/index.php\/2026\/09\/02\/el-colegio-de-abogados-de-la-plata-celebro-el-dia-de-la-abogacia-y-renovo-su-compromiso-con-la-comunidad-profesional\/#article","isPartOf":{"@id":"https:\/\/infopba247.com.ar\/index.php\/2026\/09\/02\/el-colegio-de-abogados-de-la-plata-celebro-el-dia-de-la-abogacia-y-renovo-su-compromiso-con-la-comunidad-profesional\/"},"author":{"name":"Editor","@id":"https:\/\/infopba247.com.ar\/#\/schema\/person\/4975f1343a413e57bf839b3eed0099f2"},"headline":"El Colegio de Abogados de La Plata celebr\u00f3 el D\u00eda de la Abogac\u00eda y renov\u00f3 su compromiso con la comunidad profesional","datePublished":"2026-09-02T16:51:32+00:00","dateModified":"2026-09-02T18:09:43+00:00","mainEntityOfPage":{"@id":"https:\/\/infopba247.com.ar\/index.php\/2026\/09\/02\/el-colegio-de-abogados-de-la-plata-celebro-el-dia-de-la-abogacia-y-renovo-su-compromiso-con-la-comunidad-profesional\/"},"wordCount":2143,"publisher":{"@id":"https:\/\/infopba247.com.ar\/#organization"},"image":{"@id":"https:\/\/infopba247.com.ar\/index.php\/2026\/09\/02\/el-colegio-de-abogados-de-la-plata-celebro-el-dia-de-la-abogacia-y-renovo-su-compromiso-con-la-comunidad-profesional\/#primaryimage"},"thumbnailUrl":"https:\/\/infopba247.com.ar\/wp-content\/uploads\/2026\/09\/WhatsApp-Image-2026-09-01-at-11.38.49.jpeg","articleSection":["8va Secci\u00f3n","Destacadas","Pol\u00edtica"],"inLanguage":"es"},{"@type":"WebPage","@id":"https:\/\/infopba247.com.ar\/index.php\/2026\/09\/02\/el-colegio-de-abogados-de-la-plata-celebro-el-dia-de-la-abogacia-y-renovo-su-compromiso-con-la-comunidad-profesional\/","url":"https:\/\/infopba247.com.ar\/index.php\/2026\/09\/02\/el-colegio-de-abogados-de-la-plata-celebro-el-dia-de-la-abogacia-y-renovo-su-compromiso-con-la-comunidad-profesional\/","name":"El Colegio de Abogados de La Plata celebr\u00f3 el D\u00eda de la Abogac\u00eda y renov\u00f3 su compromiso con la comunidad profesional - InfoPBA247","isPartOf":{"@id":"https:\/\/infopba247.com.ar\/#website"},"primaryImageOfPage":{"@id":"https:\/\/infopba247.com.ar\/index.php\/2026\/09\/02\/el-colegio-de-abogados-de-la-plata-celebro-el-dia-de-la-abogacia-y-renovo-su-compromiso-con-la-comunidad-profesional\/#primaryimage"},"image":{"@id":"https:\/\/infopba247.com.ar\/index.php\/2026\/09\/02\/el-colegio-de-abogados-de-la-plata-celebro-el-dia-de-la-abogacia-y-renovo-su-compromiso-con-la-comunidad-profesional\/#primaryimage"},"thumbnailUrl":"https:\/\/infopba247.com.ar\/wp-content\/uploads\/2026\/09\/WhatsApp-Image-2026-09-01-at-11.38.49.jpeg","datePublished":"2026-09-02T16:51:32+00:00","dateModified":"2026-09-02T18:09:43+00:00","breadcrumb":{"@id":"https:\/\/infopba247.com.ar\/index.php\/2026\/09\/02\/el-colegio-de-abogados-de-la-plata-celebro-el-dia-de-la-abogacia-y-renovo-su-compromiso-con-la-comunidad-profesional\/#breadcrumb"},"inLanguage":"es","potentialAction":[{"@type":"ReadAction","target":["https:\/\/infopba247.com.ar\/index.php\/2026\/09\/02\/el-colegio-de-abogados-de-la-plata-celebro-el-dia-de-la-abogacia-y-renovo-su-compromiso-con-la-comunidad-profesional\/"]}]},{"@type":"ImageObject","inLanguage":"es","@id":"https:\/\/infopba247.com.ar\/index.php\/2026\/09\/02\/el-colegio-de-abogados-de-la-plata-celebro-el-dia-de-la-abogacia-y-renovo-su-compromiso-con-la-comunidad-profesional\/#primaryimage","url":"https:\/\/infopba247.com.ar\/wp-content\/uploads\/2026\/09\/WhatsApp-Image-2026-09-01-at-11.38.49.jpeg","contentUrl":"https:\/\/infopba247.com.ar\/wp-content\/uploads\/2026\/09\/WhatsApp-Image-2026-09-01-at-11.38.49.jpeg","width":1280,"height":852},{"@type":"BreadcrumbList","@id":"https:\/\/infopba247.com.ar\/index.php\/2026\/09\/02\/el-colegio-de-abogados-de-la-plata-celebro-el-dia-de-la-abogacia-y-renovo-su-compromiso-con-la-comunidad-profesional\/#breadcrumb","itemListElement":[{"@type":"ListItem","position":1,"name":"Portada","item":"https:\/\/infopba247.com.ar\/"},{"@type":"ListItem","position":2,"name":"El Colegio de Abogados de La Plata celebr\u00f3 el D\u00eda de la Abogac\u00eda y renov\u00f3 su compromiso con la comunidad profesional"}]},{"@type":"WebSite","@id":"https:\/\/infopba247.com.ar\/#website","url":"https:\/\/infopba247.com.ar\/","name":"InfoPBA247","description":"Toda la actualidad bonaerense","publisher":{"@id":"https:\/\/infopba247.com.ar\/#organization"},"potentialAction":[{"@type":"SearchAction","target":{"@type":"EntryPoint","urlTemplate":"https:\/\/infopba247.com.ar\/?s={search_term_string}"},"query-input":{"@type":"PropertyValueSpecification","valueRequired":true,"valueName":"search_term_string"}}],"inLanguage":"es"},{"@type":"Organization","@id":"https:\/\/infopba247.com.ar\/#organization","name":"InfoPBA247","url":"https:\/\/infopba247.com.ar\/","logo":{"@type":"ImageObject","inLanguage":"es","@id":"https:\/\/infopba247.com.ar\/#\/schema\/logo\/image\/","url":"https:\/\/infopba247.com.ar\/wp-content\/uploads\/2022\/03\/cropped-InfoPBA247-1.png","contentUrl":"https:\/\/infopba247.com.ar\/wp-content\/uploads\/2022\/03\/cropped-InfoPBA247-1.png","width":500,"height":122,"caption":"InfoPBA247"},"image":{"@id":"https:\/\/infopba247.com.ar\/#\/schema\/logo\/image\/"},"sameAs":["https:\/\/www.facebook.com\/InfoPBA"]},{"@type":"Person","@id":"https:\/\/infopba247.com.ar\/#\/schema\/person\/4975f1343a413e57bf839b3eed0099f2","name":"Editor","image":{"@type":"ImageObject","inLanguage":"es","@id":"https:\/\/secure.gravatar.com\/avatar\/d27fe9520667ca53441d36627a1d6b0fa4a813571ec4803687a7a3a7744685ac?s=96&d=mm&r=g","url":"https:\/\/secure.gravatar.com\/avatar\/d27fe9520667ca53441d36627a1d6b0fa4a813571ec4803687a7a3a7744685ac?s=96&d=mm&r=g","contentUrl":"https:\/\/secure.gravatar.com\/avatar\/d27fe9520667ca53441d36627a1d6b0fa4a813571ec4803687a7a3a7744685ac?s=96&d=mm&r=g","caption":"Editor"},"url":"https:\/\/infopba247.com.ar\/index.php\/author\/editor\/"}]}},"_links":{"self":[{"href":"https:\/\/infopba247.com.ar\/index.php\/wp-json\/wp\/v2\/posts\/10478","targetHints":{"allow":["GET"]}}],"collection":[{"href":"https:\/\/infopba247.com.ar\/index.php\/wp-json\/wp\/v2\/posts"}],"about":[{"href":"https:\/\/infopba247.com.ar\/index.php\/wp-json\/wp\/v2\/types\/post"}],"author":[{"embeddable":true,"href":"https:\/\/infopba247.com.ar\/index.php\/wp-json\/wp\/v2\/users\/3"}],"replies":[{"embeddable":true,"href":"https:\/\/infopba247.com.ar\/index.php\/wp-json\/wp\/v2\/comments?post=10478"}],"version-history":[{"count":1,"href":"https:\/\/infopba247.com.ar\/index.php\/wp-json\/wp\/v2\/posts\/10478\/revisions"}],"predecessor-version":[{"id":10480,"href":"https:\/\/infopba247.com.ar\/index.php\/wp-json\/wp\/v2\/posts\/10478\/revisions\/10480"}],"wp:featuredmedia":[{"embeddable":true,"href":"https:\/\/infopba247.com.ar\/index.php\/wp-json\/wp\/v2\/media\/10479"}],"wp:attachment":[{"href":"https:\/\/infopba247.com.ar\/index.php\/wp-json\/wp\/v2\/media?parent=10478"}],"wp:term":[{"taxonomy":"category","embeddable":true,"href":"https:\/\/infopba247.com.ar\/index.php\/wp-json\/wp\/v2\/categories?post=10478"},{"taxonomy":"post_tag","embeddable":true,"href":"https:\/\/infopba247.com.ar\/index.php\/wp-json\/wp\/v2\/tags?post=10478"}],"curies":[{"name":"wp","href":"https:\/\/api.w.org\/{rel}","templated":true}]}}