{"id":10474,"date":"2026-09-01T15:44:03","date_gmt":"2026-09-01T18:44:03","guid":{"rendered":"https:\/\/infopba247.com.ar\/?p=10474"},"modified":"2026-09-01T15:44:04","modified_gmt":"2026-09-01T18:44:04","slug":"mariel-fernandez-visito-la-plata-con-actividades-institucionales-y-politicas","status":"publish","type":"post","link":"https:\/\/infopba247.com.ar\/index.php\/2026\/09\/01\/mariel-fernandez-visito-la-plata-con-actividades-institucionales-y-politicas\/","title":{"rendered":"Mariel Fern\u00e1ndez visit\u00f3 La Plata con actividades institucionales y pol\u00edticas"},"content":{"rendered":"\n<p class=\"wp-block-paragraph\">La intendenta de Moreno se reuni\u00f3 con Alak, firm\u00f3 un convenio con el presidente de la UNLP, recorri\u00f3 la Biblioteca Central de la Provincia con Saintout y visit\u00f3 a productores de la agricultura familiar<\/p>\n\n\n\n<p class=\"wp-block-paragraph\">La intendenta de Moreno, Mariel Fern\u00e1ndez, desarroll\u00f3 este lunes una agenda de trabajo en la ciudad de La Plata, que incluy\u00f3 reuniones institucionales, un convenio de cooperaci\u00f3n con la Universidad Nacional de La Plata (UNLP), una visita por la Biblioteca Central de la Provincia y un encuentro con productores de la agricultura familiar.<\/p>\n\n\n\n<p class=\"wp-block-paragraph\">La jornada comenz\u00f3 con la firma de un convenio junto al presidente de la UNLP, Dr. Fernando Tauber. El acuerdo permitir\u00e1 implementar programas y proyectos colaborativos entre el Municipio de Moreno y la Universidad Nacional de La Plata. Entre las l\u00edneas de trabajo previstas se encuentra la vinculaci\u00f3n con la producci\u00f3n de alimentos deshidratados, una iniciativa orientada a fortalecer la alimentaci\u00f3n de familias, comedores y merenderos del distrito. Durante el encuentro tambi\u00e9n particip\u00f3 el secretario de Producci\u00f3n de la UNLP, ingeniero Daniel Tovio y la secretaria de Desarrollo Comunitario de Moreno, Lis D\u00edaz.<\/p>\n\n\n\n<p class=\"wp-block-paragraph\">Posteriormente, la intendenta mantuvo una reuni\u00f3n de trabajo con el intendente Julio Alak en la Municipalidad de La Plata. All\u00ed, conversaron sobre el impacto de las pol\u00edticas econ\u00f3micas de Milei, el sufrimiento del pueblo que se ve afectado por el desempleo, la ca\u00edda del poder adquisitivo, y los esfuerzos que se realizan desde los gobiernos municipales para acompa\u00f1ar.<\/p>\n\n\n\n<p class=\"wp-block-paragraph\">Al mismo tiempo, dialogaron sobre la obra de Florencio Molina Campos, cuya producci\u00f3n constituye una parte esencial de la identidad cultural de la provincia, y avanzaron en la planificaci\u00f3n para que la muestra itinerante que lleva adelante el Municipio, junto con la Fundaci\u00f3n del Museo Molina Campos y la familia del artista, tambi\u00e9n pueda exhibirse en la ciudad de La Plata.<\/p>\n\n\n\n<p class=\"wp-block-paragraph\">Por la tarde, la jefa comunal de Moreno recorri\u00f3 la Biblioteca Central de la Provincia junto a Florencia Saintout, presidenta del Instituto Cultural de la Provincia de Buenos Aires. Durante la visita, junto a la directora y las trabajadoras de la instituci\u00f3n, recorrieron las instalaciones y conocieron el trabajo de recuperaci\u00f3n y puesta en valor realizado en el lugar.<\/p>\n\n\n\n<p class=\"wp-block-paragraph\">Adem\u00e1s, en el marco del programa \u201c25 para el 25\u201d, una iniciativa cultural destinada a democratizar el acceso a la literatura mediante la distribuci\u00f3n gratuita de ejemplares, Fern\u00e1ndez recibi\u00f3 50 colecciones de libros que ser\u00e1n destinadas s espacios comunitarios del Municipio de Moreno.<\/p>\n\n\n\n<p class=\"wp-block-paragraph\">Finalmente, la intendenta particip\u00f3 de un encuentro con productores de la agricultura familiar en Colonia Urquiza, una zona rural y florihort\u00edcola de la ciudad. Durante el encuentro, Fern\u00e1ndez escuch\u00f3 demandas y problem\u00e1ticas de este sector que atraviesa una situaci\u00f3n de emergencia como consecuencia de la crisis econ\u00f3mica y la ca\u00edda del consumo de alimentos, a lo que se suma el impacto de la apertura de importaciones.<\/p>\n\n\n\n<p class=\"wp-block-paragraph\">En este marco, se plante\u00f3 la necesidad de trabajar en la construcci\u00f3n de propuestas de gobierno para la Provincia y la Naci\u00f3n que permitan acompa\u00f1ar al sector y generar herramientas para superar la situaci\u00f3n actual. Del encuentro tambi\u00e9n particip\u00f3 Isabel Palomo, referente del sector.<\/p>\n\n\n\n<p class=\"wp-block-paragraph\">Al respecto, la intendenta de Moreno afirm\u00f3: \u201cEn nuestro pa\u00eds hay riqueza para que todas y todos vivamos con dignidad y felicidad. Necesitamos recuperar un gobierno popular que defienda el trabajo argentino y genere oportunidades de desarrollo integral para todas y todos\u201d.<\/p>\n\n\n\n<p class=\"wp-block-paragraph\">Mariel Fern\u00e1ndez, hasta el momento recorri\u00f3 Esteban Echeverr\u00eda, San Vicente, Ezeiza, Ca\u00f1uelas, Pergamino, Tres de Febrero, Lomas de Zamora, San Fernando, La Matanza y Mar del Plata en el marco de una agenda que tiene como eje la construcci\u00f3n de un di\u00e1logo directo con las comunidades y el conocimiento de las distintas realidades que atraviesan los municipios bonaerenses.<\/p>\n","protected":false},"excerpt":{"rendered":"<p>La intendenta de Moreno se reuni\u00f3 con Alak, firm\u00f3 un convenio con el presidente de la UNLP, recorri\u00f3 la Biblioteca<\/p>\n","protected":false},"author":3,"featured_media":10468,"comment_status":"open","ping_status":"open","sticky":false,"template":"","format":"standard","meta":{"colormag_page_container_layout":"default_layout","colormag_page_sidebar_layout":"default_layout","footnotes":""},"categories":[12,1,14],"tags":[],"class_list":["post-10474","post","type-post","status-publish","format-standard","has-post-thumbnail","hentry","category-8va-seccion","category-destacadas","category-politica"],"yoast_head":"<!-- This site is optimized with the Yoast SEO plugin v28.3 - https:\/\/yoast.com\/product\/yoast-seo-wordpress\/ -->\n<title>Mariel Fern\u00e1ndez visit\u00f3 La Plata con actividades institucionales y pol\u00edticas - InfoPBA247<\/title>\n<meta name=\"robots\" content=\"index, follow, max-snippet:-1, max-image-preview:large, max-video-preview:-1\" \/>\n<link rel=\"canonical\" href=\"https:\/\/infopba247.com.ar\/index.php\/2026\/09\/01\/mariel-fernandez-visito-la-plata-con-actividades-institucionales-y-politicas\/\" \/>\n<meta property=\"og:locale\" content=\"es_ES\" \/>\n<meta property=\"og:type\" content=\"article\" \/>\n<meta property=\"og:title\" content=\"Mariel Fern\u00e1ndez visit\u00f3 La Plata con actividades institucionales y pol\u00edticas - InfoPBA247\" \/>\n<meta property=\"og:description\" content=\"La intendenta de Moreno se reuni\u00f3 con Alak, firm\u00f3 un convenio con el presidente de la UNLP, recorri\u00f3 la Biblioteca\" \/>\n<meta property=\"og:url\" content=\"https:\/\/infopba247.com.ar\/index.php\/2026\/09\/01\/mariel-fernandez-visito-la-plata-con-actividades-institucionales-y-politicas\/\" \/>\n<meta property=\"og:site_name\" content=\"InfoPBA247\" \/>\n<meta property=\"article:publisher\" content=\"https:\/\/www.facebook.com\/InfoPBA\" \/>\n<meta property=\"article:published_time\" content=\"2026-09-01T18:44:03+00:00\" \/>\n<meta property=\"article:modified_time\" content=\"2026-09-01T18:44:04+00:00\" \/>\n<meta property=\"og:image\" content=\"https:\/\/infopba247.com.ar\/wp-content\/uploads\/2026\/09\/Mariel-Fernandez-y-Julio-Alak-scaled.jpg\" \/>\n\t<meta property=\"og:image:width\" content=\"2560\" \/>\n\t<meta property=\"og:image:height\" content=\"1707\" \/>\n\t<meta property=\"og:image:type\" content=\"image\/jpeg\" \/>\n<meta name=\"author\" content=\"Editor\" \/>\n<meta name=\"twitter:card\" content=\"summary_large_image\" \/>\n<meta name=\"twitter:label1\" content=\"Escrito por\" \/>\n\t<meta name=\"twitter:data1\" content=\"Editor\" \/>\n\t<meta name=\"twitter:label2\" content=\"Tiempo de lectura\" \/>\n\t<meta name=\"twitter:data2\" content=\"4 minutos\" \/>\n<script type=\"application\/ld+json\" class=\"yoast-schema-graph\">{\"@context\":\"https:\\\/\\\/schema.org\",\"@graph\":[{\"@type\":\"Article\",\"@id\":\"https:\\\/\\\/infopba247.com.ar\\\/index.php\\\/2026\\\/09\\\/01\\\/mariel-fernandez-visito-la-plata-con-actividades-institucionales-y-politicas\\\/#article\",\"isPartOf\":{\"@id\":\"https:\\\/\\\/infopba247.com.ar\\\/index.php\\\/2026\\\/09\\\/01\\\/mariel-fernandez-visito-la-plata-con-actividades-institucionales-y-politicas\\\/\"},\"author\":{\"name\":\"Editor\",\"@id\":\"https:\\\/\\\/infopba247.com.ar\\\/#\\\/schema\\\/person\\\/4975f1343a413e57bf839b3eed0099f2\"},\"headline\":\"Mariel Fern\u00e1ndez visit\u00f3 La Plata con actividades institucionales y pol\u00edticas\",\"datePublished\":\"2026-09-01T18:44:03+00:00\",\"dateModified\":\"2026-09-01T18:44:04+00:00\",\"mainEntityOfPage\":{\"@id\":\"https:\\\/\\\/infopba247.com.ar\\\/index.php\\\/2026\\\/09\\\/01\\\/mariel-fernandez-visito-la-plata-con-actividades-institucionales-y-politicas\\\/\"},\"wordCount\":661,\"commentCount\":0,\"publisher\":{\"@id\":\"https:\\\/\\\/infopba247.com.ar\\\/#organization\"},\"image\":{\"@id\":\"https:\\\/\\\/infopba247.com.ar\\\/index.php\\\/2026\\\/09\\\/01\\\/mariel-fernandez-visito-la-plata-con-actividades-institucionales-y-politicas\\\/#primaryimage\"},\"thumbnailUrl\":\"https:\\\/\\\/infopba247.com.ar\\\/wp-content\\\/uploads\\\/2026\\\/09\\\/Mariel-Fernandez-y-Julio-Alak-scaled.jpg\",\"articleSection\":[\"8va Secci\u00f3n\",\"Destacadas\",\"Pol\u00edtica\"],\"inLanguage\":\"es\",\"potentialAction\":[{\"@type\":\"CommentAction\",\"name\":\"Comment\",\"target\":[\"https:\\\/\\\/infopba247.com.ar\\\/index.php\\\/2026\\\/09\\\/01\\\/mariel-fernandez-visito-la-plata-con-actividades-institucionales-y-politicas\\\/#respond\"]}]},{\"@type\":\"WebPage\",\"@id\":\"https:\\\/\\\/infopba247.com.ar\\\/index.php\\\/2026\\\/09\\\/01\\\/mariel-fernandez-visito-la-plata-con-actividades-institucionales-y-politicas\\\/\",\"url\":\"https:\\\/\\\/infopba247.com.ar\\\/index.php\\\/2026\\\/09\\\/01\\\/mariel-fernandez-visito-la-plata-con-actividades-institucionales-y-politicas\\\/\",\"name\":\"Mariel Fern\u00e1ndez visit\u00f3 La Plata con actividades institucionales y pol\u00edticas - InfoPBA247\",\"isPartOf\":{\"@id\":\"https:\\\/\\\/infopba247.com.ar\\\/#website\"},\"primaryImageOfPage\":{\"@id\":\"https:\\\/\\\/infopba247.com.ar\\\/index.php\\\/2026\\\/09\\\/01\\\/mariel-fernandez-visito-la-plata-con-actividades-institucionales-y-politicas\\\/#primaryimage\"},\"image\":{\"@id\":\"https:\\\/\\\/infopba247.com.ar\\\/index.php\\\/2026\\\/09\\\/01\\\/mariel-fernandez-visito-la-plata-con-actividades-institucionales-y-politicas\\\/#primaryimage\"},\"thumbnailUrl\":\"https:\\\/\\\/infopba247.com.ar\\\/wp-content\\\/uploads\\\/2026\\\/09\\\/Mariel-Fernandez-y-Julio-Alak-scaled.jpg\",\"datePublished\":\"2026-09-01T18:44:03+00:00\",\"dateModified\":\"2026-09-01T18:44:04+00:00\",\"breadcrumb\":{\"@id\":\"https:\\\/\\\/infopba247.com.ar\\\/index.php\\\/2026\\\/09\\\/01\\\/mariel-fernandez-visito-la-plata-con-actividades-institucionales-y-politicas\\\/#breadcrumb\"},\"inLanguage\":\"es\",\"potentialAction\":[{\"@type\":\"ReadAction\",\"target\":[\"https:\\\/\\\/infopba247.com.ar\\\/index.php\\\/2026\\\/09\\\/01\\\/mariel-fernandez-visito-la-plata-con-actividades-institucionales-y-politicas\\\/\"]}]},{\"@type\":\"ImageObject\",\"inLanguage\":\"es\",\"@id\":\"https:\\\/\\\/infopba247.com.ar\\\/index.php\\\/2026\\\/09\\\/01\\\/mariel-fernandez-visito-la-plata-con-actividades-institucionales-y-politicas\\\/#primaryimage\",\"url\":\"https:\\\/\\\/infopba247.com.ar\\\/wp-content\\\/uploads\\\/2026\\\/09\\\/Mariel-Fernandez-y-Julio-Alak-scaled.jpg\",\"contentUrl\":\"https:\\\/\\\/infopba247.com.ar\\\/wp-content\\\/uploads\\\/2026\\\/09\\\/Mariel-Fernandez-y-Julio-Alak-scaled.jpg\",\"width\":2560,\"height\":1707},{\"@type\":\"BreadcrumbList\",\"@id\":\"https:\\\/\\\/infopba247.com.ar\\\/index.php\\\/2026\\\/09\\\/01\\\/mariel-fernandez-visito-la-plata-con-actividades-institucionales-y-politicas\\\/#breadcrumb\",\"itemListElement\":[{\"@type\":\"ListItem\",\"position\":1,\"name\":\"Portada\",\"item\":\"https:\\\/\\\/infopba247.com.ar\\\/\"},{\"@type\":\"ListItem\",\"position\":2,\"name\":\"Mariel Fern\u00e1ndez visit\u00f3 La Plata con actividades institucionales y pol\u00edticas\"}]},{\"@type\":\"WebSite\",\"@id\":\"https:\\\/\\\/infopba247.com.ar\\\/#website\",\"url\":\"https:\\\/\\\/infopba247.com.ar\\\/\",\"name\":\"InfoPBA247\",\"description\":\"Toda la actualidad bonaerense\",\"publisher\":{\"@id\":\"https:\\\/\\\/infopba247.com.ar\\\/#organization\"},\"potentialAction\":[{\"@type\":\"SearchAction\",\"target\":{\"@type\":\"EntryPoint\",\"urlTemplate\":\"https:\\\/\\\/infopba247.com.ar\\\/?s={search_term_string}\"},\"query-input\":{\"@type\":\"PropertyValueSpecification\",\"valueRequired\":true,\"valueName\":\"search_term_string\"}}],\"inLanguage\":\"es\"},{\"@type\":\"Organization\",\"@id\":\"https:\\\/\\\/infopba247.com.ar\\\/#organization\",\"name\":\"InfoPBA247\",\"url\":\"https:\\\/\\\/infopba247.com.ar\\\/\",\"logo\":{\"@type\":\"ImageObject\",\"inLanguage\":\"es\",\"@id\":\"https:\\\/\\\/infopba247.com.ar\\\/#\\\/schema\\\/logo\\\/image\\\/\",\"url\":\"https:\\\/\\\/infopba247.com.ar\\\/wp-content\\\/uploads\\\/2022\\\/03\\\/cropped-InfoPBA247-1.png\",\"contentUrl\":\"https:\\\/\\\/infopba247.com.ar\\\/wp-content\\\/uploads\\\/2022\\\/03\\\/cropped-InfoPBA247-1.png\",\"width\":500,\"height\":122,\"caption\":\"InfoPBA247\"},\"image\":{\"@id\":\"https:\\\/\\\/infopba247.com.ar\\\/#\\\/schema\\\/logo\\\/image\\\/\"},\"sameAs\":[\"https:\\\/\\\/www.facebook.com\\\/InfoPBA\"]},{\"@type\":\"Person\",\"@id\":\"https:\\\/\\\/infopba247.com.ar\\\/#\\\/schema\\\/person\\\/4975f1343a413e57bf839b3eed0099f2\",\"name\":\"Editor\",\"image\":{\"@type\":\"ImageObject\",\"inLanguage\":\"es\",\"@id\":\"https:\\\/\\\/secure.gravatar.com\\\/avatar\\\/d27fe9520667ca53441d36627a1d6b0fa4a813571ec4803687a7a3a7744685ac?s=96&d=mm&r=g\",\"url\":\"https:\\\/\\\/secure.gravatar.com\\\/avatar\\\/d27fe9520667ca53441d36627a1d6b0fa4a813571ec4803687a7a3a7744685ac?s=96&d=mm&r=g\",\"contentUrl\":\"https:\\\/\\\/secure.gravatar.com\\\/avatar\\\/d27fe9520667ca53441d36627a1d6b0fa4a813571ec4803687a7a3a7744685ac?s=96&d=mm&r=g\",\"caption\":\"Editor\"},\"url\":\"https:\\\/\\\/infopba247.com.ar\\\/index.php\\\/author\\\/editor\\\/\"}]}<\/script>\n<!-- \/ Yoast SEO plugin. -->","yoast_head_json":{"title":"Mariel Fern\u00e1ndez visit\u00f3 La Plata con actividades institucionales y pol\u00edticas - InfoPBA247","robots":{"index":"index","follow":"follow","max-snippet":"max-snippet:-1","max-image-preview":"max-image-preview:large","max-video-preview":"max-video-preview:-1"},"canonical":"https:\/\/infopba247.com.ar\/index.php\/2026\/09\/01\/mariel-fernandez-visito-la-plata-con-actividades-institucionales-y-politicas\/","og_locale":"es_ES","og_type":"article","og_title":"Mariel Fern\u00e1ndez visit\u00f3 La Plata con actividades institucionales y pol\u00edticas - InfoPBA247","og_description":"La intendenta de Moreno se reuni\u00f3 con Alak, firm\u00f3 un convenio con el presidente de la UNLP, recorri\u00f3 la Biblioteca","og_url":"https:\/\/infopba247.com.ar\/index.php\/2026\/09\/01\/mariel-fernandez-visito-la-plata-con-actividades-institucionales-y-politicas\/","og_site_name":"InfoPBA247","article_publisher":"https:\/\/www.facebook.com\/InfoPBA","article_published_time":"2026-09-01T18:44:03+00:00","article_modified_time":"2026-09-01T18:44:04+00:00","og_image":[{"width":2560,"height":1707,"url":"https:\/\/infopba247.com.ar\/wp-content\/uploads\/2026\/09\/Mariel-Fernandez-y-Julio-Alak-scaled.jpg","type":"image\/jpeg"}],"author":"Editor","twitter_card":"summary_large_image","twitter_misc":{"Escrito por":"Editor","Tiempo de lectura":"4 minutos"},"schema":{"@context":"https:\/\/schema.org","@graph":[{"@type":"Article","@id":"https:\/\/infopba247.com.ar\/index.php\/2026\/09\/01\/mariel-fernandez-visito-la-plata-con-actividades-institucionales-y-politicas\/#article","isPartOf":{"@id":"https:\/\/infopba247.com.ar\/index.php\/2026\/09\/01\/mariel-fernandez-visito-la-plata-con-actividades-institucionales-y-politicas\/"},"author":{"name":"Editor","@id":"https:\/\/infopba247.com.ar\/#\/schema\/person\/4975f1343a413e57bf839b3eed0099f2"},"headline":"Mariel Fern\u00e1ndez visit\u00f3 La Plata con actividades institucionales y pol\u00edticas","datePublished":"2026-09-01T18:44:03+00:00","dateModified":"2026-09-01T18:44:04+00:00","mainEntityOfPage":{"@id":"https:\/\/infopba247.com.ar\/index.php\/2026\/09\/01\/mariel-fernandez-visito-la-plata-con-actividades-institucionales-y-politicas\/"},"wordCount":661,"commentCount":0,"publisher":{"@id":"https:\/\/infopba247.com.ar\/#organization"},"image":{"@id":"https:\/\/infopba247.com.ar\/index.php\/2026\/09\/01\/mariel-fernandez-visito-la-plata-con-actividades-institucionales-y-politicas\/#primaryimage"},"thumbnailUrl":"https:\/\/infopba247.com.ar\/wp-content\/uploads\/2026\/09\/Mariel-Fernandez-y-Julio-Alak-scaled.jpg","articleSection":["8va Secci\u00f3n","Destacadas","Pol\u00edtica"],"inLanguage":"es","potentialAction":[{"@type":"CommentAction","name":"Comment","target":["https:\/\/infopba247.com.ar\/index.php\/2026\/09\/01\/mariel-fernandez-visito-la-plata-con-actividades-institucionales-y-politicas\/#respond"]}]},{"@type":"WebPage","@id":"https:\/\/infopba247.com.ar\/index.php\/2026\/09\/01\/mariel-fernandez-visito-la-plata-con-actividades-institucionales-y-politicas\/","url":"https:\/\/infopba247.com.ar\/index.php\/2026\/09\/01\/mariel-fernandez-visito-la-plata-con-actividades-institucionales-y-politicas\/","name":"Mariel Fern\u00e1ndez visit\u00f3 La Plata con actividades institucionales y pol\u00edticas - InfoPBA247","isPartOf":{"@id":"https:\/\/infopba247.com.ar\/#website"},"primaryImageOfPage":{"@id":"https:\/\/infopba247.com.ar\/index.php\/2026\/09\/01\/mariel-fernandez-visito-la-plata-con-actividades-institucionales-y-politicas\/#primaryimage"},"image":{"@id":"https:\/\/infopba247.com.ar\/index.php\/2026\/09\/01\/mariel-fernandez-visito-la-plata-con-actividades-institucionales-y-politicas\/#primaryimage"},"thumbnailUrl":"https:\/\/infopba247.com.ar\/wp-content\/uploads\/2026\/09\/Mariel-Fernandez-y-Julio-Alak-scaled.jpg","datePublished":"2026-09-01T18:44:03+00:00","dateModified":"2026-09-01T18:44:04+00:00","breadcrumb":{"@id":"https:\/\/infopba247.com.ar\/index.php\/2026\/09\/01\/mariel-fernandez-visito-la-plata-con-actividades-institucionales-y-politicas\/#breadcrumb"},"inLanguage":"es","potentialAction":[{"@type":"ReadAction","target":["https:\/\/infopba247.com.ar\/index.php\/2026\/09\/01\/mariel-fernandez-visito-la-plata-con-actividades-institucionales-y-politicas\/"]}]},{"@type":"ImageObject","inLanguage":"es","@id":"https:\/\/infopba247.com.ar\/index.php\/2026\/09\/01\/mariel-fernandez-visito-la-plata-con-actividades-institucionales-y-politicas\/#primaryimage","url":"https:\/\/infopba247.com.ar\/wp-content\/uploads\/2026\/09\/Mariel-Fernandez-y-Julio-Alak-scaled.jpg","contentUrl":"https:\/\/infopba247.com.ar\/wp-content\/uploads\/2026\/09\/Mariel-Fernandez-y-Julio-Alak-scaled.jpg","width":2560,"height":1707},{"@type":"BreadcrumbList","@id":"https:\/\/infopba247.com.ar\/index.php\/2026\/09\/01\/mariel-fernandez-visito-la-plata-con-actividades-institucionales-y-politicas\/#breadcrumb","itemListElement":[{"@type":"ListItem","position":1,"name":"Portada","item":"https:\/\/infopba247.com.ar\/"},{"@type":"ListItem","position":2,"name":"Mariel Fern\u00e1ndez visit\u00f3 La Plata con actividades institucionales y pol\u00edticas"}]},{"@type":"WebSite","@id":"https:\/\/infopba247.com.ar\/#website","url":"https:\/\/infopba247.com.ar\/","name":"InfoPBA247","description":"Toda la actualidad bonaerense","publisher":{"@id":"https:\/\/infopba247.com.ar\/#organization"},"potentialAction":[{"@type":"SearchAction","target":{"@type":"EntryPoint","urlTemplate":"https:\/\/infopba247.com.ar\/?s={search_term_string}"},"query-input":{"@type":"PropertyValueSpecification","valueRequired":true,"valueName":"search_term_string"}}],"inLanguage":"es"},{"@type":"Organization","@id":"https:\/\/infopba247.com.ar\/#organization","name":"InfoPBA247","url":"https:\/\/infopba247.com.ar\/","logo":{"@type":"ImageObject","inLanguage":"es","@id":"https:\/\/infopba247.com.ar\/#\/schema\/logo\/image\/","url":"https:\/\/infopba247.com.ar\/wp-content\/uploads\/2022\/03\/cropped-InfoPBA247-1.png","contentUrl":"https:\/\/infopba247.com.ar\/wp-content\/uploads\/2022\/03\/cropped-InfoPBA247-1.png","width":500,"height":122,"caption":"InfoPBA247"},"image":{"@id":"https:\/\/infopba247.com.ar\/#\/schema\/logo\/image\/"},"sameAs":["https:\/\/www.facebook.com\/InfoPBA"]},{"@type":"Person","@id":"https:\/\/infopba247.com.ar\/#\/schema\/person\/4975f1343a413e57bf839b3eed0099f2","name":"Editor","image":{"@type":"ImageObject","inLanguage":"es","@id":"https:\/\/secure.gravatar.com\/avatar\/d27fe9520667ca53441d36627a1d6b0fa4a813571ec4803687a7a3a7744685ac?s=96&d=mm&r=g","url":"https:\/\/secure.gravatar.com\/avatar\/d27fe9520667ca53441d36627a1d6b0fa4a813571ec4803687a7a3a7744685ac?s=96&d=mm&r=g","contentUrl":"https:\/\/secure.gravatar.com\/avatar\/d27fe9520667ca53441d36627a1d6b0fa4a813571ec4803687a7a3a7744685ac?s=96&d=mm&r=g","caption":"Editor"},"url":"https:\/\/infopba247.com.ar\/index.php\/author\/editor\/"}]}},"_links":{"self":[{"href":"https:\/\/infopba247.com.ar\/index.php\/wp-json\/wp\/v2\/posts\/10474","targetHints":{"allow":["GET"]}}],"collection":[{"href":"https:\/\/infopba247.com.ar\/index.php\/wp-json\/wp\/v2\/posts"}],"about":[{"href":"https:\/\/infopba247.com.ar\/index.php\/wp-json\/wp\/v2\/types\/post"}],"author":[{"embeddable":true,"href":"https:\/\/infopba247.com.ar\/index.php\/wp-json\/wp\/v2\/users\/3"}],"replies":[{"embeddable":true,"href":"https:\/\/infopba247.com.ar\/index.php\/wp-json\/wp\/v2\/comments?post=10474"}],"version-history":[{"count":1,"href":"https:\/\/infopba247.com.ar\/index.php\/wp-json\/wp\/v2\/posts\/10474\/revisions"}],"predecessor-version":[{"id":10475,"href":"https:\/\/infopba247.com.ar\/index.php\/wp-json\/wp\/v2\/posts\/10474\/revisions\/10475"}],"wp:featuredmedia":[{"embeddable":true,"href":"https:\/\/infopba247.com.ar\/index.php\/wp-json\/wp\/v2\/media\/10468"}],"wp:attachment":[{"href":"https:\/\/infopba247.com.ar\/index.php\/wp-json\/wp\/v2\/media?parent=10474"}],"wp:term":[{"taxonomy":"category","embeddable":true,"href":"https:\/\/infopba247.com.ar\/index.php\/wp-json\/wp\/v2\/categories?post=10474"},{"taxonomy":"post_tag","embeddable":true,"href":"https:\/\/infopba247.com.ar\/index.php\/wp-json\/wp\/v2\/tags?post=10474"}],"curies":[{"name":"wp","href":"https:\/\/api.w.org\/{rel}","templated":true}]}}