{"id":10451,"date":"2026-08-31T14:58:48","date_gmt":"2026-08-31T17:58:48","guid":{"rendered":"https:\/\/infopba247.com.ar\/?p=10451"},"modified":"2026-08-31T14:58:49","modified_gmt":"2026-08-31T17:58:49","slug":"la-provincia-avanza-con-la-regularizacion-para-146-familias-de-chivilcoy","status":"publish","type":"post","link":"https:\/\/infopba247.com.ar\/index.php\/2026\/08\/31\/la-provincia-avanza-con-la-regularizacion-para-146-familias-de-chivilcoy\/","title":{"rendered":"La Provincia avanza con la regularizaci\u00f3n para 146 familias de Chivilcoy"},"content":{"rendered":"\n<p class=\"wp-block-paragraph\">El Ministerio de Desarrollo de la Comunidad, a trav\u00e9s de la Subsecretar\u00eda de H\u00e1bitat, realiz\u00f3 un censo ocupacional en cuatro barrios para facilitar el acceso a la escritura de sus hogares.<\/p>\n\n\n\n<p class=\"wp-block-paragraph\">En el marco del Plan Familia Propietaria, el Ministerio de Desarrollo de la Comunidad de la provincia de Buenos Aires, llev\u00f3 adelante un operativo territorial en Chivilcoy destinado a avanzar en la regularizaci\u00f3n dominial y garantizar el acceso a la escritura a 146 familias que habitan en los barrio Gris, Bordo, Las Acacias y Los Fresnos.<\/p>\n\n\n\n<p class=\"wp-block-paragraph\">El relevamiento es una tarea fundamental para la recopilaci\u00f3n y actualizaci\u00f3n de la informaci\u00f3n necesaria para la confecci\u00f3n de los boletos de compraventa correspondientes a los terrenos. Una vez finalizada esa etapa, las familias, en conjunto con la Subsecretar\u00eda de H\u00e1bitat, pueden avanzar con los tr\u00e1mites para la escrituraci\u00f3n definitiva.<\/p>\n\n\n\n<p class=\"wp-block-paragraph\">El Plan Familia Propietaria es una herramienta de generaci\u00f3n de suelo urbano que ejecuta el Gobierno bonaerense a trav\u00e9s de la cartera que encabeza Andr\u00e9s Larroque, y que asegura el acceso a un lote para la construcci\u00f3n de una vivienda familiar, \u00fanica y de ocupaci\u00f3n permanente.<\/p>\n\n\n\n<p class=\"wp-block-paragraph\">Reuni\u00f3n de trabajo por tr\u00e1mites escriturarios<\/p>\n\n\n\n<p class=\"wp-block-paragraph\">En este marco, la directora de Seguimiento de Producci\u00f3n de H\u00e1bitat, Agustina Mariano, mantuvo una reuni\u00f3n de trabajo con el coordinador regional del Ministerio de Desarrollo de la Comunidad, Gabriel Deiure y el director de Personer\u00eda Jur\u00eddica y Casa de Tierras, Dar\u00edo Frediani, con el objetivo de realizar una revisi\u00f3n integral del estado de situaci\u00f3n de cada uno de los barrios en los que se interviene.<\/p>\n\n\n\n<p class=\"wp-block-paragraph\">Durante el encuentro se profundiz\u00f3 en los distintos aspectos escriturarios vinculados a los lotes correspondientes al Plan Familia Propietaria, con el fin de coordinar los pr\u00f3ximos pasos administrativos que permitir\u00e1n avanzar hacia la titularizaci\u00f3n de los inmuebles relevados.<\/p>\n\n\n\n<p class=\"wp-block-paragraph\">Este trabajo conjunto busca dar continuidad y agilizar cada una de las gestiones pendientes, acompa\u00f1ando a las familias hasta alcanzar la seguridad jur\u00eddica sobre sus hogares.<\/p>\n","protected":false},"excerpt":{"rendered":"<p>El Ministerio de Desarrollo de la Comunidad, a trav\u00e9s de la Subsecretar\u00eda de H\u00e1bitat, realiz\u00f3 un censo ocupacional en cuatro<\/p>\n","protected":false},"author":3,"featured_media":10456,"comment_status":"open","ping_status":"open","sticky":false,"template":"","format":"standard","meta":{"colormag_page_container_layout":"default_layout","colormag_page_sidebar_layout":"default_layout","footnotes":""},"categories":[8,1,14],"tags":[],"class_list":["post-10451","post","type-post","status-publish","format-standard","has-post-thumbnail","hentry","category-4ta-seccion","category-destacadas","category-politica"],"yoast_head":"<!-- This site is optimized with the Yoast SEO plugin v28.3 - https:\/\/yoast.com\/product\/yoast-seo-wordpress\/ -->\n<title>La Provincia avanza con la regularizaci\u00f3n para 146 familias de Chivilcoy - InfoPBA247<\/title>\n<meta name=\"robots\" content=\"index, follow, max-snippet:-1, max-image-preview:large, max-video-preview:-1\" \/>\n<link rel=\"canonical\" href=\"https:\/\/infopba247.com.ar\/index.php\/2026\/08\/31\/la-provincia-avanza-con-la-regularizacion-para-146-familias-de-chivilcoy\/\" \/>\n<meta property=\"og:locale\" content=\"es_ES\" \/>\n<meta property=\"og:type\" content=\"article\" \/>\n<meta property=\"og:title\" content=\"La Provincia avanza con la regularizaci\u00f3n para 146 familias de Chivilcoy - InfoPBA247\" \/>\n<meta property=\"og:description\" content=\"El Ministerio de Desarrollo de la Comunidad, a trav\u00e9s de la Subsecretar\u00eda de H\u00e1bitat, realiz\u00f3 un censo ocupacional en cuatro\" \/>\n<meta property=\"og:url\" content=\"https:\/\/infopba247.com.ar\/index.php\/2026\/08\/31\/la-provincia-avanza-con-la-regularizacion-para-146-familias-de-chivilcoy\/\" \/>\n<meta property=\"og:site_name\" content=\"InfoPBA247\" \/>\n<meta property=\"article:publisher\" content=\"https:\/\/www.facebook.com\/InfoPBA\" \/>\n<meta property=\"article:published_time\" content=\"2026-08-31T17:58:48+00:00\" \/>\n<meta property=\"article:modified_time\" content=\"2026-08-31T17:58:49+00:00\" \/>\n<meta property=\"og:image\" content=\"https:\/\/infopba247.com.ar\/wp-content\/uploads\/2026\/08\/unnamed-2026-08-31T144317.234.jpg\" \/>\n\t<meta property=\"og:image:width\" content=\"1600\" \/>\n\t<meta property=\"og:image:height\" content=\"1066\" \/>\n\t<meta property=\"og:image:type\" content=\"image\/jpeg\" \/>\n<meta name=\"author\" content=\"Editor\" \/>\n<meta name=\"twitter:card\" content=\"summary_large_image\" \/>\n<meta name=\"twitter:label1\" content=\"Escrito por\" \/>\n\t<meta name=\"twitter:data1\" content=\"Editor\" \/>\n\t<meta name=\"twitter:label2\" content=\"Tiempo de lectura\" \/>\n\t<meta name=\"twitter:data2\" content=\"2 minutos\" \/>\n<script type=\"application\/ld+json\" class=\"yoast-schema-graph\">{\"@context\":\"https:\\\/\\\/schema.org\",\"@graph\":[{\"@type\":\"Article\",\"@id\":\"https:\\\/\\\/infopba247.com.ar\\\/index.php\\\/2026\\\/08\\\/31\\\/la-provincia-avanza-con-la-regularizacion-para-146-familias-de-chivilcoy\\\/#article\",\"isPartOf\":{\"@id\":\"https:\\\/\\\/infopba247.com.ar\\\/index.php\\\/2026\\\/08\\\/31\\\/la-provincia-avanza-con-la-regularizacion-para-146-familias-de-chivilcoy\\\/\"},\"author\":{\"name\":\"Editor\",\"@id\":\"https:\\\/\\\/infopba247.com.ar\\\/#\\\/schema\\\/person\\\/4975f1343a413e57bf839b3eed0099f2\"},\"headline\":\"La Provincia avanza con la regularizaci\u00f3n para 146 familias de Chivilcoy\",\"datePublished\":\"2026-08-31T17:58:48+00:00\",\"dateModified\":\"2026-08-31T17:58:49+00:00\",\"mainEntityOfPage\":{\"@id\":\"https:\\\/\\\/infopba247.com.ar\\\/index.php\\\/2026\\\/08\\\/31\\\/la-provincia-avanza-con-la-regularizacion-para-146-familias-de-chivilcoy\\\/\"},\"wordCount\":361,\"commentCount\":0,\"publisher\":{\"@id\":\"https:\\\/\\\/infopba247.com.ar\\\/#organization\"},\"image\":{\"@id\":\"https:\\\/\\\/infopba247.com.ar\\\/index.php\\\/2026\\\/08\\\/31\\\/la-provincia-avanza-con-la-regularizacion-para-146-familias-de-chivilcoy\\\/#primaryimage\"},\"thumbnailUrl\":\"https:\\\/\\\/infopba247.com.ar\\\/wp-content\\\/uploads\\\/2026\\\/08\\\/unnamed-2026-08-31T144317.234.jpg\",\"articleSection\":[\"4ta Secci\u00f3n\",\"Destacadas\",\"Pol\u00edtica\"],\"inLanguage\":\"es\",\"potentialAction\":[{\"@type\":\"CommentAction\",\"name\":\"Comment\",\"target\":[\"https:\\\/\\\/infopba247.com.ar\\\/index.php\\\/2026\\\/08\\\/31\\\/la-provincia-avanza-con-la-regularizacion-para-146-familias-de-chivilcoy\\\/#respond\"]}]},{\"@type\":\"WebPage\",\"@id\":\"https:\\\/\\\/infopba247.com.ar\\\/index.php\\\/2026\\\/08\\\/31\\\/la-provincia-avanza-con-la-regularizacion-para-146-familias-de-chivilcoy\\\/\",\"url\":\"https:\\\/\\\/infopba247.com.ar\\\/index.php\\\/2026\\\/08\\\/31\\\/la-provincia-avanza-con-la-regularizacion-para-146-familias-de-chivilcoy\\\/\",\"name\":\"La Provincia avanza con la regularizaci\u00f3n para 146 familias de Chivilcoy - InfoPBA247\",\"isPartOf\":{\"@id\":\"https:\\\/\\\/infopba247.com.ar\\\/#website\"},\"primaryImageOfPage\":{\"@id\":\"https:\\\/\\\/infopba247.com.ar\\\/index.php\\\/2026\\\/08\\\/31\\\/la-provincia-avanza-con-la-regularizacion-para-146-familias-de-chivilcoy\\\/#primaryimage\"},\"image\":{\"@id\":\"https:\\\/\\\/infopba247.com.ar\\\/index.php\\\/2026\\\/08\\\/31\\\/la-provincia-avanza-con-la-regularizacion-para-146-familias-de-chivilcoy\\\/#primaryimage\"},\"thumbnailUrl\":\"https:\\\/\\\/infopba247.com.ar\\\/wp-content\\\/uploads\\\/2026\\\/08\\\/unnamed-2026-08-31T144317.234.jpg\",\"datePublished\":\"2026-08-31T17:58:48+00:00\",\"dateModified\":\"2026-08-31T17:58:49+00:00\",\"breadcrumb\":{\"@id\":\"https:\\\/\\\/infopba247.com.ar\\\/index.php\\\/2026\\\/08\\\/31\\\/la-provincia-avanza-con-la-regularizacion-para-146-familias-de-chivilcoy\\\/#breadcrumb\"},\"inLanguage\":\"es\",\"potentialAction\":[{\"@type\":\"ReadAction\",\"target\":[\"https:\\\/\\\/infopba247.com.ar\\\/index.php\\\/2026\\\/08\\\/31\\\/la-provincia-avanza-con-la-regularizacion-para-146-familias-de-chivilcoy\\\/\"]}]},{\"@type\":\"ImageObject\",\"inLanguage\":\"es\",\"@id\":\"https:\\\/\\\/infopba247.com.ar\\\/index.php\\\/2026\\\/08\\\/31\\\/la-provincia-avanza-con-la-regularizacion-para-146-familias-de-chivilcoy\\\/#primaryimage\",\"url\":\"https:\\\/\\\/infopba247.com.ar\\\/wp-content\\\/uploads\\\/2026\\\/08\\\/unnamed-2026-08-31T144317.234.jpg\",\"contentUrl\":\"https:\\\/\\\/infopba247.com.ar\\\/wp-content\\\/uploads\\\/2026\\\/08\\\/unnamed-2026-08-31T144317.234.jpg\",\"width\":1600,\"height\":1066},{\"@type\":\"BreadcrumbList\",\"@id\":\"https:\\\/\\\/infopba247.com.ar\\\/index.php\\\/2026\\\/08\\\/31\\\/la-provincia-avanza-con-la-regularizacion-para-146-familias-de-chivilcoy\\\/#breadcrumb\",\"itemListElement\":[{\"@type\":\"ListItem\",\"position\":1,\"name\":\"Portada\",\"item\":\"https:\\\/\\\/infopba247.com.ar\\\/\"},{\"@type\":\"ListItem\",\"position\":2,\"name\":\"La Provincia avanza con la regularizaci\u00f3n para 146 familias de Chivilcoy\"}]},{\"@type\":\"WebSite\",\"@id\":\"https:\\\/\\\/infopba247.com.ar\\\/#website\",\"url\":\"https:\\\/\\\/infopba247.com.ar\\\/\",\"name\":\"InfoPBA247\",\"description\":\"Toda la actualidad bonaerense\",\"publisher\":{\"@id\":\"https:\\\/\\\/infopba247.com.ar\\\/#organization\"},\"potentialAction\":[{\"@type\":\"SearchAction\",\"target\":{\"@type\":\"EntryPoint\",\"urlTemplate\":\"https:\\\/\\\/infopba247.com.ar\\\/?s={search_term_string}\"},\"query-input\":{\"@type\":\"PropertyValueSpecification\",\"valueRequired\":true,\"valueName\":\"search_term_string\"}}],\"inLanguage\":\"es\"},{\"@type\":\"Organization\",\"@id\":\"https:\\\/\\\/infopba247.com.ar\\\/#organization\",\"name\":\"InfoPBA247\",\"url\":\"https:\\\/\\\/infopba247.com.ar\\\/\",\"logo\":{\"@type\":\"ImageObject\",\"inLanguage\":\"es\",\"@id\":\"https:\\\/\\\/infopba247.com.ar\\\/#\\\/schema\\\/logo\\\/image\\\/\",\"url\":\"https:\\\/\\\/infopba247.com.ar\\\/wp-content\\\/uploads\\\/2022\\\/03\\\/cropped-InfoPBA247-1.png\",\"contentUrl\":\"https:\\\/\\\/infopba247.com.ar\\\/wp-content\\\/uploads\\\/2022\\\/03\\\/cropped-InfoPBA247-1.png\",\"width\":500,\"height\":122,\"caption\":\"InfoPBA247\"},\"image\":{\"@id\":\"https:\\\/\\\/infopba247.com.ar\\\/#\\\/schema\\\/logo\\\/image\\\/\"},\"sameAs\":[\"https:\\\/\\\/www.facebook.com\\\/InfoPBA\"]},{\"@type\":\"Person\",\"@id\":\"https:\\\/\\\/infopba247.com.ar\\\/#\\\/schema\\\/person\\\/4975f1343a413e57bf839b3eed0099f2\",\"name\":\"Editor\",\"image\":{\"@type\":\"ImageObject\",\"inLanguage\":\"es\",\"@id\":\"https:\\\/\\\/secure.gravatar.com\\\/avatar\\\/d27fe9520667ca53441d36627a1d6b0fa4a813571ec4803687a7a3a7744685ac?s=96&d=mm&r=g\",\"url\":\"https:\\\/\\\/secure.gravatar.com\\\/avatar\\\/d27fe9520667ca53441d36627a1d6b0fa4a813571ec4803687a7a3a7744685ac?s=96&d=mm&r=g\",\"contentUrl\":\"https:\\\/\\\/secure.gravatar.com\\\/avatar\\\/d27fe9520667ca53441d36627a1d6b0fa4a813571ec4803687a7a3a7744685ac?s=96&d=mm&r=g\",\"caption\":\"Editor\"},\"url\":\"https:\\\/\\\/infopba247.com.ar\\\/index.php\\\/author\\\/editor\\\/\"}]}<\/script>\n<!-- \/ Yoast SEO plugin. -->","yoast_head_json":{"title":"La Provincia avanza con la regularizaci\u00f3n para 146 familias de Chivilcoy - InfoPBA247","robots":{"index":"index","follow":"follow","max-snippet":"max-snippet:-1","max-image-preview":"max-image-preview:large","max-video-preview":"max-video-preview:-1"},"canonical":"https:\/\/infopba247.com.ar\/index.php\/2026\/08\/31\/la-provincia-avanza-con-la-regularizacion-para-146-familias-de-chivilcoy\/","og_locale":"es_ES","og_type":"article","og_title":"La Provincia avanza con la regularizaci\u00f3n para 146 familias de Chivilcoy - InfoPBA247","og_description":"El Ministerio de Desarrollo de la Comunidad, a trav\u00e9s de la Subsecretar\u00eda de H\u00e1bitat, realiz\u00f3 un censo ocupacional en cuatro","og_url":"https:\/\/infopba247.com.ar\/index.php\/2026\/08\/31\/la-provincia-avanza-con-la-regularizacion-para-146-familias-de-chivilcoy\/","og_site_name":"InfoPBA247","article_publisher":"https:\/\/www.facebook.com\/InfoPBA","article_published_time":"2026-08-31T17:58:48+00:00","article_modified_time":"2026-08-31T17:58:49+00:00","og_image":[{"width":1600,"height":1066,"url":"https:\/\/infopba247.com.ar\/wp-content\/uploads\/2026\/08\/unnamed-2026-08-31T144317.234.jpg","type":"image\/jpeg"}],"author":"Editor","twitter_card":"summary_large_image","twitter_misc":{"Escrito por":"Editor","Tiempo de lectura":"2 minutos"},"schema":{"@context":"https:\/\/schema.org","@graph":[{"@type":"Article","@id":"https:\/\/infopba247.com.ar\/index.php\/2026\/08\/31\/la-provincia-avanza-con-la-regularizacion-para-146-familias-de-chivilcoy\/#article","isPartOf":{"@id":"https:\/\/infopba247.com.ar\/index.php\/2026\/08\/31\/la-provincia-avanza-con-la-regularizacion-para-146-familias-de-chivilcoy\/"},"author":{"name":"Editor","@id":"https:\/\/infopba247.com.ar\/#\/schema\/person\/4975f1343a413e57bf839b3eed0099f2"},"headline":"La Provincia avanza con la regularizaci\u00f3n para 146 familias de Chivilcoy","datePublished":"2026-08-31T17:58:48+00:00","dateModified":"2026-08-31T17:58:49+00:00","mainEntityOfPage":{"@id":"https:\/\/infopba247.com.ar\/index.php\/2026\/08\/31\/la-provincia-avanza-con-la-regularizacion-para-146-familias-de-chivilcoy\/"},"wordCount":361,"commentCount":0,"publisher":{"@id":"https:\/\/infopba247.com.ar\/#organization"},"image":{"@id":"https:\/\/infopba247.com.ar\/index.php\/2026\/08\/31\/la-provincia-avanza-con-la-regularizacion-para-146-familias-de-chivilcoy\/#primaryimage"},"thumbnailUrl":"https:\/\/infopba247.com.ar\/wp-content\/uploads\/2026\/08\/unnamed-2026-08-31T144317.234.jpg","articleSection":["4ta Secci\u00f3n","Destacadas","Pol\u00edtica"],"inLanguage":"es","potentialAction":[{"@type":"CommentAction","name":"Comment","target":["https:\/\/infopba247.com.ar\/index.php\/2026\/08\/31\/la-provincia-avanza-con-la-regularizacion-para-146-familias-de-chivilcoy\/#respond"]}]},{"@type":"WebPage","@id":"https:\/\/infopba247.com.ar\/index.php\/2026\/08\/31\/la-provincia-avanza-con-la-regularizacion-para-146-familias-de-chivilcoy\/","url":"https:\/\/infopba247.com.ar\/index.php\/2026\/08\/31\/la-provincia-avanza-con-la-regularizacion-para-146-familias-de-chivilcoy\/","name":"La Provincia avanza con la regularizaci\u00f3n para 146 familias de Chivilcoy - InfoPBA247","isPartOf":{"@id":"https:\/\/infopba247.com.ar\/#website"},"primaryImageOfPage":{"@id":"https:\/\/infopba247.com.ar\/index.php\/2026\/08\/31\/la-provincia-avanza-con-la-regularizacion-para-146-familias-de-chivilcoy\/#primaryimage"},"image":{"@id":"https:\/\/infopba247.com.ar\/index.php\/2026\/08\/31\/la-provincia-avanza-con-la-regularizacion-para-146-familias-de-chivilcoy\/#primaryimage"},"thumbnailUrl":"https:\/\/infopba247.com.ar\/wp-content\/uploads\/2026\/08\/unnamed-2026-08-31T144317.234.jpg","datePublished":"2026-08-31T17:58:48+00:00","dateModified":"2026-08-31T17:58:49+00:00","breadcrumb":{"@id":"https:\/\/infopba247.com.ar\/index.php\/2026\/08\/31\/la-provincia-avanza-con-la-regularizacion-para-146-familias-de-chivilcoy\/#breadcrumb"},"inLanguage":"es","potentialAction":[{"@type":"ReadAction","target":["https:\/\/infopba247.com.ar\/index.php\/2026\/08\/31\/la-provincia-avanza-con-la-regularizacion-para-146-familias-de-chivilcoy\/"]}]},{"@type":"ImageObject","inLanguage":"es","@id":"https:\/\/infopba247.com.ar\/index.php\/2026\/08\/31\/la-provincia-avanza-con-la-regularizacion-para-146-familias-de-chivilcoy\/#primaryimage","url":"https:\/\/infopba247.com.ar\/wp-content\/uploads\/2026\/08\/unnamed-2026-08-31T144317.234.jpg","contentUrl":"https:\/\/infopba247.com.ar\/wp-content\/uploads\/2026\/08\/unnamed-2026-08-31T144317.234.jpg","width":1600,"height":1066},{"@type":"BreadcrumbList","@id":"https:\/\/infopba247.com.ar\/index.php\/2026\/08\/31\/la-provincia-avanza-con-la-regularizacion-para-146-familias-de-chivilcoy\/#breadcrumb","itemListElement":[{"@type":"ListItem","position":1,"name":"Portada","item":"https:\/\/infopba247.com.ar\/"},{"@type":"ListItem","position":2,"name":"La Provincia avanza con la regularizaci\u00f3n para 146 familias de Chivilcoy"}]},{"@type":"WebSite","@id":"https:\/\/infopba247.com.ar\/#website","url":"https:\/\/infopba247.com.ar\/","name":"InfoPBA247","description":"Toda la actualidad bonaerense","publisher":{"@id":"https:\/\/infopba247.com.ar\/#organization"},"potentialAction":[{"@type":"SearchAction","target":{"@type":"EntryPoint","urlTemplate":"https:\/\/infopba247.com.ar\/?s={search_term_string}"},"query-input":{"@type":"PropertyValueSpecification","valueRequired":true,"valueName":"search_term_string"}}],"inLanguage":"es"},{"@type":"Organization","@id":"https:\/\/infopba247.com.ar\/#organization","name":"InfoPBA247","url":"https:\/\/infopba247.com.ar\/","logo":{"@type":"ImageObject","inLanguage":"es","@id":"https:\/\/infopba247.com.ar\/#\/schema\/logo\/image\/","url":"https:\/\/infopba247.com.ar\/wp-content\/uploads\/2022\/03\/cropped-InfoPBA247-1.png","contentUrl":"https:\/\/infopba247.com.ar\/wp-content\/uploads\/2022\/03\/cropped-InfoPBA247-1.png","width":500,"height":122,"caption":"InfoPBA247"},"image":{"@id":"https:\/\/infopba247.com.ar\/#\/schema\/logo\/image\/"},"sameAs":["https:\/\/www.facebook.com\/InfoPBA"]},{"@type":"Person","@id":"https:\/\/infopba247.com.ar\/#\/schema\/person\/4975f1343a413e57bf839b3eed0099f2","name":"Editor","image":{"@type":"ImageObject","inLanguage":"es","@id":"https:\/\/secure.gravatar.com\/avatar\/d27fe9520667ca53441d36627a1d6b0fa4a813571ec4803687a7a3a7744685ac?s=96&d=mm&r=g","url":"https:\/\/secure.gravatar.com\/avatar\/d27fe9520667ca53441d36627a1d6b0fa4a813571ec4803687a7a3a7744685ac?s=96&d=mm&r=g","contentUrl":"https:\/\/secure.gravatar.com\/avatar\/d27fe9520667ca53441d36627a1d6b0fa4a813571ec4803687a7a3a7744685ac?s=96&d=mm&r=g","caption":"Editor"},"url":"https:\/\/infopba247.com.ar\/index.php\/author\/editor\/"}]}},"_links":{"self":[{"href":"https:\/\/infopba247.com.ar\/index.php\/wp-json\/wp\/v2\/posts\/10451","targetHints":{"allow":["GET"]}}],"collection":[{"href":"https:\/\/infopba247.com.ar\/index.php\/wp-json\/wp\/v2\/posts"}],"about":[{"href":"https:\/\/infopba247.com.ar\/index.php\/wp-json\/wp\/v2\/types\/post"}],"author":[{"embeddable":true,"href":"https:\/\/infopba247.com.ar\/index.php\/wp-json\/wp\/v2\/users\/3"}],"replies":[{"embeddable":true,"href":"https:\/\/infopba247.com.ar\/index.php\/wp-json\/wp\/v2\/comments?post=10451"}],"version-history":[{"count":1,"href":"https:\/\/infopba247.com.ar\/index.php\/wp-json\/wp\/v2\/posts\/10451\/revisions"}],"predecessor-version":[{"id":10457,"href":"https:\/\/infopba247.com.ar\/index.php\/wp-json\/wp\/v2\/posts\/10451\/revisions\/10457"}],"wp:featuredmedia":[{"embeddable":true,"href":"https:\/\/infopba247.com.ar\/index.php\/wp-json\/wp\/v2\/media\/10456"}],"wp:attachment":[{"href":"https:\/\/infopba247.com.ar\/index.php\/wp-json\/wp\/v2\/media?parent=10451"}],"wp:term":[{"taxonomy":"category","embeddable":true,"href":"https:\/\/infopba247.com.ar\/index.php\/wp-json\/wp\/v2\/categories?post=10451"},{"taxonomy":"post_tag","embeddable":true,"href":"https:\/\/infopba247.com.ar\/index.php\/wp-json\/wp\/v2\/tags?post=10451"}],"curies":[{"name":"wp","href":"https:\/\/api.w.org\/{rel}","templated":true}]}}